{"id":1023,"date":"2008-11-06T11:46:10","date_gmt":"2008-11-06T10:46:10","guid":{"rendered":"http:\/\/blog.overskrift.dk\/2008\/11\/06\/thisted-en-milj%c3%b8l%c3%a6kker-kommune\/"},"modified":"2017-04-18T14:03:41","modified_gmt":"2017-04-18T12:03:41","slug":"thisted-en-milj%c3%b8l%c3%a6kker-kommune","status":"publish","type":"post","link":"https:\/\/www.overskrift.dk\/blog\/2008\/11\/06\/thisted-en-milj%c3%b8l%c3%a6kker-kommune\/","title":{"rendered":"Thisted &#8211; en milj\u00f8l\u00e6kker kommune?"},"content":{"rendered":"<p>Med den internationale Klimakonference <a href=\"http:\/\/www.cop15.dk\/\">COP15 <\/a>til n\u00e6ste \u00e5r, er der mange som vil v\u00e6re med p\u00e5 milj\u00f8b\u00f8lgen. F.eks. Thisted kommune som p\u00e5 engelsk g\u00f8r sig <a href=\"http:\/\/climate.thisted.dk\/\">milj\u00f8-l\u00e6kker p\u00e5 klimaomr\u00e5det<\/a>. Ligefrem l\u00e6kker reklameagtig<a href=\"http:\/\/climate.thisted.dk\/the-thisted-video\/\"> &#8220;The Thisted Movie&#8221;<\/a> og SlideShare <a href=\"http:\/\/climate.thisted.dk\/downloads\/\">pr\u00e6sentation<\/a>.<\/p>\n<p>Skruet sammen p\u00e5 WordPress, s\u00e5 der er <a href=\"http:\/\/climate.thisted.dk\/feed\/\">RSS feed<\/a> und alles.<\/p>\n","protected":false},"excerpt":{"rendered":"<p>Med den internationale Klimakonference COP15 til n\u00e6ste \u00e5r, er der mange som vil v\u00e6re med p\u00e5 milj\u00f8b\u00f8lgen. F.eks. Thisted kommune som p\u00e5 engelsk g\u00f8r sig milj\u00f8-l\u00e6kker p\u00e5 klimaomr\u00e5det.&hellip;<\/p>\n","protected":false},"author":4,"featured_media":0,"comment_status":"open","ping_status":"open","sticky":false,"template":"","format":"standard","meta":{"cybocfi_hide_featured_image":"","footnotes":""},"categories":[305],"tags":[367,418,368,323],"class_list":["post-1023","post","type-post","status-publish","format-standard","hentry","category-trends","tag-klimakonference","tag-kommune","tag-miljoe","tag-wordpress"],"yoast_head":"<!-- This site is optimized with the Yoast SEO plugin v27.5 - https:\/\/yoast.com\/product\/yoast-seo-wordpress\/ -->\n<title>Thisted - en milj\u00f8l\u00e6kker kommune? - Overskrifts blog<\/title>\n<meta name=\"robots\" content=\"index, follow, max-snippet:-1, max-image-preview:large, max-video-preview:-1\" \/>\n<link rel=\"canonical\" href=\"https:\/\/www.overskrift.dk\/blog\/2008\/11\/06\/thisted-en-milj\u00f8l\u00e6kker-kommune\/\" \/>\n<meta property=\"og:locale\" content=\"da_DK\" \/>\n<meta property=\"og:type\" content=\"article\" \/>\n<meta property=\"og:title\" content=\"Thisted - en milj\u00f8l\u00e6kker kommune? - Overskrifts blog\" \/>\n<meta property=\"og:description\" content=\"Med den internationale Klimakonference COP15 til n\u00e6ste \u00e5r, er der mange som vil v\u00e6re med p\u00e5 milj\u00f8b\u00f8lgen. F.eks. Thisted kommune som p\u00e5 engelsk g\u00f8r sig milj\u00f8-l\u00e6kker p\u00e5 klimaomr\u00e5det.&hellip;\" \/>\n<meta property=\"og:url\" content=\"https:\/\/www.overskrift.dk\/blog\/2008\/11\/06\/thisted-en-milj\u00f8l\u00e6kker-kommune\/\" \/>\n<meta property=\"og:site_name\" content=\"Overskrifts blog\" \/>\n<meta property=\"article:publisher\" content=\"https:\/\/www.facebook.com\/overskrift\" \/>\n<meta property=\"article:published_time\" content=\"2008-11-06T10:46:10+00:00\" \/>\n<meta property=\"article:modified_time\" content=\"2017-04-18T12:03:41+00:00\" \/>\n<meta property=\"og:image\" content=\"https:\/\/www.overskrift.dk\/blog\/wp-content\/uploads\/butterfly-effect-2808334_1920.jpg\" \/>\n\t<meta property=\"og:image:width\" content=\"1920\" \/>\n\t<meta property=\"og:image:height\" content=\"689\" \/>\n\t<meta property=\"og:image:type\" content=\"image\/jpeg\" \/>\n<meta name=\"author\" content=\"Stefan B\u00f8gh-Andersen\" \/>\n<meta name=\"twitter:card\" content=\"summary_large_image\" \/>\n<meta name=\"twitter:creator\" content=\"@overskrift\" \/>\n<meta name=\"twitter:site\" content=\"@overskrift\" \/>\n<script type=\"application\/ld+json\" class=\"yoast-schema-graph\">{\"@context\":\"https:\\\/\\\/schema.org\",\"@graph\":[{\"@type\":\"Article\",\"@id\":\"https:\\\/\\\/www.overskrift.dk\\\/blog\\\/2008\\\/11\\\/06\\\/thisted-en-milj%c3%b8l%c3%a6kker-kommune\\\/#article\",\"isPartOf\":{\"@id\":\"https:\\\/\\\/www.overskrift.dk\\\/blog\\\/2008\\\/11\\\/06\\\/thisted-en-milj%c3%b8l%c3%a6kker-kommune\\\/\"},\"author\":{\"name\":\"Stefan B\u00f8gh-Andersen\",\"@id\":\"https:\\\/\\\/www.overskrift.dk\\\/blog\\\/#\\\/schema\\\/person\\\/b78220010603ce4384fa7758a6eabaf3\"},\"headline\":\"Thisted &#8211; en milj\u00f8l\u00e6kker kommune?\",\"datePublished\":\"2008-11-06T10:46:10+00:00\",\"dateModified\":\"2017-04-18T12:03:41+00:00\",\"mainEntityOfPage\":{\"@id\":\"https:\\\/\\\/www.overskrift.dk\\\/blog\\\/2008\\\/11\\\/06\\\/thisted-en-milj%c3%b8l%c3%a6kker-kommune\\\/\"},\"wordCount\":66,\"commentCount\":0,\"publisher\":{\"@id\":\"https:\\\/\\\/www.overskrift.dk\\\/blog\\\/#organization\"},\"keywords\":[\"klimakonference\",\"Kommune\",\"Milj\u00f8\",\"Wordpress\"],\"articleSection\":[\"Trends\"],\"inLanguage\":\"da-DK\",\"potentialAction\":[{\"@type\":\"CommentAction\",\"name\":\"Comment\",\"target\":[\"https:\\\/\\\/www.overskrift.dk\\\/blog\\\/2008\\\/11\\\/06\\\/thisted-en-milj%c3%b8l%c3%a6kker-kommune\\\/#respond\"]}]},{\"@type\":\"WebPage\",\"@id\":\"https:\\\/\\\/www.overskrift.dk\\\/blog\\\/2008\\\/11\\\/06\\\/thisted-en-milj%c3%b8l%c3%a6kker-kommune\\\/\",\"url\":\"https:\\\/\\\/www.overskrift.dk\\\/blog\\\/2008\\\/11\\\/06\\\/thisted-en-milj%c3%b8l%c3%a6kker-kommune\\\/\",\"name\":\"Thisted - en milj\u00f8l\u00e6kker kommune? - Overskrifts blog\",\"isPartOf\":{\"@id\":\"https:\\\/\\\/www.overskrift.dk\\\/blog\\\/#website\"},\"datePublished\":\"2008-11-06T10:46:10+00:00\",\"dateModified\":\"2017-04-18T12:03:41+00:00\",\"breadcrumb\":{\"@id\":\"https:\\\/\\\/www.overskrift.dk\\\/blog\\\/2008\\\/11\\\/06\\\/thisted-en-milj%c3%b8l%c3%a6kker-kommune\\\/#breadcrumb\"},\"inLanguage\":\"da-DK\",\"potentialAction\":[{\"@type\":\"ReadAction\",\"target\":[\"https:\\\/\\\/www.overskrift.dk\\\/blog\\\/2008\\\/11\\\/06\\\/thisted-en-milj%c3%b8l%c3%a6kker-kommune\\\/\"]}]},{\"@type\":\"BreadcrumbList\",\"@id\":\"https:\\\/\\\/www.overskrift.dk\\\/blog\\\/2008\\\/11\\\/06\\\/thisted-en-milj%c3%b8l%c3%a6kker-kommune\\\/#breadcrumb\",\"itemListElement\":[{\"@type\":\"ListItem\",\"position\":1,\"name\":\"Hjem\",\"item\":\"https:\\\/\\\/www.overskrift.dk\\\/blog\\\/\"},{\"@type\":\"ListItem\",\"position\":2,\"name\":\"Thisted &#8211; en milj\u00f8l\u00e6kker kommune?\"}]},{\"@type\":\"WebSite\",\"@id\":\"https:\\\/\\\/www.overskrift.dk\\\/blog\\\/#website\",\"url\":\"https:\\\/\\\/www.overskrift.dk\\\/blog\\\/\",\"name\":\"Overskrifts blog\",\"description\":\"Nyeste indl\u00e6g\",\"publisher\":{\"@id\":\"https:\\\/\\\/www.overskrift.dk\\\/blog\\\/#organization\"},\"potentialAction\":[{\"@type\":\"SearchAction\",\"target\":{\"@type\":\"EntryPoint\",\"urlTemplate\":\"https:\\\/\\\/www.overskrift.dk\\\/blog\\\/?s={search_term_string}\"},\"query-input\":{\"@type\":\"PropertyValueSpecification\",\"valueRequired\":true,\"valueName\":\"search_term_string\"}}],\"inLanguage\":\"da-DK\"},{\"@type\":\"Organization\",\"@id\":\"https:\\\/\\\/www.overskrift.dk\\\/blog\\\/#organization\",\"name\":\"Overskrift ApS\",\"url\":\"https:\\\/\\\/www.overskrift.dk\\\/blog\\\/\",\"logo\":{\"@type\":\"ImageObject\",\"inLanguage\":\"da-DK\",\"@id\":\"https:\\\/\\\/www.overskrift.dk\\\/blog\\\/#\\\/schema\\\/logo\\\/image\\\/\",\"url\":\"https:\\\/\\\/blog.overskrift.dk\\\/wp-content\\\/uploads\\\/Just-the-dots-1.png\",\"contentUrl\":\"https:\\\/\\\/blog.overskrift.dk\\\/wp-content\\\/uploads\\\/Just-the-dots-1.png\",\"width\":258,\"height\":257,\"caption\":\"Overskrift ApS\"},\"image\":{\"@id\":\"https:\\\/\\\/www.overskrift.dk\\\/blog\\\/#\\\/schema\\\/logo\\\/image\\\/\"},\"sameAs\":[\"https:\\\/\\\/www.facebook.com\\\/overskrift\",\"https:\\\/\\\/x.com\\\/overskrift\",\"https:\\\/\\\/www.instagram.com\\\/overskrift\\\/\",\"https:\\\/\\\/www.linkedin.com\\\/company\\\/10153434\"]},{\"@type\":\"Person\",\"@id\":\"https:\\\/\\\/www.overskrift.dk\\\/blog\\\/#\\\/schema\\\/person\\\/b78220010603ce4384fa7758a6eabaf3\",\"name\":\"Stefan B\u00f8gh-Andersen\",\"image\":{\"@type\":\"ImageObject\",\"inLanguage\":\"da-DK\",\"@id\":\"https:\\\/\\\/secure.gravatar.com\\\/avatar\\\/f7eee59b7b5aa69f61ce713b6f85ef24d2faef678f186072e924c71249c2d2d6?s=96&d=mm&r=g\",\"url\":\"https:\\\/\\\/secure.gravatar.com\\\/avatar\\\/f7eee59b7b5aa69f61ce713b6f85ef24d2faef678f186072e924c71249c2d2d6?s=96&d=mm&r=g\",\"contentUrl\":\"https:\\\/\\\/secure.gravatar.com\\\/avatar\\\/f7eee59b7b5aa69f61ce713b6f85ef24d2faef678f186072e924c71249c2d2d6?s=96&d=mm&r=g\",\"caption\":\"Stefan B\u00f8gh-Andersen\"},\"description\":\"Indl\u00e6gget er skrevet af Stefan, der er direkt\u00f8r i og stifter af Overskrift. Stefan er en skarp analytiker og har mange \u00e5rs erfaring med r\u00e5dgivning inden for sociale medier og nyhedssites.\",\"url\":\"https:\\\/\\\/www.overskrift.dk\\\/blog\\\/author\\\/stefan\\\/\"}]}<\/script>\n<!-- \/ Yoast SEO plugin. -->","yoast_head_json":{"title":"Thisted - en milj\u00f8l\u00e6kker kommune? - Overskrifts blog","robots":{"index":"index","follow":"follow","max-snippet":"max-snippet:-1","max-image-preview":"max-image-preview:large","max-video-preview":"max-video-preview:-1"},"canonical":"https:\/\/www.overskrift.dk\/blog\/2008\/11\/06\/thisted-en-milj\u00f8l\u00e6kker-kommune\/","og_locale":"da_DK","og_type":"article","og_title":"Thisted - en milj\u00f8l\u00e6kker kommune? - Overskrifts blog","og_description":"Med den internationale Klimakonference COP15 til n\u00e6ste \u00e5r, er der mange som vil v\u00e6re med p\u00e5 milj\u00f8b\u00f8lgen. F.eks. Thisted kommune som p\u00e5 engelsk g\u00f8r sig milj\u00f8-l\u00e6kker p\u00e5 klimaomr\u00e5det.&hellip;","og_url":"https:\/\/www.overskrift.dk\/blog\/2008\/11\/06\/thisted-en-milj\u00f8l\u00e6kker-kommune\/","og_site_name":"Overskrifts blog","article_publisher":"https:\/\/www.facebook.com\/overskrift","article_published_time":"2008-11-06T10:46:10+00:00","article_modified_time":"2017-04-18T12:03:41+00:00","og_image":[{"width":1920,"height":689,"url":"https:\/\/www.overskrift.dk\/blog\/wp-content\/uploads\/butterfly-effect-2808334_1920.jpg","type":"image\/jpeg"}],"author":"Stefan B\u00f8gh-Andersen","twitter_card":"summary_large_image","twitter_creator":"@overskrift","twitter_site":"@overskrift","schema":{"@context":"https:\/\/schema.org","@graph":[{"@type":"Article","@id":"https:\/\/www.overskrift.dk\/blog\/2008\/11\/06\/thisted-en-milj%c3%b8l%c3%a6kker-kommune\/#article","isPartOf":{"@id":"https:\/\/www.overskrift.dk\/blog\/2008\/11\/06\/thisted-en-milj%c3%b8l%c3%a6kker-kommune\/"},"author":{"name":"Stefan B\u00f8gh-Andersen","@id":"https:\/\/www.overskrift.dk\/blog\/#\/schema\/person\/b78220010603ce4384fa7758a6eabaf3"},"headline":"Thisted &#8211; en milj\u00f8l\u00e6kker kommune?","datePublished":"2008-11-06T10:46:10+00:00","dateModified":"2017-04-18T12:03:41+00:00","mainEntityOfPage":{"@id":"https:\/\/www.overskrift.dk\/blog\/2008\/11\/06\/thisted-en-milj%c3%b8l%c3%a6kker-kommune\/"},"wordCount":66,"commentCount":0,"publisher":{"@id":"https:\/\/www.overskrift.dk\/blog\/#organization"},"keywords":["klimakonference","Kommune","Milj\u00f8","Wordpress"],"articleSection":["Trends"],"inLanguage":"da-DK","potentialAction":[{"@type":"CommentAction","name":"Comment","target":["https:\/\/www.overskrift.dk\/blog\/2008\/11\/06\/thisted-en-milj%c3%b8l%c3%a6kker-kommune\/#respond"]}]},{"@type":"WebPage","@id":"https:\/\/www.overskrift.dk\/blog\/2008\/11\/06\/thisted-en-milj%c3%b8l%c3%a6kker-kommune\/","url":"https:\/\/www.overskrift.dk\/blog\/2008\/11\/06\/thisted-en-milj%c3%b8l%c3%a6kker-kommune\/","name":"Thisted - en milj\u00f8l\u00e6kker kommune? - Overskrifts blog","isPartOf":{"@id":"https:\/\/www.overskrift.dk\/blog\/#website"},"datePublished":"2008-11-06T10:46:10+00:00","dateModified":"2017-04-18T12:03:41+00:00","breadcrumb":{"@id":"https:\/\/www.overskrift.dk\/blog\/2008\/11\/06\/thisted-en-milj%c3%b8l%c3%a6kker-kommune\/#breadcrumb"},"inLanguage":"da-DK","potentialAction":[{"@type":"ReadAction","target":["https:\/\/www.overskrift.dk\/blog\/2008\/11\/06\/thisted-en-milj%c3%b8l%c3%a6kker-kommune\/"]}]},{"@type":"BreadcrumbList","@id":"https:\/\/www.overskrift.dk\/blog\/2008\/11\/06\/thisted-en-milj%c3%b8l%c3%a6kker-kommune\/#breadcrumb","itemListElement":[{"@type":"ListItem","position":1,"name":"Hjem","item":"https:\/\/www.overskrift.dk\/blog\/"},{"@type":"ListItem","position":2,"name":"Thisted &#8211; en milj\u00f8l\u00e6kker kommune?"}]},{"@type":"WebSite","@id":"https:\/\/www.overskrift.dk\/blog\/#website","url":"https:\/\/www.overskrift.dk\/blog\/","name":"Overskrifts blog","description":"Nyeste indl\u00e6g","publisher":{"@id":"https:\/\/www.overskrift.dk\/blog\/#organization"},"potentialAction":[{"@type":"SearchAction","target":{"@type":"EntryPoint","urlTemplate":"https:\/\/www.overskrift.dk\/blog\/?s={search_term_string}"},"query-input":{"@type":"PropertyValueSpecification","valueRequired":true,"valueName":"search_term_string"}}],"inLanguage":"da-DK"},{"@type":"Organization","@id":"https:\/\/www.overskrift.dk\/blog\/#organization","name":"Overskrift ApS","url":"https:\/\/www.overskrift.dk\/blog\/","logo":{"@type":"ImageObject","inLanguage":"da-DK","@id":"https:\/\/www.overskrift.dk\/blog\/#\/schema\/logo\/image\/","url":"https:\/\/blog.overskrift.dk\/wp-content\/uploads\/Just-the-dots-1.png","contentUrl":"https:\/\/blog.overskrift.dk\/wp-content\/uploads\/Just-the-dots-1.png","width":258,"height":257,"caption":"Overskrift ApS"},"image":{"@id":"https:\/\/www.overskrift.dk\/blog\/#\/schema\/logo\/image\/"},"sameAs":["https:\/\/www.facebook.com\/overskrift","https:\/\/x.com\/overskrift","https:\/\/www.instagram.com\/overskrift\/","https:\/\/www.linkedin.com\/company\/10153434"]},{"@type":"Person","@id":"https:\/\/www.overskrift.dk\/blog\/#\/schema\/person\/b78220010603ce4384fa7758a6eabaf3","name":"Stefan B\u00f8gh-Andersen","image":{"@type":"ImageObject","inLanguage":"da-DK","@id":"https:\/\/secure.gravatar.com\/avatar\/f7eee59b7b5aa69f61ce713b6f85ef24d2faef678f186072e924c71249c2d2d6?s=96&d=mm&r=g","url":"https:\/\/secure.gravatar.com\/avatar\/f7eee59b7b5aa69f61ce713b6f85ef24d2faef678f186072e924c71249c2d2d6?s=96&d=mm&r=g","contentUrl":"https:\/\/secure.gravatar.com\/avatar\/f7eee59b7b5aa69f61ce713b6f85ef24d2faef678f186072e924c71249c2d2d6?s=96&d=mm&r=g","caption":"Stefan B\u00f8gh-Andersen"},"description":"Indl\u00e6gget er skrevet af Stefan, der er direkt\u00f8r i og stifter af Overskrift. Stefan er en skarp analytiker og har mange \u00e5rs erfaring med r\u00e5dgivning inden for sociale medier og nyhedssites.","url":"https:\/\/www.overskrift.dk\/blog\/author\/stefan\/"}]}},"_links":{"self":[{"href":"https:\/\/www.overskrift.dk\/blog\/wp-json\/wp\/v2\/posts\/1023","targetHints":{"allow":["GET"]}}],"collection":[{"href":"https:\/\/www.overskrift.dk\/blog\/wp-json\/wp\/v2\/posts"}],"about":[{"href":"https:\/\/www.overskrift.dk\/blog\/wp-json\/wp\/v2\/types\/post"}],"author":[{"embeddable":true,"href":"https:\/\/www.overskrift.dk\/blog\/wp-json\/wp\/v2\/users\/4"}],"replies":[{"embeddable":true,"href":"https:\/\/www.overskrift.dk\/blog\/wp-json\/wp\/v2\/comments?post=1023"}],"version-history":[{"count":1,"href":"https:\/\/www.overskrift.dk\/blog\/wp-json\/wp\/v2\/posts\/1023\/revisions"}],"predecessor-version":[{"id":6793,"href":"https:\/\/www.overskrift.dk\/blog\/wp-json\/wp\/v2\/posts\/1023\/revisions\/6793"}],"wp:attachment":[{"href":"https:\/\/www.overskrift.dk\/blog\/wp-json\/wp\/v2\/media?parent=1023"}],"wp:term":[{"taxonomy":"category","embeddable":true,"href":"https:\/\/www.overskrift.dk\/blog\/wp-json\/wp\/v2\/categories?post=1023"},{"taxonomy":"post_tag","embeddable":true,"href":"https:\/\/www.overskrift.dk\/blog\/wp-json\/wp\/v2\/tags?post=1023"}],"curies":[{"name":"wp","href":"https:\/\/api.w.org\/{rel}","templated":true}]}}