{"id":10247,"date":"2025-10-30T13:13:47","date_gmt":"2025-10-30T12:13:47","guid":{"rendered":"https:\/\/www.overskrift.dk\/blog\/?p=10247"},"modified":"2026-04-24T17:17:55","modified_gmt":"2026-04-24T15:17:55","slug":"kv25-borgmesterkampen-i-koebenhavn-spidser-til-ogsaa-online","status":"publish","type":"post","link":"https:\/\/www.overskrift.dk\/blog\/2025\/10\/30\/kv25-borgmesterkampen-i-koebenhavn-spidser-til-ogsaa-online\/","title":{"rendered":"KV25 borgmesterkampen i K\u00f8benhavn spidser til &#8211; ogs\u00e5 online"},"content":{"rendered":"\r\n<p><strong>Kommunalvalget i K\u00f8benhavn ser ud til at blive s\u00e6rlig sp\u00e6ndende i \u00e5r, for kan Socialdemokratiet holde p\u00e5 borgmesterk\u00e6den eller tager Enhedslisten og SF magter i kommunen?\u00a0<\/strong><\/p>\r\n<p><strong>P\u00e5 digitale og sociale medier er der naturligvis mange omtaler, holdninger og meninger om de forskellige kandidater, s\u00e5 her i Overskrift har vi analyseret hvem\u00a0og hvor online omtalerne foreg\u00e5r indtil videre i KV25 valgkampen.<\/strong><\/p>\r\n<p><strong>Overraskende nok er en kandidat uden borgmester-chance helt i top, og s\u00e5 er der sket et skred i de anvendte medie-platforme\u00a0siden sidste kommunalvalg.<\/strong><\/p>\r\n\r\n\r\n\r\n<p>Spidskandidaterne til kommunalvalget har forskellige profiler, budgetter og diskuteres naturligt p\u00e5 onine platforme hvor deres m\u00e5lgruppe skriver engageret om dem. Det er f.eks. tydeligt at Mikkel Bj\u00f8rn (O) er aktiv p\u00e5 X (det tidligere Twitter), s\u00e5 omtaler af ham findes naturligt prim\u00e6rt her.<\/p>\r\n<p>Digitale medier der har en l\u00e6ngere form end f.eks. korte X \/ Instagram \/ Bluesky etc. opslag, har typisk plads til at perspektivere en sag og n\u00e6vne flere personer, og dermed ogs\u00e5 flere af spidskandidaterne.<\/p>\r\n<p>Figuren herunder viser antallet af unikke omtaler p\u00e5 tv\u00e6rs af medietyper, for hver af de forskellige parties top-kandidater i K\u00f8benhavns Kommune. Man kunne m\u00e5ske forvente at spidskandidaten Pernille Rosenkrantz-Theil (A), eller udfordreren Line Barfod (\u00d8), ville v\u00e6re mest omtalt, men Mikkel Bj\u00f8rn (O) omtales mest p\u00e5 tv\u00e6rs af alle medietyper. Som det ses p\u00e5 figuren, er de fleste omtaler af ham netop p\u00e5 X platformen.<\/p>\r\n<p>&nbsp;<\/p>\r\n\r\n<a href=\"https:\/\/www.overskrift.dk\/blog\/wp-content\/uploads\/kandidaterogkilder-1.jpg\"><img loading=\"lazy\" decoding=\"async\" class=\"alignnone wp-image-10254 size-full\" src=\"https:\/\/www.overskrift.dk\/blog\/wp-content\/uploads\/kandidaterogkilder-1.jpg\" alt=\"Kandidater og kilder - K\u00f8benhavn KV25\" width=\"1827\" height=\"800\" srcset=\"https:\/\/www.overskrift.dk\/blog\/wp-content\/uploads\/kandidaterogkilder-1.jpg 1827w, https:\/\/www.overskrift.dk\/blog\/wp-content\/uploads\/kandidaterogkilder-1-700x307.jpg 700w, https:\/\/www.overskrift.dk\/blog\/wp-content\/uploads\/kandidaterogkilder-1-1600x701.jpg 1600w, https:\/\/www.overskrift.dk\/blog\/wp-content\/uploads\/kandidaterogkilder-1-768x336.jpg 768w, https:\/\/www.overskrift.dk\/blog\/wp-content\/uploads\/kandidaterogkilder-1-1536x673.jpg 1536w\" sizes=\"auto, (max-width: 1827px) 100vw, 1827px\" \/><\/a>\r\n<p>N\u00e5r der omvendt fokuseres p\u00e5 de forskellige medie-platform, fremg\u00e5r det tydeligt p\u00e5 den f\u00f8lgende figur at kategorien Websites er den mest anvendte. Kategorien d\u00e6kker alt web-baseret, der ikke er et socialt medie eller en blog i \u00f8vrigt, dvs. typisk online nyhedsmedier, men d\u00e6kker ogs\u00e5 offentlige digitalt indhold fra Folketinget, dagsordener og referater fra kommuner etc.<\/p>\r\n<p>Bluesky&#8217;s fodf\u00e6ste i Danmark er fortsat begr\u00e6nset, trods mange X-brugeres annoncerede afsked med Twitter\/X-platformen, men X er stadig en popul\u00e6r platform for politiske debatter og omtaler af kandidater.<\/p>\r\n<p>Det er stadig spidskandidaterne fra Socialdemokratiet, SF, Dansk Folkeparti og Enhedslisten der dominerer billedet p\u00e5 de st\u00f8rste platforme.<\/p>\r\n<a href=\"https:\/\/www.overskrift.dk\/blog\/wp-content\/uploads\/kilderogkandidater-1.jpg\"><img loading=\"lazy\" decoding=\"async\" class=\"alignnone wp-image-10253 size-full\" src=\"https:\/\/www.overskrift.dk\/blog\/wp-content\/uploads\/kilderogkandidater-1.jpg\" alt=\"\" width=\"1825\" height=\"801\" srcset=\"https:\/\/www.overskrift.dk\/blog\/wp-content\/uploads\/kilderogkandidater-1.jpg 1825w, https:\/\/www.overskrift.dk\/blog\/wp-content\/uploads\/kilderogkandidater-1-700x307.jpg 700w, https:\/\/www.overskrift.dk\/blog\/wp-content\/uploads\/kilderogkandidater-1-1600x702.jpg 1600w, https:\/\/www.overskrift.dk\/blog\/wp-content\/uploads\/kilderogkandidater-1-768x337.jpg 768w, https:\/\/www.overskrift.dk\/blog\/wp-content\/uploads\/kilderogkandidater-1-1536x674.jpg 1536w\" sizes=\"auto, (max-width: 1825px) 100vw, 1825px\" \/><\/a>\r\n<p>For LinkedIn ser det ud til at omtaler af kandidaterne er noget mere ligeligt, mens Pernille Rosenkrantz-Theil lader til at dominere Instagram, m\u00e5lt p\u00e5 andelen af omtaler.<\/p>\r\n<p>Hvor Facebook og X (Twitter) ved sidste kommunalvalg tilbage i 2021 var dominerende sociale medier, er mediebilledet i dag opsplittet ud p\u00e5 mange flere forskellige platforme, og her i Overskrift.dk har vi siden inkluderet monitorering af andre sociale medier som Podcasts, Bluesky, Linkedin, Reddit, Mastoden, Threads etc.<\/p>\r\n<h2>Koordinerede kampagner og modkampagner?<\/h2>\r\n<p>I en tid hvor de fleste USA-baserede sociale medier afviser at l\u00e6gge plads til betalte kampagner med politisk indhold, ser vi antydninger af organiske indl\u00e6g, typisk p\u00e5 anonyme medier som f.eks. Reddit, hvor direkte angreb eller karaktermord finder sted p\u00e5 navngivne spidskandidater.<\/p>\r\n<p>Det er ikke nemt &#8211; entydigt &#8211; at p\u00e5vise, at der rent faktisk skulle v\u00e6re tale om koordinerede negative organiske kampagner, men det er i alle tilf\u00e6lde et emne i flere kommentarspor, bl.a. p\u00e5 Reddit.<\/p>\r\n<figure id=\"attachment_10260\" aria-describedby=\"caption-attachment-10260\" style=\"width: 813px\" class=\"wp-caption aligncenter\"><a class=\"readable\" href=\"https:\/\/www.reddit.com\/r\/copenhagen\/comments\/1og46q1\/comment\/nlg6ju4\/?context=3\"><img loading=\"lazy\" decoding=\"async\" class=\"wp-image-10260 size-full\" src=\"https:\/\/www.overskrift.dk\/blog\/wp-content\/uploads\/SCR-20251029-myiv.png\" alt=\"\" width=\"813\" height=\"369\" srcset=\"https:\/\/www.overskrift.dk\/blog\/wp-content\/uploads\/SCR-20251029-myiv.png 813w, https:\/\/www.overskrift.dk\/blog\/wp-content\/uploads\/SCR-20251029-myiv-700x318.png 700w, https:\/\/www.overskrift.dk\/blog\/wp-content\/uploads\/SCR-20251029-myiv-768x349.png 768w\" sizes=\"auto, (max-width: 813px) 100vw, 813px\" \/><\/a><figcaption id=\"caption-attachment-10260\" class=\"wp-caption-text\">Indl\u00e6g fra Reddit, der kritiserer Pernille Rosenkrantz-Theil, og en kommentar der p\u00e5peger problemet i at udsagt fra anonyme, is\u00e6r personangreb p\u00e5 navngivne politikere, skal tages med store forbehold. OP er en Reddit-forkortelse for <strong>Original Poster<\/strong> og henviser til personen der skrev det oprindelige indl\u00e6g.<\/figcaption><\/figure>\r\n<p>Reddit-platformen hj\u00e6lper dog med til at afg\u00f8re om nogen har oprettet en profil for netop at drive sm\u00e6dekampagne, eller om indl\u00e6g er udtryk for en reel holdning, idet hver afsenders &#8220;alder&#8221; p\u00e5 Reddit er offentlig, ligesom deres Post karma (udtryk for hvor mange tr\u00e5de personen har startet) og Comment karma (udtryk for kommentar-aktivitet fra personen) er offentligt tilg\u00e6ngelig.<\/p>\r\n<h2>Sentiment &#8211; postive eller negative omtaler?<\/h2>\r\n<p>Vha. AI-baseret sentimentanalyse, eller &#8220;stemnings&#8221;-analyse, ses n\u00e6rmere p\u00e5 hvilken holdning eller snarere om de enkelt indl\u00e6g er postive, negative eller neutrale.<\/p>\r\n<a href=\"https:\/\/www.overskrift.dk\/blog\/wp-content\/uploads\/kv25-koebenhavn-sentiment.jpg\"><img loading=\"lazy\" decoding=\"async\" class=\"alignnone wp-image-10266 size-full\" src=\"https:\/\/www.overskrift.dk\/blog\/wp-content\/uploads\/kv25-koebenhavn-sentiment.jpg\" alt=\"\" width=\"1505\" height=\"701\" srcset=\"https:\/\/www.overskrift.dk\/blog\/wp-content\/uploads\/kv25-koebenhavn-sentiment.jpg 1505w, https:\/\/www.overskrift.dk\/blog\/wp-content\/uploads\/kv25-koebenhavn-sentiment-700x326.jpg 700w, https:\/\/www.overskrift.dk\/blog\/wp-content\/uploads\/kv25-koebenhavn-sentiment-768x358.jpg 768w\" sizes=\"auto, (max-width: 1505px) 100vw, 1505px\" \/><\/a>\r\n<p>Som det som p\u00e5 ovenst\u00e5ende figur, er overv\u00e6gten af omtaler overvejende positive eller neutrale. Eftersom antallet af omtaler af Karoline Lindgaard (\u00c5) er mindste for alle kandidaterne &#8211; is\u00e6r p\u00e5 de medietyper med den h\u00f8jste andel af negative omtaler &#8211; er andelen af negative omtaler ogs\u00e5 lav generelt for hende.<\/p>\r\n<a href=\"https:\/\/www.overskrift.dk\/blog\/wp-content\/uploads\/kv25-sentiment-pr-kildetype.jpg\"><img loading=\"lazy\" decoding=\"async\" class=\"alignnone wp-image-10268 size-full\" src=\"https:\/\/www.overskrift.dk\/blog\/wp-content\/uploads\/kv25-sentiment-pr-kildetype.jpg\" alt=\"\" width=\"1512\" height=\"709\" srcset=\"https:\/\/www.overskrift.dk\/blog\/wp-content\/uploads\/kv25-sentiment-pr-kildetype.jpg 1512w, https:\/\/www.overskrift.dk\/blog\/wp-content\/uploads\/kv25-sentiment-pr-kildetype-700x328.jpg 700w, https:\/\/www.overskrift.dk\/blog\/wp-content\/uploads\/kv25-sentiment-pr-kildetype-768x360.jpg 768w\" sizes=\"auto, (max-width: 1512px) 100vw, 1512px\" \/><\/a>\r\n<p>Flyttes fokus fra kandidater til medie-platforme, viser ovenst\u00e5ende figur fordeling af sentiment pr. platform.<\/p>\r\n<p>Den forholdsm\u00e6ssigt negative overv\u00e6gt p\u00e5 Reddit kan findes i, at det er et sted man anonymt kan diskutere hvad der ligger en p\u00e5 hjerte, og det er naturligt et sted for meningsbarierer. F\u00e6llesm\u00e6ngden er dog omtaler der alle n\u00e6vner en eller flere af de 8 spidskandidater, s\u00e5 vi kan nogenlunde roligt regne med at de mest omtalte politikere ogs\u00e5 er dem der kritiseres mest p\u00e5 Reddit.<\/p>\r\n<h2 class=\"wp-block-heading\">Metode<\/h2>\r\n<!-- \/wp:post-content -->\r\n\r\n<!-- wp:paragraph -->\r\n<p>Data er udtrukket ved at oprette en s\u00f8gning p\u00e5 hver spidskandidats navn inkl. de mest g\u00e6ngse stavem\u00e5der- og fejl. Perioden der d\u00e6kkes er 1. oktober 2025 til og med 28. oktober 2025. I alt er denne artikel baseret p\u00e5 2335 omtaler.<\/p>\r\n<!-- \/wp:paragraph -->\r\n\r\n<!-- wp:paragraph -->\r\n<p>Herefter er data gennemg\u00e5et for dubletter. En dublet er i denne sammenh\u00e6ng en post eller en artikel fra samme afsender med samme titel p\u00e5 samme dag. Historier fra nyhedsbureauer, der g\u00e5r igen p\u00e5 tv\u00e6rs af medier er fastholdt, da hver videreudgivelse viser en \u00f8get interesse for emnet\/personen.<\/p>\r\n<!-- \/wp:paragraph -->\r\n\r\n<!-- wp:paragraph -->\r\n<p>Antallet af omtaler d\u00e6kker over antallet af enkelte indl\u00e6g personerne er omtalt i &#8211; flere omtaler i samme indl\u00e6g t\u00e6ller alts\u00e5 stadig som en enkelt omtale.<\/p>\r\n<!-- \/wp:paragraph -->\r\n\r\n<!-- wp:paragraph -->\r\n<p>Data er naturligvis et \u00f8jebliksbillede, og billedet kan derfor sagtens n\u00e5 at flytte sig meget f\u00f8r selve valgdagen.<\/p>\r\n<h2>Om sentimentanalysen<\/h2>\r\n<p>Klassisk sentiment-analyse g\u00e5r ud p\u00e5 at en tekst i sin helhed analyseres statistisk, og de anvendte ord v\u00e6gtes for endeligt at afg\u00f8re om teksten er negativ, neutral eller positiv. Denne fremgangsm\u00e5de har mange ulemper, bl.a. n\u00e6vnes flere personer ofte i indl\u00e6g og en kan omtales positivt mens den anden omtales nagativt. Til form\u00e5let her, bad vi derfor en LLM analysere hver tekst for at identificere alle omtalte personer og derefter give et bud p\u00e5 hver person omtales negativt, neutralt eller positivt. Det giver is\u00e6r mening i netop dette tilf\u00e6lde hvor holdninger fra forskellige politikere holdes op imod hinanden.<\/p>\r\n<p><!-- wp:heading --><\/p>\r\n<p class=\"wp-block-heading\">Det skal n\u00e6vnes, at LLM&#8217;en skulle presses lidt, men at den afviste at analysere de allermest rabiate udsagn om eller fra enkelte personer. Dette gjorde sig g\u00e6ldende for mellem 5 og 10% af indl\u00e6ggene, som derfor ikke indg\u00e5r i sentiment-analysen.<\/p>\r\n<!-- \/wp:heading -->","protected":false},"excerpt":{"rendered":"<p>Kommunalvalget i K\u00f8benhavn ser ud til at blive s\u00e6rlig sp\u00e6ndende i \u00e5r, for kan Socialdemokratiet holde p\u00e5 borgmesterk\u00e6den eller tager Enhedslisten og SF magter i kommunen?\u00a0 P\u00e5 digitale&hellip;<\/p>\n","protected":false},"author":4,"featured_media":10273,"comment_status":"closed","ping_status":"open","sticky":false,"template":"","format":"standard","meta":{"cybocfi_hide_featured_image":"","footnotes":""},"categories":[302],"tags":[505,720,312,355,237,381],"class_list":["post-10247","post","type-post","status-publish","format-standard","has-post-thumbnail","hentry","category-analyser","tag-kommunalvalg","tag-kv25","tag-medier","tag-politik","tag-sociale-medier","tag-valgkamp"],"yoast_head":"<!-- This site is optimized with the Yoast SEO plugin v27.5 - https:\/\/yoast.com\/product\/yoast-seo-wordpress\/ -->\n<title>KV25 borgmesterkampen i K\u00f8benhavn spidser til - ogs\u00e5 online - Overskrifts blog<\/title>\n<meta name=\"robots\" content=\"index, follow, max-snippet:-1, max-image-preview:large, max-video-preview:-1\" \/>\n<link rel=\"canonical\" href=\"https:\/\/www.overskrift.dk\/blog\/2025\/10\/30\/kv25-borgmesterkampen-i-koebenhavn-spidser-til-ogsaa-online\/\" \/>\n<meta property=\"og:locale\" content=\"da_DK\" \/>\n<meta property=\"og:type\" content=\"article\" \/>\n<meta property=\"og:title\" content=\"KV25 borgmesterkampen i K\u00f8benhavn spidser til - ogs\u00e5 online - Overskrifts blog\" \/>\n<meta property=\"og:description\" content=\"Kommunalvalget i K\u00f8benhavn ser ud til at blive s\u00e6rlig sp\u00e6ndende i \u00e5r, for kan Socialdemokratiet holde p\u00e5 borgmesterk\u00e6den eller tager Enhedslisten og SF magter i kommunen?\u00a0 P\u00e5 digitale&hellip;\" \/>\n<meta property=\"og:url\" content=\"https:\/\/www.overskrift.dk\/blog\/2025\/10\/30\/kv25-borgmesterkampen-i-koebenhavn-spidser-til-ogsaa-online\/\" \/>\n<meta property=\"og:site_name\" content=\"Overskrifts blog\" \/>\n<meta property=\"article:publisher\" content=\"https:\/\/www.facebook.com\/overskrift\" \/>\n<meta property=\"article:published_time\" content=\"2025-10-30T12:13:47+00:00\" \/>\n<meta property=\"article:modified_time\" content=\"2026-04-24T15:17:55+00:00\" \/>\n<meta property=\"og:image\" content=\"https:\/\/www.overskrift.dk\/blog\/wp-content\/uploads\/Koebenhavns-raadhus.jpg\" \/>\n\t<meta property=\"og:image:width\" content=\"1400\" \/>\n\t<meta property=\"og:image:height\" content=\"690\" \/>\n\t<meta property=\"og:image:type\" content=\"image\/jpeg\" \/>\n<meta name=\"author\" content=\"Stefan B\u00f8gh-Andersen\" \/>\n<meta name=\"twitter:card\" content=\"summary_large_image\" \/>\n<meta name=\"twitter:creator\" content=\"@overskrift\" \/>\n<meta name=\"twitter:site\" content=\"@overskrift\" \/>\n<script type=\"application\/ld+json\" class=\"yoast-schema-graph\">{\"@context\":\"https:\\\/\\\/schema.org\",\"@graph\":[{\"@type\":\"Article\",\"@id\":\"https:\\\/\\\/www.overskrift.dk\\\/blog\\\/2025\\\/10\\\/30\\\/kv25-borgmesterkampen-i-koebenhavn-spidser-til-ogsaa-online\\\/#article\",\"isPartOf\":{\"@id\":\"https:\\\/\\\/www.overskrift.dk\\\/blog\\\/2025\\\/10\\\/30\\\/kv25-borgmesterkampen-i-koebenhavn-spidser-til-ogsaa-online\\\/\"},\"author\":{\"name\":\"Stefan B\u00f8gh-Andersen\",\"@id\":\"https:\\\/\\\/www.overskrift.dk\\\/blog\\\/#\\\/schema\\\/person\\\/b78220010603ce4384fa7758a6eabaf3\"},\"headline\":\"KV25 borgmesterkampen i K\u00f8benhavn spidser til &#8211; ogs\u00e5 online\",\"datePublished\":\"2025-10-30T12:13:47+00:00\",\"dateModified\":\"2026-04-24T15:17:55+00:00\",\"mainEntityOfPage\":{\"@id\":\"https:\\\/\\\/www.overskrift.dk\\\/blog\\\/2025\\\/10\\\/30\\\/kv25-borgmesterkampen-i-koebenhavn-spidser-til-ogsaa-online\\\/\"},\"wordCount\":1109,\"publisher\":{\"@id\":\"https:\\\/\\\/www.overskrift.dk\\\/blog\\\/#organization\"},\"image\":{\"@id\":\"https:\\\/\\\/www.overskrift.dk\\\/blog\\\/2025\\\/10\\\/30\\\/kv25-borgmesterkampen-i-koebenhavn-spidser-til-ogsaa-online\\\/#primaryimage\"},\"thumbnailUrl\":\"https:\\\/\\\/www.overskrift.dk\\\/blog\\\/wp-content\\\/uploads\\\/Koebenhavns-raadhus.jpg\",\"keywords\":[\"kommunalvalg\",\"kv25\",\"Medier\",\"Politik\",\"sociale medier\",\"valgkamp\"],\"articleSection\":[\"Analyser\"],\"inLanguage\":\"da-DK\"},{\"@type\":\"WebPage\",\"@id\":\"https:\\\/\\\/www.overskrift.dk\\\/blog\\\/2025\\\/10\\\/30\\\/kv25-borgmesterkampen-i-koebenhavn-spidser-til-ogsaa-online\\\/\",\"url\":\"https:\\\/\\\/www.overskrift.dk\\\/blog\\\/2025\\\/10\\\/30\\\/kv25-borgmesterkampen-i-koebenhavn-spidser-til-ogsaa-online\\\/\",\"name\":\"KV25 borgmesterkampen i K\u00f8benhavn spidser til - ogs\u00e5 online - Overskrifts blog\",\"isPartOf\":{\"@id\":\"https:\\\/\\\/www.overskrift.dk\\\/blog\\\/#website\"},\"primaryImageOfPage\":{\"@id\":\"https:\\\/\\\/www.overskrift.dk\\\/blog\\\/2025\\\/10\\\/30\\\/kv25-borgmesterkampen-i-koebenhavn-spidser-til-ogsaa-online\\\/#primaryimage\"},\"image\":{\"@id\":\"https:\\\/\\\/www.overskrift.dk\\\/blog\\\/2025\\\/10\\\/30\\\/kv25-borgmesterkampen-i-koebenhavn-spidser-til-ogsaa-online\\\/#primaryimage\"},\"thumbnailUrl\":\"https:\\\/\\\/www.overskrift.dk\\\/blog\\\/wp-content\\\/uploads\\\/Koebenhavns-raadhus.jpg\",\"datePublished\":\"2025-10-30T12:13:47+00:00\",\"dateModified\":\"2026-04-24T15:17:55+00:00\",\"breadcrumb\":{\"@id\":\"https:\\\/\\\/www.overskrift.dk\\\/blog\\\/2025\\\/10\\\/30\\\/kv25-borgmesterkampen-i-koebenhavn-spidser-til-ogsaa-online\\\/#breadcrumb\"},\"inLanguage\":\"da-DK\",\"potentialAction\":[{\"@type\":\"ReadAction\",\"target\":[\"https:\\\/\\\/www.overskrift.dk\\\/blog\\\/2025\\\/10\\\/30\\\/kv25-borgmesterkampen-i-koebenhavn-spidser-til-ogsaa-online\\\/\"]}]},{\"@type\":\"ImageObject\",\"inLanguage\":\"da-DK\",\"@id\":\"https:\\\/\\\/www.overskrift.dk\\\/blog\\\/2025\\\/10\\\/30\\\/kv25-borgmesterkampen-i-koebenhavn-spidser-til-ogsaa-online\\\/#primaryimage\",\"url\":\"https:\\\/\\\/www.overskrift.dk\\\/blog\\\/wp-content\\\/uploads\\\/Koebenhavns-raadhus.jpg\",\"contentUrl\":\"https:\\\/\\\/www.overskrift.dk\\\/blog\\\/wp-content\\\/uploads\\\/Koebenhavns-raadhus.jpg\",\"width\":1400,\"height\":690},{\"@type\":\"BreadcrumbList\",\"@id\":\"https:\\\/\\\/www.overskrift.dk\\\/blog\\\/2025\\\/10\\\/30\\\/kv25-borgmesterkampen-i-koebenhavn-spidser-til-ogsaa-online\\\/#breadcrumb\",\"itemListElement\":[{\"@type\":\"ListItem\",\"position\":1,\"name\":\"Hjem\",\"item\":\"https:\\\/\\\/www.overskrift.dk\\\/blog\\\/\"},{\"@type\":\"ListItem\",\"position\":2,\"name\":\"KV25 borgmesterkampen i K\u00f8benhavn spidser til &#8211; ogs\u00e5 online\"}]},{\"@type\":\"WebSite\",\"@id\":\"https:\\\/\\\/www.overskrift.dk\\\/blog\\\/#website\",\"url\":\"https:\\\/\\\/www.overskrift.dk\\\/blog\\\/\",\"name\":\"Overskrifts blog\",\"description\":\"Nyeste indl\u00e6g\",\"publisher\":{\"@id\":\"https:\\\/\\\/www.overskrift.dk\\\/blog\\\/#organization\"},\"potentialAction\":[{\"@type\":\"SearchAction\",\"target\":{\"@type\":\"EntryPoint\",\"urlTemplate\":\"https:\\\/\\\/www.overskrift.dk\\\/blog\\\/?s={search_term_string}\"},\"query-input\":{\"@type\":\"PropertyValueSpecification\",\"valueRequired\":true,\"valueName\":\"search_term_string\"}}],\"inLanguage\":\"da-DK\"},{\"@type\":\"Organization\",\"@id\":\"https:\\\/\\\/www.overskrift.dk\\\/blog\\\/#organization\",\"name\":\"Overskrift ApS\",\"url\":\"https:\\\/\\\/www.overskrift.dk\\\/blog\\\/\",\"logo\":{\"@type\":\"ImageObject\",\"inLanguage\":\"da-DK\",\"@id\":\"https:\\\/\\\/www.overskrift.dk\\\/blog\\\/#\\\/schema\\\/logo\\\/image\\\/\",\"url\":\"https:\\\/\\\/blog.overskrift.dk\\\/wp-content\\\/uploads\\\/Just-the-dots-1.png\",\"contentUrl\":\"https:\\\/\\\/blog.overskrift.dk\\\/wp-content\\\/uploads\\\/Just-the-dots-1.png\",\"width\":258,\"height\":257,\"caption\":\"Overskrift ApS\"},\"image\":{\"@id\":\"https:\\\/\\\/www.overskrift.dk\\\/blog\\\/#\\\/schema\\\/logo\\\/image\\\/\"},\"sameAs\":[\"https:\\\/\\\/www.facebook.com\\\/overskrift\",\"https:\\\/\\\/x.com\\\/overskrift\",\"https:\\\/\\\/www.instagram.com\\\/overskrift\\\/\",\"https:\\\/\\\/www.linkedin.com\\\/company\\\/10153434\"]},{\"@type\":\"Person\",\"@id\":\"https:\\\/\\\/www.overskrift.dk\\\/blog\\\/#\\\/schema\\\/person\\\/b78220010603ce4384fa7758a6eabaf3\",\"name\":\"Stefan B\u00f8gh-Andersen\",\"image\":{\"@type\":\"ImageObject\",\"inLanguage\":\"da-DK\",\"@id\":\"https:\\\/\\\/secure.gravatar.com\\\/avatar\\\/f7eee59b7b5aa69f61ce713b6f85ef24d2faef678f186072e924c71249c2d2d6?s=96&d=mm&r=g\",\"url\":\"https:\\\/\\\/secure.gravatar.com\\\/avatar\\\/f7eee59b7b5aa69f61ce713b6f85ef24d2faef678f186072e924c71249c2d2d6?s=96&d=mm&r=g\",\"contentUrl\":\"https:\\\/\\\/secure.gravatar.com\\\/avatar\\\/f7eee59b7b5aa69f61ce713b6f85ef24d2faef678f186072e924c71249c2d2d6?s=96&d=mm&r=g\",\"caption\":\"Stefan B\u00f8gh-Andersen\"},\"description\":\"Indl\u00e6gget er skrevet af Stefan, der er direkt\u00f8r i og stifter af Overskrift. Stefan er en skarp analytiker og har mange \u00e5rs erfaring med r\u00e5dgivning inden for sociale medier og nyhedssites.\",\"url\":\"https:\\\/\\\/www.overskrift.dk\\\/blog\\\/author\\\/stefan\\\/\"}]}<\/script>\n<!-- \/ Yoast SEO plugin. -->","yoast_head_json":{"title":"KV25 borgmesterkampen i K\u00f8benhavn spidser til - ogs\u00e5 online - Overskrifts blog","robots":{"index":"index","follow":"follow","max-snippet":"max-snippet:-1","max-image-preview":"max-image-preview:large","max-video-preview":"max-video-preview:-1"},"canonical":"https:\/\/www.overskrift.dk\/blog\/2025\/10\/30\/kv25-borgmesterkampen-i-koebenhavn-spidser-til-ogsaa-online\/","og_locale":"da_DK","og_type":"article","og_title":"KV25 borgmesterkampen i K\u00f8benhavn spidser til - ogs\u00e5 online - Overskrifts blog","og_description":"Kommunalvalget i K\u00f8benhavn ser ud til at blive s\u00e6rlig sp\u00e6ndende i \u00e5r, for kan Socialdemokratiet holde p\u00e5 borgmesterk\u00e6den eller tager Enhedslisten og SF magter i kommunen?\u00a0 P\u00e5 digitale&hellip;","og_url":"https:\/\/www.overskrift.dk\/blog\/2025\/10\/30\/kv25-borgmesterkampen-i-koebenhavn-spidser-til-ogsaa-online\/","og_site_name":"Overskrifts blog","article_publisher":"https:\/\/www.facebook.com\/overskrift","article_published_time":"2025-10-30T12:13:47+00:00","article_modified_time":"2026-04-24T15:17:55+00:00","og_image":[{"width":1400,"height":690,"url":"https:\/\/www.overskrift.dk\/blog\/wp-content\/uploads\/Koebenhavns-raadhus.jpg","type":"image\/jpeg"}],"author":"Stefan B\u00f8gh-Andersen","twitter_card":"summary_large_image","twitter_creator":"@overskrift","twitter_site":"@overskrift","schema":{"@context":"https:\/\/schema.org","@graph":[{"@type":"Article","@id":"https:\/\/www.overskrift.dk\/blog\/2025\/10\/30\/kv25-borgmesterkampen-i-koebenhavn-spidser-til-ogsaa-online\/#article","isPartOf":{"@id":"https:\/\/www.overskrift.dk\/blog\/2025\/10\/30\/kv25-borgmesterkampen-i-koebenhavn-spidser-til-ogsaa-online\/"},"author":{"name":"Stefan B\u00f8gh-Andersen","@id":"https:\/\/www.overskrift.dk\/blog\/#\/schema\/person\/b78220010603ce4384fa7758a6eabaf3"},"headline":"KV25 borgmesterkampen i K\u00f8benhavn spidser til &#8211; ogs\u00e5 online","datePublished":"2025-10-30T12:13:47+00:00","dateModified":"2026-04-24T15:17:55+00:00","mainEntityOfPage":{"@id":"https:\/\/www.overskrift.dk\/blog\/2025\/10\/30\/kv25-borgmesterkampen-i-koebenhavn-spidser-til-ogsaa-online\/"},"wordCount":1109,"publisher":{"@id":"https:\/\/www.overskrift.dk\/blog\/#organization"},"image":{"@id":"https:\/\/www.overskrift.dk\/blog\/2025\/10\/30\/kv25-borgmesterkampen-i-koebenhavn-spidser-til-ogsaa-online\/#primaryimage"},"thumbnailUrl":"https:\/\/www.overskrift.dk\/blog\/wp-content\/uploads\/Koebenhavns-raadhus.jpg","keywords":["kommunalvalg","kv25","Medier","Politik","sociale medier","valgkamp"],"articleSection":["Analyser"],"inLanguage":"da-DK"},{"@type":"WebPage","@id":"https:\/\/www.overskrift.dk\/blog\/2025\/10\/30\/kv25-borgmesterkampen-i-koebenhavn-spidser-til-ogsaa-online\/","url":"https:\/\/www.overskrift.dk\/blog\/2025\/10\/30\/kv25-borgmesterkampen-i-koebenhavn-spidser-til-ogsaa-online\/","name":"KV25 borgmesterkampen i K\u00f8benhavn spidser til - ogs\u00e5 online - Overskrifts blog","isPartOf":{"@id":"https:\/\/www.overskrift.dk\/blog\/#website"},"primaryImageOfPage":{"@id":"https:\/\/www.overskrift.dk\/blog\/2025\/10\/30\/kv25-borgmesterkampen-i-koebenhavn-spidser-til-ogsaa-online\/#primaryimage"},"image":{"@id":"https:\/\/www.overskrift.dk\/blog\/2025\/10\/30\/kv25-borgmesterkampen-i-koebenhavn-spidser-til-ogsaa-online\/#primaryimage"},"thumbnailUrl":"https:\/\/www.overskrift.dk\/blog\/wp-content\/uploads\/Koebenhavns-raadhus.jpg","datePublished":"2025-10-30T12:13:47+00:00","dateModified":"2026-04-24T15:17:55+00:00","breadcrumb":{"@id":"https:\/\/www.overskrift.dk\/blog\/2025\/10\/30\/kv25-borgmesterkampen-i-koebenhavn-spidser-til-ogsaa-online\/#breadcrumb"},"inLanguage":"da-DK","potentialAction":[{"@type":"ReadAction","target":["https:\/\/www.overskrift.dk\/blog\/2025\/10\/30\/kv25-borgmesterkampen-i-koebenhavn-spidser-til-ogsaa-online\/"]}]},{"@type":"ImageObject","inLanguage":"da-DK","@id":"https:\/\/www.overskrift.dk\/blog\/2025\/10\/30\/kv25-borgmesterkampen-i-koebenhavn-spidser-til-ogsaa-online\/#primaryimage","url":"https:\/\/www.overskrift.dk\/blog\/wp-content\/uploads\/Koebenhavns-raadhus.jpg","contentUrl":"https:\/\/www.overskrift.dk\/blog\/wp-content\/uploads\/Koebenhavns-raadhus.jpg","width":1400,"height":690},{"@type":"BreadcrumbList","@id":"https:\/\/www.overskrift.dk\/blog\/2025\/10\/30\/kv25-borgmesterkampen-i-koebenhavn-spidser-til-ogsaa-online\/#breadcrumb","itemListElement":[{"@type":"ListItem","position":1,"name":"Hjem","item":"https:\/\/www.overskrift.dk\/blog\/"},{"@type":"ListItem","position":2,"name":"KV25 borgmesterkampen i K\u00f8benhavn spidser til &#8211; ogs\u00e5 online"}]},{"@type":"WebSite","@id":"https:\/\/www.overskrift.dk\/blog\/#website","url":"https:\/\/www.overskrift.dk\/blog\/","name":"Overskrifts blog","description":"Nyeste indl\u00e6g","publisher":{"@id":"https:\/\/www.overskrift.dk\/blog\/#organization"},"potentialAction":[{"@type":"SearchAction","target":{"@type":"EntryPoint","urlTemplate":"https:\/\/www.overskrift.dk\/blog\/?s={search_term_string}"},"query-input":{"@type":"PropertyValueSpecification","valueRequired":true,"valueName":"search_term_string"}}],"inLanguage":"da-DK"},{"@type":"Organization","@id":"https:\/\/www.overskrift.dk\/blog\/#organization","name":"Overskrift ApS","url":"https:\/\/www.overskrift.dk\/blog\/","logo":{"@type":"ImageObject","inLanguage":"da-DK","@id":"https:\/\/www.overskrift.dk\/blog\/#\/schema\/logo\/image\/","url":"https:\/\/blog.overskrift.dk\/wp-content\/uploads\/Just-the-dots-1.png","contentUrl":"https:\/\/blog.overskrift.dk\/wp-content\/uploads\/Just-the-dots-1.png","width":258,"height":257,"caption":"Overskrift ApS"},"image":{"@id":"https:\/\/www.overskrift.dk\/blog\/#\/schema\/logo\/image\/"},"sameAs":["https:\/\/www.facebook.com\/overskrift","https:\/\/x.com\/overskrift","https:\/\/www.instagram.com\/overskrift\/","https:\/\/www.linkedin.com\/company\/10153434"]},{"@type":"Person","@id":"https:\/\/www.overskrift.dk\/blog\/#\/schema\/person\/b78220010603ce4384fa7758a6eabaf3","name":"Stefan B\u00f8gh-Andersen","image":{"@type":"ImageObject","inLanguage":"da-DK","@id":"https:\/\/secure.gravatar.com\/avatar\/f7eee59b7b5aa69f61ce713b6f85ef24d2faef678f186072e924c71249c2d2d6?s=96&d=mm&r=g","url":"https:\/\/secure.gravatar.com\/avatar\/f7eee59b7b5aa69f61ce713b6f85ef24d2faef678f186072e924c71249c2d2d6?s=96&d=mm&r=g","contentUrl":"https:\/\/secure.gravatar.com\/avatar\/f7eee59b7b5aa69f61ce713b6f85ef24d2faef678f186072e924c71249c2d2d6?s=96&d=mm&r=g","caption":"Stefan B\u00f8gh-Andersen"},"description":"Indl\u00e6gget er skrevet af Stefan, der er direkt\u00f8r i og stifter af Overskrift. Stefan er en skarp analytiker og har mange \u00e5rs erfaring med r\u00e5dgivning inden for sociale medier og nyhedssites.","url":"https:\/\/www.overskrift.dk\/blog\/author\/stefan\/"}]}},"_links":{"self":[{"href":"https:\/\/www.overskrift.dk\/blog\/wp-json\/wp\/v2\/posts\/10247","targetHints":{"allow":["GET"]}}],"collection":[{"href":"https:\/\/www.overskrift.dk\/blog\/wp-json\/wp\/v2\/posts"}],"about":[{"href":"https:\/\/www.overskrift.dk\/blog\/wp-json\/wp\/v2\/types\/post"}],"author":[{"embeddable":true,"href":"https:\/\/www.overskrift.dk\/blog\/wp-json\/wp\/v2\/users\/4"}],"replies":[{"embeddable":true,"href":"https:\/\/www.overskrift.dk\/blog\/wp-json\/wp\/v2\/comments?post=10247"}],"version-history":[{"count":22,"href":"https:\/\/www.overskrift.dk\/blog\/wp-json\/wp\/v2\/posts\/10247\/revisions"}],"predecessor-version":[{"id":10351,"href":"https:\/\/www.overskrift.dk\/blog\/wp-json\/wp\/v2\/posts\/10247\/revisions\/10351"}],"wp:featuredmedia":[{"embeddable":true,"href":"https:\/\/www.overskrift.dk\/blog\/wp-json\/wp\/v2\/media\/10273"}],"wp:attachment":[{"href":"https:\/\/www.overskrift.dk\/blog\/wp-json\/wp\/v2\/media?parent=10247"}],"wp:term":[{"taxonomy":"category","embeddable":true,"href":"https:\/\/www.overskrift.dk\/blog\/wp-json\/wp\/v2\/categories?post=10247"},{"taxonomy":"post_tag","embeddable":true,"href":"https:\/\/www.overskrift.dk\/blog\/wp-json\/wp\/v2\/tags?post=10247"}],"curies":[{"name":"wp","href":"https:\/\/api.w.org\/{rel}","templated":true}]}}