{"id":1081,"date":"2009-01-04T12:22:28","date_gmt":"2009-01-04T11:22:28","guid":{"rendered":"http:\/\/blog.overskrift.dk\/?p=1081"},"modified":"2017-04-18T13:46:05","modified_gmt":"2017-04-18T11:46:05","slug":"klimablogging-350","status":"publish","type":"post","link":"https:\/\/www.overskrift.dk\/blog\/2009\/01\/04\/klimablogging-350\/","title":{"rendered":"Klimablogging 350"},"content":{"rendered":"<p>S\u00e5 er 2009 kommet igang, som ud over finanskrisen sikkert ogs\u00e5 kommer til at st\u00e5 i klima-sp\u00f8rgsm\u00e5lets tegn, ikke mindst pga. FNs klimakonference <a href=\"http:\/\/www.cop15.dk\">COP15<\/a>, som jo afholdes i K\u00f8benhavn til december.<\/p>\n<p style=\"text-align: left;\">Der bliver derfor sikkert meget fokus p\u00e5 klima og milj\u00f8 op til selve konfenrencen, og der er da ogs\u00e5 en del danske blogs og sites som p\u00e5 den seneste er dukket op p\u00e5 omr\u00e5det. Senest <a href=\"http:\/\/www.350.dk\/blog\/\">350 bloggen<\/a>, som er den danske del af den internationale <a href=\"http:\/\/350.org\">350 organisation<\/a>. Tallet 350 er \u00e5benbart et udtryk for en\u00a0 gr\u00e6nse (m\u00e5lt i ppm, parts pr million) som CO2 udslippet b\u00f8r nedbringes til, for ikke at g\u00f8re varige skader p\u00e5 jorden.<\/p>\n<p style=\"text-align: center;\"><object width=\"425\" height=\"344\" data=\"http:\/\/www.youtube.com\/v\/s5kg1oOq9tY&amp;hl=en&amp;fs=1\" type=\"application\/x-shockwave-flash\"><param name=\"allowFullScreen\" value=\"true\" \/><param name=\"allowscriptaccess\" value=\"always\" \/><param name=\"src\" value=\"http:\/\/www.youtube.com\/v\/s5kg1oOq9tY&amp;hl=en&amp;fs=1\" \/><param name=\"allowfullscreen\" value=\"true\" \/><\/object><\/p>\n<p>Andre klima-orienterede blogs herhjemme er bla. <a href=\"http:\/\/klimabrev.dk\/\">klimabrev<\/a>, <a href=\"http:\/\/klimakanon.dk\">klimakanon <\/a>(omtalt <a href=\"http:\/\/blog.overskrift.dk\/2008\/06\/03\/endnu-en-kanon-skydes-af-klimakanon\/\">tidligere<\/a>), K\u00f8benhavns Kommunes <a href=\"http:\/\/a21.dk\/\">Agenda 21<\/a> site komplet med <a href=\"http:\/\/a21.dk\/blog\/indre-by\/\">kort<\/a> og <a href=\"http:\/\/a21.dk\/blog\/\">blog<\/a>, samt forumet <a href=\"http:\/\/www.klimadebat.dk\">Klimadebat.dk<\/a>.<\/p>\n<p>Overskrift.dk: <a href=\"http:\/\/overskrift.dk\/searchresult.php?q=klima\">klima<\/a>, <a href=\"http:\/\/overskrift.dk\/searchresult.php?q=milj\u00f8\">milj\u00f8<\/a>, <a href=\"http:\/\/overskrift.dk\/searchresult.php?q=CO2\">CO2<\/a>, <a href=\"http:\/\/overskrift.dk\/searchresult.php?q=cop15\">COP15<\/a> Tags: <a href=\"http:\/\/overskrift.dk\/tag\/klima\">klima<\/a>, <a href=\"http:\/\/overskrift.dk\/tag\/milj%F8\">milj\u00f8<\/a>, <a href=\"http:\/\/overskrift.dk\/tag\/CO2\">CO2<\/a><\/p>\n","protected":false},"excerpt":{"rendered":"<p>S\u00e5 er 2009 kommet igang, som ud over finanskrisen sikkert ogs\u00e5 kommer til at st\u00e5 i klima-sp\u00f8rgsm\u00e5lets tegn, ikke mindst pga. FNs klimakonference COP15, som jo afholdes i&hellip;<\/p>\n","protected":false},"author":4,"featured_media":0,"comment_status":"open","ping_status":"open","sticky":false,"template":"","format":"standard","meta":{"cybocfi_hide_featured_image":"","footnotes":""},"categories":[305],"tags":[366,367,327,368],"class_list":["post-1081","post","type-post","status-publish","format-standard","hentry","category-trends","tag-klima","tag-klimakonference","tag-koebenhavn","tag-miljoe"],"yoast_head":"<!-- This site is optimized with the Yoast SEO plugin v27.4 - https:\/\/yoast.com\/product\/yoast-seo-wordpress\/ -->\n<title>Klimablogging 350 - Overskrifts blog<\/title>\n<meta name=\"robots\" content=\"index, follow, max-snippet:-1, max-image-preview:large, max-video-preview:-1\" \/>\n<link rel=\"canonical\" href=\"https:\/\/www.overskrift.dk\/blog\/2009\/01\/04\/klimablogging-350\/\" \/>\n<meta property=\"og:locale\" content=\"da_DK\" \/>\n<meta property=\"og:type\" content=\"article\" \/>\n<meta property=\"og:title\" content=\"Klimablogging 350 - Overskrifts blog\" \/>\n<meta property=\"og:description\" content=\"S\u00e5 er 2009 kommet igang, som ud over finanskrisen sikkert ogs\u00e5 kommer til at st\u00e5 i klima-sp\u00f8rgsm\u00e5lets tegn, ikke mindst pga. FNs klimakonference COP15, som jo afholdes i&hellip;\" \/>\n<meta property=\"og:url\" content=\"https:\/\/www.overskrift.dk\/blog\/2009\/01\/04\/klimablogging-350\/\" \/>\n<meta property=\"og:site_name\" content=\"Overskrifts blog\" \/>\n<meta property=\"article:publisher\" content=\"https:\/\/www.facebook.com\/overskrift\" \/>\n<meta property=\"article:published_time\" content=\"2009-01-04T11:22:28+00:00\" \/>\n<meta property=\"article:modified_time\" content=\"2017-04-18T11:46:05+00:00\" \/>\n<meta property=\"og:image\" content=\"https:\/\/www.overskrift.dk\/blog\/wp-content\/uploads\/butterfly-effect-2808334_1920.jpg\" \/>\n\t<meta property=\"og:image:width\" content=\"1920\" \/>\n\t<meta property=\"og:image:height\" content=\"689\" \/>\n\t<meta property=\"og:image:type\" content=\"image\/jpeg\" \/>\n<meta name=\"author\" content=\"Stefan B\u00f8gh-Andersen\" \/>\n<meta name=\"twitter:card\" content=\"summary_large_image\" \/>\n<meta name=\"twitter:creator\" content=\"@overskrift\" \/>\n<meta name=\"twitter:site\" content=\"@overskrift\" \/>\n<script type=\"application\/ld+json\" class=\"yoast-schema-graph\">{\"@context\":\"https:\\\/\\\/schema.org\",\"@graph\":[{\"@type\":\"Article\",\"@id\":\"https:\\\/\\\/www.overskrift.dk\\\/blog\\\/2009\\\/01\\\/04\\\/klimablogging-350\\\/#article\",\"isPartOf\":{\"@id\":\"https:\\\/\\\/www.overskrift.dk\\\/blog\\\/2009\\\/01\\\/04\\\/klimablogging-350\\\/\"},\"author\":{\"name\":\"Stefan B\u00f8gh-Andersen\",\"@id\":\"https:\\\/\\\/www.overskrift.dk\\\/blog\\\/#\\\/schema\\\/person\\\/b78220010603ce4384fa7758a6eabaf3\"},\"headline\":\"Klimablogging 350\",\"datePublished\":\"2009-01-04T11:22:28+00:00\",\"dateModified\":\"2017-04-18T11:46:05+00:00\",\"mainEntityOfPage\":{\"@id\":\"https:\\\/\\\/www.overskrift.dk\\\/blog\\\/2009\\\/01\\\/04\\\/klimablogging-350\\\/\"},\"wordCount\":146,\"commentCount\":1,\"publisher\":{\"@id\":\"https:\\\/\\\/www.overskrift.dk\\\/blog\\\/#organization\"},\"keywords\":[\"Klima\",\"klimakonference\",\"K\u00f8benhavn\",\"Milj\u00f8\"],\"articleSection\":[\"Trends\"],\"inLanguage\":\"da-DK\",\"potentialAction\":[{\"@type\":\"CommentAction\",\"name\":\"Comment\",\"target\":[\"https:\\\/\\\/www.overskrift.dk\\\/blog\\\/2009\\\/01\\\/04\\\/klimablogging-350\\\/#respond\"]}]},{\"@type\":\"WebPage\",\"@id\":\"https:\\\/\\\/www.overskrift.dk\\\/blog\\\/2009\\\/01\\\/04\\\/klimablogging-350\\\/\",\"url\":\"https:\\\/\\\/www.overskrift.dk\\\/blog\\\/2009\\\/01\\\/04\\\/klimablogging-350\\\/\",\"name\":\"Klimablogging 350 - Overskrifts blog\",\"isPartOf\":{\"@id\":\"https:\\\/\\\/www.overskrift.dk\\\/blog\\\/#website\"},\"datePublished\":\"2009-01-04T11:22:28+00:00\",\"dateModified\":\"2017-04-18T11:46:05+00:00\",\"breadcrumb\":{\"@id\":\"https:\\\/\\\/www.overskrift.dk\\\/blog\\\/2009\\\/01\\\/04\\\/klimablogging-350\\\/#breadcrumb\"},\"inLanguage\":\"da-DK\",\"potentialAction\":[{\"@type\":\"ReadAction\",\"target\":[\"https:\\\/\\\/www.overskrift.dk\\\/blog\\\/2009\\\/01\\\/04\\\/klimablogging-350\\\/\"]}]},{\"@type\":\"BreadcrumbList\",\"@id\":\"https:\\\/\\\/www.overskrift.dk\\\/blog\\\/2009\\\/01\\\/04\\\/klimablogging-350\\\/#breadcrumb\",\"itemListElement\":[{\"@type\":\"ListItem\",\"position\":1,\"name\":\"Hjem\",\"item\":\"https:\\\/\\\/www.overskrift.dk\\\/blog\\\/\"},{\"@type\":\"ListItem\",\"position\":2,\"name\":\"Klimablogging 350\"}]},{\"@type\":\"WebSite\",\"@id\":\"https:\\\/\\\/www.overskrift.dk\\\/blog\\\/#website\",\"url\":\"https:\\\/\\\/www.overskrift.dk\\\/blog\\\/\",\"name\":\"Overskrifts blog\",\"description\":\"Nyeste indl\u00e6g\",\"publisher\":{\"@id\":\"https:\\\/\\\/www.overskrift.dk\\\/blog\\\/#organization\"},\"potentialAction\":[{\"@type\":\"SearchAction\",\"target\":{\"@type\":\"EntryPoint\",\"urlTemplate\":\"https:\\\/\\\/www.overskrift.dk\\\/blog\\\/?s={search_term_string}\"},\"query-input\":{\"@type\":\"PropertyValueSpecification\",\"valueRequired\":true,\"valueName\":\"search_term_string\"}}],\"inLanguage\":\"da-DK\"},{\"@type\":\"Organization\",\"@id\":\"https:\\\/\\\/www.overskrift.dk\\\/blog\\\/#organization\",\"name\":\"Overskrift ApS\",\"url\":\"https:\\\/\\\/www.overskrift.dk\\\/blog\\\/\",\"logo\":{\"@type\":\"ImageObject\",\"inLanguage\":\"da-DK\",\"@id\":\"https:\\\/\\\/www.overskrift.dk\\\/blog\\\/#\\\/schema\\\/logo\\\/image\\\/\",\"url\":\"https:\\\/\\\/blog.overskrift.dk\\\/wp-content\\\/uploads\\\/Just-the-dots-1.png\",\"contentUrl\":\"https:\\\/\\\/blog.overskrift.dk\\\/wp-content\\\/uploads\\\/Just-the-dots-1.png\",\"width\":258,\"height\":257,\"caption\":\"Overskrift ApS\"},\"image\":{\"@id\":\"https:\\\/\\\/www.overskrift.dk\\\/blog\\\/#\\\/schema\\\/logo\\\/image\\\/\"},\"sameAs\":[\"https:\\\/\\\/www.facebook.com\\\/overskrift\",\"https:\\\/\\\/x.com\\\/overskrift\",\"https:\\\/\\\/www.instagram.com\\\/overskrift\\\/\",\"https:\\\/\\\/www.linkedin.com\\\/company\\\/10153434\"]},{\"@type\":\"Person\",\"@id\":\"https:\\\/\\\/www.overskrift.dk\\\/blog\\\/#\\\/schema\\\/person\\\/b78220010603ce4384fa7758a6eabaf3\",\"name\":\"Stefan B\u00f8gh-Andersen\",\"image\":{\"@type\":\"ImageObject\",\"inLanguage\":\"da-DK\",\"@id\":\"https:\\\/\\\/secure.gravatar.com\\\/avatar\\\/f7eee59b7b5aa69f61ce713b6f85ef24d2faef678f186072e924c71249c2d2d6?s=96&d=mm&r=g\",\"url\":\"https:\\\/\\\/secure.gravatar.com\\\/avatar\\\/f7eee59b7b5aa69f61ce713b6f85ef24d2faef678f186072e924c71249c2d2d6?s=96&d=mm&r=g\",\"contentUrl\":\"https:\\\/\\\/secure.gravatar.com\\\/avatar\\\/f7eee59b7b5aa69f61ce713b6f85ef24d2faef678f186072e924c71249c2d2d6?s=96&d=mm&r=g\",\"caption\":\"Stefan B\u00f8gh-Andersen\"},\"description\":\"Indl\u00e6gget er skrevet af Stefan, der er direkt\u00f8r i og stifter af Overskrift. Stefan er en skarp analytiker og har mange \u00e5rs erfaring med r\u00e5dgivning inden for sociale medier og nyhedssites.\",\"url\":\"https:\\\/\\\/www.overskrift.dk\\\/blog\\\/author\\\/stefan\\\/\"}]}<\/script>\n<!-- \/ Yoast SEO plugin. -->","yoast_head_json":{"title":"Klimablogging 350 - Overskrifts blog","robots":{"index":"index","follow":"follow","max-snippet":"max-snippet:-1","max-image-preview":"max-image-preview:large","max-video-preview":"max-video-preview:-1"},"canonical":"https:\/\/www.overskrift.dk\/blog\/2009\/01\/04\/klimablogging-350\/","og_locale":"da_DK","og_type":"article","og_title":"Klimablogging 350 - Overskrifts blog","og_description":"S\u00e5 er 2009 kommet igang, som ud over finanskrisen sikkert ogs\u00e5 kommer til at st\u00e5 i klima-sp\u00f8rgsm\u00e5lets tegn, ikke mindst pga. FNs klimakonference COP15, som jo afholdes i&hellip;","og_url":"https:\/\/www.overskrift.dk\/blog\/2009\/01\/04\/klimablogging-350\/","og_site_name":"Overskrifts blog","article_publisher":"https:\/\/www.facebook.com\/overskrift","article_published_time":"2009-01-04T11:22:28+00:00","article_modified_time":"2017-04-18T11:46:05+00:00","og_image":[{"width":1920,"height":689,"url":"https:\/\/www.overskrift.dk\/blog\/wp-content\/uploads\/butterfly-effect-2808334_1920.jpg","type":"image\/jpeg"}],"author":"Stefan B\u00f8gh-Andersen","twitter_card":"summary_large_image","twitter_creator":"@overskrift","twitter_site":"@overskrift","schema":{"@context":"https:\/\/schema.org","@graph":[{"@type":"Article","@id":"https:\/\/www.overskrift.dk\/blog\/2009\/01\/04\/klimablogging-350\/#article","isPartOf":{"@id":"https:\/\/www.overskrift.dk\/blog\/2009\/01\/04\/klimablogging-350\/"},"author":{"name":"Stefan B\u00f8gh-Andersen","@id":"https:\/\/www.overskrift.dk\/blog\/#\/schema\/person\/b78220010603ce4384fa7758a6eabaf3"},"headline":"Klimablogging 350","datePublished":"2009-01-04T11:22:28+00:00","dateModified":"2017-04-18T11:46:05+00:00","mainEntityOfPage":{"@id":"https:\/\/www.overskrift.dk\/blog\/2009\/01\/04\/klimablogging-350\/"},"wordCount":146,"commentCount":1,"publisher":{"@id":"https:\/\/www.overskrift.dk\/blog\/#organization"},"keywords":["Klima","klimakonference","K\u00f8benhavn","Milj\u00f8"],"articleSection":["Trends"],"inLanguage":"da-DK","potentialAction":[{"@type":"CommentAction","name":"Comment","target":["https:\/\/www.overskrift.dk\/blog\/2009\/01\/04\/klimablogging-350\/#respond"]}]},{"@type":"WebPage","@id":"https:\/\/www.overskrift.dk\/blog\/2009\/01\/04\/klimablogging-350\/","url":"https:\/\/www.overskrift.dk\/blog\/2009\/01\/04\/klimablogging-350\/","name":"Klimablogging 350 - Overskrifts blog","isPartOf":{"@id":"https:\/\/www.overskrift.dk\/blog\/#website"},"datePublished":"2009-01-04T11:22:28+00:00","dateModified":"2017-04-18T11:46:05+00:00","breadcrumb":{"@id":"https:\/\/www.overskrift.dk\/blog\/2009\/01\/04\/klimablogging-350\/#breadcrumb"},"inLanguage":"da-DK","potentialAction":[{"@type":"ReadAction","target":["https:\/\/www.overskrift.dk\/blog\/2009\/01\/04\/klimablogging-350\/"]}]},{"@type":"BreadcrumbList","@id":"https:\/\/www.overskrift.dk\/blog\/2009\/01\/04\/klimablogging-350\/#breadcrumb","itemListElement":[{"@type":"ListItem","position":1,"name":"Hjem","item":"https:\/\/www.overskrift.dk\/blog\/"},{"@type":"ListItem","position":2,"name":"Klimablogging 350"}]},{"@type":"WebSite","@id":"https:\/\/www.overskrift.dk\/blog\/#website","url":"https:\/\/www.overskrift.dk\/blog\/","name":"Overskrifts blog","description":"Nyeste indl\u00e6g","publisher":{"@id":"https:\/\/www.overskrift.dk\/blog\/#organization"},"potentialAction":[{"@type":"SearchAction","target":{"@type":"EntryPoint","urlTemplate":"https:\/\/www.overskrift.dk\/blog\/?s={search_term_string}"},"query-input":{"@type":"PropertyValueSpecification","valueRequired":true,"valueName":"search_term_string"}}],"inLanguage":"da-DK"},{"@type":"Organization","@id":"https:\/\/www.overskrift.dk\/blog\/#organization","name":"Overskrift ApS","url":"https:\/\/www.overskrift.dk\/blog\/","logo":{"@type":"ImageObject","inLanguage":"da-DK","@id":"https:\/\/www.overskrift.dk\/blog\/#\/schema\/logo\/image\/","url":"https:\/\/blog.overskrift.dk\/wp-content\/uploads\/Just-the-dots-1.png","contentUrl":"https:\/\/blog.overskrift.dk\/wp-content\/uploads\/Just-the-dots-1.png","width":258,"height":257,"caption":"Overskrift ApS"},"image":{"@id":"https:\/\/www.overskrift.dk\/blog\/#\/schema\/logo\/image\/"},"sameAs":["https:\/\/www.facebook.com\/overskrift","https:\/\/x.com\/overskrift","https:\/\/www.instagram.com\/overskrift\/","https:\/\/www.linkedin.com\/company\/10153434"]},{"@type":"Person","@id":"https:\/\/www.overskrift.dk\/blog\/#\/schema\/person\/b78220010603ce4384fa7758a6eabaf3","name":"Stefan B\u00f8gh-Andersen","image":{"@type":"ImageObject","inLanguage":"da-DK","@id":"https:\/\/secure.gravatar.com\/avatar\/f7eee59b7b5aa69f61ce713b6f85ef24d2faef678f186072e924c71249c2d2d6?s=96&d=mm&r=g","url":"https:\/\/secure.gravatar.com\/avatar\/f7eee59b7b5aa69f61ce713b6f85ef24d2faef678f186072e924c71249c2d2d6?s=96&d=mm&r=g","contentUrl":"https:\/\/secure.gravatar.com\/avatar\/f7eee59b7b5aa69f61ce713b6f85ef24d2faef678f186072e924c71249c2d2d6?s=96&d=mm&r=g","caption":"Stefan B\u00f8gh-Andersen"},"description":"Indl\u00e6gget er skrevet af Stefan, der er direkt\u00f8r i og stifter af Overskrift. Stefan er en skarp analytiker og har mange \u00e5rs erfaring med r\u00e5dgivning inden for sociale medier og nyhedssites.","url":"https:\/\/www.overskrift.dk\/blog\/author\/stefan\/"}]}},"_links":{"self":[{"href":"https:\/\/www.overskrift.dk\/blog\/wp-json\/wp\/v2\/posts\/1081","targetHints":{"allow":["GET"]}}],"collection":[{"href":"https:\/\/www.overskrift.dk\/blog\/wp-json\/wp\/v2\/posts"}],"about":[{"href":"https:\/\/www.overskrift.dk\/blog\/wp-json\/wp\/v2\/types\/post"}],"author":[{"embeddable":true,"href":"https:\/\/www.overskrift.dk\/blog\/wp-json\/wp\/v2\/users\/4"}],"replies":[{"embeddable":true,"href":"https:\/\/www.overskrift.dk\/blog\/wp-json\/wp\/v2\/comments?post=1081"}],"version-history":[{"count":1,"href":"https:\/\/www.overskrift.dk\/blog\/wp-json\/wp\/v2\/posts\/1081\/revisions"}],"predecessor-version":[{"id":6732,"href":"https:\/\/www.overskrift.dk\/blog\/wp-json\/wp\/v2\/posts\/1081\/revisions\/6732"}],"wp:attachment":[{"href":"https:\/\/www.overskrift.dk\/blog\/wp-json\/wp\/v2\/media?parent=1081"}],"wp:term":[{"taxonomy":"category","embeddable":true,"href":"https:\/\/www.overskrift.dk\/blog\/wp-json\/wp\/v2\/categories?post=1081"},{"taxonomy":"post_tag","embeddable":true,"href":"https:\/\/www.overskrift.dk\/blog\/wp-json\/wp\/v2\/tags?post=1081"}],"curies":[{"name":"wp","href":"https:\/\/api.w.org\/{rel}","templated":true}]}}