{"id":139,"date":"2006-11-19T17:31:31","date_gmt":"2006-11-19T16:31:31","guid":{"rendered":"http:\/\/blog.overskrift.dk\/2006\/11\/19\/dr-tv-avisen-nu-endelig-ogsa-med-blogs\/"},"modified":"2017-04-19T08:36:39","modified_gmt":"2017-04-19T06:36:39","slug":"dr-tv-avisen-nu-endelig-ogsa-med-blogs","status":"publish","type":"post","link":"https:\/\/www.overskrift.dk\/blog\/2006\/11\/19\/dr-tv-avisen-nu-endelig-ogsa-med-blogs\/","title":{"rendered":"DR TV-avisen nu endelig ogs\u00e5 med blogs"},"content":{"rendered":"<p>Idag, d. 19. november 2006, skifter DR&#8217;s TV-nyheder fysisk plads fra (legendariske &#8220;2860&#8221;) S\u00f8borg til den nye bygning i \u00d8restaden, og i den forbindelse sker der en del \u00e6ndringer &#8211; bl.a. alts\u00e5 at <a href=\"http:\/\/www.dr.dk\/DR1\/TVAVISEN\/blogs\/index.htm\">TV Avisens v\u00e6rter er begyndt at blogge<\/a>.<\/p>\n<p>I f\u00f8rste omgang drejer det sig om TVavisen v\u00e6rterne <a title=\"Reimer Bo's Blog\" href=\"http:\/\/www.dr.dk\/DR1\/TVAVISEN\/blogs\/Reimer\/\">Reimer Bo Christensen<\/a>, <a href=\"http:\/\/www.dr.dk\/DR1\/TVAVISEN\/blogs\/Mette\/\">Mette Walsted Vestergaard<\/a> og <a title=\"Jeppe Nybroes Blog\" href=\"http:\/\/www.dr.dk\/DR1\/TVAVISEN\/blogs\/Jeppe\/\">Jeppe Nybroe<\/a>, men mon ikke flere st\u00f8der til med at blogge efterh\u00e5nden? Det ser ud til i de forskellige blog-indl\u00e6g, at de 3 v\u00e6rter har \u00f8vet-blogget i den sidste uges tid, og at mange af indl\u00e6ggene drejer sig om den vemodige afsked med deres gamle fysiske arbejdsplads, f.eks. med en lang r\u00e6kke <a href=\"http:\/\/www.dr.dk\/dr1\/tvavisen\/blogs\/Jeppe\/#68\">sp\u00e6ndende behind-the-scenes billeder<\/a> fra 2860 p\u00e5 Jeppes blog.<\/p>\n<p>Desuden var det Jeppe Nybroe, som fik \u00e6ren af den aller-f\u00f8rste TV-avisen udsendelse i nye omgivelser &#8211; og i bedste blogger-\u00e5nd l\u00e6gger han op til debat og dialog ved at sp\u00f8rge &#8220;<a href=\"http:\/\/www.dr.dk\/dr1\/tvavisen\/blogs\/Jeppe\/#63\">Hva&#8217; synes du?<\/a>&#8221; her en times tid efter den f\u00f8rste udsendelse.<!--07fbcee4944f2d521c3abeab32faec34--><\/p>\n","protected":false},"excerpt":{"rendered":"<p>Idag, d. 19. november 2006, skifter DR&#8217;s TV-nyheder fysisk plads fra (legendariske &#8220;2860&#8221;) S\u00f8borg til den nye bygning i \u00d8restaden, og i den forbindelse sker der en del&hellip;<\/p>\n","protected":false},"author":4,"featured_media":0,"comment_status":"open","ping_status":"open","sticky":false,"template":"","format":"standard","meta":{"cybocfi_hide_featured_image":"","footnotes":""},"categories":[305],"tags":[307,339,312,321],"class_list":["post-139","post","type-post","status-publish","format-standard","hentry","category-trends","tag-blogs","tag-breaking-news","tag-medier","tag-nye-blogs"],"yoast_head":"<!-- This site is optimized with the Yoast SEO plugin v27.4 - https:\/\/yoast.com\/product\/yoast-seo-wordpress\/ -->\n<title>DR TV-avisen nu endelig ogs\u00e5 med blogs - Overskrifts blog<\/title>\n<meta name=\"robots\" content=\"index, follow, max-snippet:-1, max-image-preview:large, max-video-preview:-1\" \/>\n<link rel=\"canonical\" href=\"https:\/\/www.overskrift.dk\/blog\/2006\/11\/19\/dr-tv-avisen-nu-endelig-ogsa-med-blogs\/\" \/>\n<meta property=\"og:locale\" content=\"da_DK\" \/>\n<meta property=\"og:type\" content=\"article\" \/>\n<meta property=\"og:title\" content=\"DR TV-avisen nu endelig ogs\u00e5 med blogs - Overskrifts blog\" \/>\n<meta property=\"og:description\" content=\"Idag, d. 19. november 2006, skifter DR&#8217;s TV-nyheder fysisk plads fra (legendariske &#8220;2860&#8221;) S\u00f8borg til den nye bygning i \u00d8restaden, og i den forbindelse sker der en del&hellip;\" \/>\n<meta property=\"og:url\" content=\"https:\/\/www.overskrift.dk\/blog\/2006\/11\/19\/dr-tv-avisen-nu-endelig-ogsa-med-blogs\/\" \/>\n<meta property=\"og:site_name\" content=\"Overskrifts blog\" \/>\n<meta property=\"article:publisher\" content=\"https:\/\/www.facebook.com\/overskrift\" \/>\n<meta property=\"article:published_time\" content=\"2006-11-19T16:31:31+00:00\" \/>\n<meta property=\"article:modified_time\" content=\"2017-04-19T06:36:39+00:00\" \/>\n<meta property=\"og:image\" content=\"https:\/\/www.overskrift.dk\/blog\/wp-content\/uploads\/butterfly-effect-2808334_1920.jpg\" \/>\n\t<meta property=\"og:image:width\" content=\"1920\" \/>\n\t<meta property=\"og:image:height\" content=\"689\" \/>\n\t<meta property=\"og:image:type\" content=\"image\/jpeg\" \/>\n<meta name=\"author\" content=\"Stefan B\u00f8gh-Andersen\" \/>\n<meta name=\"twitter:card\" content=\"summary_large_image\" \/>\n<meta name=\"twitter:creator\" content=\"@overskrift\" \/>\n<meta name=\"twitter:site\" content=\"@overskrift\" \/>\n<script type=\"application\/ld+json\" class=\"yoast-schema-graph\">{\"@context\":\"https:\\\/\\\/schema.org\",\"@graph\":[{\"@type\":\"Article\",\"@id\":\"https:\\\/\\\/www.overskrift.dk\\\/blog\\\/2006\\\/11\\\/19\\\/dr-tv-avisen-nu-endelig-ogsa-med-blogs\\\/#article\",\"isPartOf\":{\"@id\":\"https:\\\/\\\/www.overskrift.dk\\\/blog\\\/2006\\\/11\\\/19\\\/dr-tv-avisen-nu-endelig-ogsa-med-blogs\\\/\"},\"author\":{\"name\":\"Stefan B\u00f8gh-Andersen\",\"@id\":\"https:\\\/\\\/www.overskrift.dk\\\/blog\\\/#\\\/schema\\\/person\\\/b78220010603ce4384fa7758a6eabaf3\"},\"headline\":\"DR TV-avisen nu endelig ogs\u00e5 med blogs\",\"datePublished\":\"2006-11-19T16:31:31+00:00\",\"dateModified\":\"2017-04-19T06:36:39+00:00\",\"mainEntityOfPage\":{\"@id\":\"https:\\\/\\\/www.overskrift.dk\\\/blog\\\/2006\\\/11\\\/19\\\/dr-tv-avisen-nu-endelig-ogsa-med-blogs\\\/\"},\"wordCount\":178,\"commentCount\":5,\"publisher\":{\"@id\":\"https:\\\/\\\/www.overskrift.dk\\\/blog\\\/#organization\"},\"keywords\":[\"Blogs\",\"Breaking News\",\"Medier\",\"Nye blogs\"],\"articleSection\":[\"Trends\"],\"inLanguage\":\"da-DK\",\"potentialAction\":[{\"@type\":\"CommentAction\",\"name\":\"Comment\",\"target\":[\"https:\\\/\\\/www.overskrift.dk\\\/blog\\\/2006\\\/11\\\/19\\\/dr-tv-avisen-nu-endelig-ogsa-med-blogs\\\/#respond\"]}]},{\"@type\":\"WebPage\",\"@id\":\"https:\\\/\\\/www.overskrift.dk\\\/blog\\\/2006\\\/11\\\/19\\\/dr-tv-avisen-nu-endelig-ogsa-med-blogs\\\/\",\"url\":\"https:\\\/\\\/www.overskrift.dk\\\/blog\\\/2006\\\/11\\\/19\\\/dr-tv-avisen-nu-endelig-ogsa-med-blogs\\\/\",\"name\":\"DR TV-avisen nu endelig ogs\u00e5 med blogs - Overskrifts blog\",\"isPartOf\":{\"@id\":\"https:\\\/\\\/www.overskrift.dk\\\/blog\\\/#website\"},\"datePublished\":\"2006-11-19T16:31:31+00:00\",\"dateModified\":\"2017-04-19T06:36:39+00:00\",\"breadcrumb\":{\"@id\":\"https:\\\/\\\/www.overskrift.dk\\\/blog\\\/2006\\\/11\\\/19\\\/dr-tv-avisen-nu-endelig-ogsa-med-blogs\\\/#breadcrumb\"},\"inLanguage\":\"da-DK\",\"potentialAction\":[{\"@type\":\"ReadAction\",\"target\":[\"https:\\\/\\\/www.overskrift.dk\\\/blog\\\/2006\\\/11\\\/19\\\/dr-tv-avisen-nu-endelig-ogsa-med-blogs\\\/\"]}]},{\"@type\":\"BreadcrumbList\",\"@id\":\"https:\\\/\\\/www.overskrift.dk\\\/blog\\\/2006\\\/11\\\/19\\\/dr-tv-avisen-nu-endelig-ogsa-med-blogs\\\/#breadcrumb\",\"itemListElement\":[{\"@type\":\"ListItem\",\"position\":1,\"name\":\"Hjem\",\"item\":\"https:\\\/\\\/www.overskrift.dk\\\/blog\\\/\"},{\"@type\":\"ListItem\",\"position\":2,\"name\":\"DR TV-avisen nu endelig ogs\u00e5 med blogs\"}]},{\"@type\":\"WebSite\",\"@id\":\"https:\\\/\\\/www.overskrift.dk\\\/blog\\\/#website\",\"url\":\"https:\\\/\\\/www.overskrift.dk\\\/blog\\\/\",\"name\":\"Overskrifts blog\",\"description\":\"Nyeste indl\u00e6g\",\"publisher\":{\"@id\":\"https:\\\/\\\/www.overskrift.dk\\\/blog\\\/#organization\"},\"potentialAction\":[{\"@type\":\"SearchAction\",\"target\":{\"@type\":\"EntryPoint\",\"urlTemplate\":\"https:\\\/\\\/www.overskrift.dk\\\/blog\\\/?s={search_term_string}\"},\"query-input\":{\"@type\":\"PropertyValueSpecification\",\"valueRequired\":true,\"valueName\":\"search_term_string\"}}],\"inLanguage\":\"da-DK\"},{\"@type\":\"Organization\",\"@id\":\"https:\\\/\\\/www.overskrift.dk\\\/blog\\\/#organization\",\"name\":\"Overskrift ApS\",\"url\":\"https:\\\/\\\/www.overskrift.dk\\\/blog\\\/\",\"logo\":{\"@type\":\"ImageObject\",\"inLanguage\":\"da-DK\",\"@id\":\"https:\\\/\\\/www.overskrift.dk\\\/blog\\\/#\\\/schema\\\/logo\\\/image\\\/\",\"url\":\"https:\\\/\\\/blog.overskrift.dk\\\/wp-content\\\/uploads\\\/Just-the-dots-1.png\",\"contentUrl\":\"https:\\\/\\\/blog.overskrift.dk\\\/wp-content\\\/uploads\\\/Just-the-dots-1.png\",\"width\":258,\"height\":257,\"caption\":\"Overskrift ApS\"},\"image\":{\"@id\":\"https:\\\/\\\/www.overskrift.dk\\\/blog\\\/#\\\/schema\\\/logo\\\/image\\\/\"},\"sameAs\":[\"https:\\\/\\\/www.facebook.com\\\/overskrift\",\"https:\\\/\\\/x.com\\\/overskrift\",\"https:\\\/\\\/www.instagram.com\\\/overskrift\\\/\",\"https:\\\/\\\/www.linkedin.com\\\/company\\\/10153434\"]},{\"@type\":\"Person\",\"@id\":\"https:\\\/\\\/www.overskrift.dk\\\/blog\\\/#\\\/schema\\\/person\\\/b78220010603ce4384fa7758a6eabaf3\",\"name\":\"Stefan B\u00f8gh-Andersen\",\"image\":{\"@type\":\"ImageObject\",\"inLanguage\":\"da-DK\",\"@id\":\"https:\\\/\\\/secure.gravatar.com\\\/avatar\\\/f7eee59b7b5aa69f61ce713b6f85ef24d2faef678f186072e924c71249c2d2d6?s=96&d=mm&r=g\",\"url\":\"https:\\\/\\\/secure.gravatar.com\\\/avatar\\\/f7eee59b7b5aa69f61ce713b6f85ef24d2faef678f186072e924c71249c2d2d6?s=96&d=mm&r=g\",\"contentUrl\":\"https:\\\/\\\/secure.gravatar.com\\\/avatar\\\/f7eee59b7b5aa69f61ce713b6f85ef24d2faef678f186072e924c71249c2d2d6?s=96&d=mm&r=g\",\"caption\":\"Stefan B\u00f8gh-Andersen\"},\"description\":\"Indl\u00e6gget er skrevet af Stefan, der er direkt\u00f8r i og stifter af Overskrift. Stefan er en skarp analytiker og har mange \u00e5rs erfaring med r\u00e5dgivning inden for sociale medier og nyhedssites.\",\"url\":\"https:\\\/\\\/www.overskrift.dk\\\/blog\\\/author\\\/stefan\\\/\"}]}<\/script>\n<!-- \/ Yoast SEO plugin. -->","yoast_head_json":{"title":"DR TV-avisen nu endelig ogs\u00e5 med blogs - Overskrifts blog","robots":{"index":"index","follow":"follow","max-snippet":"max-snippet:-1","max-image-preview":"max-image-preview:large","max-video-preview":"max-video-preview:-1"},"canonical":"https:\/\/www.overskrift.dk\/blog\/2006\/11\/19\/dr-tv-avisen-nu-endelig-ogsa-med-blogs\/","og_locale":"da_DK","og_type":"article","og_title":"DR TV-avisen nu endelig ogs\u00e5 med blogs - Overskrifts blog","og_description":"Idag, d. 19. november 2006, skifter DR&#8217;s TV-nyheder fysisk plads fra (legendariske &#8220;2860&#8221;) S\u00f8borg til den nye bygning i \u00d8restaden, og i den forbindelse sker der en del&hellip;","og_url":"https:\/\/www.overskrift.dk\/blog\/2006\/11\/19\/dr-tv-avisen-nu-endelig-ogsa-med-blogs\/","og_site_name":"Overskrifts blog","article_publisher":"https:\/\/www.facebook.com\/overskrift","article_published_time":"2006-11-19T16:31:31+00:00","article_modified_time":"2017-04-19T06:36:39+00:00","og_image":[{"width":1920,"height":689,"url":"https:\/\/www.overskrift.dk\/blog\/wp-content\/uploads\/butterfly-effect-2808334_1920.jpg","type":"image\/jpeg"}],"author":"Stefan B\u00f8gh-Andersen","twitter_card":"summary_large_image","twitter_creator":"@overskrift","twitter_site":"@overskrift","schema":{"@context":"https:\/\/schema.org","@graph":[{"@type":"Article","@id":"https:\/\/www.overskrift.dk\/blog\/2006\/11\/19\/dr-tv-avisen-nu-endelig-ogsa-med-blogs\/#article","isPartOf":{"@id":"https:\/\/www.overskrift.dk\/blog\/2006\/11\/19\/dr-tv-avisen-nu-endelig-ogsa-med-blogs\/"},"author":{"name":"Stefan B\u00f8gh-Andersen","@id":"https:\/\/www.overskrift.dk\/blog\/#\/schema\/person\/b78220010603ce4384fa7758a6eabaf3"},"headline":"DR TV-avisen nu endelig ogs\u00e5 med blogs","datePublished":"2006-11-19T16:31:31+00:00","dateModified":"2017-04-19T06:36:39+00:00","mainEntityOfPage":{"@id":"https:\/\/www.overskrift.dk\/blog\/2006\/11\/19\/dr-tv-avisen-nu-endelig-ogsa-med-blogs\/"},"wordCount":178,"commentCount":5,"publisher":{"@id":"https:\/\/www.overskrift.dk\/blog\/#organization"},"keywords":["Blogs","Breaking News","Medier","Nye blogs"],"articleSection":["Trends"],"inLanguage":"da-DK","potentialAction":[{"@type":"CommentAction","name":"Comment","target":["https:\/\/www.overskrift.dk\/blog\/2006\/11\/19\/dr-tv-avisen-nu-endelig-ogsa-med-blogs\/#respond"]}]},{"@type":"WebPage","@id":"https:\/\/www.overskrift.dk\/blog\/2006\/11\/19\/dr-tv-avisen-nu-endelig-ogsa-med-blogs\/","url":"https:\/\/www.overskrift.dk\/blog\/2006\/11\/19\/dr-tv-avisen-nu-endelig-ogsa-med-blogs\/","name":"DR TV-avisen nu endelig ogs\u00e5 med blogs - Overskrifts blog","isPartOf":{"@id":"https:\/\/www.overskrift.dk\/blog\/#website"},"datePublished":"2006-11-19T16:31:31+00:00","dateModified":"2017-04-19T06:36:39+00:00","breadcrumb":{"@id":"https:\/\/www.overskrift.dk\/blog\/2006\/11\/19\/dr-tv-avisen-nu-endelig-ogsa-med-blogs\/#breadcrumb"},"inLanguage":"da-DK","potentialAction":[{"@type":"ReadAction","target":["https:\/\/www.overskrift.dk\/blog\/2006\/11\/19\/dr-tv-avisen-nu-endelig-ogsa-med-blogs\/"]}]},{"@type":"BreadcrumbList","@id":"https:\/\/www.overskrift.dk\/blog\/2006\/11\/19\/dr-tv-avisen-nu-endelig-ogsa-med-blogs\/#breadcrumb","itemListElement":[{"@type":"ListItem","position":1,"name":"Hjem","item":"https:\/\/www.overskrift.dk\/blog\/"},{"@type":"ListItem","position":2,"name":"DR TV-avisen nu endelig ogs\u00e5 med blogs"}]},{"@type":"WebSite","@id":"https:\/\/www.overskrift.dk\/blog\/#website","url":"https:\/\/www.overskrift.dk\/blog\/","name":"Overskrifts blog","description":"Nyeste indl\u00e6g","publisher":{"@id":"https:\/\/www.overskrift.dk\/blog\/#organization"},"potentialAction":[{"@type":"SearchAction","target":{"@type":"EntryPoint","urlTemplate":"https:\/\/www.overskrift.dk\/blog\/?s={search_term_string}"},"query-input":{"@type":"PropertyValueSpecification","valueRequired":true,"valueName":"search_term_string"}}],"inLanguage":"da-DK"},{"@type":"Organization","@id":"https:\/\/www.overskrift.dk\/blog\/#organization","name":"Overskrift ApS","url":"https:\/\/www.overskrift.dk\/blog\/","logo":{"@type":"ImageObject","inLanguage":"da-DK","@id":"https:\/\/www.overskrift.dk\/blog\/#\/schema\/logo\/image\/","url":"https:\/\/blog.overskrift.dk\/wp-content\/uploads\/Just-the-dots-1.png","contentUrl":"https:\/\/blog.overskrift.dk\/wp-content\/uploads\/Just-the-dots-1.png","width":258,"height":257,"caption":"Overskrift ApS"},"image":{"@id":"https:\/\/www.overskrift.dk\/blog\/#\/schema\/logo\/image\/"},"sameAs":["https:\/\/www.facebook.com\/overskrift","https:\/\/x.com\/overskrift","https:\/\/www.instagram.com\/overskrift\/","https:\/\/www.linkedin.com\/company\/10153434"]},{"@type":"Person","@id":"https:\/\/www.overskrift.dk\/blog\/#\/schema\/person\/b78220010603ce4384fa7758a6eabaf3","name":"Stefan B\u00f8gh-Andersen","image":{"@type":"ImageObject","inLanguage":"da-DK","@id":"https:\/\/secure.gravatar.com\/avatar\/f7eee59b7b5aa69f61ce713b6f85ef24d2faef678f186072e924c71249c2d2d6?s=96&d=mm&r=g","url":"https:\/\/secure.gravatar.com\/avatar\/f7eee59b7b5aa69f61ce713b6f85ef24d2faef678f186072e924c71249c2d2d6?s=96&d=mm&r=g","contentUrl":"https:\/\/secure.gravatar.com\/avatar\/f7eee59b7b5aa69f61ce713b6f85ef24d2faef678f186072e924c71249c2d2d6?s=96&d=mm&r=g","caption":"Stefan B\u00f8gh-Andersen"},"description":"Indl\u00e6gget er skrevet af Stefan, der er direkt\u00f8r i og stifter af Overskrift. Stefan er en skarp analytiker og har mange \u00e5rs erfaring med r\u00e5dgivning inden for sociale medier og nyhedssites.","url":"https:\/\/www.overskrift.dk\/blog\/author\/stefan\/"}]}},"_links":{"self":[{"href":"https:\/\/www.overskrift.dk\/blog\/wp-json\/wp\/v2\/posts\/139","targetHints":{"allow":["GET"]}}],"collection":[{"href":"https:\/\/www.overskrift.dk\/blog\/wp-json\/wp\/v2\/posts"}],"about":[{"href":"https:\/\/www.overskrift.dk\/blog\/wp-json\/wp\/v2\/types\/post"}],"author":[{"embeddable":true,"href":"https:\/\/www.overskrift.dk\/blog\/wp-json\/wp\/v2\/users\/4"}],"replies":[{"embeddable":true,"href":"https:\/\/www.overskrift.dk\/blog\/wp-json\/wp\/v2\/comments?post=139"}],"version-history":[{"count":1,"href":"https:\/\/www.overskrift.dk\/blog\/wp-json\/wp\/v2\/posts\/139\/revisions"}],"predecessor-version":[{"id":7129,"href":"https:\/\/www.overskrift.dk\/blog\/wp-json\/wp\/v2\/posts\/139\/revisions\/7129"}],"wp:attachment":[{"href":"https:\/\/www.overskrift.dk\/blog\/wp-json\/wp\/v2\/media?parent=139"}],"wp:term":[{"taxonomy":"category","embeddable":true,"href":"https:\/\/www.overskrift.dk\/blog\/wp-json\/wp\/v2\/categories?post=139"},{"taxonomy":"post_tag","embeddable":true,"href":"https:\/\/www.overskrift.dk\/blog\/wp-json\/wp\/v2\/tags?post=139"}],"curies":[{"name":"wp","href":"https:\/\/api.w.org\/{rel}","templated":true}]}}