{"id":162,"date":"2006-12-17T15:23:05","date_gmt":"2006-12-17T14:23:05","guid":{"rendered":"http:\/\/blog.overskrift.dk\/2006\/12\/17\/nye-blogs-danmarks-aeldste-lokalavis-lukker-omdannes-til-blog\/"},"modified":"2017-04-19T08:35:51","modified_gmt":"2017-04-19T06:35:51","slug":"nye-blogs-danmarks-aeldste-lokalavis-lukker-omdannes-til-blog","status":"publish","type":"post","link":"https:\/\/www.overskrift.dk\/blog\/2006\/12\/17\/nye-blogs-danmarks-aeldste-lokalavis-lukker-omdannes-til-blog\/","title":{"rendered":"Nye Blogs: Danmarks \u00e6ldste lokalavis lukker &#8211; omdannes til blog"},"content":{"rendered":"<p><a title=\"Kajs Avis\" href=\"http:\/\/www.kajsavis.dk\/\">Kajs Avis<\/a> er kendt i V\u00e6rl\u00f8se &#038; omegn og har eksisteret i en menneskealder netop fordi det er Kaj selv som siden 1945(!) har udgivet den lille lokalavis. Egentlig hedder den vel &#8220;Hareskov V\u00e6rl\u00f8se Avis&#8221;, men da det nu var <a href=\"http:\/\/wikimedia.dk\/index.php\/Kaj_%C3%98gaard_S%C3%B8rensen\">Kaj selv<\/a> som lavede mere eller mindre det hele p\u00e5 avisen kom den i folkemunde til at hedde &#8220;Kajs Avis&#8221;.<\/p>\n<div style=\"text-align: center\"><img decoding=\"async\" id=\"image164\" alt=\"Kajs Avis logo\" src=\"http:\/\/blog.overskrift.dk\/wp-content\/uploads\/2006\/12\/kajsavis-logo-small.jpg\" \/><\/div>\n<p>Jeg kan huske fra den gang jeg selv boede og voksede op i V\u00e6rl\u00f8se, hvordan Kajs Avis regelm\u00e6ssigt dukkede op i postkassen &#8211; m\u00e5ske ikke verdens mest sprudlende og interessant lille avis, men et fast holdepunkt i lokalmilj\u00f8et med nyt om job-opslag i kommunen, sogner\u00e5ds-referater fra kirkerne, de lokale politik- og sportsnyheder og tilbud fra k\u00f8bmanden.<\/p>\n<p>Efter 61 \u00e5r med samme udgiver(!) g\u00e5r den ikke l\u00e6ngere &#8211; Kaj er efterh\u00e5nden en \u00e6ldre herre og efter et fald sidste \u00e5r st\u00e5r helbredet ikke s\u00e5 godt til. Desuden er der ogs\u00e5 andre lokalaviser i omr\u00e5det &#8211; og med den u-popul\u00e6re sammenl\u00e6gning af to Venstre-kommuner, V\u00e6rl\u00f8se og Farum, til <a href=\"http:\/\/www.furesoe-kommune.dk\/\">Fures\u00f8 Kommune<\/a>, blev det endda besluttet <a href=\"http:\/\/hansj\u00f8rn.dk\/wordpress\/?p=9\">ikke at annoncere jobopslag i Kajs avis<\/a>, hvorfor det \u00f8konomiske annonce-grundlag ogs\u00e5 forsvandt fra avisen.<\/p>\n<p>Allesidste udgave af Kajs Avis blev derfor her ultimo 2006, med <a href=\"http:\/\/kajsavis.dk\/blog\/?p=11\">et lille farvel fra Kaj<\/a> d. 11\/12\/2006.<\/p>\n<p>Kajs Avis er dog fremme p\u00e5 beatet og har b\u00e5de en <a title=\"Hjemmeside for Kajs Avis\" href=\"http:\/\/kajsavis.dk\/\">hjemmeside<\/a> og s\u00f8rme om den ikke netop ogs\u00e5 er overg\u00e5et til at v\u00e6re en <a title=\"Kajs avis som blog\" href=\"http:\/\/kajsavis.dk\/blog\/\">blog<\/a>.<\/p>\n<p>Et fantastik <a href=\"http:\/\/hansj\u00f8rn.dk\/wordpress\/?p=9\">billede af Kaj<\/a> taget af <a href=\"http:\/\/wikimedia.dk\/index.php\/Hans_J%C3%B8rn_Storgaard_Andersen\">Hans J\u00f8rn Storgaard Andersen<\/a> da Kaj tog til Vordingborg for at hente det sidste oplag af avisen:<\/p>\n<div style=\"text-align: center\"><img decoding=\"async\" alt=\"Kaj-Ord-small.png\" id=\"image165\" src=\"http:\/\/blog.overskrift.dk\/wp-content\/uploads\/2006\/12\/Kaj-Ord-small.jpg\" \/><\/div>\n<p>Tak Kaj!<!--0ed15e5548d5eaac6c7f1a65d680ed67--><\/p>\n","protected":false},"excerpt":{"rendered":"<p>Kajs Avis er kendt i V\u00e6rl\u00f8se &#038; omegn og har eksisteret i en menneskealder netop fordi det er Kaj selv som siden 1945(!) har udgivet den lille lokalavis.&hellip;<\/p>\n","protected":false},"author":4,"featured_media":0,"comment_status":"open","ping_status":"open","sticky":false,"template":"","format":"standard","meta":{"cybocfi_hide_featured_image":"","footnotes":""},"categories":[305],"tags":[307,418,312,321],"class_list":["post-162","post","type-post","status-publish","format-standard","hentry","category-trends","tag-blogs","tag-kommune","tag-medier","tag-nye-blogs"],"yoast_head":"<!-- This site is optimized with the Yoast SEO plugin v27.5 - https:\/\/yoast.com\/product\/yoast-seo-wordpress\/ -->\n<title>Nye Blogs: Danmarks \u00e6ldste lokalavis lukker - omdannes til blog - Overskrifts blog<\/title>\n<meta name=\"robots\" content=\"index, follow, max-snippet:-1, max-image-preview:large, max-video-preview:-1\" \/>\n<link rel=\"canonical\" href=\"https:\/\/www.overskrift.dk\/blog\/2006\/12\/17\/nye-blogs-danmarks-aeldste-lokalavis-lukker-omdannes-til-blog\/\" \/>\n<meta property=\"og:locale\" content=\"da_DK\" \/>\n<meta property=\"og:type\" content=\"article\" \/>\n<meta property=\"og:title\" content=\"Nye Blogs: Danmarks \u00e6ldste lokalavis lukker - omdannes til blog - Overskrifts blog\" \/>\n<meta property=\"og:description\" content=\"Kajs Avis er kendt i V\u00e6rl\u00f8se &#038; omegn og har eksisteret i en menneskealder netop fordi det er Kaj selv som siden 1945(!) har udgivet den lille lokalavis.&hellip;\" \/>\n<meta property=\"og:url\" content=\"https:\/\/www.overskrift.dk\/blog\/2006\/12\/17\/nye-blogs-danmarks-aeldste-lokalavis-lukker-omdannes-til-blog\/\" \/>\n<meta property=\"og:site_name\" content=\"Overskrifts blog\" \/>\n<meta property=\"article:publisher\" content=\"https:\/\/www.facebook.com\/overskrift\" \/>\n<meta property=\"article:published_time\" content=\"2006-12-17T14:23:05+00:00\" \/>\n<meta property=\"article:modified_time\" content=\"2017-04-19T06:35:51+00:00\" \/>\n<meta property=\"og:image\" content=\"http:\/\/blog.overskrift.dk\/wp-content\/uploads\/2006\/12\/kajsavis-logo-small.jpg\" \/>\n<meta name=\"author\" content=\"Stefan B\u00f8gh-Andersen\" \/>\n<meta name=\"twitter:card\" content=\"summary_large_image\" \/>\n<meta name=\"twitter:creator\" content=\"@overskrift\" \/>\n<meta name=\"twitter:site\" content=\"@overskrift\" \/>\n<script type=\"application\/ld+json\" class=\"yoast-schema-graph\">{\"@context\":\"https:\\\/\\\/schema.org\",\"@graph\":[{\"@type\":\"Article\",\"@id\":\"https:\\\/\\\/www.overskrift.dk\\\/blog\\\/2006\\\/12\\\/17\\\/nye-blogs-danmarks-aeldste-lokalavis-lukker-omdannes-til-blog\\\/#article\",\"isPartOf\":{\"@id\":\"https:\\\/\\\/www.overskrift.dk\\\/blog\\\/2006\\\/12\\\/17\\\/nye-blogs-danmarks-aeldste-lokalavis-lukker-omdannes-til-blog\\\/\"},\"author\":{\"name\":\"Stefan B\u00f8gh-Andersen\",\"@id\":\"https:\\\/\\\/www.overskrift.dk\\\/blog\\\/#\\\/schema\\\/person\\\/b78220010603ce4384fa7758a6eabaf3\"},\"headline\":\"Nye Blogs: Danmarks \u00e6ldste lokalavis lukker &#8211; omdannes til blog\",\"datePublished\":\"2006-12-17T14:23:05+00:00\",\"dateModified\":\"2017-04-19T06:35:51+00:00\",\"mainEntityOfPage\":{\"@id\":\"https:\\\/\\\/www.overskrift.dk\\\/blog\\\/2006\\\/12\\\/17\\\/nye-blogs-danmarks-aeldste-lokalavis-lukker-omdannes-til-blog\\\/\"},\"wordCount\":287,\"commentCount\":0,\"publisher\":{\"@id\":\"https:\\\/\\\/www.overskrift.dk\\\/blog\\\/#organization\"},\"image\":{\"@id\":\"https:\\\/\\\/www.overskrift.dk\\\/blog\\\/2006\\\/12\\\/17\\\/nye-blogs-danmarks-aeldste-lokalavis-lukker-omdannes-til-blog\\\/#primaryimage\"},\"thumbnailUrl\":\"http:\\\/\\\/blog.overskrift.dk\\\/wp-content\\\/uploads\\\/2006\\\/12\\\/kajsavis-logo-small.jpg\",\"keywords\":[\"Blogs\",\"Kommune\",\"Medier\",\"Nye blogs\"],\"articleSection\":[\"Trends\"],\"inLanguage\":\"da-DK\",\"potentialAction\":[{\"@type\":\"CommentAction\",\"name\":\"Comment\",\"target\":[\"https:\\\/\\\/www.overskrift.dk\\\/blog\\\/2006\\\/12\\\/17\\\/nye-blogs-danmarks-aeldste-lokalavis-lukker-omdannes-til-blog\\\/#respond\"]}]},{\"@type\":\"WebPage\",\"@id\":\"https:\\\/\\\/www.overskrift.dk\\\/blog\\\/2006\\\/12\\\/17\\\/nye-blogs-danmarks-aeldste-lokalavis-lukker-omdannes-til-blog\\\/\",\"url\":\"https:\\\/\\\/www.overskrift.dk\\\/blog\\\/2006\\\/12\\\/17\\\/nye-blogs-danmarks-aeldste-lokalavis-lukker-omdannes-til-blog\\\/\",\"name\":\"Nye Blogs: Danmarks \u00e6ldste lokalavis lukker - omdannes til blog - Overskrifts blog\",\"isPartOf\":{\"@id\":\"https:\\\/\\\/www.overskrift.dk\\\/blog\\\/#website\"},\"primaryImageOfPage\":{\"@id\":\"https:\\\/\\\/www.overskrift.dk\\\/blog\\\/2006\\\/12\\\/17\\\/nye-blogs-danmarks-aeldste-lokalavis-lukker-omdannes-til-blog\\\/#primaryimage\"},\"image\":{\"@id\":\"https:\\\/\\\/www.overskrift.dk\\\/blog\\\/2006\\\/12\\\/17\\\/nye-blogs-danmarks-aeldste-lokalavis-lukker-omdannes-til-blog\\\/#primaryimage\"},\"thumbnailUrl\":\"http:\\\/\\\/blog.overskrift.dk\\\/wp-content\\\/uploads\\\/2006\\\/12\\\/kajsavis-logo-small.jpg\",\"datePublished\":\"2006-12-17T14:23:05+00:00\",\"dateModified\":\"2017-04-19T06:35:51+00:00\",\"breadcrumb\":{\"@id\":\"https:\\\/\\\/www.overskrift.dk\\\/blog\\\/2006\\\/12\\\/17\\\/nye-blogs-danmarks-aeldste-lokalavis-lukker-omdannes-til-blog\\\/#breadcrumb\"},\"inLanguage\":\"da-DK\",\"potentialAction\":[{\"@type\":\"ReadAction\",\"target\":[\"https:\\\/\\\/www.overskrift.dk\\\/blog\\\/2006\\\/12\\\/17\\\/nye-blogs-danmarks-aeldste-lokalavis-lukker-omdannes-til-blog\\\/\"]}]},{\"@type\":\"ImageObject\",\"inLanguage\":\"da-DK\",\"@id\":\"https:\\\/\\\/www.overskrift.dk\\\/blog\\\/2006\\\/12\\\/17\\\/nye-blogs-danmarks-aeldste-lokalavis-lukker-omdannes-til-blog\\\/#primaryimage\",\"url\":\"http:\\\/\\\/blog.overskrift.dk\\\/wp-content\\\/uploads\\\/2006\\\/12\\\/kajsavis-logo-small.jpg\",\"contentUrl\":\"http:\\\/\\\/blog.overskrift.dk\\\/wp-content\\\/uploads\\\/2006\\\/12\\\/kajsavis-logo-small.jpg\"},{\"@type\":\"BreadcrumbList\",\"@id\":\"https:\\\/\\\/www.overskrift.dk\\\/blog\\\/2006\\\/12\\\/17\\\/nye-blogs-danmarks-aeldste-lokalavis-lukker-omdannes-til-blog\\\/#breadcrumb\",\"itemListElement\":[{\"@type\":\"ListItem\",\"position\":1,\"name\":\"Hjem\",\"item\":\"https:\\\/\\\/www.overskrift.dk\\\/blog\\\/\"},{\"@type\":\"ListItem\",\"position\":2,\"name\":\"Nye Blogs: Danmarks \u00e6ldste lokalavis lukker &#8211; omdannes til blog\"}]},{\"@type\":\"WebSite\",\"@id\":\"https:\\\/\\\/www.overskrift.dk\\\/blog\\\/#website\",\"url\":\"https:\\\/\\\/www.overskrift.dk\\\/blog\\\/\",\"name\":\"Overskrifts blog\",\"description\":\"Nyeste indl\u00e6g\",\"publisher\":{\"@id\":\"https:\\\/\\\/www.overskrift.dk\\\/blog\\\/#organization\"},\"potentialAction\":[{\"@type\":\"SearchAction\",\"target\":{\"@type\":\"EntryPoint\",\"urlTemplate\":\"https:\\\/\\\/www.overskrift.dk\\\/blog\\\/?s={search_term_string}\"},\"query-input\":{\"@type\":\"PropertyValueSpecification\",\"valueRequired\":true,\"valueName\":\"search_term_string\"}}],\"inLanguage\":\"da-DK\"},{\"@type\":\"Organization\",\"@id\":\"https:\\\/\\\/www.overskrift.dk\\\/blog\\\/#organization\",\"name\":\"Overskrift ApS\",\"url\":\"https:\\\/\\\/www.overskrift.dk\\\/blog\\\/\",\"logo\":{\"@type\":\"ImageObject\",\"inLanguage\":\"da-DK\",\"@id\":\"https:\\\/\\\/www.overskrift.dk\\\/blog\\\/#\\\/schema\\\/logo\\\/image\\\/\",\"url\":\"https:\\\/\\\/blog.overskrift.dk\\\/wp-content\\\/uploads\\\/Just-the-dots-1.png\",\"contentUrl\":\"https:\\\/\\\/blog.overskrift.dk\\\/wp-content\\\/uploads\\\/Just-the-dots-1.png\",\"width\":258,\"height\":257,\"caption\":\"Overskrift ApS\"},\"image\":{\"@id\":\"https:\\\/\\\/www.overskrift.dk\\\/blog\\\/#\\\/schema\\\/logo\\\/image\\\/\"},\"sameAs\":[\"https:\\\/\\\/www.facebook.com\\\/overskrift\",\"https:\\\/\\\/x.com\\\/overskrift\",\"https:\\\/\\\/www.instagram.com\\\/overskrift\\\/\",\"https:\\\/\\\/www.linkedin.com\\\/company\\\/10153434\"]},{\"@type\":\"Person\",\"@id\":\"https:\\\/\\\/www.overskrift.dk\\\/blog\\\/#\\\/schema\\\/person\\\/b78220010603ce4384fa7758a6eabaf3\",\"name\":\"Stefan B\u00f8gh-Andersen\",\"image\":{\"@type\":\"ImageObject\",\"inLanguage\":\"da-DK\",\"@id\":\"https:\\\/\\\/secure.gravatar.com\\\/avatar\\\/f7eee59b7b5aa69f61ce713b6f85ef24d2faef678f186072e924c71249c2d2d6?s=96&d=mm&r=g\",\"url\":\"https:\\\/\\\/secure.gravatar.com\\\/avatar\\\/f7eee59b7b5aa69f61ce713b6f85ef24d2faef678f186072e924c71249c2d2d6?s=96&d=mm&r=g\",\"contentUrl\":\"https:\\\/\\\/secure.gravatar.com\\\/avatar\\\/f7eee59b7b5aa69f61ce713b6f85ef24d2faef678f186072e924c71249c2d2d6?s=96&d=mm&r=g\",\"caption\":\"Stefan B\u00f8gh-Andersen\"},\"description\":\"Indl\u00e6gget er skrevet af Stefan, der er direkt\u00f8r i og stifter af Overskrift. Stefan er en skarp analytiker og har mange \u00e5rs erfaring med r\u00e5dgivning inden for sociale medier og nyhedssites.\",\"url\":\"https:\\\/\\\/www.overskrift.dk\\\/blog\\\/author\\\/stefan\\\/\"}]}<\/script>\n<!-- \/ Yoast SEO plugin. -->","yoast_head_json":{"title":"Nye Blogs: Danmarks \u00e6ldste lokalavis lukker - omdannes til blog - Overskrifts blog","robots":{"index":"index","follow":"follow","max-snippet":"max-snippet:-1","max-image-preview":"max-image-preview:large","max-video-preview":"max-video-preview:-1"},"canonical":"https:\/\/www.overskrift.dk\/blog\/2006\/12\/17\/nye-blogs-danmarks-aeldste-lokalavis-lukker-omdannes-til-blog\/","og_locale":"da_DK","og_type":"article","og_title":"Nye Blogs: Danmarks \u00e6ldste lokalavis lukker - omdannes til blog - Overskrifts blog","og_description":"Kajs Avis er kendt i V\u00e6rl\u00f8se &#038; omegn og har eksisteret i en menneskealder netop fordi det er Kaj selv som siden 1945(!) har udgivet den lille lokalavis.&hellip;","og_url":"https:\/\/www.overskrift.dk\/blog\/2006\/12\/17\/nye-blogs-danmarks-aeldste-lokalavis-lukker-omdannes-til-blog\/","og_site_name":"Overskrifts blog","article_publisher":"https:\/\/www.facebook.com\/overskrift","article_published_time":"2006-12-17T14:23:05+00:00","article_modified_time":"2017-04-19T06:35:51+00:00","og_image":[{"url":"http:\/\/blog.overskrift.dk\/wp-content\/uploads\/2006\/12\/kajsavis-logo-small.jpg","type":"","width":"","height":""}],"author":"Stefan B\u00f8gh-Andersen","twitter_card":"summary_large_image","twitter_creator":"@overskrift","twitter_site":"@overskrift","schema":{"@context":"https:\/\/schema.org","@graph":[{"@type":"Article","@id":"https:\/\/www.overskrift.dk\/blog\/2006\/12\/17\/nye-blogs-danmarks-aeldste-lokalavis-lukker-omdannes-til-blog\/#article","isPartOf":{"@id":"https:\/\/www.overskrift.dk\/blog\/2006\/12\/17\/nye-blogs-danmarks-aeldste-lokalavis-lukker-omdannes-til-blog\/"},"author":{"name":"Stefan B\u00f8gh-Andersen","@id":"https:\/\/www.overskrift.dk\/blog\/#\/schema\/person\/b78220010603ce4384fa7758a6eabaf3"},"headline":"Nye Blogs: Danmarks \u00e6ldste lokalavis lukker &#8211; omdannes til blog","datePublished":"2006-12-17T14:23:05+00:00","dateModified":"2017-04-19T06:35:51+00:00","mainEntityOfPage":{"@id":"https:\/\/www.overskrift.dk\/blog\/2006\/12\/17\/nye-blogs-danmarks-aeldste-lokalavis-lukker-omdannes-til-blog\/"},"wordCount":287,"commentCount":0,"publisher":{"@id":"https:\/\/www.overskrift.dk\/blog\/#organization"},"image":{"@id":"https:\/\/www.overskrift.dk\/blog\/2006\/12\/17\/nye-blogs-danmarks-aeldste-lokalavis-lukker-omdannes-til-blog\/#primaryimage"},"thumbnailUrl":"http:\/\/blog.overskrift.dk\/wp-content\/uploads\/2006\/12\/kajsavis-logo-small.jpg","keywords":["Blogs","Kommune","Medier","Nye blogs"],"articleSection":["Trends"],"inLanguage":"da-DK","potentialAction":[{"@type":"CommentAction","name":"Comment","target":["https:\/\/www.overskrift.dk\/blog\/2006\/12\/17\/nye-blogs-danmarks-aeldste-lokalavis-lukker-omdannes-til-blog\/#respond"]}]},{"@type":"WebPage","@id":"https:\/\/www.overskrift.dk\/blog\/2006\/12\/17\/nye-blogs-danmarks-aeldste-lokalavis-lukker-omdannes-til-blog\/","url":"https:\/\/www.overskrift.dk\/blog\/2006\/12\/17\/nye-blogs-danmarks-aeldste-lokalavis-lukker-omdannes-til-blog\/","name":"Nye Blogs: Danmarks \u00e6ldste lokalavis lukker - omdannes til blog - Overskrifts blog","isPartOf":{"@id":"https:\/\/www.overskrift.dk\/blog\/#website"},"primaryImageOfPage":{"@id":"https:\/\/www.overskrift.dk\/blog\/2006\/12\/17\/nye-blogs-danmarks-aeldste-lokalavis-lukker-omdannes-til-blog\/#primaryimage"},"image":{"@id":"https:\/\/www.overskrift.dk\/blog\/2006\/12\/17\/nye-blogs-danmarks-aeldste-lokalavis-lukker-omdannes-til-blog\/#primaryimage"},"thumbnailUrl":"http:\/\/blog.overskrift.dk\/wp-content\/uploads\/2006\/12\/kajsavis-logo-small.jpg","datePublished":"2006-12-17T14:23:05+00:00","dateModified":"2017-04-19T06:35:51+00:00","breadcrumb":{"@id":"https:\/\/www.overskrift.dk\/blog\/2006\/12\/17\/nye-blogs-danmarks-aeldste-lokalavis-lukker-omdannes-til-blog\/#breadcrumb"},"inLanguage":"da-DK","potentialAction":[{"@type":"ReadAction","target":["https:\/\/www.overskrift.dk\/blog\/2006\/12\/17\/nye-blogs-danmarks-aeldste-lokalavis-lukker-omdannes-til-blog\/"]}]},{"@type":"ImageObject","inLanguage":"da-DK","@id":"https:\/\/www.overskrift.dk\/blog\/2006\/12\/17\/nye-blogs-danmarks-aeldste-lokalavis-lukker-omdannes-til-blog\/#primaryimage","url":"http:\/\/blog.overskrift.dk\/wp-content\/uploads\/2006\/12\/kajsavis-logo-small.jpg","contentUrl":"http:\/\/blog.overskrift.dk\/wp-content\/uploads\/2006\/12\/kajsavis-logo-small.jpg"},{"@type":"BreadcrumbList","@id":"https:\/\/www.overskrift.dk\/blog\/2006\/12\/17\/nye-blogs-danmarks-aeldste-lokalavis-lukker-omdannes-til-blog\/#breadcrumb","itemListElement":[{"@type":"ListItem","position":1,"name":"Hjem","item":"https:\/\/www.overskrift.dk\/blog\/"},{"@type":"ListItem","position":2,"name":"Nye Blogs: Danmarks \u00e6ldste lokalavis lukker &#8211; omdannes til blog"}]},{"@type":"WebSite","@id":"https:\/\/www.overskrift.dk\/blog\/#website","url":"https:\/\/www.overskrift.dk\/blog\/","name":"Overskrifts blog","description":"Nyeste indl\u00e6g","publisher":{"@id":"https:\/\/www.overskrift.dk\/blog\/#organization"},"potentialAction":[{"@type":"SearchAction","target":{"@type":"EntryPoint","urlTemplate":"https:\/\/www.overskrift.dk\/blog\/?s={search_term_string}"},"query-input":{"@type":"PropertyValueSpecification","valueRequired":true,"valueName":"search_term_string"}}],"inLanguage":"da-DK"},{"@type":"Organization","@id":"https:\/\/www.overskrift.dk\/blog\/#organization","name":"Overskrift ApS","url":"https:\/\/www.overskrift.dk\/blog\/","logo":{"@type":"ImageObject","inLanguage":"da-DK","@id":"https:\/\/www.overskrift.dk\/blog\/#\/schema\/logo\/image\/","url":"https:\/\/blog.overskrift.dk\/wp-content\/uploads\/Just-the-dots-1.png","contentUrl":"https:\/\/blog.overskrift.dk\/wp-content\/uploads\/Just-the-dots-1.png","width":258,"height":257,"caption":"Overskrift ApS"},"image":{"@id":"https:\/\/www.overskrift.dk\/blog\/#\/schema\/logo\/image\/"},"sameAs":["https:\/\/www.facebook.com\/overskrift","https:\/\/x.com\/overskrift","https:\/\/www.instagram.com\/overskrift\/","https:\/\/www.linkedin.com\/company\/10153434"]},{"@type":"Person","@id":"https:\/\/www.overskrift.dk\/blog\/#\/schema\/person\/b78220010603ce4384fa7758a6eabaf3","name":"Stefan B\u00f8gh-Andersen","image":{"@type":"ImageObject","inLanguage":"da-DK","@id":"https:\/\/secure.gravatar.com\/avatar\/f7eee59b7b5aa69f61ce713b6f85ef24d2faef678f186072e924c71249c2d2d6?s=96&d=mm&r=g","url":"https:\/\/secure.gravatar.com\/avatar\/f7eee59b7b5aa69f61ce713b6f85ef24d2faef678f186072e924c71249c2d2d6?s=96&d=mm&r=g","contentUrl":"https:\/\/secure.gravatar.com\/avatar\/f7eee59b7b5aa69f61ce713b6f85ef24d2faef678f186072e924c71249c2d2d6?s=96&d=mm&r=g","caption":"Stefan B\u00f8gh-Andersen"},"description":"Indl\u00e6gget er skrevet af Stefan, der er direkt\u00f8r i og stifter af Overskrift. Stefan er en skarp analytiker og har mange \u00e5rs erfaring med r\u00e5dgivning inden for sociale medier og nyhedssites.","url":"https:\/\/www.overskrift.dk\/blog\/author\/stefan\/"}]}},"_links":{"self":[{"href":"https:\/\/www.overskrift.dk\/blog\/wp-json\/wp\/v2\/posts\/162","targetHints":{"allow":["GET"]}}],"collection":[{"href":"https:\/\/www.overskrift.dk\/blog\/wp-json\/wp\/v2\/posts"}],"about":[{"href":"https:\/\/www.overskrift.dk\/blog\/wp-json\/wp\/v2\/types\/post"}],"author":[{"embeddable":true,"href":"https:\/\/www.overskrift.dk\/blog\/wp-json\/wp\/v2\/users\/4"}],"replies":[{"embeddable":true,"href":"https:\/\/www.overskrift.dk\/blog\/wp-json\/wp\/v2\/comments?post=162"}],"version-history":[{"count":1,"href":"https:\/\/www.overskrift.dk\/blog\/wp-json\/wp\/v2\/posts\/162\/revisions"}],"predecessor-version":[{"id":7121,"href":"https:\/\/www.overskrift.dk\/blog\/wp-json\/wp\/v2\/posts\/162\/revisions\/7121"}],"wp:attachment":[{"href":"https:\/\/www.overskrift.dk\/blog\/wp-json\/wp\/v2\/media?parent=162"}],"wp:term":[{"taxonomy":"category","embeddable":true,"href":"https:\/\/www.overskrift.dk\/blog\/wp-json\/wp\/v2\/categories?post=162"},{"taxonomy":"post_tag","embeddable":true,"href":"https:\/\/www.overskrift.dk\/blog\/wp-json\/wp\/v2\/tags?post=162"}],"curies":[{"name":"wp","href":"https:\/\/api.w.org\/{rel}","templated":true}]}}