{"id":169,"date":"2006-12-21T07:59:41","date_gmt":"2006-12-21T06:59:41","guid":{"rendered":"http:\/\/blog.overskrift.dk\/2006\/12\/21\/journalisten-samler-op-pa-2006\/"},"modified":"2006-12-21T07:59:41","modified_gmt":"2006-12-21T06:59:41","slug":"journalisten-samler-op-pa-2006","status":"publish","type":"post","link":"https:\/\/www.overskrift.dk\/blog\/2006\/12\/21\/journalisten-samler-op-pa-2006\/","title":{"rendered":"Journalisten samler op p\u00e5 2006"},"content":{"rendered":"<p><a title=\"Til www.journalisten.dk\" href=\"http:\/\/www.journalisten.dk\/\"><img loading=\"lazy\" decoding=\"async\" width=\"67\" height=\"96\" align=\"left\" id=\"image170\" alt=\"Forside Journalisten 20. december\" src=\"http:\/\/blog.overskrift.dk\/wp-content\/uploads\/2006\/12\/journalistforside.thumbnail.jpg\" \/><\/a>Dansk Journalistforbund&#8217;s trykte organ, <a title=\"Journalisten's website\" href=\"http:\/\/www.journalisten.dk\/\">Jounalisten<\/a>, eftersp\u00f8rger <a href=\"http:\/\/www.journalisten.dk\/sw7479.asp\">2006-highlights<\/a> i presselandskabet. Heriblandt er nu ogs\u00e5 at finde &#8220;\u00c5rets blog&#8221;, hvor udenlandske aviser&#8217;s blogs og dansk TV2&#8217;s blogs n\u00e6vnes i rosende vendinger.<br \/>\nVi er selv ved at revne af stolthed, n\u00e5r Kommunikationschef i DSB, Anna Vinding, peger p\u00e5 <a title=\"Overskrift.dk startside\" href=\"http:\/\/www.overskrift.dk\/\">Overskrift.dk<\/a> som \u00e5rets mediehjemmeside.<\/p>\n","protected":false},"excerpt":{"rendered":"<p>Dansk Journalistforbund&#8217;s trykte organ, Jounalisten, eftersp\u00f8rger 2006-highlights i presselandskabet. Heriblandt er nu ogs\u00e5 at finde &#8220;\u00c5rets blog&#8221;, hvor udenlandske aviser&#8217;s blogs og dansk TV2&#8217;s blogs n\u00e6vnes i rosende&hellip;<\/p>\n","protected":false},"author":3,"featured_media":0,"comment_status":"open","ping_status":"open","sticky":false,"template":"","format":"standard","meta":{"cybocfi_hide_featured_image":"","footnotes":""},"categories":[305],"tags":[],"class_list":["post-169","post","type-post","status-publish","format-standard","hentry","category-trends"],"yoast_head":"<!-- This site is optimized with the Yoast SEO plugin v27.5 - https:\/\/yoast.com\/product\/yoast-seo-wordpress\/ -->\n<title>Journalisten samler op p\u00e5 2006 - Overskrifts blog<\/title>\n<meta name=\"robots\" content=\"index, follow, max-snippet:-1, max-image-preview:large, max-video-preview:-1\" \/>\n<link rel=\"canonical\" href=\"https:\/\/www.overskrift.dk\/blog\/2006\/12\/21\/journalisten-samler-op-pa-2006\/\" \/>\n<meta property=\"og:locale\" content=\"da_DK\" \/>\n<meta property=\"og:type\" content=\"article\" \/>\n<meta property=\"og:title\" content=\"Journalisten samler op p\u00e5 2006 - Overskrifts blog\" \/>\n<meta property=\"og:description\" content=\"Dansk Journalistforbund&#8217;s trykte organ, Jounalisten, eftersp\u00f8rger 2006-highlights i presselandskabet. Heriblandt er nu ogs\u00e5 at finde &#8220;\u00c5rets blog&#8221;, hvor udenlandske aviser&#8217;s blogs og dansk TV2&#8217;s blogs n\u00e6vnes i rosende&hellip;\" \/>\n<meta property=\"og:url\" content=\"https:\/\/www.overskrift.dk\/blog\/2006\/12\/21\/journalisten-samler-op-pa-2006\/\" \/>\n<meta property=\"og:site_name\" content=\"Overskrifts blog\" \/>\n<meta property=\"article:publisher\" content=\"https:\/\/www.facebook.com\/overskrift\" \/>\n<meta property=\"article:published_time\" content=\"2006-12-21T06:59:41+00:00\" \/>\n<meta property=\"og:image\" content=\"http:\/\/blog.overskrift.dk\/wp-content\/uploads\/2006\/12\/journalistforside.thumbnail.jpg\" \/>\n<meta name=\"author\" content=\"Jens Ulrik Lange\" \/>\n<meta name=\"twitter:card\" content=\"summary_large_image\" \/>\n<meta name=\"twitter:creator\" content=\"@overskrift\" \/>\n<meta name=\"twitter:site\" content=\"@overskrift\" \/>\n<script type=\"application\/ld+json\" class=\"yoast-schema-graph\">{\"@context\":\"https:\\\/\\\/schema.org\",\"@graph\":[{\"@type\":\"Article\",\"@id\":\"https:\\\/\\\/www.overskrift.dk\\\/blog\\\/2006\\\/12\\\/21\\\/journalisten-samler-op-pa-2006\\\/#article\",\"isPartOf\":{\"@id\":\"https:\\\/\\\/www.overskrift.dk\\\/blog\\\/2006\\\/12\\\/21\\\/journalisten-samler-op-pa-2006\\\/\"},\"author\":{\"name\":\"Jens Ulrik Lange\",\"@id\":\"https:\\\/\\\/www.overskrift.dk\\\/blog\\\/#\\\/schema\\\/person\\\/1449d47db62f154477ce2c34c1d5c3bb\"},\"headline\":\"Journalisten samler op p\u00e5 2006\",\"datePublished\":\"2006-12-21T06:59:41+00:00\",\"mainEntityOfPage\":{\"@id\":\"https:\\\/\\\/www.overskrift.dk\\\/blog\\\/2006\\\/12\\\/21\\\/journalisten-samler-op-pa-2006\\\/\"},\"wordCount\":58,\"commentCount\":1,\"publisher\":{\"@id\":\"https:\\\/\\\/www.overskrift.dk\\\/blog\\\/#organization\"},\"image\":{\"@id\":\"https:\\\/\\\/www.overskrift.dk\\\/blog\\\/2006\\\/12\\\/21\\\/journalisten-samler-op-pa-2006\\\/#primaryimage\"},\"thumbnailUrl\":\"http:\\\/\\\/blog.overskrift.dk\\\/wp-content\\\/uploads\\\/2006\\\/12\\\/journalistforside.thumbnail.jpg\",\"articleSection\":[\"Trends\"],\"inLanguage\":\"da-DK\",\"potentialAction\":[{\"@type\":\"CommentAction\",\"name\":\"Comment\",\"target\":[\"https:\\\/\\\/www.overskrift.dk\\\/blog\\\/2006\\\/12\\\/21\\\/journalisten-samler-op-pa-2006\\\/#respond\"]}]},{\"@type\":\"WebPage\",\"@id\":\"https:\\\/\\\/www.overskrift.dk\\\/blog\\\/2006\\\/12\\\/21\\\/journalisten-samler-op-pa-2006\\\/\",\"url\":\"https:\\\/\\\/www.overskrift.dk\\\/blog\\\/2006\\\/12\\\/21\\\/journalisten-samler-op-pa-2006\\\/\",\"name\":\"Journalisten samler op p\u00e5 2006 - Overskrifts blog\",\"isPartOf\":{\"@id\":\"https:\\\/\\\/www.overskrift.dk\\\/blog\\\/#website\"},\"primaryImageOfPage\":{\"@id\":\"https:\\\/\\\/www.overskrift.dk\\\/blog\\\/2006\\\/12\\\/21\\\/journalisten-samler-op-pa-2006\\\/#primaryimage\"},\"image\":{\"@id\":\"https:\\\/\\\/www.overskrift.dk\\\/blog\\\/2006\\\/12\\\/21\\\/journalisten-samler-op-pa-2006\\\/#primaryimage\"},\"thumbnailUrl\":\"http:\\\/\\\/blog.overskrift.dk\\\/wp-content\\\/uploads\\\/2006\\\/12\\\/journalistforside.thumbnail.jpg\",\"datePublished\":\"2006-12-21T06:59:41+00:00\",\"breadcrumb\":{\"@id\":\"https:\\\/\\\/www.overskrift.dk\\\/blog\\\/2006\\\/12\\\/21\\\/journalisten-samler-op-pa-2006\\\/#breadcrumb\"},\"inLanguage\":\"da-DK\",\"potentialAction\":[{\"@type\":\"ReadAction\",\"target\":[\"https:\\\/\\\/www.overskrift.dk\\\/blog\\\/2006\\\/12\\\/21\\\/journalisten-samler-op-pa-2006\\\/\"]}]},{\"@type\":\"ImageObject\",\"inLanguage\":\"da-DK\",\"@id\":\"https:\\\/\\\/www.overskrift.dk\\\/blog\\\/2006\\\/12\\\/21\\\/journalisten-samler-op-pa-2006\\\/#primaryimage\",\"url\":\"http:\\\/\\\/blog.overskrift.dk\\\/wp-content\\\/uploads\\\/2006\\\/12\\\/journalistforside.thumbnail.jpg\",\"contentUrl\":\"http:\\\/\\\/blog.overskrift.dk\\\/wp-content\\\/uploads\\\/2006\\\/12\\\/journalistforside.thumbnail.jpg\"},{\"@type\":\"BreadcrumbList\",\"@id\":\"https:\\\/\\\/www.overskrift.dk\\\/blog\\\/2006\\\/12\\\/21\\\/journalisten-samler-op-pa-2006\\\/#breadcrumb\",\"itemListElement\":[{\"@type\":\"ListItem\",\"position\":1,\"name\":\"Hjem\",\"item\":\"https:\\\/\\\/www.overskrift.dk\\\/blog\\\/\"},{\"@type\":\"ListItem\",\"position\":2,\"name\":\"Journalisten samler op p\u00e5 2006\"}]},{\"@type\":\"WebSite\",\"@id\":\"https:\\\/\\\/www.overskrift.dk\\\/blog\\\/#website\",\"url\":\"https:\\\/\\\/www.overskrift.dk\\\/blog\\\/\",\"name\":\"Overskrifts blog\",\"description\":\"Nyeste indl\u00e6g\",\"publisher\":{\"@id\":\"https:\\\/\\\/www.overskrift.dk\\\/blog\\\/#organization\"},\"potentialAction\":[{\"@type\":\"SearchAction\",\"target\":{\"@type\":\"EntryPoint\",\"urlTemplate\":\"https:\\\/\\\/www.overskrift.dk\\\/blog\\\/?s={search_term_string}\"},\"query-input\":{\"@type\":\"PropertyValueSpecification\",\"valueRequired\":true,\"valueName\":\"search_term_string\"}}],\"inLanguage\":\"da-DK\"},{\"@type\":\"Organization\",\"@id\":\"https:\\\/\\\/www.overskrift.dk\\\/blog\\\/#organization\",\"name\":\"Overskrift ApS\",\"url\":\"https:\\\/\\\/www.overskrift.dk\\\/blog\\\/\",\"logo\":{\"@type\":\"ImageObject\",\"inLanguage\":\"da-DK\",\"@id\":\"https:\\\/\\\/www.overskrift.dk\\\/blog\\\/#\\\/schema\\\/logo\\\/image\\\/\",\"url\":\"https:\\\/\\\/blog.overskrift.dk\\\/wp-content\\\/uploads\\\/Just-the-dots-1.png\",\"contentUrl\":\"https:\\\/\\\/blog.overskrift.dk\\\/wp-content\\\/uploads\\\/Just-the-dots-1.png\",\"width\":258,\"height\":257,\"caption\":\"Overskrift ApS\"},\"image\":{\"@id\":\"https:\\\/\\\/www.overskrift.dk\\\/blog\\\/#\\\/schema\\\/logo\\\/image\\\/\"},\"sameAs\":[\"https:\\\/\\\/www.facebook.com\\\/overskrift\",\"https:\\\/\\\/x.com\\\/overskrift\",\"https:\\\/\\\/www.instagram.com\\\/overskrift\\\/\",\"https:\\\/\\\/www.linkedin.com\\\/company\\\/10153434\"]},{\"@type\":\"Person\",\"@id\":\"https:\\\/\\\/www.overskrift.dk\\\/blog\\\/#\\\/schema\\\/person\\\/1449d47db62f154477ce2c34c1d5c3bb\",\"name\":\"Jens Ulrik Lange\",\"image\":{\"@type\":\"ImageObject\",\"inLanguage\":\"da-DK\",\"@id\":\"https:\\\/\\\/secure.gravatar.com\\\/avatar\\\/0778d0f6cfc4178a9d475d9967c3768465659d56f5ddc4a69dc147b6520d9f8c?s=96&d=mm&r=g\",\"url\":\"https:\\\/\\\/secure.gravatar.com\\\/avatar\\\/0778d0f6cfc4178a9d475d9967c3768465659d56f5ddc4a69dc147b6520d9f8c?s=96&d=mm&r=g\",\"contentUrl\":\"https:\\\/\\\/secure.gravatar.com\\\/avatar\\\/0778d0f6cfc4178a9d475d9967c3768465659d56f5ddc4a69dc147b6520d9f8c?s=96&d=mm&r=g\",\"caption\":\"Jens Ulrik Lange\"},\"url\":\"https:\\\/\\\/www.overskrift.dk\\\/blog\\\/author\\\/jens-u\\\/\"}]}<\/script>\n<!-- \/ Yoast SEO plugin. -->","yoast_head_json":{"title":"Journalisten samler op p\u00e5 2006 - Overskrifts blog","robots":{"index":"index","follow":"follow","max-snippet":"max-snippet:-1","max-image-preview":"max-image-preview:large","max-video-preview":"max-video-preview:-1"},"canonical":"https:\/\/www.overskrift.dk\/blog\/2006\/12\/21\/journalisten-samler-op-pa-2006\/","og_locale":"da_DK","og_type":"article","og_title":"Journalisten samler op p\u00e5 2006 - Overskrifts blog","og_description":"Dansk Journalistforbund&#8217;s trykte organ, Jounalisten, eftersp\u00f8rger 2006-highlights i presselandskabet. Heriblandt er nu ogs\u00e5 at finde &#8220;\u00c5rets blog&#8221;, hvor udenlandske aviser&#8217;s blogs og dansk TV2&#8217;s blogs n\u00e6vnes i rosende&hellip;","og_url":"https:\/\/www.overskrift.dk\/blog\/2006\/12\/21\/journalisten-samler-op-pa-2006\/","og_site_name":"Overskrifts blog","article_publisher":"https:\/\/www.facebook.com\/overskrift","article_published_time":"2006-12-21T06:59:41+00:00","og_image":[{"url":"http:\/\/blog.overskrift.dk\/wp-content\/uploads\/2006\/12\/journalistforside.thumbnail.jpg","type":"","width":"","height":""}],"author":"Jens Ulrik Lange","twitter_card":"summary_large_image","twitter_creator":"@overskrift","twitter_site":"@overskrift","schema":{"@context":"https:\/\/schema.org","@graph":[{"@type":"Article","@id":"https:\/\/www.overskrift.dk\/blog\/2006\/12\/21\/journalisten-samler-op-pa-2006\/#article","isPartOf":{"@id":"https:\/\/www.overskrift.dk\/blog\/2006\/12\/21\/journalisten-samler-op-pa-2006\/"},"author":{"name":"Jens Ulrik Lange","@id":"https:\/\/www.overskrift.dk\/blog\/#\/schema\/person\/1449d47db62f154477ce2c34c1d5c3bb"},"headline":"Journalisten samler op p\u00e5 2006","datePublished":"2006-12-21T06:59:41+00:00","mainEntityOfPage":{"@id":"https:\/\/www.overskrift.dk\/blog\/2006\/12\/21\/journalisten-samler-op-pa-2006\/"},"wordCount":58,"commentCount":1,"publisher":{"@id":"https:\/\/www.overskrift.dk\/blog\/#organization"},"image":{"@id":"https:\/\/www.overskrift.dk\/blog\/2006\/12\/21\/journalisten-samler-op-pa-2006\/#primaryimage"},"thumbnailUrl":"http:\/\/blog.overskrift.dk\/wp-content\/uploads\/2006\/12\/journalistforside.thumbnail.jpg","articleSection":["Trends"],"inLanguage":"da-DK","potentialAction":[{"@type":"CommentAction","name":"Comment","target":["https:\/\/www.overskrift.dk\/blog\/2006\/12\/21\/journalisten-samler-op-pa-2006\/#respond"]}]},{"@type":"WebPage","@id":"https:\/\/www.overskrift.dk\/blog\/2006\/12\/21\/journalisten-samler-op-pa-2006\/","url":"https:\/\/www.overskrift.dk\/blog\/2006\/12\/21\/journalisten-samler-op-pa-2006\/","name":"Journalisten samler op p\u00e5 2006 - Overskrifts blog","isPartOf":{"@id":"https:\/\/www.overskrift.dk\/blog\/#website"},"primaryImageOfPage":{"@id":"https:\/\/www.overskrift.dk\/blog\/2006\/12\/21\/journalisten-samler-op-pa-2006\/#primaryimage"},"image":{"@id":"https:\/\/www.overskrift.dk\/blog\/2006\/12\/21\/journalisten-samler-op-pa-2006\/#primaryimage"},"thumbnailUrl":"http:\/\/blog.overskrift.dk\/wp-content\/uploads\/2006\/12\/journalistforside.thumbnail.jpg","datePublished":"2006-12-21T06:59:41+00:00","breadcrumb":{"@id":"https:\/\/www.overskrift.dk\/blog\/2006\/12\/21\/journalisten-samler-op-pa-2006\/#breadcrumb"},"inLanguage":"da-DK","potentialAction":[{"@type":"ReadAction","target":["https:\/\/www.overskrift.dk\/blog\/2006\/12\/21\/journalisten-samler-op-pa-2006\/"]}]},{"@type":"ImageObject","inLanguage":"da-DK","@id":"https:\/\/www.overskrift.dk\/blog\/2006\/12\/21\/journalisten-samler-op-pa-2006\/#primaryimage","url":"http:\/\/blog.overskrift.dk\/wp-content\/uploads\/2006\/12\/journalistforside.thumbnail.jpg","contentUrl":"http:\/\/blog.overskrift.dk\/wp-content\/uploads\/2006\/12\/journalistforside.thumbnail.jpg"},{"@type":"BreadcrumbList","@id":"https:\/\/www.overskrift.dk\/blog\/2006\/12\/21\/journalisten-samler-op-pa-2006\/#breadcrumb","itemListElement":[{"@type":"ListItem","position":1,"name":"Hjem","item":"https:\/\/www.overskrift.dk\/blog\/"},{"@type":"ListItem","position":2,"name":"Journalisten samler op p\u00e5 2006"}]},{"@type":"WebSite","@id":"https:\/\/www.overskrift.dk\/blog\/#website","url":"https:\/\/www.overskrift.dk\/blog\/","name":"Overskrifts blog","description":"Nyeste indl\u00e6g","publisher":{"@id":"https:\/\/www.overskrift.dk\/blog\/#organization"},"potentialAction":[{"@type":"SearchAction","target":{"@type":"EntryPoint","urlTemplate":"https:\/\/www.overskrift.dk\/blog\/?s={search_term_string}"},"query-input":{"@type":"PropertyValueSpecification","valueRequired":true,"valueName":"search_term_string"}}],"inLanguage":"da-DK"},{"@type":"Organization","@id":"https:\/\/www.overskrift.dk\/blog\/#organization","name":"Overskrift ApS","url":"https:\/\/www.overskrift.dk\/blog\/","logo":{"@type":"ImageObject","inLanguage":"da-DK","@id":"https:\/\/www.overskrift.dk\/blog\/#\/schema\/logo\/image\/","url":"https:\/\/blog.overskrift.dk\/wp-content\/uploads\/Just-the-dots-1.png","contentUrl":"https:\/\/blog.overskrift.dk\/wp-content\/uploads\/Just-the-dots-1.png","width":258,"height":257,"caption":"Overskrift ApS"},"image":{"@id":"https:\/\/www.overskrift.dk\/blog\/#\/schema\/logo\/image\/"},"sameAs":["https:\/\/www.facebook.com\/overskrift","https:\/\/x.com\/overskrift","https:\/\/www.instagram.com\/overskrift\/","https:\/\/www.linkedin.com\/company\/10153434"]},{"@type":"Person","@id":"https:\/\/www.overskrift.dk\/blog\/#\/schema\/person\/1449d47db62f154477ce2c34c1d5c3bb","name":"Jens Ulrik Lange","image":{"@type":"ImageObject","inLanguage":"da-DK","@id":"https:\/\/secure.gravatar.com\/avatar\/0778d0f6cfc4178a9d475d9967c3768465659d56f5ddc4a69dc147b6520d9f8c?s=96&d=mm&r=g","url":"https:\/\/secure.gravatar.com\/avatar\/0778d0f6cfc4178a9d475d9967c3768465659d56f5ddc4a69dc147b6520d9f8c?s=96&d=mm&r=g","contentUrl":"https:\/\/secure.gravatar.com\/avatar\/0778d0f6cfc4178a9d475d9967c3768465659d56f5ddc4a69dc147b6520d9f8c?s=96&d=mm&r=g","caption":"Jens Ulrik Lange"},"url":"https:\/\/www.overskrift.dk\/blog\/author\/jens-u\/"}]}},"_links":{"self":[{"href":"https:\/\/www.overskrift.dk\/blog\/wp-json\/wp\/v2\/posts\/169","targetHints":{"allow":["GET"]}}],"collection":[{"href":"https:\/\/www.overskrift.dk\/blog\/wp-json\/wp\/v2\/posts"}],"about":[{"href":"https:\/\/www.overskrift.dk\/blog\/wp-json\/wp\/v2\/types\/post"}],"author":[{"embeddable":true,"href":"https:\/\/www.overskrift.dk\/blog\/wp-json\/wp\/v2\/users\/3"}],"replies":[{"embeddable":true,"href":"https:\/\/www.overskrift.dk\/blog\/wp-json\/wp\/v2\/comments?post=169"}],"version-history":[{"count":0,"href":"https:\/\/www.overskrift.dk\/blog\/wp-json\/wp\/v2\/posts\/169\/revisions"}],"wp:attachment":[{"href":"https:\/\/www.overskrift.dk\/blog\/wp-json\/wp\/v2\/media?parent=169"}],"wp:term":[{"taxonomy":"category","embeddable":true,"href":"https:\/\/www.overskrift.dk\/blog\/wp-json\/wp\/v2\/categories?post=169"},{"taxonomy":"post_tag","embeddable":true,"href":"https:\/\/www.overskrift.dk\/blog\/wp-json\/wp\/v2\/tags?post=169"}],"curies":[{"name":"wp","href":"https:\/\/api.w.org\/{rel}","templated":true}]}}