{"id":173,"date":"2006-12-21T12:01:34","date_gmt":"2006-12-21T11:01:34","guid":{"rendered":"http:\/\/blog.overskrift.dk\/2006\/12\/21\/undervisningsminister-bertel-haarder-begynder-at-blogge\/"},"modified":"2017-04-19T08:35:36","modified_gmt":"2017-04-19T06:35:36","slug":"undervisningsminister-bertel-haarder-begynder-at-blogge","status":"publish","type":"post","link":"https:\/\/www.overskrift.dk\/blog\/2006\/12\/21\/undervisningsminister-bertel-haarder-begynder-at-blogge\/","title":{"rendered":"Undervisningsminister Bertel Haarder begynder at blogge"},"content":{"rendered":"<p><em><strong>Update<\/strong><\/em>:\u00a0 Undervisningsministerens blog blev\u00a0 kort efter flyttet til <a href=\"http:\/\/www.uvm.dk\/blog\">ny web-adresse p\u00e5 UVM<\/a>, som <a href=\"http:\/\/blog.overskrift.dk\/2007\/01\/18\/bertel-haarder-prover-bloggen-igen\/\">beskrevet her p\u00e5 bloggen<\/a> i januar 2007.<\/p>\n<p>&#8230;..<\/p>\n<a href=\"http:\/\/bertel.blogbar.dk\/\"><img decoding=\"async\" align=\"right\" alt=\"Bertels Blog\" id=\"image177\" title=\"Bertels Blog\" src=\"http:\/\/blog.overskrift.dk\/wp-content\/uploads\/2006\/12\/BertelsBlog.thumbnail.png\" \/><\/a>\n<p><a href=\"http:\/\/bertel.blogbar.dk\/\">Undervisningsminister Bertel Haarder<\/a> har netop i dag \u00e5bnet  sin weblog, <a title=\"Bertels blog\" href=\"http:\/\/bertel.blogbar.dk\/\">Bertels blog<\/a>, ovre p\u00e5 <a title=\"blogbar.dk\" href=\"http:\/\/blogbar.dk\/\">blogbar.dk<\/a>.<\/p>\n<p>Det er i f\u00f8rste omgang den nye karakterskala som undervisningsministeren blogger om.<\/p>\n<p>Der har jo v\u00e6ret en del kritik af karakterskalaen &#8211; ja, m\u00e5ske ikke selve skalaen, men mere om hvorledes den skal anvendes, hvordan b\u00f8r man konveretere de gamle karakterer fra 13-skalaen til den nye? Er et 7-tal nu det nye 8-tal? (white is the new black?) etc.<br \/>\nDer er alts\u00e5 snarere et behov for kommunikation, og her synes jeg det da er sp\u00e6ndende at udover de s\u00e6dvanlige <a title=\"Ny karakterskala hos UVM\" href=\"http:\/\/www.uvm.dk\/nyskala\/index.htm?menuid=15\">hjemmeside-tiltag for den slags<\/a>, har undervisningsministeren ogs\u00e5 nu set mulighederne i blog-mediet for at kommunikere ikke bare <em>til<\/em>, men <em>med <\/em>borgerne.<\/p>\n<p>Skal blive sp\u00e6ndende om Bertel Haarder tager udfordringen op, og om der kan komme en reel dialog (ud over &#8220;.. der er ikke noget at komme efter&#8221;).<\/p>\n","protected":false},"excerpt":{"rendered":"<p>Update:\u00a0 Undervisningsministerens blog blev\u00a0 kort efter flyttet til ny web-adresse p\u00e5 UVM, som beskrevet her p\u00e5 bloggen i januar 2007. &#8230;.. Undervisningsminister Bertel Haarder har netop i dag&hellip;<\/p>\n","protected":false},"author":4,"featured_media":0,"comment_status":"open","ping_status":"open","sticky":false,"template":"","format":"standard","meta":{"cybocfi_hide_featured_image":"","footnotes":""},"categories":[305],"tags":[307,339,321,355],"class_list":["post-173","post","type-post","status-publish","format-standard","hentry","category-trends","tag-blogs","tag-breaking-news","tag-nye-blogs","tag-politik"],"yoast_head":"<!-- This site is optimized with the Yoast SEO plugin v27.5 - https:\/\/yoast.com\/product\/yoast-seo-wordpress\/ -->\n<title>Undervisningsminister Bertel Haarder begynder at blogge - Overskrifts blog<\/title>\n<meta name=\"robots\" content=\"index, follow, max-snippet:-1, max-image-preview:large, max-video-preview:-1\" \/>\n<link rel=\"canonical\" href=\"https:\/\/www.overskrift.dk\/blog\/2006\/12\/21\/undervisningsminister-bertel-haarder-begynder-at-blogge\/\" \/>\n<meta property=\"og:locale\" content=\"da_DK\" \/>\n<meta property=\"og:type\" content=\"article\" \/>\n<meta property=\"og:title\" content=\"Undervisningsminister Bertel Haarder begynder at blogge - Overskrifts blog\" \/>\n<meta property=\"og:description\" content=\"Update:\u00a0 Undervisningsministerens blog blev\u00a0 kort efter flyttet til ny web-adresse p\u00e5 UVM, som beskrevet her p\u00e5 bloggen i januar 2007. &#8230;.. Undervisningsminister Bertel Haarder har netop i dag&hellip;\" \/>\n<meta property=\"og:url\" content=\"https:\/\/www.overskrift.dk\/blog\/2006\/12\/21\/undervisningsminister-bertel-haarder-begynder-at-blogge\/\" \/>\n<meta property=\"og:site_name\" content=\"Overskrifts blog\" \/>\n<meta property=\"article:publisher\" content=\"https:\/\/www.facebook.com\/overskrift\" \/>\n<meta property=\"article:published_time\" content=\"2006-12-21T11:01:34+00:00\" \/>\n<meta property=\"article:modified_time\" content=\"2017-04-19T06:35:36+00:00\" \/>\n<meta property=\"og:image\" content=\"http:\/\/blog.overskrift.dk\/wp-content\/uploads\/2006\/12\/BertelsBlog.thumbnail.png\" \/>\n<meta name=\"author\" content=\"Stefan B\u00f8gh-Andersen\" \/>\n<meta name=\"twitter:card\" content=\"summary_large_image\" \/>\n<meta name=\"twitter:creator\" content=\"@overskrift\" \/>\n<meta name=\"twitter:site\" content=\"@overskrift\" \/>\n<script type=\"application\/ld+json\" class=\"yoast-schema-graph\">{\"@context\":\"https:\\\/\\\/schema.org\",\"@graph\":[{\"@type\":\"Article\",\"@id\":\"https:\\\/\\\/www.overskrift.dk\\\/blog\\\/2006\\\/12\\\/21\\\/undervisningsminister-bertel-haarder-begynder-at-blogge\\\/#article\",\"isPartOf\":{\"@id\":\"https:\\\/\\\/www.overskrift.dk\\\/blog\\\/2006\\\/12\\\/21\\\/undervisningsminister-bertel-haarder-begynder-at-blogge\\\/\"},\"author\":{\"name\":\"Stefan B\u00f8gh-Andersen\",\"@id\":\"https:\\\/\\\/www.overskrift.dk\\\/blog\\\/#\\\/schema\\\/person\\\/b78220010603ce4384fa7758a6eabaf3\"},\"headline\":\"Undervisningsminister Bertel Haarder begynder at blogge\",\"datePublished\":\"2006-12-21T11:01:34+00:00\",\"dateModified\":\"2017-04-19T06:35:36+00:00\",\"mainEntityOfPage\":{\"@id\":\"https:\\\/\\\/www.overskrift.dk\\\/blog\\\/2006\\\/12\\\/21\\\/undervisningsminister-bertel-haarder-begynder-at-blogge\\\/\"},\"wordCount\":174,\"commentCount\":3,\"publisher\":{\"@id\":\"https:\\\/\\\/www.overskrift.dk\\\/blog\\\/#organization\"},\"image\":{\"@id\":\"https:\\\/\\\/www.overskrift.dk\\\/blog\\\/2006\\\/12\\\/21\\\/undervisningsminister-bertel-haarder-begynder-at-blogge\\\/#primaryimage\"},\"thumbnailUrl\":\"http:\\\/\\\/blog.overskrift.dk\\\/wp-content\\\/uploads\\\/2006\\\/12\\\/BertelsBlog.thumbnail.png\",\"keywords\":[\"Blogs\",\"Breaking News\",\"Nye blogs\",\"Politik\"],\"articleSection\":[\"Trends\"],\"inLanguage\":\"da-DK\",\"potentialAction\":[{\"@type\":\"CommentAction\",\"name\":\"Comment\",\"target\":[\"https:\\\/\\\/www.overskrift.dk\\\/blog\\\/2006\\\/12\\\/21\\\/undervisningsminister-bertel-haarder-begynder-at-blogge\\\/#respond\"]}]},{\"@type\":\"WebPage\",\"@id\":\"https:\\\/\\\/www.overskrift.dk\\\/blog\\\/2006\\\/12\\\/21\\\/undervisningsminister-bertel-haarder-begynder-at-blogge\\\/\",\"url\":\"https:\\\/\\\/www.overskrift.dk\\\/blog\\\/2006\\\/12\\\/21\\\/undervisningsminister-bertel-haarder-begynder-at-blogge\\\/\",\"name\":\"Undervisningsminister Bertel Haarder begynder at blogge - Overskrifts blog\",\"isPartOf\":{\"@id\":\"https:\\\/\\\/www.overskrift.dk\\\/blog\\\/#website\"},\"primaryImageOfPage\":{\"@id\":\"https:\\\/\\\/www.overskrift.dk\\\/blog\\\/2006\\\/12\\\/21\\\/undervisningsminister-bertel-haarder-begynder-at-blogge\\\/#primaryimage\"},\"image\":{\"@id\":\"https:\\\/\\\/www.overskrift.dk\\\/blog\\\/2006\\\/12\\\/21\\\/undervisningsminister-bertel-haarder-begynder-at-blogge\\\/#primaryimage\"},\"thumbnailUrl\":\"http:\\\/\\\/blog.overskrift.dk\\\/wp-content\\\/uploads\\\/2006\\\/12\\\/BertelsBlog.thumbnail.png\",\"datePublished\":\"2006-12-21T11:01:34+00:00\",\"dateModified\":\"2017-04-19T06:35:36+00:00\",\"breadcrumb\":{\"@id\":\"https:\\\/\\\/www.overskrift.dk\\\/blog\\\/2006\\\/12\\\/21\\\/undervisningsminister-bertel-haarder-begynder-at-blogge\\\/#breadcrumb\"},\"inLanguage\":\"da-DK\",\"potentialAction\":[{\"@type\":\"ReadAction\",\"target\":[\"https:\\\/\\\/www.overskrift.dk\\\/blog\\\/2006\\\/12\\\/21\\\/undervisningsminister-bertel-haarder-begynder-at-blogge\\\/\"]}]},{\"@type\":\"ImageObject\",\"inLanguage\":\"da-DK\",\"@id\":\"https:\\\/\\\/www.overskrift.dk\\\/blog\\\/2006\\\/12\\\/21\\\/undervisningsminister-bertel-haarder-begynder-at-blogge\\\/#primaryimage\",\"url\":\"http:\\\/\\\/blog.overskrift.dk\\\/wp-content\\\/uploads\\\/2006\\\/12\\\/BertelsBlog.thumbnail.png\",\"contentUrl\":\"http:\\\/\\\/blog.overskrift.dk\\\/wp-content\\\/uploads\\\/2006\\\/12\\\/BertelsBlog.thumbnail.png\"},{\"@type\":\"BreadcrumbList\",\"@id\":\"https:\\\/\\\/www.overskrift.dk\\\/blog\\\/2006\\\/12\\\/21\\\/undervisningsminister-bertel-haarder-begynder-at-blogge\\\/#breadcrumb\",\"itemListElement\":[{\"@type\":\"ListItem\",\"position\":1,\"name\":\"Hjem\",\"item\":\"https:\\\/\\\/www.overskrift.dk\\\/blog\\\/\"},{\"@type\":\"ListItem\",\"position\":2,\"name\":\"Undervisningsminister Bertel Haarder begynder at blogge\"}]},{\"@type\":\"WebSite\",\"@id\":\"https:\\\/\\\/www.overskrift.dk\\\/blog\\\/#website\",\"url\":\"https:\\\/\\\/www.overskrift.dk\\\/blog\\\/\",\"name\":\"Overskrifts blog\",\"description\":\"Nyeste indl\u00e6g\",\"publisher\":{\"@id\":\"https:\\\/\\\/www.overskrift.dk\\\/blog\\\/#organization\"},\"potentialAction\":[{\"@type\":\"SearchAction\",\"target\":{\"@type\":\"EntryPoint\",\"urlTemplate\":\"https:\\\/\\\/www.overskrift.dk\\\/blog\\\/?s={search_term_string}\"},\"query-input\":{\"@type\":\"PropertyValueSpecification\",\"valueRequired\":true,\"valueName\":\"search_term_string\"}}],\"inLanguage\":\"da-DK\"},{\"@type\":\"Organization\",\"@id\":\"https:\\\/\\\/www.overskrift.dk\\\/blog\\\/#organization\",\"name\":\"Overskrift ApS\",\"url\":\"https:\\\/\\\/www.overskrift.dk\\\/blog\\\/\",\"logo\":{\"@type\":\"ImageObject\",\"inLanguage\":\"da-DK\",\"@id\":\"https:\\\/\\\/www.overskrift.dk\\\/blog\\\/#\\\/schema\\\/logo\\\/image\\\/\",\"url\":\"https:\\\/\\\/blog.overskrift.dk\\\/wp-content\\\/uploads\\\/Just-the-dots-1.png\",\"contentUrl\":\"https:\\\/\\\/blog.overskrift.dk\\\/wp-content\\\/uploads\\\/Just-the-dots-1.png\",\"width\":258,\"height\":257,\"caption\":\"Overskrift ApS\"},\"image\":{\"@id\":\"https:\\\/\\\/www.overskrift.dk\\\/blog\\\/#\\\/schema\\\/logo\\\/image\\\/\"},\"sameAs\":[\"https:\\\/\\\/www.facebook.com\\\/overskrift\",\"https:\\\/\\\/x.com\\\/overskrift\",\"https:\\\/\\\/www.instagram.com\\\/overskrift\\\/\",\"https:\\\/\\\/www.linkedin.com\\\/company\\\/10153434\"]},{\"@type\":\"Person\",\"@id\":\"https:\\\/\\\/www.overskrift.dk\\\/blog\\\/#\\\/schema\\\/person\\\/b78220010603ce4384fa7758a6eabaf3\",\"name\":\"Stefan B\u00f8gh-Andersen\",\"image\":{\"@type\":\"ImageObject\",\"inLanguage\":\"da-DK\",\"@id\":\"https:\\\/\\\/secure.gravatar.com\\\/avatar\\\/f7eee59b7b5aa69f61ce713b6f85ef24d2faef678f186072e924c71249c2d2d6?s=96&d=mm&r=g\",\"url\":\"https:\\\/\\\/secure.gravatar.com\\\/avatar\\\/f7eee59b7b5aa69f61ce713b6f85ef24d2faef678f186072e924c71249c2d2d6?s=96&d=mm&r=g\",\"contentUrl\":\"https:\\\/\\\/secure.gravatar.com\\\/avatar\\\/f7eee59b7b5aa69f61ce713b6f85ef24d2faef678f186072e924c71249c2d2d6?s=96&d=mm&r=g\",\"caption\":\"Stefan B\u00f8gh-Andersen\"},\"description\":\"Indl\u00e6gget er skrevet af Stefan, der er direkt\u00f8r i og stifter af Overskrift. Stefan er en skarp analytiker og har mange \u00e5rs erfaring med r\u00e5dgivning inden for sociale medier og nyhedssites.\",\"url\":\"https:\\\/\\\/www.overskrift.dk\\\/blog\\\/author\\\/stefan\\\/\"}]}<\/script>\n<!-- \/ Yoast SEO plugin. -->","yoast_head_json":{"title":"Undervisningsminister Bertel Haarder begynder at blogge - Overskrifts blog","robots":{"index":"index","follow":"follow","max-snippet":"max-snippet:-1","max-image-preview":"max-image-preview:large","max-video-preview":"max-video-preview:-1"},"canonical":"https:\/\/www.overskrift.dk\/blog\/2006\/12\/21\/undervisningsminister-bertel-haarder-begynder-at-blogge\/","og_locale":"da_DK","og_type":"article","og_title":"Undervisningsminister Bertel Haarder begynder at blogge - Overskrifts blog","og_description":"Update:\u00a0 Undervisningsministerens blog blev\u00a0 kort efter flyttet til ny web-adresse p\u00e5 UVM, som beskrevet her p\u00e5 bloggen i januar 2007. &#8230;.. Undervisningsminister Bertel Haarder har netop i dag&hellip;","og_url":"https:\/\/www.overskrift.dk\/blog\/2006\/12\/21\/undervisningsminister-bertel-haarder-begynder-at-blogge\/","og_site_name":"Overskrifts blog","article_publisher":"https:\/\/www.facebook.com\/overskrift","article_published_time":"2006-12-21T11:01:34+00:00","article_modified_time":"2017-04-19T06:35:36+00:00","og_image":[{"url":"http:\/\/blog.overskrift.dk\/wp-content\/uploads\/2006\/12\/BertelsBlog.thumbnail.png","type":"","width":"","height":""}],"author":"Stefan B\u00f8gh-Andersen","twitter_card":"summary_large_image","twitter_creator":"@overskrift","twitter_site":"@overskrift","schema":{"@context":"https:\/\/schema.org","@graph":[{"@type":"Article","@id":"https:\/\/www.overskrift.dk\/blog\/2006\/12\/21\/undervisningsminister-bertel-haarder-begynder-at-blogge\/#article","isPartOf":{"@id":"https:\/\/www.overskrift.dk\/blog\/2006\/12\/21\/undervisningsminister-bertel-haarder-begynder-at-blogge\/"},"author":{"name":"Stefan B\u00f8gh-Andersen","@id":"https:\/\/www.overskrift.dk\/blog\/#\/schema\/person\/b78220010603ce4384fa7758a6eabaf3"},"headline":"Undervisningsminister Bertel Haarder begynder at blogge","datePublished":"2006-12-21T11:01:34+00:00","dateModified":"2017-04-19T06:35:36+00:00","mainEntityOfPage":{"@id":"https:\/\/www.overskrift.dk\/blog\/2006\/12\/21\/undervisningsminister-bertel-haarder-begynder-at-blogge\/"},"wordCount":174,"commentCount":3,"publisher":{"@id":"https:\/\/www.overskrift.dk\/blog\/#organization"},"image":{"@id":"https:\/\/www.overskrift.dk\/blog\/2006\/12\/21\/undervisningsminister-bertel-haarder-begynder-at-blogge\/#primaryimage"},"thumbnailUrl":"http:\/\/blog.overskrift.dk\/wp-content\/uploads\/2006\/12\/BertelsBlog.thumbnail.png","keywords":["Blogs","Breaking News","Nye blogs","Politik"],"articleSection":["Trends"],"inLanguage":"da-DK","potentialAction":[{"@type":"CommentAction","name":"Comment","target":["https:\/\/www.overskrift.dk\/blog\/2006\/12\/21\/undervisningsminister-bertel-haarder-begynder-at-blogge\/#respond"]}]},{"@type":"WebPage","@id":"https:\/\/www.overskrift.dk\/blog\/2006\/12\/21\/undervisningsminister-bertel-haarder-begynder-at-blogge\/","url":"https:\/\/www.overskrift.dk\/blog\/2006\/12\/21\/undervisningsminister-bertel-haarder-begynder-at-blogge\/","name":"Undervisningsminister Bertel Haarder begynder at blogge - Overskrifts blog","isPartOf":{"@id":"https:\/\/www.overskrift.dk\/blog\/#website"},"primaryImageOfPage":{"@id":"https:\/\/www.overskrift.dk\/blog\/2006\/12\/21\/undervisningsminister-bertel-haarder-begynder-at-blogge\/#primaryimage"},"image":{"@id":"https:\/\/www.overskrift.dk\/blog\/2006\/12\/21\/undervisningsminister-bertel-haarder-begynder-at-blogge\/#primaryimage"},"thumbnailUrl":"http:\/\/blog.overskrift.dk\/wp-content\/uploads\/2006\/12\/BertelsBlog.thumbnail.png","datePublished":"2006-12-21T11:01:34+00:00","dateModified":"2017-04-19T06:35:36+00:00","breadcrumb":{"@id":"https:\/\/www.overskrift.dk\/blog\/2006\/12\/21\/undervisningsminister-bertel-haarder-begynder-at-blogge\/#breadcrumb"},"inLanguage":"da-DK","potentialAction":[{"@type":"ReadAction","target":["https:\/\/www.overskrift.dk\/blog\/2006\/12\/21\/undervisningsminister-bertel-haarder-begynder-at-blogge\/"]}]},{"@type":"ImageObject","inLanguage":"da-DK","@id":"https:\/\/www.overskrift.dk\/blog\/2006\/12\/21\/undervisningsminister-bertel-haarder-begynder-at-blogge\/#primaryimage","url":"http:\/\/blog.overskrift.dk\/wp-content\/uploads\/2006\/12\/BertelsBlog.thumbnail.png","contentUrl":"http:\/\/blog.overskrift.dk\/wp-content\/uploads\/2006\/12\/BertelsBlog.thumbnail.png"},{"@type":"BreadcrumbList","@id":"https:\/\/www.overskrift.dk\/blog\/2006\/12\/21\/undervisningsminister-bertel-haarder-begynder-at-blogge\/#breadcrumb","itemListElement":[{"@type":"ListItem","position":1,"name":"Hjem","item":"https:\/\/www.overskrift.dk\/blog\/"},{"@type":"ListItem","position":2,"name":"Undervisningsminister Bertel Haarder begynder at blogge"}]},{"@type":"WebSite","@id":"https:\/\/www.overskrift.dk\/blog\/#website","url":"https:\/\/www.overskrift.dk\/blog\/","name":"Overskrifts blog","description":"Nyeste indl\u00e6g","publisher":{"@id":"https:\/\/www.overskrift.dk\/blog\/#organization"},"potentialAction":[{"@type":"SearchAction","target":{"@type":"EntryPoint","urlTemplate":"https:\/\/www.overskrift.dk\/blog\/?s={search_term_string}"},"query-input":{"@type":"PropertyValueSpecification","valueRequired":true,"valueName":"search_term_string"}}],"inLanguage":"da-DK"},{"@type":"Organization","@id":"https:\/\/www.overskrift.dk\/blog\/#organization","name":"Overskrift ApS","url":"https:\/\/www.overskrift.dk\/blog\/","logo":{"@type":"ImageObject","inLanguage":"da-DK","@id":"https:\/\/www.overskrift.dk\/blog\/#\/schema\/logo\/image\/","url":"https:\/\/blog.overskrift.dk\/wp-content\/uploads\/Just-the-dots-1.png","contentUrl":"https:\/\/blog.overskrift.dk\/wp-content\/uploads\/Just-the-dots-1.png","width":258,"height":257,"caption":"Overskrift ApS"},"image":{"@id":"https:\/\/www.overskrift.dk\/blog\/#\/schema\/logo\/image\/"},"sameAs":["https:\/\/www.facebook.com\/overskrift","https:\/\/x.com\/overskrift","https:\/\/www.instagram.com\/overskrift\/","https:\/\/www.linkedin.com\/company\/10153434"]},{"@type":"Person","@id":"https:\/\/www.overskrift.dk\/blog\/#\/schema\/person\/b78220010603ce4384fa7758a6eabaf3","name":"Stefan B\u00f8gh-Andersen","image":{"@type":"ImageObject","inLanguage":"da-DK","@id":"https:\/\/secure.gravatar.com\/avatar\/f7eee59b7b5aa69f61ce713b6f85ef24d2faef678f186072e924c71249c2d2d6?s=96&d=mm&r=g","url":"https:\/\/secure.gravatar.com\/avatar\/f7eee59b7b5aa69f61ce713b6f85ef24d2faef678f186072e924c71249c2d2d6?s=96&d=mm&r=g","contentUrl":"https:\/\/secure.gravatar.com\/avatar\/f7eee59b7b5aa69f61ce713b6f85ef24d2faef678f186072e924c71249c2d2d6?s=96&d=mm&r=g","caption":"Stefan B\u00f8gh-Andersen"},"description":"Indl\u00e6gget er skrevet af Stefan, der er direkt\u00f8r i og stifter af Overskrift. Stefan er en skarp analytiker og har mange \u00e5rs erfaring med r\u00e5dgivning inden for sociale medier og nyhedssites.","url":"https:\/\/www.overskrift.dk\/blog\/author\/stefan\/"}]}},"_links":{"self":[{"href":"https:\/\/www.overskrift.dk\/blog\/wp-json\/wp\/v2\/posts\/173","targetHints":{"allow":["GET"]}}],"collection":[{"href":"https:\/\/www.overskrift.dk\/blog\/wp-json\/wp\/v2\/posts"}],"about":[{"href":"https:\/\/www.overskrift.dk\/blog\/wp-json\/wp\/v2\/types\/post"}],"author":[{"embeddable":true,"href":"https:\/\/www.overskrift.dk\/blog\/wp-json\/wp\/v2\/users\/4"}],"replies":[{"embeddable":true,"href":"https:\/\/www.overskrift.dk\/blog\/wp-json\/wp\/v2\/comments?post=173"}],"version-history":[{"count":1,"href":"https:\/\/www.overskrift.dk\/blog\/wp-json\/wp\/v2\/posts\/173\/revisions"}],"predecessor-version":[{"id":7119,"href":"https:\/\/www.overskrift.dk\/blog\/wp-json\/wp\/v2\/posts\/173\/revisions\/7119"}],"wp:attachment":[{"href":"https:\/\/www.overskrift.dk\/blog\/wp-json\/wp\/v2\/media?parent=173"}],"wp:term":[{"taxonomy":"category","embeddable":true,"href":"https:\/\/www.overskrift.dk\/blog\/wp-json\/wp\/v2\/categories?post=173"},{"taxonomy":"post_tag","embeddable":true,"href":"https:\/\/www.overskrift.dk\/blog\/wp-json\/wp\/v2\/tags?post=173"}],"curies":[{"name":"wp","href":"https:\/\/api.w.org\/{rel}","templated":true}]}}