{"id":1782,"date":"2009-09-13T21:55:18","date_gmt":"2009-09-13T19:55:18","guid":{"rendered":"http:\/\/blog.overskrift.dk\/?p=1782"},"modified":"2017-04-19T10:09:57","modified_gmt":"2017-04-19T08:09:57","slug":"karen26-tidslinie-sagen-om-visitdenmark-og-barnets-far-pa-youtube","status":"publish","type":"post","link":"https:\/\/www.overskrift.dk\/blog\/2009\/09\/13\/karen26-tidslinie-sagen-om-visitdenmark-og-barnets-far-pa-youtube\/","title":{"rendered":"Karen26 tidslinie &#8211; sagen om VisitDenmark og barnets far p\u00e5 YouTube"},"content":{"rendered":"<p>Sagen om den unge danske kvinde Karen som p\u00e5 YouTube s\u00f8ger efter faderen til barnet har skabt overskrifter i b\u00e5de nye og traditionelle medier og blevet diskuteret heftigt.<\/p>\n<p>Ligesom ved <a href=\"http:\/\/blog.overskrift.dk\/2009\/05\/17\/tv2wikigate-tidslinie-sagen-om-tv2-vs-wikipedia\/\">TV2Wikigate sagen<\/a> i for\u00e5ret, vil jeg her fors\u00f8ge at beskrive en tidslinie over sagen. Der er sikkert mange andre gode links om sagen, s\u00e5 komment\u00e9r endelig hvis du synes der mangler noget. Der kommer jo sikkert ogs\u00e5 en del reaktioner i de kommende dage her efter afsl\u00f8rering at det var VisitDenmark der stod bag.<\/p>\n<p>Danish Mother Seeking YouTube video:<\/p>\n<p><object width=\"425\" height=\"344\" data=\"http:\/\/www.youtube.com\/v\/JE5kkyucts8&amp;hl=en&amp;fs=1&amp;\" type=\"application\/x-shockwave-flash\"><param name=\"allowFullScreen\" value=\"true\" \/><param name=\"allowscriptaccess\" value=\"always\" \/><param name=\"src\" value=\"http:\/\/www.youtube.com\/v\/JE5kkyucts8&amp;hl=en&amp;fs=1&amp;\" \/><param name=\"allowfullscreen\" value=\"true\" \/><\/object><\/p>\n<p><strong><em>Torsdag d. 10 september 2009<\/em><\/strong><\/p>\n<p>23:04 Jeg opdager videoen og <a href=\"http:\/\/twitter.com\/nitoen\/status\/3896052965\">twitter kort<\/a>: <span class=\"status-body\"><span class=\"entry-content\">en slags netdating &#8211; p\u00e5 den forkerte side af &#8220;date&#8221; <a class=\"tweet-url web\" rel=\"nofollow\" href=\"http:\/\/bit.ly\/16L4Yc\" target=\"_blank\">http:\/\/bit.ly\/16L4Yc<\/a><\/span><\/span><\/p>\n<p><span class=\"status-body\"><span class=\"entry-content\">Videoen sendes via GoViral, som har specialiseret sig i lancering af virale video kampagner.<br \/>\n<\/span><\/span><\/p>\n<p><span class=\"status-body\"><span class=\"entry-content\">Jeg poster ogs\u00e5 videoen p\u00e5<a href=\"http:\/\/www.facebook.com\/posted.php?id=666551348&amp;share_id=132667788953&amp;comments=1&amp;ref=mf#div_story_132667788953_132667788953\"> facebook under overskriften &#8220;For real?&#8221; <\/a><br \/>\n<\/span><\/span><\/p>\n<p><em><strong><span class=\"status-body\"><span class=\"entry-content\">Fredag d. 11 september 2009<\/span><\/span><\/strong><\/em><\/p>\n<p>Twitter. De f\u00f8rste anvendelser af &#8220;<a href=\"http:\/\/twitter.com\/#search?q=%23Karen26\">#Karen26<\/a>&#8221; emne-markeringer begynder at dukke op i Twitter indl\u00e6g.<\/p>\n<p>22:32: Livlig <a href=\"http:\/\/www.baby.dk\/debat\/26467pi1\/ordet-er-frit\/soeger-sit-barns-far-over-youtube.aspx\">diskussion p\u00e5 Baby.dk<\/a><\/p>\n<p><span class=\"status-body\"><span class=\"entry-content\">22:28 EB.dk:\u00a0 <a href=\"http:\/\/ekstrabladet.dk\/nyheder\/samfund\/article1220918.ece\">S\u00f8ger sit barns far p\u00e5 YouTube<\/a><\/span><\/span><\/p>\n<p><em><strong><span class=\"status-body\"><span class=\"entry-content\">L\u00f8rdag d. 12 september 2009<\/span><\/span><\/strong><\/em><\/p>\n<p>Forsiden af den trykte udgave af Ekstra Bladet.<\/p>\n<p><span class=\"status-body\"><span class=\"entry-content\">11:48 <a href=\"http:\/\/jp.dk\/timeout\/article1814143.ece\">JP.dk Hvor er min s\u00f8ns far?<\/a><\/span><\/span><\/p>\n<p><span class=\"status-body\"><span class=\"entry-content\">12:53 Blog. Inspirationsministeriet om <a href=\"http:\/\/inspirationsministeriet.blogspot.com\/2009\/09\/ny-viral-stter-danmark-pa-den-anden.html\">Ny viral s\u00e6tter danmark p\u00e5 den anden ende..<\/a>. som bl.a. viser australsk viral video fortilf\u00e6lde med &#8220;Are you my man in the jacket&#8221;:<\/span><\/span><br \/>\n<object width=\"425\" height=\"344\" data=\"http:\/\/www.youtube.com\/v\/zQybOsM-7Qw&amp;rel=0&amp;color1=0xb1b1b1&amp;color2=0xcfcfcf&amp;hl=en&amp;feature=player_embedded&amp;fs=1\" type=\"application\/x-shockwave-flash\"><param name=\"allowFullScreen\" value=\"true\" \/><param name=\"allowScriptAccess\" value=\"always\" \/><param name=\"src\" value=\"http:\/\/www.youtube.com\/v\/zQybOsM-7Qw&amp;rel=0&amp;color1=0xb1b1b1&amp;color2=0xcfcfcf&amp;hl=en&amp;feature=player_embedded&amp;fs=1\" \/><param name=\"allowfullscreen\" value=\"true\" \/><\/object><\/p>\n<p><span class=\"status-body\"><span class=\"entry-content\"><br \/>\n<\/span><\/span><\/p>\n<p><span class=\"status-body\"><span class=\"entry-content\">13:21 Facebook. <a href=\"http:\/\/www.facebook.com\/posted.php?id=513013660&amp;share_id=160166539055&amp;comments=1&amp;ref=mf#div_story_160166539055_160166539055\">Henrik F\u00f8hns<\/a> med diskussioner om videoen<br \/>\n<\/span><\/span><\/p>\n<p><span class=\"status-body\"><span class=\"entry-content\">13:40 Blog, Mindjumpers <a href=\"http:\/\/mindjumpers.wordpress.com\/2009\/09\/12\/danish-mother-seeking-the-fathers-story\/\">Danish mother seeking (The Father\u2019s Story) <\/a>laver ironisk <a href=\"http:\/\/www.youtube.com\/watch?v=Amsk2ixS_cc\">video-svar<\/a> som &#8220;faderen&#8221; tilbarnet:<\/span><\/span><br \/>\n<object width=\"480\" height=\"295\" data=\"http:\/\/www.youtube.com\/v\/Amsk2ixS_cc&amp;hl=en&amp;fs=1\" type=\"application\/x-shockwave-flash\"><param name=\"allowFullScreen\" value=\"true\" \/><param name=\"allowscriptaccess\" value=\"always\" \/><param name=\"src\" value=\"http:\/\/www.youtube.com\/v\/Amsk2ixS_cc&amp;hl=en&amp;fs=1\" \/><param name=\"allowfullscreen\" value=\"true\" \/><\/object><\/p>\n<p>14:02: Twitter <a href=\"http:\/\/twitter.com\/mortensax\/status\/3932702350\">@MortenSax afsl\u00f8rer<\/a> det er for VisitDenmark<\/p>\n<p><span class=\"status-body\"><span class=\"entry-content\">14:59 Blog. Nodes <a href=\"http:\/\/www.nodes.dk\/blog\/karendk26-hvem-star-bag-karens-youtube-film\/\">Karen \/ KarenDK26 &#8211; hvem st\u00e5r bag YouTube filmen<\/a><\/span><\/span><\/p>\n<p><span class=\"status-body\"><span class=\"entry-content\">15:49 Virkeligheden.dk <a href=\"http:\/\/virkeligheden.dk\/?p=1040\">Why \u201cDanish mother seeking\u201d by KarenDK26 is fiction!<\/a><br \/>\n<\/span><\/span><\/p>\n<p><span class=\"status-body\"><span class=\"entry-content\">17: jp.dk <a href=\"http:\/\/jp.dk\/timeout\/article1814369.ece\">Er &#8220;ung kvinde s\u00f8ger far til barn&#8221; et mediestunt?<\/a><\/span><\/span><\/p>\n<p><span class=\"status-body\"><span class=\"entry-content\">17:22 Sydsvenskan.se &#8220;<a href=\"http:\/\/sydsvenskan.se\/varlden\/article549648\/Det-ar-en-uppdiktad-historia.html\">Helt fel s\u00e4tt anv\u00e4nda sociala medier<\/a>&#8220;, bl.a. interview af Jonas Klit Nielsen (<a href=\"http:\/\/twitter.com\/Mindjumpers\">@Mindjumpers<\/a>) &#8211; fra <a href=\"http:\/\/mindjumpers.wordpress.com\/\">Mindjumpers<\/a><br \/>\n<\/span><\/span><\/p>\n<p><span class=\"status-body\"><span class=\"entry-content\">21:52 EB.dk: <a href=\"http:\/\/ekstrabladet.dk\/nyheder\/samfund\/article1221145.ece\">Dybf\u00f8lt efters\u00f8gning &#8211; eller bare et stunt?<\/a><br \/>\n<\/span><\/span><\/p>\n<p><em><strong><span class=\"status-body\"><span class=\"entry-content\">S\u00f8ndag d. 13 september 2009<\/span><\/span><\/strong><\/em><\/p>\n<p><span class=\"status-body\"><span class=\"entry-content\">10:07 JP.dk <a href=\"http:\/\/jp.dk\/timeout\/article1814648.ece\">Afsl\u00f8ret: youtube-mor er skuespiller<\/a><\/span><\/span><\/p>\n<p><span class=\"status-body\"><span class=\"entry-content\">10:25 Virkeligheden.dk <a href=\"http:\/\/virkeligheden.dk\/?p=1059\">6 reasons why \u201cDanish mother seeking\u201d by \u201cKarenDK26? went viral!<\/a><\/span><\/span><\/p>\n<p><span class=\"status-body\"><span class=\"entry-content\">10:35 Blog. Podii.dk: <a href=\"http:\/\/podii.dk\/2009\/09\/13\/danish-mother-seeking-karen26\/\">Danish Mother Seeking Karen26<\/a> bl.a. med endnu et &#8220;videosvar&#8221;:<br \/>\n<\/span><\/span><br \/>\n<object width=\"425\" height=\"344\" data=\"http:\/\/www.youtube.com\/v\/dQ2q7rRDa2g&amp;hl=en&amp;fs=1&amp;\" type=\"application\/x-shockwave-flash\"><param name=\"allowFullScreen\" value=\"true\" \/><param name=\"allowscriptaccess\" value=\"always\" \/><param name=\"src\" value=\"http:\/\/www.youtube.com\/v\/dQ2q7rRDa2g&amp;hl=en&amp;fs=1&amp;\" \/><param name=\"allowfullscreen\" value=\"true\" \/><\/object><\/p>\n<p><span class=\"status-body\"><span class=\"entry-content\">11:05 Blog, Nodes: <a href=\"http:\/\/www.nodes.dk\/blog\/karen26-karendk26-nu-afsl%c3%b8ret\/\">Karen26 \/ KarenDK26 nu afsl\u00f8ret<\/a> &#8211; bl.a. med billede af Ditte Arnth J og link til <a href=\"http:\/\/www.grunnetcasting.com\/castingdatabase\/profileDetails.asp?ID=242\">hendes skuespiller profil \/ CV<\/a><\/span><\/span><\/p>\n<p><span class=\"status-body\"><span class=\"entry-content\">11:25 Twitter <a href=\"http:\/\/twitter.com\/4ND3RS\/status\/3952107956\">4nd3rs<\/a>: <\/span><\/span><span class=\"status-body\"><span class=\"entry-content\">Selvsvinget truer &#8211; hvem g\u00e5r f\u00f8rst meta og analyserer analyserne af <a class=\"tweet-url hashtag\" title=\"#Karen26\" href=\"http:\/\/twitter.com\/search?q=%23Karen26\">#Karen26<\/a>?<\/span><\/span><\/p>\n<p><span class=\"status-body\"><span class=\"entry-content\">11:46 Blog. Trine-Maria Kristensen (Hovedetpaabloggen): <a href=\"http:\/\/www.hovedetpaabloggen.dk\/2009\/09\/13\/oprigtighed-som-genvej-til-opmaerksomhed\/\">Er det i orden at bruge oprigtighed som genvej til opm\u00e6rksomhed?<\/a><\/span><\/span><\/p>\n<p><span class=\"status-body\"><span class=\"entry-content\">13:00 Aftonbladet.se: <a href=\"http:\/\/www.aftonbladet.se\/nyheter\/article5784646.ab\">Filmen \u00e4r en bluff<\/a><br \/>\n<\/span><\/span><\/p>\n<p><span class=\"status-body\"><span class=\"entry-content\">14:31 Blog, Emme: <a href=\"http:\/\/www.emme.dk\/2009\/09\/13\/dansk-mor-soeger-far-danske-nye-medier-raber-pa-etik\/\">Dansk mor s\u00f8ger far &#8211; danske (nye) medier r\u00e5ber p\u00e5 etik<\/a> Dorte Toft <a href=\"http:\/\/twitter.com\/dortetoft\/statuses\/3957292177\">Retweeter<\/a><br \/>\n<\/span><\/span><\/p>\n<p><span class=\"status-body\"><span class=\"entry-content\">17:42: Pol.dk: <a href=\"http:\/\/politiken.dk\/indland\/article787888.ece\">Dansker fuppede hele verden med falsk s\u00f8n<\/a><\/span><\/span><\/p>\n<p><span class=\"status-body\"><span class=\"entry-content\">19:00 <a href=\"http:\/\/nyhederne.tv2.dk\/article.php\/id-25029383.html\">Tv2 breaker historien<\/a> om at det er <a href=\"http:\/\/www.visitdenmark.com\">VisitDenmark<\/a> der st\u00e5r bag dne virale kampagne video. som aftenens hovedhistorie, bl.a. med indslag med Peter Helstrup, reklamebureauet Grey og Dorte Kiilerich <\/span><\/span><\/p>\n<p><span class=\"status-body\"><span class=\"entry-content\">TV2 St\u00f8rre debat p\u00e5 nettet: <a href=\"http:\/\/1234.tv2.dk\/article.php\/id-25029222.html\">Er l\u00f8gn vejen frem for VisitDenmark?<\/a><\/span><\/span><span class=\"status-body\"><span class=\"entry-content\">19:04 JP.dk: <a href=\"http:\/\/jp.dk\/indland\/article1814987.ece\">Skattekroner bag fup p\u00e5 YouTube<\/a><br \/>\n<\/span><\/span><\/p>\n<p><span class=\"status-body\"><span class=\"entry-content\">19:07 Berlingske: <a href=\"http:\/\/www.berlingske.dk\/article\/20090913\/danmark\/90913032\/\">Hun fuppede hele verden<\/a><br \/>\n<\/span><\/span><\/p>\n<p><span class=\"status-body\"><span class=\"entry-content\">19:16 EB.dk <a href=\"http:\/\/ekstrabladet.dk\/nyheder\/samfund\/article1221458.ece\">Skattekroner bag l\u00f8gn p\u00e5 YouTube<\/a><\/span><\/span><\/p>\n<p><span class=\"status-body\"><span class=\"entry-content\">19:22 Pol.dk: <a href=\"http:\/\/politiken.dk\/indland\/skrivdanmark\/article787962.ece\">SKRIV Hvad synes du om VisitDenmarks YouTube-reklame?<\/a> <\/span><\/span><\/p>\n<p><span class=\"status-body\"><span class=\"entry-content\">Blog. AdLand. Svensk blog p\u00e5 engelsk: <a href=\"http:\/\/adland.tv\/content\/karen-danish-mother-seeking-actually-ditte-arnth\">&#8220;Karen&#8221; the Danish mother seeking is actually Ditte Arnth<\/a><\/span><\/span><\/p>\n<p><span class=\"status-body\"><span class=\"entry-content\">19:42 <a href=\"http:\/\/da.wikipedia.org\/wiki\/VisitDenmark\">Wikipedia side om VisitDenmark<\/a> bliver opdateret for f\u00f8rst gang i 9 m\u00e5neder. En <a href=\"http:\/\/en.wikipedia.org\/wiki\/VisitDenmark\">engelsk udgave af en VisitDenmark<\/a> artikel oprettes ligeledes p\u00e5 Wikipedia<\/span><\/span><\/p>\n<p><span class=\"status-body\"><span class=\"entry-content\">22:30 DR2 TV. <a href=\"http:\/\/tinyurl.com\/r8jqsb\">Dorte Kiilerich i debat<\/a> med Poul Madsen fra Ekstra Bladet<br \/>\n<\/span><\/span><\/p>\n<p><span class=\"status-body\"><span class=\"entry-content\">22:51: Pol.dk: <a href=\"http:\/\/politiken.dk\/indland\/article787974.ece\">Forsker kalder fupvideo smagl\u00f8s<\/a><\/span><\/span><\/p>\n<p><em><strong><span class=\"status-body\"><span class=\"entry-content\">Mandag d. 14 september 2009<\/span><\/span><\/strong><\/em><\/p>\n<p><span class=\"status-body\"><span class=\"entry-content\">01:44 Blog. Patrick Damsted: <a href=\"http:\/\/patrickdamsted.wordpress.com\/2009\/09\/13\/visitdenmark-tager-danmark-ind-i-den-grey-zone\/\">VisitDenmark tager Danmark ind i den Grey zone<\/a><\/span><\/span><\/p>\n<p><span class=\"status-body\"><span class=\"entry-content\">08:28 Blog. Emme. <a class=\"__feedview__feedItemUnreadTitleLink\" href=\"http:\/\/www.emme.dk\/2009\/09\/14\/jamen-vi-har-jo-ikke-noget-t%c3%b8j-pa-eller-10-ting-om-visitdenmarks-virale-kampagne\/\"><span style=\"color: #3165c6;\">\u201cJamen, vi har jo ikke noget t\u00f8j p\u00e5!\u201d (eller: 10 ting om VisitDenmarks virale kampagne)<\/span><\/a><\/span><\/span><\/p>\n<p><span class=\"status-body\"><span class=\"entry-content\">09:09 Berlingske.dk: <a href=\"http:\/\/www.berlingske.dk\/article\/20090914\/danmark\/909140326\/\">Raseri over fupreklame<\/a> og <a href=\"http:\/\/www.berlingske.dk\/article\/20090914\/danmark\/90914024\/\">Det skriver verden om fup-videoen<\/a><\/span><\/span><\/p>\n<p><span class=\"status-body\"><span class=\"entry-content\">10:15 Den\u00a0udlandske \u00a0&#8216;social media&#8217; blog Mashable: <\/span><\/span><span class=\"status-body\"><span class=\"entry-content\"><a href=\"http:\/\/mashable.com\/2009\/09\/14\/danish-woman-video-hoax\/\">Danish Woman&#8217;s One Night Stand Video Is a Government Hoax<\/a><\/span><\/span><\/p>\n<p><span class=\"status-body\"><span class=\"entry-content\">10:28 Pol.dk <a href=\"http:\/\/politiken.dk\/indland\/article788074.ece\">Fupvideo p\u00e5 YouTube splitter politikerne<\/a><\/span><\/span><\/p>\n<p><span class=\"status-body\"><span class=\"entry-content\">10.29 DR.dk <a href=\"http:\/\/www.dr.dk\/P3\/P3Nyheder\/2009\/09\/14\/095406.htm\">Vrede over reklame med enig mor<\/a><\/span><\/span><\/p>\n<p><span class=\"status-body\"><span class=\"entry-content\">10.41: Blog. The Garden of Epicurus: <a href=\"http:\/\/mortentolboll.blogspot.com\/2009\/09\/lies-of-visitdenmarkdk.html\">The lies of visitdenmark.dk<\/a><br \/>\n<\/span><\/span><\/p>\n<p>11.01 Medieblogger: <a href=\"http:\/\/medieblogger.dk\/2009\/09\/14\/betyder-visitdenmarks-flop-at-vi-omsider-kan-blive-fri-for-virale-film\/\">Betyder VisitDenmarks flop, at vi omsider kan blive fri for virale film?<\/a><\/p>\n<p>VisitDenmark p\u00e5 egen hjemmeside: <a href=\"http:\/\/www.visitdenmark.com\/danmark\/da-dk\/menu\/danskturisme\/nyheder\/nyheder_vdk\/over-en-mio-har-set-viral-film-paa-youtube.htm?rss=true\">Over en million har set viral film p\u00e5 YouTube<\/a><\/p>\n<p>VisitDenmark fjerner vidoen fra YouTube: <a href=\"http:\/\/www.visitdenmark.com\/danmark\/da-dk\/menu\/danskturisme\/nyheder\/nyheder_vdk\/vdk-beklager-film-paa-youtube.htm\">VisitDenmark beklager film p\u00e5 YouTube<\/a><\/p>\n<p>Berlingske: Erhvervsminister\u00a0<a href=\"http:\/\/www.berlingske.dk\/article\/20090914\/danmark\/90914106\/\">Lene Espersen: Godt fupvideoen er fjernet<\/a><\/p>\n<p>Australsk artikel <a href=\"http:\/\/news.ninemsn.com.au\/world\/862711\/danish-womans-one-night-stand-a-hoax\">Danish woman&#8217;s one-night stand &#8216;a hoax&#8217;<\/a> bliver <a href=\"http:\/\/www.reddit.com\/r\/worldnews\/comments\/9k84f\/remember_that_brave_attractive_looking_danish\/\">reddit&#8217;et<\/a> med masser af bruger-kommentarer (via <a href=\"http:\/\/twitter.com\/mygdal\/status\/3978783493\">@mygdal<\/a>)<\/p>\n<p>13:09 PoetsAndPlumbers: <a href=\"http:\/\/www.poetsandplumbers.com\/posts\/hvad-syntes-du-om-visit-denmark-danish-mother-seeking\">Hvad synes du om VisitDenmark, &#8220;Danish Mother Seeking&#8221;?<\/a><\/p>\n<p>13:56 JP.dk <a href=\"http:\/\/jp.dk\/indland\/article1815699.ece\">Darth Vader, Jeg er din far , August<\/a><\/p>\n<p>14:26 B\u00f8rsen: <a href=\"http:\/\/borsen.dk\/medier\/nyhed\/165734\/newsfeeds_rss\/\">VisitDenmark mistede modet: video fjernet fra YouTube<\/a> via <a href=\"http:\/\/bureaubiz.dk\/content\/dk\/artikler\/2009\/uge_38\/visitdenmark_mistede_modet_kontroversiel_video_fj\">BureauBiz<\/a>, Finn Graversen<\/p>\n<p>Endnu en Danish Mother Seeking parodi: Brooklyn Father Seeking \u00a0<a href=\"http:\/\/podii.dk\/2009\/09\/14\/danish-mother-seeking-parodi\/\">via Podii<\/a><\/p>\n<p>The Denver Egotist: <a href=\"http:\/\/thedenveregotist.com\/article\/4988\/danes-are-lame\">Danes are lame<\/a><\/p>\n<p>16:05 Blog. Trine-Maria Kristensen: <a href=\"http:\/\/www.hovedetpaabloggen.dk\/2009\/09\/14\/5-grunde-til-at-visitdenmarks-og-greys-kampagne-ikke-virkede\/\">5 grunde til at VisitDenmark og Greys kampagne ikke virkede!<\/a><\/p>\n<p>17:17 Avisen.dk: <a href=\"http:\/\/avisen.dk\/visitdenmark-reklame-kan-ryge-i-retten_114024.aspx\">VisitDenmark-reklame kan ryge i retten<\/a><\/p>\n<p>Blog. Wemind: <a href=\"http:\/\/wemind.dk\/content\/problemet-med-karen26\">Problemet med Karen26<\/a><\/p>\n<p>21:27: Blog. Social Marketing &#8220;rebel&#8221; Henriette Weber: <a href=\"http:\/\/henrietteweber.blogs.erhvervsbladet.dk\/2009\/09\/14\/en-historie-om-at-fejle-i-den-sociale-bevidsthed-visitdanmark-og-karen26\/\">En historie i at fejle i den sociale bevidsthed: VisitDenmark og &#8220;Karen26&#8221;<\/a><\/p>\n<p>21:29 Blog: Jonas Smith: <a href=\"http:\/\/jonassmith.dk\/weblog\/fri-sex-og-nye-medier\">Fri sex og nye medier<\/a><\/p>\n<p>21:32 Podcast. Kommunikationscast, <a href=\"http:\/\/www.kommunikationscast.com\/2009\/09\/14\/kcast-129-kommunikationsmaling\/\">Peter Andreas om den virale kampagne<\/a><\/p>\n<p>Information.dk: <a href=\"http:\/\/www.information.dk\/203794\">Var Karen og August elendig eller genial markedsf\u00f8ring?<\/a><\/p>\n<p><em><strong>Tirsdag d. 15 september 2009<\/strong><\/em><\/p>\n<p>07.45 Go&#8217; morgen Danmark bl.a. Katrine <a href=\"http:\/\/www.emme.dk\/\">Emme <\/a>Thielke <a href=\"http:\/\/twitter.com\/emme\/status\/3998163602\">(@Emme<\/a>) om <a href=\"http:\/\/go.tv2.dk\/video.php\/id-25062377.html\">VisitDenmarks virale video<\/a> interviewet af <a href=\"http:\/\/twitter.com\/AndersBreinholt\/status\/4001213949\">Anders Breinholt<\/a> (annonceret af <a href=\"http:\/\/twitter.com\/tv2dk\/statuses\/4001764381\">@tv2dk<\/a>)<\/p>\n<p>09:51 MetroXpress: <a href=\"http:\/\/www.metroxpress.dk\/dk\/article\/2009\/09\/15\/09\/5122-83\/index.xml\">De \u00e6ldre forst\u00e5r ikke &#8216;Karen&#8217;<\/a><\/p>\n<p>Markedsf\u00f8ring: <a href=\"http:\/\/www.markedsforing.dk\/artikler\/vis\/artikel\/visitdenmark-forspildte-chancen\/\">VisitDenmark forspildte chancen<\/a><\/p>\n<p>17.33 Journalisten.dk: <a href=\"http:\/\/journalisten.dk\/knaldgo-ligestilling-i-danmark\">Knaldgo&#8217; ligestilling i Danmark<\/a><\/p>\n<p>21:25 Blog. Marketear: <a href=\"http:\/\/marketear.blogspot.com\/2009\/09\/karen26-birth-or-breakdown.html\">#Karen26 &#8211; the birth or breakdown?<\/a><\/p>\n<p>21:59 Blog. <a href=\"http:\/\/www.blogsbjerg.com\/2009\/09\/urlig-reklame-hvor-groft.html\">Blogsbjerg: U\u00e6rlig reklame! Hvor groft!<\/a><\/p>\n<p>Adland: <a href=\"http:\/\/adland.tv\/content\/not-quite-done-karen26-what-you-did-wrong-grey-and-goviral\">No quite done with #Karen26 &#8211; this is what what you did wrong Grey and GoViral<\/a><\/p>\n<p>New York Times: <a href=\"http:\/\/intransit.blogs.nytimes.com\/2009\/09\/15\/danish-video-stirs-outrage\/?scp=4&amp;sq=denmark&amp;st=cse\">Danish Video Stirs Outrage<\/a><\/p>\n<p>Huffington Post: <a href=\"http:\/\/www.huffingtonpost.com\/2009\/09\/15\/denmark-tourism-ad-pulled_n_287352.html\">Denmark; Tourism Ad Pulled Over Promiscuity Charges<\/a><\/p>\n<p><strong><em>Onsdag d. 16. september 2009<\/em><\/strong><\/p>\n<p>Kommunikationsforum, Asger Liebst: <a href=\"http:\/\/www.kommunikationsforum.dk\/artikler\/hvad-din-mor-ikke-fortalte-dig-om-usikker-viral\">Hvad din mor ikke fortalte dig om usikker viralvideo<\/a><\/p>\n<p>BBC: <a href=\"http:\/\/news.bbc.co.uk\/2\/hi\/technology\/8258473.stm\">Denmark pulls &#8216;promiscuous&#8217; video<\/a><\/p>\n<p>13.10 Blog. Social Hallucinations ved Karim Stoumann: <a href=\"http:\/\/www.socialhallucinations.com\/2009\/09\/why-did-the-viral-danish-mother-seeking-campaign-really-fail.html\">Why &#8220;Danish Mother Seeking&#8221; campaign failed<\/a><\/p>\n<p>16.24 Blog. Standpunkt: <a href=\"http:\/\/www.standpunkt.dk\/karen26-billige-danske-piger-og-uetisk-markedsforing\">Karen26: Billige danske piger og uetisk markedsf\u00f8ring<\/a><\/p>\n<p>TV. Fox News i USA tager sagen op: <a href=\"http:\/\/www.foxnews.com\/search-results\/m\/26444380\/desperately-seeking-daddy.htm\">Desperatly Seeking Daddy<\/a> (via <a href=\"http:\/\/twitter.com\/marks\/status\/4053160920\">@marks<\/a>)<\/p>\n<p><em><strong>Torsdag d. 17 september 2009<\/strong><\/em><\/p>\n<p>YouTube. Karen25 udsat for Der Untergang memet med Hitler:<br \/>\n<object width=\"425\" height=\"344\" data=\"http:\/\/www.youtube.com\/v\/IJreXEoJqpk&amp;hl=en&amp;fs=1&amp;\" type=\"application\/x-shockwave-flash\"><param name=\"allowFullScreen\" value=\"true\" \/><param name=\"allowscriptaccess\" value=\"always\" \/><param name=\"src\" value=\"http:\/\/www.youtube.com\/v\/IJreXEoJqpk&amp;hl=en&amp;fs=1&amp;\" \/><param name=\"allowfullscreen\" value=\"true\" \/><\/object><\/p>\n<p><em><strong>Fredag d. 18. september 2009<\/strong><\/em><\/p>\n<p>21:00 TV. <a href=\"http:\/\/www.dr.dk\/Nyheder\/Kultur\/2009\/09\/18\/221438.htm\">Ditte Arnth, som spiller Karen<\/a>, interviewes af Anders Lund Madsen i det nye talkshow, &#8220;Det Nye Talkshow&#8221;<\/p>\n<p>&#8211;<\/p>\n<p>I den lille uge sagen stod p\u00e5, blev der diskuteret rigtigt meget i online medier, blogs, twitter etc som det kan se af graferne:<\/p>\n<img decoding=\"async\" class=\"size-full wp-image-1874\" title=\"graf-visitdenmark\" src=\"http:\/\/blog.overskrift.dk\/wp-content\/uploads\/2009\/09\/graf-visitdenmark.png\" alt=\"Antal indl\u00e6g om Visitdenmark\" width=\"500\" \/>\n<img decoding=\"async\" class=\"alignnone size-full wp-image-1876\" title=\"graf-karen26\" src=\"http:\/\/blog.overskrift.dk\/wp-content\/uploads\/2009\/09\/graf-karen26.png\" alt=\"graf-karen26\" width=\"500\" \/>\n<p><strong><em>Fredag d. 25 september 2005<\/em><\/strong><\/p>\n<p>11:41 Kristian Strand p\u00e5 Journalisten.dk: <a href=\"http:\/\/journalisten.dk\/filmen-der-splittede-nationen\">Filmen\u00a0der splittede nationen<\/a><\/p>\n<p>Sjovt nok stopper direkt\u00f8ren for VisitDenmark, Dorthe Kiilerich, 20 minutter senere og siger op p\u00e5 baggrund af hele sagsforl\u00f8bet med Karen26 videoen:<\/p>\n<p>12:00 TV2.dk: <a href=\"http:\/\/nyhederne.tv2.dk\/article.php\/id-25310119.html?rss\">YouTube-flop: Direkt\u00f8r siger op<\/a><\/p>\n<p>12:03 Berlingske.dk: <a href=\"http:\/\/www.berlingske.dk\/article\/20090925\/danmark\/90925058\/\">VisitDenmark direkt\u00f8r tavs om sin afsked<\/a><\/p>\n<p>12:09 B\u00f8rsen: <a href=\"http:\/\/borsen.dk\/karriere\/nyhed\/166577\/newsfeeds_rss\/\">Omstridt direkt\u00f8r i VisitDenmark stopper<\/a><\/p>\n<p>Ditte Arcth er tilbage i Det Nye Talkshow til forsvar for sn\u00e6blen p\u00e5 YouTube:<br \/>\n<object width=\"425\" height=\"344\" data=\"http:\/\/www.youtube.com\/v\/AIHH-xJzJ2o&amp;hl=en&amp;fs=1&amp;\" type=\"application\/x-shockwave-flash\"><param name=\"allowFullScreen\" value=\"true\" \/><param name=\"allowscriptaccess\" value=\"always\" \/><param name=\"src\" value=\"http:\/\/www.youtube.com\/v\/AIHH-xJzJ2o&amp;hl=en&amp;fs=1&amp;\" \/><param name=\"allowfullscreen\" value=\"true\" \/><\/object><\/p>\n<p><strong><em>Tirsdag d. 29. september<\/em><\/strong><\/p>\n<p>BureauBiz: <a href=\"http:\/\/www.bureaubiz.dk\/composite-2092.htm\">Grey K\u00f8benhavn opsiger VisitDenmark<\/a> og <a href=\"http:\/\/www.bureaubiz.dk\/content\/dk\/artikler\/2009\/uge_38\/visitdenmark_film_var_tat_pa_en_succes\">VisitDenmark film var t\u00e6t p\u00e5 en succes<\/a><\/p>\n<p>&#8211;<span class=\"status-body\"><span class=\"entry-content\">&#8211;<br \/>\n<\/span><\/span>Indl\u00e6g via Overskrift.dk: <a href=\"http:\/\/overskrift.dk\/searchresult.php?q=karen26&amp;t=c\">Karen26<\/a>, <a href=\"http:\/\/overskrift.dk\/searchresult.php?q=VisitDenmark&amp;t=c\">VisitDenmark<\/a>, <a href=\"http:\/\/overskrift.dk\/searchresult.php?q=%2Byoutube+%2Bkaren&amp;t=c\">Karen YouTube<\/a><\/p>\n","protected":false},"excerpt":{"rendered":"<p>Sagen om den unge danske kvinde Karen som p\u00e5 YouTube s\u00f8ger efter faderen til barnet har skabt overskrifter i b\u00e5de nye og traditionelle medier og blevet diskuteret heftigt.&hellip;<\/p>\n","protected":false},"author":4,"featured_media":0,"comment_status":"open","ping_status":"open","sticky":false,"template":"","format":"standard","meta":{"cybocfi_hide_featured_image":"","footnotes":""},"categories":[302],"tags":[394,411,278],"class_list":["post-1782","post","type-post","status-publish","format-standard","hentry","category-analyser","tag-video","tag-viralt","tag-youtube"],"yoast_head":"<!-- This site is optimized with the Yoast SEO plugin v27.5 - https:\/\/yoast.com\/product\/yoast-seo-wordpress\/ -->\n<title>Karen26 tidslinie - sagen om VisitDenmark og barnets far p\u00e5 YouTube - Overskrifts blog<\/title>\n<meta name=\"robots\" content=\"index, follow, max-snippet:-1, max-image-preview:large, max-video-preview:-1\" \/>\n<link rel=\"canonical\" href=\"https:\/\/www.overskrift.dk\/blog\/2009\/09\/13\/karen26-tidslinie-sagen-om-visitdenmark-og-barnets-far-pa-youtube\/\" \/>\n<meta property=\"og:locale\" content=\"da_DK\" \/>\n<meta property=\"og:type\" content=\"article\" \/>\n<meta property=\"og:title\" content=\"Karen26 tidslinie - sagen om VisitDenmark og barnets far p\u00e5 YouTube - Overskrifts blog\" \/>\n<meta property=\"og:description\" content=\"Sagen om den unge danske kvinde Karen som p\u00e5 YouTube s\u00f8ger efter faderen til barnet har skabt overskrifter i b\u00e5de nye og traditionelle medier og blevet diskuteret heftigt.&hellip;\" \/>\n<meta property=\"og:url\" content=\"https:\/\/www.overskrift.dk\/blog\/2009\/09\/13\/karen26-tidslinie-sagen-om-visitdenmark-og-barnets-far-pa-youtube\/\" \/>\n<meta property=\"og:site_name\" content=\"Overskrifts blog\" \/>\n<meta property=\"article:publisher\" content=\"https:\/\/www.facebook.com\/overskrift\" \/>\n<meta property=\"article:published_time\" content=\"2009-09-13T19:55:18+00:00\" \/>\n<meta property=\"article:modified_time\" content=\"2017-04-19T08:09:57+00:00\" \/>\n<meta property=\"og:image\" content=\"http:\/\/blog.overskrift.dk\/wp-content\/uploads\/2009\/09\/graf-visitdenmark.png\" \/>\n<meta name=\"author\" content=\"Stefan B\u00f8gh-Andersen\" \/>\n<meta name=\"twitter:card\" content=\"summary_large_image\" \/>\n<meta name=\"twitter:creator\" content=\"@overskrift\" \/>\n<meta name=\"twitter:site\" content=\"@overskrift\" \/>\n<script type=\"application\/ld+json\" class=\"yoast-schema-graph\">{\"@context\":\"https:\\\/\\\/schema.org\",\"@graph\":[{\"@type\":\"Article\",\"@id\":\"https:\\\/\\\/www.overskrift.dk\\\/blog\\\/2009\\\/09\\\/13\\\/karen26-tidslinie-sagen-om-visitdenmark-og-barnets-far-pa-youtube\\\/#article\",\"isPartOf\":{\"@id\":\"https:\\\/\\\/www.overskrift.dk\\\/blog\\\/2009\\\/09\\\/13\\\/karen26-tidslinie-sagen-om-visitdenmark-og-barnets-far-pa-youtube\\\/\"},\"author\":{\"name\":\"Stefan B\u00f8gh-Andersen\",\"@id\":\"https:\\\/\\\/www.overskrift.dk\\\/blog\\\/#\\\/schema\\\/person\\\/b78220010603ce4384fa7758a6eabaf3\"},\"headline\":\"Karen26 tidslinie &#8211; sagen om VisitDenmark og barnets far p\u00e5 YouTube\",\"datePublished\":\"2009-09-13T19:55:18+00:00\",\"dateModified\":\"2017-04-19T08:09:57+00:00\",\"mainEntityOfPage\":{\"@id\":\"https:\\\/\\\/www.overskrift.dk\\\/blog\\\/2009\\\/09\\\/13\\\/karen26-tidslinie-sagen-om-visitdenmark-og-barnets-far-pa-youtube\\\/\"},\"wordCount\":1155,\"commentCount\":15,\"publisher\":{\"@id\":\"https:\\\/\\\/www.overskrift.dk\\\/blog\\\/#organization\"},\"image\":{\"@id\":\"https:\\\/\\\/www.overskrift.dk\\\/blog\\\/2009\\\/09\\\/13\\\/karen26-tidslinie-sagen-om-visitdenmark-og-barnets-far-pa-youtube\\\/#primaryimage\"},\"thumbnailUrl\":\"http:\\\/\\\/blog.overskrift.dk\\\/wp-content\\\/uploads\\\/2009\\\/09\\\/graf-visitdenmark.png\",\"keywords\":[\"Video\",\"Viralt\",\"Youtube\"],\"articleSection\":[\"Analyser\"],\"inLanguage\":\"da-DK\",\"potentialAction\":[{\"@type\":\"CommentAction\",\"name\":\"Comment\",\"target\":[\"https:\\\/\\\/www.overskrift.dk\\\/blog\\\/2009\\\/09\\\/13\\\/karen26-tidslinie-sagen-om-visitdenmark-og-barnets-far-pa-youtube\\\/#respond\"]}]},{\"@type\":\"WebPage\",\"@id\":\"https:\\\/\\\/www.overskrift.dk\\\/blog\\\/2009\\\/09\\\/13\\\/karen26-tidslinie-sagen-om-visitdenmark-og-barnets-far-pa-youtube\\\/\",\"url\":\"https:\\\/\\\/www.overskrift.dk\\\/blog\\\/2009\\\/09\\\/13\\\/karen26-tidslinie-sagen-om-visitdenmark-og-barnets-far-pa-youtube\\\/\",\"name\":\"Karen26 tidslinie - sagen om VisitDenmark og barnets far p\u00e5 YouTube - Overskrifts blog\",\"isPartOf\":{\"@id\":\"https:\\\/\\\/www.overskrift.dk\\\/blog\\\/#website\"},\"primaryImageOfPage\":{\"@id\":\"https:\\\/\\\/www.overskrift.dk\\\/blog\\\/2009\\\/09\\\/13\\\/karen26-tidslinie-sagen-om-visitdenmark-og-barnets-far-pa-youtube\\\/#primaryimage\"},\"image\":{\"@id\":\"https:\\\/\\\/www.overskrift.dk\\\/blog\\\/2009\\\/09\\\/13\\\/karen26-tidslinie-sagen-om-visitdenmark-og-barnets-far-pa-youtube\\\/#primaryimage\"},\"thumbnailUrl\":\"http:\\\/\\\/blog.overskrift.dk\\\/wp-content\\\/uploads\\\/2009\\\/09\\\/graf-visitdenmark.png\",\"datePublished\":\"2009-09-13T19:55:18+00:00\",\"dateModified\":\"2017-04-19T08:09:57+00:00\",\"breadcrumb\":{\"@id\":\"https:\\\/\\\/www.overskrift.dk\\\/blog\\\/2009\\\/09\\\/13\\\/karen26-tidslinie-sagen-om-visitdenmark-og-barnets-far-pa-youtube\\\/#breadcrumb\"},\"inLanguage\":\"da-DK\",\"potentialAction\":[{\"@type\":\"ReadAction\",\"target\":[\"https:\\\/\\\/www.overskrift.dk\\\/blog\\\/2009\\\/09\\\/13\\\/karen26-tidslinie-sagen-om-visitdenmark-og-barnets-far-pa-youtube\\\/\"]}]},{\"@type\":\"ImageObject\",\"inLanguage\":\"da-DK\",\"@id\":\"https:\\\/\\\/www.overskrift.dk\\\/blog\\\/2009\\\/09\\\/13\\\/karen26-tidslinie-sagen-om-visitdenmark-og-barnets-far-pa-youtube\\\/#primaryimage\",\"url\":\"http:\\\/\\\/blog.overskrift.dk\\\/wp-content\\\/uploads\\\/2009\\\/09\\\/graf-visitdenmark.png\",\"contentUrl\":\"http:\\\/\\\/blog.overskrift.dk\\\/wp-content\\\/uploads\\\/2009\\\/09\\\/graf-visitdenmark.png\"},{\"@type\":\"BreadcrumbList\",\"@id\":\"https:\\\/\\\/www.overskrift.dk\\\/blog\\\/2009\\\/09\\\/13\\\/karen26-tidslinie-sagen-om-visitdenmark-og-barnets-far-pa-youtube\\\/#breadcrumb\",\"itemListElement\":[{\"@type\":\"ListItem\",\"position\":1,\"name\":\"Hjem\",\"item\":\"https:\\\/\\\/www.overskrift.dk\\\/blog\\\/\"},{\"@type\":\"ListItem\",\"position\":2,\"name\":\"Karen26 tidslinie &#8211; sagen om VisitDenmark og barnets far p\u00e5 YouTube\"}]},{\"@type\":\"WebSite\",\"@id\":\"https:\\\/\\\/www.overskrift.dk\\\/blog\\\/#website\",\"url\":\"https:\\\/\\\/www.overskrift.dk\\\/blog\\\/\",\"name\":\"Overskrifts blog\",\"description\":\"Nyeste indl\u00e6g\",\"publisher\":{\"@id\":\"https:\\\/\\\/www.overskrift.dk\\\/blog\\\/#organization\"},\"potentialAction\":[{\"@type\":\"SearchAction\",\"target\":{\"@type\":\"EntryPoint\",\"urlTemplate\":\"https:\\\/\\\/www.overskrift.dk\\\/blog\\\/?s={search_term_string}\"},\"query-input\":{\"@type\":\"PropertyValueSpecification\",\"valueRequired\":true,\"valueName\":\"search_term_string\"}}],\"inLanguage\":\"da-DK\"},{\"@type\":\"Organization\",\"@id\":\"https:\\\/\\\/www.overskrift.dk\\\/blog\\\/#organization\",\"name\":\"Overskrift ApS\",\"url\":\"https:\\\/\\\/www.overskrift.dk\\\/blog\\\/\",\"logo\":{\"@type\":\"ImageObject\",\"inLanguage\":\"da-DK\",\"@id\":\"https:\\\/\\\/www.overskrift.dk\\\/blog\\\/#\\\/schema\\\/logo\\\/image\\\/\",\"url\":\"https:\\\/\\\/blog.overskrift.dk\\\/wp-content\\\/uploads\\\/Just-the-dots-1.png\",\"contentUrl\":\"https:\\\/\\\/blog.overskrift.dk\\\/wp-content\\\/uploads\\\/Just-the-dots-1.png\",\"width\":258,\"height\":257,\"caption\":\"Overskrift ApS\"},\"image\":{\"@id\":\"https:\\\/\\\/www.overskrift.dk\\\/blog\\\/#\\\/schema\\\/logo\\\/image\\\/\"},\"sameAs\":[\"https:\\\/\\\/www.facebook.com\\\/overskrift\",\"https:\\\/\\\/x.com\\\/overskrift\",\"https:\\\/\\\/www.instagram.com\\\/overskrift\\\/\",\"https:\\\/\\\/www.linkedin.com\\\/company\\\/10153434\"]},{\"@type\":\"Person\",\"@id\":\"https:\\\/\\\/www.overskrift.dk\\\/blog\\\/#\\\/schema\\\/person\\\/b78220010603ce4384fa7758a6eabaf3\",\"name\":\"Stefan B\u00f8gh-Andersen\",\"image\":{\"@type\":\"ImageObject\",\"inLanguage\":\"da-DK\",\"@id\":\"https:\\\/\\\/secure.gravatar.com\\\/avatar\\\/f7eee59b7b5aa69f61ce713b6f85ef24d2faef678f186072e924c71249c2d2d6?s=96&d=mm&r=g\",\"url\":\"https:\\\/\\\/secure.gravatar.com\\\/avatar\\\/f7eee59b7b5aa69f61ce713b6f85ef24d2faef678f186072e924c71249c2d2d6?s=96&d=mm&r=g\",\"contentUrl\":\"https:\\\/\\\/secure.gravatar.com\\\/avatar\\\/f7eee59b7b5aa69f61ce713b6f85ef24d2faef678f186072e924c71249c2d2d6?s=96&d=mm&r=g\",\"caption\":\"Stefan B\u00f8gh-Andersen\"},\"description\":\"Indl\u00e6gget er skrevet af Stefan, der er direkt\u00f8r i og stifter af Overskrift. Stefan er en skarp analytiker og har mange \u00e5rs erfaring med r\u00e5dgivning inden for sociale medier og nyhedssites.\",\"url\":\"https:\\\/\\\/www.overskrift.dk\\\/blog\\\/author\\\/stefan\\\/\"}]}<\/script>\n<!-- \/ Yoast SEO plugin. -->","yoast_head_json":{"title":"Karen26 tidslinie - sagen om VisitDenmark og barnets far p\u00e5 YouTube - Overskrifts blog","robots":{"index":"index","follow":"follow","max-snippet":"max-snippet:-1","max-image-preview":"max-image-preview:large","max-video-preview":"max-video-preview:-1"},"canonical":"https:\/\/www.overskrift.dk\/blog\/2009\/09\/13\/karen26-tidslinie-sagen-om-visitdenmark-og-barnets-far-pa-youtube\/","og_locale":"da_DK","og_type":"article","og_title":"Karen26 tidslinie - sagen om VisitDenmark og barnets far p\u00e5 YouTube - Overskrifts blog","og_description":"Sagen om den unge danske kvinde Karen som p\u00e5 YouTube s\u00f8ger efter faderen til barnet har skabt overskrifter i b\u00e5de nye og traditionelle medier og blevet diskuteret heftigt.&hellip;","og_url":"https:\/\/www.overskrift.dk\/blog\/2009\/09\/13\/karen26-tidslinie-sagen-om-visitdenmark-og-barnets-far-pa-youtube\/","og_site_name":"Overskrifts blog","article_publisher":"https:\/\/www.facebook.com\/overskrift","article_published_time":"2009-09-13T19:55:18+00:00","article_modified_time":"2017-04-19T08:09:57+00:00","og_image":[{"url":"http:\/\/blog.overskrift.dk\/wp-content\/uploads\/2009\/09\/graf-visitdenmark.png","type":"","width":"","height":""}],"author":"Stefan B\u00f8gh-Andersen","twitter_card":"summary_large_image","twitter_creator":"@overskrift","twitter_site":"@overskrift","schema":{"@context":"https:\/\/schema.org","@graph":[{"@type":"Article","@id":"https:\/\/www.overskrift.dk\/blog\/2009\/09\/13\/karen26-tidslinie-sagen-om-visitdenmark-og-barnets-far-pa-youtube\/#article","isPartOf":{"@id":"https:\/\/www.overskrift.dk\/blog\/2009\/09\/13\/karen26-tidslinie-sagen-om-visitdenmark-og-barnets-far-pa-youtube\/"},"author":{"name":"Stefan B\u00f8gh-Andersen","@id":"https:\/\/www.overskrift.dk\/blog\/#\/schema\/person\/b78220010603ce4384fa7758a6eabaf3"},"headline":"Karen26 tidslinie &#8211; sagen om VisitDenmark og barnets far p\u00e5 YouTube","datePublished":"2009-09-13T19:55:18+00:00","dateModified":"2017-04-19T08:09:57+00:00","mainEntityOfPage":{"@id":"https:\/\/www.overskrift.dk\/blog\/2009\/09\/13\/karen26-tidslinie-sagen-om-visitdenmark-og-barnets-far-pa-youtube\/"},"wordCount":1155,"commentCount":15,"publisher":{"@id":"https:\/\/www.overskrift.dk\/blog\/#organization"},"image":{"@id":"https:\/\/www.overskrift.dk\/blog\/2009\/09\/13\/karen26-tidslinie-sagen-om-visitdenmark-og-barnets-far-pa-youtube\/#primaryimage"},"thumbnailUrl":"http:\/\/blog.overskrift.dk\/wp-content\/uploads\/2009\/09\/graf-visitdenmark.png","keywords":["Video","Viralt","Youtube"],"articleSection":["Analyser"],"inLanguage":"da-DK","potentialAction":[{"@type":"CommentAction","name":"Comment","target":["https:\/\/www.overskrift.dk\/blog\/2009\/09\/13\/karen26-tidslinie-sagen-om-visitdenmark-og-barnets-far-pa-youtube\/#respond"]}]},{"@type":"WebPage","@id":"https:\/\/www.overskrift.dk\/blog\/2009\/09\/13\/karen26-tidslinie-sagen-om-visitdenmark-og-barnets-far-pa-youtube\/","url":"https:\/\/www.overskrift.dk\/blog\/2009\/09\/13\/karen26-tidslinie-sagen-om-visitdenmark-og-barnets-far-pa-youtube\/","name":"Karen26 tidslinie - sagen om VisitDenmark og barnets far p\u00e5 YouTube - Overskrifts blog","isPartOf":{"@id":"https:\/\/www.overskrift.dk\/blog\/#website"},"primaryImageOfPage":{"@id":"https:\/\/www.overskrift.dk\/blog\/2009\/09\/13\/karen26-tidslinie-sagen-om-visitdenmark-og-barnets-far-pa-youtube\/#primaryimage"},"image":{"@id":"https:\/\/www.overskrift.dk\/blog\/2009\/09\/13\/karen26-tidslinie-sagen-om-visitdenmark-og-barnets-far-pa-youtube\/#primaryimage"},"thumbnailUrl":"http:\/\/blog.overskrift.dk\/wp-content\/uploads\/2009\/09\/graf-visitdenmark.png","datePublished":"2009-09-13T19:55:18+00:00","dateModified":"2017-04-19T08:09:57+00:00","breadcrumb":{"@id":"https:\/\/www.overskrift.dk\/blog\/2009\/09\/13\/karen26-tidslinie-sagen-om-visitdenmark-og-barnets-far-pa-youtube\/#breadcrumb"},"inLanguage":"da-DK","potentialAction":[{"@type":"ReadAction","target":["https:\/\/www.overskrift.dk\/blog\/2009\/09\/13\/karen26-tidslinie-sagen-om-visitdenmark-og-barnets-far-pa-youtube\/"]}]},{"@type":"ImageObject","inLanguage":"da-DK","@id":"https:\/\/www.overskrift.dk\/blog\/2009\/09\/13\/karen26-tidslinie-sagen-om-visitdenmark-og-barnets-far-pa-youtube\/#primaryimage","url":"http:\/\/blog.overskrift.dk\/wp-content\/uploads\/2009\/09\/graf-visitdenmark.png","contentUrl":"http:\/\/blog.overskrift.dk\/wp-content\/uploads\/2009\/09\/graf-visitdenmark.png"},{"@type":"BreadcrumbList","@id":"https:\/\/www.overskrift.dk\/blog\/2009\/09\/13\/karen26-tidslinie-sagen-om-visitdenmark-og-barnets-far-pa-youtube\/#breadcrumb","itemListElement":[{"@type":"ListItem","position":1,"name":"Hjem","item":"https:\/\/www.overskrift.dk\/blog\/"},{"@type":"ListItem","position":2,"name":"Karen26 tidslinie &#8211; sagen om VisitDenmark og barnets far p\u00e5 YouTube"}]},{"@type":"WebSite","@id":"https:\/\/www.overskrift.dk\/blog\/#website","url":"https:\/\/www.overskrift.dk\/blog\/","name":"Overskrifts blog","description":"Nyeste indl\u00e6g","publisher":{"@id":"https:\/\/www.overskrift.dk\/blog\/#organization"},"potentialAction":[{"@type":"SearchAction","target":{"@type":"EntryPoint","urlTemplate":"https:\/\/www.overskrift.dk\/blog\/?s={search_term_string}"},"query-input":{"@type":"PropertyValueSpecification","valueRequired":true,"valueName":"search_term_string"}}],"inLanguage":"da-DK"},{"@type":"Organization","@id":"https:\/\/www.overskrift.dk\/blog\/#organization","name":"Overskrift ApS","url":"https:\/\/www.overskrift.dk\/blog\/","logo":{"@type":"ImageObject","inLanguage":"da-DK","@id":"https:\/\/www.overskrift.dk\/blog\/#\/schema\/logo\/image\/","url":"https:\/\/blog.overskrift.dk\/wp-content\/uploads\/Just-the-dots-1.png","contentUrl":"https:\/\/blog.overskrift.dk\/wp-content\/uploads\/Just-the-dots-1.png","width":258,"height":257,"caption":"Overskrift ApS"},"image":{"@id":"https:\/\/www.overskrift.dk\/blog\/#\/schema\/logo\/image\/"},"sameAs":["https:\/\/www.facebook.com\/overskrift","https:\/\/x.com\/overskrift","https:\/\/www.instagram.com\/overskrift\/","https:\/\/www.linkedin.com\/company\/10153434"]},{"@type":"Person","@id":"https:\/\/www.overskrift.dk\/blog\/#\/schema\/person\/b78220010603ce4384fa7758a6eabaf3","name":"Stefan B\u00f8gh-Andersen","image":{"@type":"ImageObject","inLanguage":"da-DK","@id":"https:\/\/secure.gravatar.com\/avatar\/f7eee59b7b5aa69f61ce713b6f85ef24d2faef678f186072e924c71249c2d2d6?s=96&d=mm&r=g","url":"https:\/\/secure.gravatar.com\/avatar\/f7eee59b7b5aa69f61ce713b6f85ef24d2faef678f186072e924c71249c2d2d6?s=96&d=mm&r=g","contentUrl":"https:\/\/secure.gravatar.com\/avatar\/f7eee59b7b5aa69f61ce713b6f85ef24d2faef678f186072e924c71249c2d2d6?s=96&d=mm&r=g","caption":"Stefan B\u00f8gh-Andersen"},"description":"Indl\u00e6gget er skrevet af Stefan, der er direkt\u00f8r i og stifter af Overskrift. Stefan er en skarp analytiker og har mange \u00e5rs erfaring med r\u00e5dgivning inden for sociale medier og nyhedssites.","url":"https:\/\/www.overskrift.dk\/blog\/author\/stefan\/"}]}},"_links":{"self":[{"href":"https:\/\/www.overskrift.dk\/blog\/wp-json\/wp\/v2\/posts\/1782","targetHints":{"allow":["GET"]}}],"collection":[{"href":"https:\/\/www.overskrift.dk\/blog\/wp-json\/wp\/v2\/posts"}],"about":[{"href":"https:\/\/www.overskrift.dk\/blog\/wp-json\/wp\/v2\/types\/post"}],"author":[{"embeddable":true,"href":"https:\/\/www.overskrift.dk\/blog\/wp-json\/wp\/v2\/users\/4"}],"replies":[{"embeddable":true,"href":"https:\/\/www.overskrift.dk\/blog\/wp-json\/wp\/v2\/comments?post=1782"}],"version-history":[{"count":1,"href":"https:\/\/www.overskrift.dk\/blog\/wp-json\/wp\/v2\/posts\/1782\/revisions"}],"predecessor-version":[{"id":6771,"href":"https:\/\/www.overskrift.dk\/blog\/wp-json\/wp\/v2\/posts\/1782\/revisions\/6771"}],"wp:attachment":[{"href":"https:\/\/www.overskrift.dk\/blog\/wp-json\/wp\/v2\/media?parent=1782"}],"wp:term":[{"taxonomy":"category","embeddable":true,"href":"https:\/\/www.overskrift.dk\/blog\/wp-json\/wp\/v2\/categories?post=1782"},{"taxonomy":"post_tag","embeddable":true,"href":"https:\/\/www.overskrift.dk\/blog\/wp-json\/wp\/v2\/tags?post=1782"}],"curies":[{"name":"wp","href":"https:\/\/api.w.org\/{rel}","templated":true}]}}