{"id":2121,"date":"2010-05-28T12:59:05","date_gmt":"2010-05-28T10:59:05","guid":{"rendered":"http:\/\/blog.overskrift.dk\/?p=2121"},"modified":"2017-04-19T10:38:29","modified_gmt":"2017-04-19T08:38:29","slug":"tematisering-af-den-danske-blogosf%c3%a6re","status":"publish","type":"post","link":"https:\/\/www.overskrift.dk\/blog\/2010\/05\/28\/tematisering-af-den-danske-blogosf%c3%a6re\/","title":{"rendered":"Tematisering af den danske blogosf\u00e6re"},"content":{"rendered":"<p>P\u00e5 Overskrift.dk har vi efterh\u00e5nden fulgt de danske blogs i en del \u00e5r. Det er dog ikke altid nemt at overskue, n\u00e5r blogindl\u00e6g fra alle hj\u00f8rner af den danske blogosf\u00e6re kommer v\u00e6ltende i en lind str\u00f8m, f.eks. p\u00e5 <a href=\"http:\/\/overskrift.dk\/seneste\/weblog\">Seneste weblogindl\u00e6g<\/a>. Her v\u00e6lter indl\u00e6ggene over hinanden, gode som d\u00e5rlige, korte som lange, seri\u00f8se som useri\u00f8se, uden nogen sammenh\u00e6ng andet end det tilf\u00e6ldigvis er de seneste blogindl\u00e6g.<\/p>\n<p>Det vil vi nu fors\u00f8ge at rette op p\u00e5 ved introduktionen af <a href=\"http:\/\/overskrift.dk\/tema\">temaer<\/a> p\u00e5 Overskrift.dk. Et tema er en samling af blog(-feeds) som oftes handler om samme tema eller emne. I f\u00f8rste omgang er der temaer s\u00e5 som <a href=\"http:\/\/overskrift.dk\/tema\/mad\">Mad<\/a>, <a href=\"http:\/\/overskrift.dk\/tema\/webdesign\">Webdesign<\/a>, <a href=\"http:\/\/overskrift.dk\/tema\/lydogvideo\">Lyd og video<\/a>, <a href=\"http:\/\/overskrift.dk\/tema\/h%C3%A5ndarbejde\">H\u00e5ndarbejde<\/a> og <a href=\"http:\/\/overskrift.dk\/tema\/webkommunikation\">Webkommunikation<\/a>.<\/p>\n<p>Et meget aktivt tema er de <a href=\"http:\/\/overskrift.dk\/tema\/mode\">mange modeblogs<\/a>, hvor som regel yngre kvinder (i alderen ca 16 til 28 \u00e5r &#8211; se f.eks. interview i <a href=\"http:\/\/www.metroxpress.dk\/dk\/article\/2010\/05\/04\/09\/2432-83\/index.xml\">Metroxpress<\/a>) blogger om t\u00f8j og smykker de g\u00e5r i, t\u00f8j de \u00f8nsker sig, trends fra modebladene etc. I det seneste \u00e5rs tid er antallet af danske modebloggere steget kraftigt, s\u00e5 <a href=\"http:\/\/overskrift.dk\/tema\/mode\">mode temaet<\/a> nu best\u00e5r af over 550 danske modebloggere!<\/p>\n<p style=\"text-align: center;\"><a href=\"http:\/\/overskrift.dk\/tema\/Mode\"><img loading=\"lazy\" decoding=\"async\" class=\"size-full wp-image-2124  aligncenter\" title=\"Mode-tema\" src=\"http:\/\/blog.overskrift.dk\/wp-content\/uploads\/2010\/05\/Mode-tema.jpg\" alt=\"Mode tema\" width=\"300\" height=\"308\" \/><\/a><\/p>\n<p>Temaer er alts\u00e5 ment som en hj\u00e6lp til at danne sig et nemt overblik over hvad der sker og blogges om indenfor forskellige emner.\u00a0 Som s\u00e6dvanligt vises kun en lille bid af teksten fra blog-indl\u00e6ggene,  s\u00e5 hvis man vil l\u00e6se hele indl\u00e6gget klikker man sig videre til den  oprindelige blog. \u00a0P\u00e5 den m\u00e5de skabes ogs\u00e5 trafik til bloggerne.<\/p>\n<p>Man kan vel ogs\u00e5 betragte temaerne som en slags blog feedreader. Vi fors\u00f8ger at have er slags &#8220;redakt\u00f8r&#8221; eller kurator for hvert tema: en person som ved noget om temaet, br\u00e6nder for emnet eller selv blogger indenfor emnet, og derfor kan udv\u00e6lge hvilke blogs som man mener h\u00f8rer til emnet. Hvis du mener din egen\u00a0 &#8211; eller en anden dansk blog &#8211; h\u00f8rer til et emne kan du kontakte redakt\u00f8ren for temaet.<\/p>\n<p>P\u00e5 sigt vil vi \u00e5bne op for flere temaer, s\u00e5 hvis du vil foresl\u00e5 et tema eller har lyst til at v\u00e6re kurator for et tema du synes mangler, og som ellers har en vis m\u00e6ngde aktivitet, skal du bare sige til.<\/p>\n<p>Som s\u00e6dvanligt er der plads til ris og ros i kommentarfeltet nedenfor.<\/p>\n","protected":false},"excerpt":{"rendered":"<p>P\u00e5 Overskrift.dk har vi efterh\u00e5nden fulgt de danske blogs i en del \u00e5r. Det er dog ikke altid nemt at overskue, n\u00e5r blogindl\u00e6g fra alle hj\u00f8rner af den&hellip;<\/p>\n","protected":false},"author":4,"featured_media":0,"comment_status":"open","ping_status":"open","sticky":false,"template":"","format":"standard","meta":{"cybocfi_hide_featured_image":"","footnotes":""},"categories":[302],"tags":[334,322,389,346,248,390],"class_list":["post-2121","post","type-post","status-publish","format-standard","hentry","category-analyser","tag-blogging","tag-blogosfaere","tag-mode","tag-ny-feature","tag-overskrift","tag-tema"],"yoast_head":"<!-- This site is optimized with the Yoast SEO plugin v27.5 - https:\/\/yoast.com\/product\/yoast-seo-wordpress\/ -->\n<title>Tematisering af den danske blogosf\u00e6re - Overskrifts blog<\/title>\n<meta name=\"robots\" content=\"index, follow, max-snippet:-1, max-image-preview:large, max-video-preview:-1\" \/>\n<link rel=\"canonical\" href=\"https:\/\/www.overskrift.dk\/blog\/2010\/05\/28\/tematisering-af-den-danske-blogosf\u00e6re\/\" \/>\n<meta property=\"og:locale\" content=\"da_DK\" \/>\n<meta property=\"og:type\" content=\"article\" \/>\n<meta property=\"og:title\" content=\"Tematisering af den danske blogosf\u00e6re - Overskrifts blog\" \/>\n<meta property=\"og:description\" content=\"P\u00e5 Overskrift.dk har vi efterh\u00e5nden fulgt de danske blogs i en del \u00e5r. Det er dog ikke altid nemt at overskue, n\u00e5r blogindl\u00e6g fra alle hj\u00f8rner af den&hellip;\" \/>\n<meta property=\"og:url\" content=\"https:\/\/www.overskrift.dk\/blog\/2010\/05\/28\/tematisering-af-den-danske-blogosf\u00e6re\/\" \/>\n<meta property=\"og:site_name\" content=\"Overskrifts blog\" \/>\n<meta property=\"article:publisher\" content=\"https:\/\/www.facebook.com\/overskrift\" \/>\n<meta property=\"article:published_time\" content=\"2010-05-28T10:59:05+00:00\" \/>\n<meta property=\"article:modified_time\" content=\"2017-04-19T08:38:29+00:00\" \/>\n<meta property=\"og:image\" content=\"http:\/\/blog.overskrift.dk\/wp-content\/uploads\/2010\/05\/Mode-tema.jpg\" \/>\n<meta name=\"author\" content=\"Stefan B\u00f8gh-Andersen\" \/>\n<meta name=\"twitter:card\" content=\"summary_large_image\" \/>\n<meta name=\"twitter:creator\" content=\"@overskrift\" \/>\n<meta name=\"twitter:site\" content=\"@overskrift\" \/>\n<script type=\"application\/ld+json\" class=\"yoast-schema-graph\">{\"@context\":\"https:\\\/\\\/schema.org\",\"@graph\":[{\"@type\":\"Article\",\"@id\":\"https:\\\/\\\/www.overskrift.dk\\\/blog\\\/2010\\\/05\\\/28\\\/tematisering-af-den-danske-blogosf%c3%a6re\\\/#article\",\"isPartOf\":{\"@id\":\"https:\\\/\\\/www.overskrift.dk\\\/blog\\\/2010\\\/05\\\/28\\\/tematisering-af-den-danske-blogosf%c3%a6re\\\/\"},\"author\":{\"name\":\"Stefan B\u00f8gh-Andersen\",\"@id\":\"https:\\\/\\\/www.overskrift.dk\\\/blog\\\/#\\\/schema\\\/person\\\/b78220010603ce4384fa7758a6eabaf3\"},\"headline\":\"Tematisering af den danske blogosf\u00e6re\",\"datePublished\":\"2010-05-28T10:59:05+00:00\",\"dateModified\":\"2017-04-19T08:38:29+00:00\",\"mainEntityOfPage\":{\"@id\":\"https:\\\/\\\/www.overskrift.dk\\\/blog\\\/2010\\\/05\\\/28\\\/tematisering-af-den-danske-blogosf%c3%a6re\\\/\"},\"wordCount\":406,\"commentCount\":10,\"publisher\":{\"@id\":\"https:\\\/\\\/www.overskrift.dk\\\/blog\\\/#organization\"},\"image\":{\"@id\":\"https:\\\/\\\/www.overskrift.dk\\\/blog\\\/2010\\\/05\\\/28\\\/tematisering-af-den-danske-blogosf%c3%a6re\\\/#primaryimage\"},\"thumbnailUrl\":\"http:\\\/\\\/blog.overskrift.dk\\\/wp-content\\\/uploads\\\/2010\\\/05\\\/Mode-tema.jpg\",\"keywords\":[\"Blogging\",\"Blogosf\u00e6re\",\"mode\",\"Ny feature\",\"overskrift\",\"Tema\"],\"articleSection\":[\"Analyser\"],\"inLanguage\":\"da-DK\",\"potentialAction\":[{\"@type\":\"CommentAction\",\"name\":\"Comment\",\"target\":[\"https:\\\/\\\/www.overskrift.dk\\\/blog\\\/2010\\\/05\\\/28\\\/tematisering-af-den-danske-blogosf%c3%a6re\\\/#respond\"]}]},{\"@type\":\"WebPage\",\"@id\":\"https:\\\/\\\/www.overskrift.dk\\\/blog\\\/2010\\\/05\\\/28\\\/tematisering-af-den-danske-blogosf%c3%a6re\\\/\",\"url\":\"https:\\\/\\\/www.overskrift.dk\\\/blog\\\/2010\\\/05\\\/28\\\/tematisering-af-den-danske-blogosf%c3%a6re\\\/\",\"name\":\"Tematisering af den danske blogosf\u00e6re - Overskrifts blog\",\"isPartOf\":{\"@id\":\"https:\\\/\\\/www.overskrift.dk\\\/blog\\\/#website\"},\"primaryImageOfPage\":{\"@id\":\"https:\\\/\\\/www.overskrift.dk\\\/blog\\\/2010\\\/05\\\/28\\\/tematisering-af-den-danske-blogosf%c3%a6re\\\/#primaryimage\"},\"image\":{\"@id\":\"https:\\\/\\\/www.overskrift.dk\\\/blog\\\/2010\\\/05\\\/28\\\/tematisering-af-den-danske-blogosf%c3%a6re\\\/#primaryimage\"},\"thumbnailUrl\":\"http:\\\/\\\/blog.overskrift.dk\\\/wp-content\\\/uploads\\\/2010\\\/05\\\/Mode-tema.jpg\",\"datePublished\":\"2010-05-28T10:59:05+00:00\",\"dateModified\":\"2017-04-19T08:38:29+00:00\",\"breadcrumb\":{\"@id\":\"https:\\\/\\\/www.overskrift.dk\\\/blog\\\/2010\\\/05\\\/28\\\/tematisering-af-den-danske-blogosf%c3%a6re\\\/#breadcrumb\"},\"inLanguage\":\"da-DK\",\"potentialAction\":[{\"@type\":\"ReadAction\",\"target\":[\"https:\\\/\\\/www.overskrift.dk\\\/blog\\\/2010\\\/05\\\/28\\\/tematisering-af-den-danske-blogosf%c3%a6re\\\/\"]}]},{\"@type\":\"ImageObject\",\"inLanguage\":\"da-DK\",\"@id\":\"https:\\\/\\\/www.overskrift.dk\\\/blog\\\/2010\\\/05\\\/28\\\/tematisering-af-den-danske-blogosf%c3%a6re\\\/#primaryimage\",\"url\":\"http:\\\/\\\/blog.overskrift.dk\\\/wp-content\\\/uploads\\\/2010\\\/05\\\/Mode-tema.jpg\",\"contentUrl\":\"http:\\\/\\\/blog.overskrift.dk\\\/wp-content\\\/uploads\\\/2010\\\/05\\\/Mode-tema.jpg\"},{\"@type\":\"BreadcrumbList\",\"@id\":\"https:\\\/\\\/www.overskrift.dk\\\/blog\\\/2010\\\/05\\\/28\\\/tematisering-af-den-danske-blogosf%c3%a6re\\\/#breadcrumb\",\"itemListElement\":[{\"@type\":\"ListItem\",\"position\":1,\"name\":\"Hjem\",\"item\":\"https:\\\/\\\/www.overskrift.dk\\\/blog\\\/\"},{\"@type\":\"ListItem\",\"position\":2,\"name\":\"Tematisering af den danske blogosf\u00e6re\"}]},{\"@type\":\"WebSite\",\"@id\":\"https:\\\/\\\/www.overskrift.dk\\\/blog\\\/#website\",\"url\":\"https:\\\/\\\/www.overskrift.dk\\\/blog\\\/\",\"name\":\"Overskrifts blog\",\"description\":\"Nyeste indl\u00e6g\",\"publisher\":{\"@id\":\"https:\\\/\\\/www.overskrift.dk\\\/blog\\\/#organization\"},\"potentialAction\":[{\"@type\":\"SearchAction\",\"target\":{\"@type\":\"EntryPoint\",\"urlTemplate\":\"https:\\\/\\\/www.overskrift.dk\\\/blog\\\/?s={search_term_string}\"},\"query-input\":{\"@type\":\"PropertyValueSpecification\",\"valueRequired\":true,\"valueName\":\"search_term_string\"}}],\"inLanguage\":\"da-DK\"},{\"@type\":\"Organization\",\"@id\":\"https:\\\/\\\/www.overskrift.dk\\\/blog\\\/#organization\",\"name\":\"Overskrift ApS\",\"url\":\"https:\\\/\\\/www.overskrift.dk\\\/blog\\\/\",\"logo\":{\"@type\":\"ImageObject\",\"inLanguage\":\"da-DK\",\"@id\":\"https:\\\/\\\/www.overskrift.dk\\\/blog\\\/#\\\/schema\\\/logo\\\/image\\\/\",\"url\":\"https:\\\/\\\/blog.overskrift.dk\\\/wp-content\\\/uploads\\\/Just-the-dots-1.png\",\"contentUrl\":\"https:\\\/\\\/blog.overskrift.dk\\\/wp-content\\\/uploads\\\/Just-the-dots-1.png\",\"width\":258,\"height\":257,\"caption\":\"Overskrift ApS\"},\"image\":{\"@id\":\"https:\\\/\\\/www.overskrift.dk\\\/blog\\\/#\\\/schema\\\/logo\\\/image\\\/\"},\"sameAs\":[\"https:\\\/\\\/www.facebook.com\\\/overskrift\",\"https:\\\/\\\/x.com\\\/overskrift\",\"https:\\\/\\\/www.instagram.com\\\/overskrift\\\/\",\"https:\\\/\\\/www.linkedin.com\\\/company\\\/10153434\"]},{\"@type\":\"Person\",\"@id\":\"https:\\\/\\\/www.overskrift.dk\\\/blog\\\/#\\\/schema\\\/person\\\/b78220010603ce4384fa7758a6eabaf3\",\"name\":\"Stefan B\u00f8gh-Andersen\",\"image\":{\"@type\":\"ImageObject\",\"inLanguage\":\"da-DK\",\"@id\":\"https:\\\/\\\/secure.gravatar.com\\\/avatar\\\/f7eee59b7b5aa69f61ce713b6f85ef24d2faef678f186072e924c71249c2d2d6?s=96&d=mm&r=g\",\"url\":\"https:\\\/\\\/secure.gravatar.com\\\/avatar\\\/f7eee59b7b5aa69f61ce713b6f85ef24d2faef678f186072e924c71249c2d2d6?s=96&d=mm&r=g\",\"contentUrl\":\"https:\\\/\\\/secure.gravatar.com\\\/avatar\\\/f7eee59b7b5aa69f61ce713b6f85ef24d2faef678f186072e924c71249c2d2d6?s=96&d=mm&r=g\",\"caption\":\"Stefan B\u00f8gh-Andersen\"},\"description\":\"Indl\u00e6gget er skrevet af Stefan, der er direkt\u00f8r i og stifter af Overskrift. Stefan er en skarp analytiker og har mange \u00e5rs erfaring med r\u00e5dgivning inden for sociale medier og nyhedssites.\",\"url\":\"https:\\\/\\\/www.overskrift.dk\\\/blog\\\/author\\\/stefan\\\/\"}]}<\/script>\n<!-- \/ Yoast SEO plugin. -->","yoast_head_json":{"title":"Tematisering af den danske blogosf\u00e6re - Overskrifts blog","robots":{"index":"index","follow":"follow","max-snippet":"max-snippet:-1","max-image-preview":"max-image-preview:large","max-video-preview":"max-video-preview:-1"},"canonical":"https:\/\/www.overskrift.dk\/blog\/2010\/05\/28\/tematisering-af-den-danske-blogosf\u00e6re\/","og_locale":"da_DK","og_type":"article","og_title":"Tematisering af den danske blogosf\u00e6re - Overskrifts blog","og_description":"P\u00e5 Overskrift.dk har vi efterh\u00e5nden fulgt de danske blogs i en del \u00e5r. Det er dog ikke altid nemt at overskue, n\u00e5r blogindl\u00e6g fra alle hj\u00f8rner af den&hellip;","og_url":"https:\/\/www.overskrift.dk\/blog\/2010\/05\/28\/tematisering-af-den-danske-blogosf\u00e6re\/","og_site_name":"Overskrifts blog","article_publisher":"https:\/\/www.facebook.com\/overskrift","article_published_time":"2010-05-28T10:59:05+00:00","article_modified_time":"2017-04-19T08:38:29+00:00","og_image":[{"url":"http:\/\/blog.overskrift.dk\/wp-content\/uploads\/2010\/05\/Mode-tema.jpg","type":"","width":"","height":""}],"author":"Stefan B\u00f8gh-Andersen","twitter_card":"summary_large_image","twitter_creator":"@overskrift","twitter_site":"@overskrift","schema":{"@context":"https:\/\/schema.org","@graph":[{"@type":"Article","@id":"https:\/\/www.overskrift.dk\/blog\/2010\/05\/28\/tematisering-af-den-danske-blogosf%c3%a6re\/#article","isPartOf":{"@id":"https:\/\/www.overskrift.dk\/blog\/2010\/05\/28\/tematisering-af-den-danske-blogosf%c3%a6re\/"},"author":{"name":"Stefan B\u00f8gh-Andersen","@id":"https:\/\/www.overskrift.dk\/blog\/#\/schema\/person\/b78220010603ce4384fa7758a6eabaf3"},"headline":"Tematisering af den danske blogosf\u00e6re","datePublished":"2010-05-28T10:59:05+00:00","dateModified":"2017-04-19T08:38:29+00:00","mainEntityOfPage":{"@id":"https:\/\/www.overskrift.dk\/blog\/2010\/05\/28\/tematisering-af-den-danske-blogosf%c3%a6re\/"},"wordCount":406,"commentCount":10,"publisher":{"@id":"https:\/\/www.overskrift.dk\/blog\/#organization"},"image":{"@id":"https:\/\/www.overskrift.dk\/blog\/2010\/05\/28\/tematisering-af-den-danske-blogosf%c3%a6re\/#primaryimage"},"thumbnailUrl":"http:\/\/blog.overskrift.dk\/wp-content\/uploads\/2010\/05\/Mode-tema.jpg","keywords":["Blogging","Blogosf\u00e6re","mode","Ny feature","overskrift","Tema"],"articleSection":["Analyser"],"inLanguage":"da-DK","potentialAction":[{"@type":"CommentAction","name":"Comment","target":["https:\/\/www.overskrift.dk\/blog\/2010\/05\/28\/tematisering-af-den-danske-blogosf%c3%a6re\/#respond"]}]},{"@type":"WebPage","@id":"https:\/\/www.overskrift.dk\/blog\/2010\/05\/28\/tematisering-af-den-danske-blogosf%c3%a6re\/","url":"https:\/\/www.overskrift.dk\/blog\/2010\/05\/28\/tematisering-af-den-danske-blogosf%c3%a6re\/","name":"Tematisering af den danske blogosf\u00e6re - Overskrifts blog","isPartOf":{"@id":"https:\/\/www.overskrift.dk\/blog\/#website"},"primaryImageOfPage":{"@id":"https:\/\/www.overskrift.dk\/blog\/2010\/05\/28\/tematisering-af-den-danske-blogosf%c3%a6re\/#primaryimage"},"image":{"@id":"https:\/\/www.overskrift.dk\/blog\/2010\/05\/28\/tematisering-af-den-danske-blogosf%c3%a6re\/#primaryimage"},"thumbnailUrl":"http:\/\/blog.overskrift.dk\/wp-content\/uploads\/2010\/05\/Mode-tema.jpg","datePublished":"2010-05-28T10:59:05+00:00","dateModified":"2017-04-19T08:38:29+00:00","breadcrumb":{"@id":"https:\/\/www.overskrift.dk\/blog\/2010\/05\/28\/tematisering-af-den-danske-blogosf%c3%a6re\/#breadcrumb"},"inLanguage":"da-DK","potentialAction":[{"@type":"ReadAction","target":["https:\/\/www.overskrift.dk\/blog\/2010\/05\/28\/tematisering-af-den-danske-blogosf%c3%a6re\/"]}]},{"@type":"ImageObject","inLanguage":"da-DK","@id":"https:\/\/www.overskrift.dk\/blog\/2010\/05\/28\/tematisering-af-den-danske-blogosf%c3%a6re\/#primaryimage","url":"http:\/\/blog.overskrift.dk\/wp-content\/uploads\/2010\/05\/Mode-tema.jpg","contentUrl":"http:\/\/blog.overskrift.dk\/wp-content\/uploads\/2010\/05\/Mode-tema.jpg"},{"@type":"BreadcrumbList","@id":"https:\/\/www.overskrift.dk\/blog\/2010\/05\/28\/tematisering-af-den-danske-blogosf%c3%a6re\/#breadcrumb","itemListElement":[{"@type":"ListItem","position":1,"name":"Hjem","item":"https:\/\/www.overskrift.dk\/blog\/"},{"@type":"ListItem","position":2,"name":"Tematisering af den danske blogosf\u00e6re"}]},{"@type":"WebSite","@id":"https:\/\/www.overskrift.dk\/blog\/#website","url":"https:\/\/www.overskrift.dk\/blog\/","name":"Overskrifts blog","description":"Nyeste indl\u00e6g","publisher":{"@id":"https:\/\/www.overskrift.dk\/blog\/#organization"},"potentialAction":[{"@type":"SearchAction","target":{"@type":"EntryPoint","urlTemplate":"https:\/\/www.overskrift.dk\/blog\/?s={search_term_string}"},"query-input":{"@type":"PropertyValueSpecification","valueRequired":true,"valueName":"search_term_string"}}],"inLanguage":"da-DK"},{"@type":"Organization","@id":"https:\/\/www.overskrift.dk\/blog\/#organization","name":"Overskrift ApS","url":"https:\/\/www.overskrift.dk\/blog\/","logo":{"@type":"ImageObject","inLanguage":"da-DK","@id":"https:\/\/www.overskrift.dk\/blog\/#\/schema\/logo\/image\/","url":"https:\/\/blog.overskrift.dk\/wp-content\/uploads\/Just-the-dots-1.png","contentUrl":"https:\/\/blog.overskrift.dk\/wp-content\/uploads\/Just-the-dots-1.png","width":258,"height":257,"caption":"Overskrift ApS"},"image":{"@id":"https:\/\/www.overskrift.dk\/blog\/#\/schema\/logo\/image\/"},"sameAs":["https:\/\/www.facebook.com\/overskrift","https:\/\/x.com\/overskrift","https:\/\/www.instagram.com\/overskrift\/","https:\/\/www.linkedin.com\/company\/10153434"]},{"@type":"Person","@id":"https:\/\/www.overskrift.dk\/blog\/#\/schema\/person\/b78220010603ce4384fa7758a6eabaf3","name":"Stefan B\u00f8gh-Andersen","image":{"@type":"ImageObject","inLanguage":"da-DK","@id":"https:\/\/secure.gravatar.com\/avatar\/f7eee59b7b5aa69f61ce713b6f85ef24d2faef678f186072e924c71249c2d2d6?s=96&d=mm&r=g","url":"https:\/\/secure.gravatar.com\/avatar\/f7eee59b7b5aa69f61ce713b6f85ef24d2faef678f186072e924c71249c2d2d6?s=96&d=mm&r=g","contentUrl":"https:\/\/secure.gravatar.com\/avatar\/f7eee59b7b5aa69f61ce713b6f85ef24d2faef678f186072e924c71249c2d2d6?s=96&d=mm&r=g","caption":"Stefan B\u00f8gh-Andersen"},"description":"Indl\u00e6gget er skrevet af Stefan, der er direkt\u00f8r i og stifter af Overskrift. Stefan er en skarp analytiker og har mange \u00e5rs erfaring med r\u00e5dgivning inden for sociale medier og nyhedssites.","url":"https:\/\/www.overskrift.dk\/blog\/author\/stefan\/"}]}},"_links":{"self":[{"href":"https:\/\/www.overskrift.dk\/blog\/wp-json\/wp\/v2\/posts\/2121","targetHints":{"allow":["GET"]}}],"collection":[{"href":"https:\/\/www.overskrift.dk\/blog\/wp-json\/wp\/v2\/posts"}],"about":[{"href":"https:\/\/www.overskrift.dk\/blog\/wp-json\/wp\/v2\/types\/post"}],"author":[{"embeddable":true,"href":"https:\/\/www.overskrift.dk\/blog\/wp-json\/wp\/v2\/users\/4"}],"replies":[{"embeddable":true,"href":"https:\/\/www.overskrift.dk\/blog\/wp-json\/wp\/v2\/comments?post=2121"}],"version-history":[{"count":1,"href":"https:\/\/www.overskrift.dk\/blog\/wp-json\/wp\/v2\/posts\/2121\/revisions"}],"predecessor-version":[{"id":6736,"href":"https:\/\/www.overskrift.dk\/blog\/wp-json\/wp\/v2\/posts\/2121\/revisions\/6736"}],"wp:attachment":[{"href":"https:\/\/www.overskrift.dk\/blog\/wp-json\/wp\/v2\/media?parent=2121"}],"wp:term":[{"taxonomy":"category","embeddable":true,"href":"https:\/\/www.overskrift.dk\/blog\/wp-json\/wp\/v2\/categories?post=2121"},{"taxonomy":"post_tag","embeddable":true,"href":"https:\/\/www.overskrift.dk\/blog\/wp-json\/wp\/v2\/tags?post=2121"}],"curies":[{"name":"wp","href":"https:\/\/api.w.org\/{rel}","templated":true}]}}