{"id":2376,"date":"2011-09-19T12:47:44","date_gmt":"2011-09-19T10:47:44","guid":{"rendered":"http:\/\/blog.overskrift.dk\/?p=2376"},"modified":"2022-11-22T12:09:29","modified_gmt":"2022-11-22T11:09:29","slug":"folketingsvalget-2011-pa-twitter","status":"publish","type":"post","link":"https:\/\/www.overskrift.dk\/blog\/2011\/09\/19\/folketingsvalget-2011-pa-twitter\/","title":{"rendered":"Folketingsvalget 2011 p\u00e5 Twitter"},"content":{"rendered":"<p>Ved det netop overst\u00e5ede folketingsvalg var der en hel del aktivitet i den danske del af &#8220;Twittersf\u00e6ren&#8221;. For at kaster lidt lys over brugen af Twitter i valgkampsperioden, er her nogle grafer med udgangspunkt i data fra Overskift.dk. P\u00e5 Overskrift.dk f\u00f8lger vi l\u00f8bende pt. ca. 45.000 danskere, som er p\u00e5 Twitter.<\/p>\n<p>Folk der interesserer sig for dansk politik generelt, har l\u00e6nge markeret deres tweets med hashtag <a href=\"http:\/\/twitter.com\/#!\/search\/%23dkpol\">#dkpol<\/a>, og som det ses har aktiviteten v\u00e6ret stor, s\u00e6rligt ved valgudskrivelsen d. 26. aug. 2011 og igen p\u00e5 selve valgdagen.<\/p>\n<p style=\"text-align: center;\"><a href=\"http:\/\/overskrift.dk\/searchresulttwit.php?q=dkpol\"><img loading=\"lazy\" decoding=\"async\" class=\"aligncenter size-full wp-image-2379\" title=\"dkpol-3mdr--med-valg\" src=\"http:\/\/blog.overskrift.dk\/wp-content\/uploads\/2011\/09\/dkpol-3mdr-med-valg.png\" alt=\"\" width=\"500\" height=\"364\" \/><\/a><em>Twitter aktvitet i de sidste 3 m\u00e5neder med brug af #dkpol hashtag.<\/em><\/p>\n<p>Til selve valgperioden blev der anvendt et s\u00e6rligt hashtag <a href=\"http:\/\/twitter.com\/#!\/search\/%23fv11\">#fv11<\/a> (folketingsvalg 2011), med sm\u00e5 3000 tweets p\u00e5 selve valgdagen.<\/p>\n<p style=\"text-align: center;\"><a href=\"http:\/\/overskrift.dk\/searchresulttwit.php?q=fv11\"><img loading=\"lazy\" decoding=\"async\" class=\"aligncenter size-full wp-image-2382\" title=\"FV11-graf-small\" src=\"http:\/\/blog.overskrift.dk\/wp-content\/uploads\/2011\/09\/FV11-graf-small.png\" alt=\"\" width=\"500\" height=\"364\" \/><\/a><em>Twitter aktivitet i de seneste 30 dage med brug af #fv11 hashtag.<\/em><\/p>\n<p>For at s\u00e6tte tallene i relief, viser n\u00e6ste graf antallet af alle danske tweets i de seneste 30 dage. Bem\u00e6rk et peak ved valgudskrivelsen d. 26. aug. samt ny dansk twitter rekord p\u00e5 selve valgdagen med ca. 28.000 tweets p\u00e5 en enkelt dag.<\/p>\n<p style=\"text-align: center;\"><a href=\"http:\/\/blog.overskrift.dk\/wp-content\/uploads\/2011\/09\/Tweets-total-valgkamp-11-dates.png\"><img loading=\"lazy\" decoding=\"async\" class=\"aligncenter size-full wp-image-2392\" title=\"Tweets-total-valgkamp-11 - dates\" src=\"http:\/\/blog.overskrift.dk\/wp-content\/uploads\/2011\/09\/Tweets-total-valgkamp-11-dates.png\" alt=\"\" width=\"500\" height=\"300\" \/><\/a><\/p>\n<p style=\"text-align: center;\"><em>Total antal tweets pr. dag i de sidste 30 dage.<\/em><\/p>\n<p>Man kan ogs\u00e5 se hvilke politikere der blev tweetet mest om, f.eks. Thorning vs. L\u00f8kke. F\u00f8lgende grafer viser antal indl\u00e6g, ikke kun fra Twitter, men ogs\u00e5 fra blogs, fora og andre sociale medie kilder.<\/p>\n<p style=\"text-align: center;\"><a href=\"http:\/\/overskrift.dk\/searchresult.php?q=Thorning&amp;searchtype=contents\"><img loading=\"lazy\" decoding=\"async\" class=\"aligncenter size-full wp-image-2385\" title=\"Thorning-fv11-alle\" src=\"http:\/\/blog.overskrift.dk\/wp-content\/uploads\/2011\/09\/Thorning-fv11-alle.png\" alt=\"\" width=\"500\" height=\"364\" \/><\/a><em>Antal indl\u00e6g med &#8216;Thorning&#8217;\u00a0 i de seneste 30 dage.<\/em><\/p>\n<p style=\"text-align: center;\"><a href=\"http:\/\/overskrift.dk\/searchresult.php?q=Thorning&amp;searchtype=contents\"><img loading=\"lazy\" decoding=\"async\" class=\"aligncenter size-full wp-image-2386\" title=\"L\u00f8kke-fv11-alle\" src=\"http:\/\/blog.overskrift.dk\/wp-content\/uploads\/2011\/09\/L\u00f8kke-fv11-alle.png\" alt=\"\" width=\"500\" height=\"364\" \/><\/a><em>Antal indl\u00e6g med &#8216;L\u00f8kke&#8217;\u00a0 i de seneste 30 dage.<\/em><\/p>\n<p>.<\/p>\n","protected":false},"excerpt":{"rendered":"<p>Ved det netop overst\u00e5ede folketingsvalg var der en hel del aktivitet i den danske del af &#8220;Twittersf\u00e6ren&#8221;. For at kaster lidt lys over brugen af Twitter i valgkampsperioden,&hellip;<\/p>\n","protected":false},"author":4,"featured_media":2383,"comment_status":"open","ping_status":"open","sticky":false,"template":"","format":"standard","meta":{"cybocfi_hide_featured_image":"","footnotes":""},"categories":[305],"tags":[237,263,381],"class_list":["post-2376","post","type-post","status-publish","format-standard","has-post-thumbnail","hentry","category-trends","tag-sociale-medier","tag-twitter","tag-valgkamp"],"yoast_head":"<!-- This site is optimized with the Yoast SEO plugin v27.5 - https:\/\/yoast.com\/product\/yoast-seo-wordpress\/ -->\n<title>Folketingsvalget 2011 p\u00e5 Twitter - Overskrifts blog<\/title>\n<meta name=\"robots\" content=\"index, follow, max-snippet:-1, max-image-preview:large, max-video-preview:-1\" \/>\n<link rel=\"canonical\" href=\"https:\/\/www.overskrift.dk\/blog\/2011\/09\/19\/folketingsvalget-2011-pa-twitter\/\" \/>\n<meta property=\"og:locale\" content=\"da_DK\" \/>\n<meta property=\"og:type\" content=\"article\" \/>\n<meta property=\"og:title\" content=\"Folketingsvalget 2011 p\u00e5 Twitter - Overskrifts blog\" \/>\n<meta property=\"og:description\" content=\"Ved det netop overst\u00e5ede folketingsvalg var der en hel del aktivitet i den danske del af &#8220;Twittersf\u00e6ren&#8221;. For at kaster lidt lys over brugen af Twitter i valgkampsperioden,&hellip;\" \/>\n<meta property=\"og:url\" content=\"https:\/\/www.overskrift.dk\/blog\/2011\/09\/19\/folketingsvalget-2011-pa-twitter\/\" \/>\n<meta property=\"og:site_name\" content=\"Overskrifts blog\" \/>\n<meta property=\"article:publisher\" content=\"https:\/\/www.facebook.com\/overskrift\" \/>\n<meta property=\"article:published_time\" content=\"2011-09-19T10:47:44+00:00\" \/>\n<meta property=\"article:modified_time\" content=\"2022-11-22T11:09:29+00:00\" \/>\n<meta property=\"og:image\" content=\"https:\/\/www.overskrift.dk\/blog\/wp-content\/uploads\/2011\/09\/Tweets-total-valgkamp-11.jpg\" \/>\n\t<meta property=\"og:image:width\" content=\"500\" \/>\n\t<meta property=\"og:image:height\" content=\"300\" \/>\n\t<meta property=\"og:image:type\" content=\"image\/jpeg\" \/>\n<meta name=\"author\" content=\"Stefan B\u00f8gh-Andersen\" \/>\n<meta name=\"twitter:card\" content=\"summary_large_image\" \/>\n<meta name=\"twitter:creator\" content=\"@overskrift\" \/>\n<meta name=\"twitter:site\" content=\"@overskrift\" \/>\n<script type=\"application\/ld+json\" class=\"yoast-schema-graph\">{\"@context\":\"https:\\\/\\\/schema.org\",\"@graph\":[{\"@type\":\"Article\",\"@id\":\"https:\\\/\\\/www.overskrift.dk\\\/blog\\\/2011\\\/09\\\/19\\\/folketingsvalget-2011-pa-twitter\\\/#article\",\"isPartOf\":{\"@id\":\"https:\\\/\\\/www.overskrift.dk\\\/blog\\\/2011\\\/09\\\/19\\\/folketingsvalget-2011-pa-twitter\\\/\"},\"author\":{\"name\":\"Stefan B\u00f8gh-Andersen\",\"@id\":\"https:\\\/\\\/www.overskrift.dk\\\/blog\\\/#\\\/schema\\\/person\\\/b78220010603ce4384fa7758a6eabaf3\"},\"headline\":\"Folketingsvalget 2011 p\u00e5 Twitter\",\"datePublished\":\"2011-09-19T10:47:44+00:00\",\"dateModified\":\"2022-11-22T11:09:29+00:00\",\"mainEntityOfPage\":{\"@id\":\"https:\\\/\\\/www.overskrift.dk\\\/blog\\\/2011\\\/09\\\/19\\\/folketingsvalget-2011-pa-twitter\\\/\"},\"wordCount\":246,\"commentCount\":1,\"publisher\":{\"@id\":\"https:\\\/\\\/www.overskrift.dk\\\/blog\\\/#organization\"},\"image\":{\"@id\":\"https:\\\/\\\/www.overskrift.dk\\\/blog\\\/2011\\\/09\\\/19\\\/folketingsvalget-2011-pa-twitter\\\/#primaryimage\"},\"thumbnailUrl\":\"https:\\\/\\\/www.overskrift.dk\\\/blog\\\/wp-content\\\/uploads\\\/2011\\\/09\\\/Tweets-total-valgkamp-11.jpg\",\"keywords\":[\"sociale medier\",\"twitter\",\"valgkamp\"],\"articleSection\":[\"Trends\"],\"inLanguage\":\"da-DK\",\"potentialAction\":[{\"@type\":\"CommentAction\",\"name\":\"Comment\",\"target\":[\"https:\\\/\\\/www.overskrift.dk\\\/blog\\\/2011\\\/09\\\/19\\\/folketingsvalget-2011-pa-twitter\\\/#respond\"]}]},{\"@type\":\"WebPage\",\"@id\":\"https:\\\/\\\/www.overskrift.dk\\\/blog\\\/2011\\\/09\\\/19\\\/folketingsvalget-2011-pa-twitter\\\/\",\"url\":\"https:\\\/\\\/www.overskrift.dk\\\/blog\\\/2011\\\/09\\\/19\\\/folketingsvalget-2011-pa-twitter\\\/\",\"name\":\"Folketingsvalget 2011 p\u00e5 Twitter - Overskrifts blog\",\"isPartOf\":{\"@id\":\"https:\\\/\\\/www.overskrift.dk\\\/blog\\\/#website\"},\"primaryImageOfPage\":{\"@id\":\"https:\\\/\\\/www.overskrift.dk\\\/blog\\\/2011\\\/09\\\/19\\\/folketingsvalget-2011-pa-twitter\\\/#primaryimage\"},\"image\":{\"@id\":\"https:\\\/\\\/www.overskrift.dk\\\/blog\\\/2011\\\/09\\\/19\\\/folketingsvalget-2011-pa-twitter\\\/#primaryimage\"},\"thumbnailUrl\":\"https:\\\/\\\/www.overskrift.dk\\\/blog\\\/wp-content\\\/uploads\\\/2011\\\/09\\\/Tweets-total-valgkamp-11.jpg\",\"datePublished\":\"2011-09-19T10:47:44+00:00\",\"dateModified\":\"2022-11-22T11:09:29+00:00\",\"breadcrumb\":{\"@id\":\"https:\\\/\\\/www.overskrift.dk\\\/blog\\\/2011\\\/09\\\/19\\\/folketingsvalget-2011-pa-twitter\\\/#breadcrumb\"},\"inLanguage\":\"da-DK\",\"potentialAction\":[{\"@type\":\"ReadAction\",\"target\":[\"https:\\\/\\\/www.overskrift.dk\\\/blog\\\/2011\\\/09\\\/19\\\/folketingsvalget-2011-pa-twitter\\\/\"]}]},{\"@type\":\"ImageObject\",\"inLanguage\":\"da-DK\",\"@id\":\"https:\\\/\\\/www.overskrift.dk\\\/blog\\\/2011\\\/09\\\/19\\\/folketingsvalget-2011-pa-twitter\\\/#primaryimage\",\"url\":\"https:\\\/\\\/www.overskrift.dk\\\/blog\\\/wp-content\\\/uploads\\\/2011\\\/09\\\/Tweets-total-valgkamp-11.jpg\",\"contentUrl\":\"https:\\\/\\\/www.overskrift.dk\\\/blog\\\/wp-content\\\/uploads\\\/2011\\\/09\\\/Tweets-total-valgkamp-11.jpg\",\"width\":500,\"height\":300},{\"@type\":\"BreadcrumbList\",\"@id\":\"https:\\\/\\\/www.overskrift.dk\\\/blog\\\/2011\\\/09\\\/19\\\/folketingsvalget-2011-pa-twitter\\\/#breadcrumb\",\"itemListElement\":[{\"@type\":\"ListItem\",\"position\":1,\"name\":\"Hjem\",\"item\":\"https:\\\/\\\/www.overskrift.dk\\\/blog\\\/\"},{\"@type\":\"ListItem\",\"position\":2,\"name\":\"Folketingsvalget 2011 p\u00e5 Twitter\"}]},{\"@type\":\"WebSite\",\"@id\":\"https:\\\/\\\/www.overskrift.dk\\\/blog\\\/#website\",\"url\":\"https:\\\/\\\/www.overskrift.dk\\\/blog\\\/\",\"name\":\"Overskrifts blog\",\"description\":\"Nyeste indl\u00e6g\",\"publisher\":{\"@id\":\"https:\\\/\\\/www.overskrift.dk\\\/blog\\\/#organization\"},\"potentialAction\":[{\"@type\":\"SearchAction\",\"target\":{\"@type\":\"EntryPoint\",\"urlTemplate\":\"https:\\\/\\\/www.overskrift.dk\\\/blog\\\/?s={search_term_string}\"},\"query-input\":{\"@type\":\"PropertyValueSpecification\",\"valueRequired\":true,\"valueName\":\"search_term_string\"}}],\"inLanguage\":\"da-DK\"},{\"@type\":\"Organization\",\"@id\":\"https:\\\/\\\/www.overskrift.dk\\\/blog\\\/#organization\",\"name\":\"Overskrift ApS\",\"url\":\"https:\\\/\\\/www.overskrift.dk\\\/blog\\\/\",\"logo\":{\"@type\":\"ImageObject\",\"inLanguage\":\"da-DK\",\"@id\":\"https:\\\/\\\/www.overskrift.dk\\\/blog\\\/#\\\/schema\\\/logo\\\/image\\\/\",\"url\":\"https:\\\/\\\/blog.overskrift.dk\\\/wp-content\\\/uploads\\\/Just-the-dots-1.png\",\"contentUrl\":\"https:\\\/\\\/blog.overskrift.dk\\\/wp-content\\\/uploads\\\/Just-the-dots-1.png\",\"width\":258,\"height\":257,\"caption\":\"Overskrift ApS\"},\"image\":{\"@id\":\"https:\\\/\\\/www.overskrift.dk\\\/blog\\\/#\\\/schema\\\/logo\\\/image\\\/\"},\"sameAs\":[\"https:\\\/\\\/www.facebook.com\\\/overskrift\",\"https:\\\/\\\/x.com\\\/overskrift\",\"https:\\\/\\\/www.instagram.com\\\/overskrift\\\/\",\"https:\\\/\\\/www.linkedin.com\\\/company\\\/10153434\"]},{\"@type\":\"Person\",\"@id\":\"https:\\\/\\\/www.overskrift.dk\\\/blog\\\/#\\\/schema\\\/person\\\/b78220010603ce4384fa7758a6eabaf3\",\"name\":\"Stefan B\u00f8gh-Andersen\",\"image\":{\"@type\":\"ImageObject\",\"inLanguage\":\"da-DK\",\"@id\":\"https:\\\/\\\/secure.gravatar.com\\\/avatar\\\/f7eee59b7b5aa69f61ce713b6f85ef24d2faef678f186072e924c71249c2d2d6?s=96&d=mm&r=g\",\"url\":\"https:\\\/\\\/secure.gravatar.com\\\/avatar\\\/f7eee59b7b5aa69f61ce713b6f85ef24d2faef678f186072e924c71249c2d2d6?s=96&d=mm&r=g\",\"contentUrl\":\"https:\\\/\\\/secure.gravatar.com\\\/avatar\\\/f7eee59b7b5aa69f61ce713b6f85ef24d2faef678f186072e924c71249c2d2d6?s=96&d=mm&r=g\",\"caption\":\"Stefan B\u00f8gh-Andersen\"},\"description\":\"Indl\u00e6gget er skrevet af Stefan, der er direkt\u00f8r i og stifter af Overskrift. Stefan er en skarp analytiker og har mange \u00e5rs erfaring med r\u00e5dgivning inden for sociale medier og nyhedssites.\",\"url\":\"https:\\\/\\\/www.overskrift.dk\\\/blog\\\/author\\\/stefan\\\/\"}]}<\/script>\n<!-- \/ Yoast SEO plugin. -->","yoast_head_json":{"title":"Folketingsvalget 2011 p\u00e5 Twitter - Overskrifts blog","robots":{"index":"index","follow":"follow","max-snippet":"max-snippet:-1","max-image-preview":"max-image-preview:large","max-video-preview":"max-video-preview:-1"},"canonical":"https:\/\/www.overskrift.dk\/blog\/2011\/09\/19\/folketingsvalget-2011-pa-twitter\/","og_locale":"da_DK","og_type":"article","og_title":"Folketingsvalget 2011 p\u00e5 Twitter - Overskrifts blog","og_description":"Ved det netop overst\u00e5ede folketingsvalg var der en hel del aktivitet i den danske del af &#8220;Twittersf\u00e6ren&#8221;. For at kaster lidt lys over brugen af Twitter i valgkampsperioden,&hellip;","og_url":"https:\/\/www.overskrift.dk\/blog\/2011\/09\/19\/folketingsvalget-2011-pa-twitter\/","og_site_name":"Overskrifts blog","article_publisher":"https:\/\/www.facebook.com\/overskrift","article_published_time":"2011-09-19T10:47:44+00:00","article_modified_time":"2022-11-22T11:09:29+00:00","og_image":[{"width":500,"height":300,"url":"https:\/\/www.overskrift.dk\/blog\/wp-content\/uploads\/2011\/09\/Tweets-total-valgkamp-11.jpg","type":"image\/jpeg"}],"author":"Stefan B\u00f8gh-Andersen","twitter_card":"summary_large_image","twitter_creator":"@overskrift","twitter_site":"@overskrift","schema":{"@context":"https:\/\/schema.org","@graph":[{"@type":"Article","@id":"https:\/\/www.overskrift.dk\/blog\/2011\/09\/19\/folketingsvalget-2011-pa-twitter\/#article","isPartOf":{"@id":"https:\/\/www.overskrift.dk\/blog\/2011\/09\/19\/folketingsvalget-2011-pa-twitter\/"},"author":{"name":"Stefan B\u00f8gh-Andersen","@id":"https:\/\/www.overskrift.dk\/blog\/#\/schema\/person\/b78220010603ce4384fa7758a6eabaf3"},"headline":"Folketingsvalget 2011 p\u00e5 Twitter","datePublished":"2011-09-19T10:47:44+00:00","dateModified":"2022-11-22T11:09:29+00:00","mainEntityOfPage":{"@id":"https:\/\/www.overskrift.dk\/blog\/2011\/09\/19\/folketingsvalget-2011-pa-twitter\/"},"wordCount":246,"commentCount":1,"publisher":{"@id":"https:\/\/www.overskrift.dk\/blog\/#organization"},"image":{"@id":"https:\/\/www.overskrift.dk\/blog\/2011\/09\/19\/folketingsvalget-2011-pa-twitter\/#primaryimage"},"thumbnailUrl":"https:\/\/www.overskrift.dk\/blog\/wp-content\/uploads\/2011\/09\/Tweets-total-valgkamp-11.jpg","keywords":["sociale medier","twitter","valgkamp"],"articleSection":["Trends"],"inLanguage":"da-DK","potentialAction":[{"@type":"CommentAction","name":"Comment","target":["https:\/\/www.overskrift.dk\/blog\/2011\/09\/19\/folketingsvalget-2011-pa-twitter\/#respond"]}]},{"@type":"WebPage","@id":"https:\/\/www.overskrift.dk\/blog\/2011\/09\/19\/folketingsvalget-2011-pa-twitter\/","url":"https:\/\/www.overskrift.dk\/blog\/2011\/09\/19\/folketingsvalget-2011-pa-twitter\/","name":"Folketingsvalget 2011 p\u00e5 Twitter - Overskrifts blog","isPartOf":{"@id":"https:\/\/www.overskrift.dk\/blog\/#website"},"primaryImageOfPage":{"@id":"https:\/\/www.overskrift.dk\/blog\/2011\/09\/19\/folketingsvalget-2011-pa-twitter\/#primaryimage"},"image":{"@id":"https:\/\/www.overskrift.dk\/blog\/2011\/09\/19\/folketingsvalget-2011-pa-twitter\/#primaryimage"},"thumbnailUrl":"https:\/\/www.overskrift.dk\/blog\/wp-content\/uploads\/2011\/09\/Tweets-total-valgkamp-11.jpg","datePublished":"2011-09-19T10:47:44+00:00","dateModified":"2022-11-22T11:09:29+00:00","breadcrumb":{"@id":"https:\/\/www.overskrift.dk\/blog\/2011\/09\/19\/folketingsvalget-2011-pa-twitter\/#breadcrumb"},"inLanguage":"da-DK","potentialAction":[{"@type":"ReadAction","target":["https:\/\/www.overskrift.dk\/blog\/2011\/09\/19\/folketingsvalget-2011-pa-twitter\/"]}]},{"@type":"ImageObject","inLanguage":"da-DK","@id":"https:\/\/www.overskrift.dk\/blog\/2011\/09\/19\/folketingsvalget-2011-pa-twitter\/#primaryimage","url":"https:\/\/www.overskrift.dk\/blog\/wp-content\/uploads\/2011\/09\/Tweets-total-valgkamp-11.jpg","contentUrl":"https:\/\/www.overskrift.dk\/blog\/wp-content\/uploads\/2011\/09\/Tweets-total-valgkamp-11.jpg","width":500,"height":300},{"@type":"BreadcrumbList","@id":"https:\/\/www.overskrift.dk\/blog\/2011\/09\/19\/folketingsvalget-2011-pa-twitter\/#breadcrumb","itemListElement":[{"@type":"ListItem","position":1,"name":"Hjem","item":"https:\/\/www.overskrift.dk\/blog\/"},{"@type":"ListItem","position":2,"name":"Folketingsvalget 2011 p\u00e5 Twitter"}]},{"@type":"WebSite","@id":"https:\/\/www.overskrift.dk\/blog\/#website","url":"https:\/\/www.overskrift.dk\/blog\/","name":"Overskrifts blog","description":"Nyeste indl\u00e6g","publisher":{"@id":"https:\/\/www.overskrift.dk\/blog\/#organization"},"potentialAction":[{"@type":"SearchAction","target":{"@type":"EntryPoint","urlTemplate":"https:\/\/www.overskrift.dk\/blog\/?s={search_term_string}"},"query-input":{"@type":"PropertyValueSpecification","valueRequired":true,"valueName":"search_term_string"}}],"inLanguage":"da-DK"},{"@type":"Organization","@id":"https:\/\/www.overskrift.dk\/blog\/#organization","name":"Overskrift ApS","url":"https:\/\/www.overskrift.dk\/blog\/","logo":{"@type":"ImageObject","inLanguage":"da-DK","@id":"https:\/\/www.overskrift.dk\/blog\/#\/schema\/logo\/image\/","url":"https:\/\/blog.overskrift.dk\/wp-content\/uploads\/Just-the-dots-1.png","contentUrl":"https:\/\/blog.overskrift.dk\/wp-content\/uploads\/Just-the-dots-1.png","width":258,"height":257,"caption":"Overskrift ApS"},"image":{"@id":"https:\/\/www.overskrift.dk\/blog\/#\/schema\/logo\/image\/"},"sameAs":["https:\/\/www.facebook.com\/overskrift","https:\/\/x.com\/overskrift","https:\/\/www.instagram.com\/overskrift\/","https:\/\/www.linkedin.com\/company\/10153434"]},{"@type":"Person","@id":"https:\/\/www.overskrift.dk\/blog\/#\/schema\/person\/b78220010603ce4384fa7758a6eabaf3","name":"Stefan B\u00f8gh-Andersen","image":{"@type":"ImageObject","inLanguage":"da-DK","@id":"https:\/\/secure.gravatar.com\/avatar\/f7eee59b7b5aa69f61ce713b6f85ef24d2faef678f186072e924c71249c2d2d6?s=96&d=mm&r=g","url":"https:\/\/secure.gravatar.com\/avatar\/f7eee59b7b5aa69f61ce713b6f85ef24d2faef678f186072e924c71249c2d2d6?s=96&d=mm&r=g","contentUrl":"https:\/\/secure.gravatar.com\/avatar\/f7eee59b7b5aa69f61ce713b6f85ef24d2faef678f186072e924c71249c2d2d6?s=96&d=mm&r=g","caption":"Stefan B\u00f8gh-Andersen"},"description":"Indl\u00e6gget er skrevet af Stefan, der er direkt\u00f8r i og stifter af Overskrift. Stefan er en skarp analytiker og har mange \u00e5rs erfaring med r\u00e5dgivning inden for sociale medier og nyhedssites.","url":"https:\/\/www.overskrift.dk\/blog\/author\/stefan\/"}]}},"_links":{"self":[{"href":"https:\/\/www.overskrift.dk\/blog\/wp-json\/wp\/v2\/posts\/2376","targetHints":{"allow":["GET"]}}],"collection":[{"href":"https:\/\/www.overskrift.dk\/blog\/wp-json\/wp\/v2\/posts"}],"about":[{"href":"https:\/\/www.overskrift.dk\/blog\/wp-json\/wp\/v2\/types\/post"}],"author":[{"embeddable":true,"href":"https:\/\/www.overskrift.dk\/blog\/wp-json\/wp\/v2\/users\/4"}],"replies":[{"embeddable":true,"href":"https:\/\/www.overskrift.dk\/blog\/wp-json\/wp\/v2\/comments?post=2376"}],"version-history":[{"count":2,"href":"https:\/\/www.overskrift.dk\/blog\/wp-json\/wp\/v2\/posts\/2376\/revisions"}],"predecessor-version":[{"id":9391,"href":"https:\/\/www.overskrift.dk\/blog\/wp-json\/wp\/v2\/posts\/2376\/revisions\/9391"}],"wp:featuredmedia":[{"embeddable":true,"href":"https:\/\/www.overskrift.dk\/blog\/wp-json\/wp\/v2\/media\/2383"}],"wp:attachment":[{"href":"https:\/\/www.overskrift.dk\/blog\/wp-json\/wp\/v2\/media?parent=2376"}],"wp:term":[{"taxonomy":"category","embeddable":true,"href":"https:\/\/www.overskrift.dk\/blog\/wp-json\/wp\/v2\/categories?post=2376"},{"taxonomy":"post_tag","embeddable":true,"href":"https:\/\/www.overskrift.dk\/blog\/wp-json\/wp\/v2\/tags?post=2376"}],"curies":[{"name":"wp","href":"https:\/\/api.w.org\/{rel}","templated":true}]}}