{"id":2830,"date":"2013-09-16T15:07:06","date_gmt":"2013-09-16T13:07:06","guid":{"rendered":"http:\/\/blog.overskrift.dk\/?p=2830"},"modified":"2017-04-19T10:19:57","modified_gmt":"2017-04-19T08:19:57","slug":"danske-bank-fyrer-direktoren-de-sociale-medier-giver-ren-besked","status":"publish","type":"post","link":"https:\/\/www.overskrift.dk\/blog\/2013\/09\/16\/danske-bank-fyrer-direktoren-de-sociale-medier-giver-ren-besked\/","title":{"rendered":"Danske Bank fyrer direkt\u00f8ren &#8211; de sociale medier giver ren besked"},"content":{"rendered":"<p>Danske Bank meddelte i morges at de skiftede ud i ledelsen og alts\u00e5 fyrede Eivind Kolding som direkt\u00f8r.<\/p>\n<p>Siden har de sociale medier givet deres kommentarer med p\u00e5 vejen, ikke mindst set i lyset af Danske Banks noget uheldig &#8220;New Normal&#8221; kampagne tidligere.<br \/>\n<a href=\"https:\/\/www.facebook.com\/steenschapiro\/posts\/509572335798847\"><img loading=\"lazy\" decoding=\"async\" class=\"aligncenter size-full wp-image-2835\" alt=\"DanskeBank-1\" src=\"http:\/\/blog.overskrift.dk\/wp-content\/uploads\/2013\/09\/DanskeBank-1.jpg\" width=\"500\" height=\"576\" \/><\/a><\/p>\n<blockquote class=\"twitter-tweet\">\n<p>Giv en sk\u00e6rv til Eivind Kolding &#8211; den stakkels mand <a href=\"http:\/\/t.co\/yFGRc17CtZ\">http:\/\/t.co\/yFGRc17CtZ<\/a> <a href=\"https:\/\/twitter.com\/search?q=%23danskebank&amp;src=hash\">#danskebank<\/a> <a href=\"https:\/\/twitter.com\/search?q=%23dkmedier&amp;src=hash\">#dkmedier<\/a> <a href=\"https:\/\/twitter.com\/search?q=%23dkpol&amp;src=hash\">#dkpol<\/a><\/p>\n<p>&mdash; Anders Brasholt (@AndersBrasholt) <a href=\"https:\/\/twitter.com\/AndersBrasholt\/statuses\/379585940315856897\">September 16, 2013<\/a><\/p><\/blockquote>\n<p><script async src=\"\/\/platform.twitter.com\/widgets.js\" charset=\"utf-8\"><\/script><\/p>\n<blockquote class=\"twitter-tweet\">\n<p>Dagens fif: Brug Linkedin til at tjekke kandidaten f\u00f8r samtalen, s\u00e5 du kan se om han\/hun har bankerfaring <a href=\"https:\/\/twitter.com\/search?q=%23danskebank&amp;src=hash\">#danskebank<\/a><\/p>\n<p>&mdash; Christian J. Schultz (@cjschultz) <a href=\"https:\/\/twitter.com\/cjschultz\/statuses\/379516154546753536\">September 16, 2013<\/a><\/p><\/blockquote>\n<p><script async src=\"\/\/platform.twitter.com\/widgets.js\" charset=\"utf-8\"><\/script><\/p>\n<blockquote class=\"twitter-tweet\"><p>\nTurns out Eivind Kolding only gets 18 months pay as severance fee. In that case he earned 102.000 kroner per day as CEO <a href=\"https:\/\/twitter.com\/search?q=%23dkbiz&amp;src=hash\">#dkbiz<\/a> \u2014 Mads Kolby (@madskolby) <a href=\"https:\/\/twitter.com\/madskolby\/statuses\/379561635255308288\">September 16, 2013<\/a>\n<\/p><\/blockquote>\n<p><script charset=\"utf-8\" type=\"text\/javascript\" src=\"\/\/platform.twitter.com\/widgets.js\" async=\"\"><\/script><\/p>\n<blockquote class=\"twitter-tweet\"><p>At Eivind Kolding f\u00e5r gyldent h\u00e5ndtryk p\u00e5 kr. 23.000.000 minder mig om da Mitt Romney ville v\u00e6dde $10.000 med Rick Perry. <a href=\"https:\/\/twitter.com\/search?q=%23assholes&amp;src=hash\">#assholes<\/a> <a href=\"https:\/\/twitter.com\/search?q=%23dkpol&amp;src=hash\">#dkpol<\/a> \u2014 Jeppe Morgenthaler (@morgenthaler) <a href=\"https:\/\/twitter.com\/morgenthaler\/statuses\/379575585409753088\">September 16, 2013<\/a><\/p><\/blockquote>\n<p>&nbsp;<\/p>\n<blockquote class=\"twitter-tweet\"><p>&#8220;Vi er g\u00e5et ind i en ny farce,&#8221; forklarer <a href=\"https:\/\/twitter.com\/search?q=%23DanskeBank&amp;src=hash\">#DanskeBank<\/a> fyringen. <a href=\"https:\/\/twitter.com\/search?q=%23NewNormal&amp;src=hash\">#NewNormal<\/a> \u2014 Leoparddrengen (@Leoparddrengen) <a href=\"https:\/\/twitter.com\/Leoparddrengen\/statuses\/379576514590679040\">September 16, 2013<\/a><\/p><\/blockquote>\n<p>&nbsp;<\/p>\n<blockquote class=\"twitter-tweet\"><p>Mon <a href=\"https:\/\/twitter.com\/DanskeBank_DK\">@DanskeBank_DK<\/a> nu &#8216;t\u00f8r op&#8217; og begynder at interessere sig for kundernes behov efter at &#8216;Kolde Eivind&#8217; er sparket ud ? <a href=\"https:\/\/twitter.com\/EkstraBladet\">@EkstraBladet<\/a> \u2014 Poul Madsen (@pomaEB) <a href=\"https:\/\/twitter.com\/pomaEB\/statuses\/379560898832003073\">September 16, 2013<\/a><\/p><\/blockquote>\n<p>&nbsp;<\/p>\n<blockquote class=\"twitter-tweet\"><p>Man s\u00e6tter en ny mand til at bestyre malkemaskinerne. K\u00f8erne er de samme. <a href=\"https:\/\/twitter.com\/search?q=%23DanskeBank&amp;src=hash\">#DanskeBank<\/a> \u2014 Typisk Sandra (@TypiskSandra) <a href=\"https:\/\/twitter.com\/TypiskSandra\/statuses\/379559189099474944\">September 16, 2013<\/a><\/p><\/blockquote>\n<p><script charset=\"utf-8\" type=\"text\/javascript\" src=\"\/\/platform.twitter.com\/widgets.js\" async=\"\"><\/script>og nordm\u00e6ndene &#8211; ja, de er bare glade for at det er en norsk nordmand fra Norge som skal v\u00e6re ny direkt\u00f8r<\/p>\n<blockquote class=\"twitter-tweet\"><p>Gratulerer Thomas! Artig med nordmann p\u00e5 topp i en europeisk storbank &#8220;Danske Bank Appoints Thomas Borgen as CEO&#8221; <a href=\"http:\/\/t.co\/LDoiWIAQpr\">http:\/\/t.co\/LDoiWIAQpr<\/a> \u2026 \u2014 Rune Ols\u00f8 (@runeolso) <a href=\"https:\/\/twitter.com\/runeolso\/statuses\/379590633540706305\">September 16, 2013<\/a><\/p><\/blockquote>\n<p>&nbsp;<\/p>\n<blockquote class=\"twitter-tweet\"><p>Hvor l\u00e6nge skal vi finde os i at udl\u00e6ndinge kommer og stj\u00e6ler vores jobs? <a href=\"https:\/\/twitter.com\/search?q=%23JusticeForEivindKolding&amp;src=hash\">#JusticeForEivindKolding<\/a> <a href=\"https:\/\/twitter.com\/search?q=%23danskebank&amp;src=hash\">#danskebank<\/a> \u2014 Anders Knudsen (@Anders_kn) <a href=\"https:\/\/twitter.com\/Anders_kn\/statuses\/379599539566428162\">September 16, 2013<\/a><\/p><\/blockquote>\n<p>Find selv flere eksempler med <a href=\"https:\/\/twitter.com\/search?src=typd&amp;q=%23danskebank\" target=\"_blank\">#danskebank<\/a> eller <a href=\"https:\/\/twitter.com\/search?src=typd&amp;q=%23newnormal\" target=\"_blank\">#newnormal<\/a> hashtags p\u00e5 Twitter, eller f\u00f8lge den danske twitter str\u00f8m p\u00e5 f.eks <a href=\"http:\/\/overskrift.dk\/hashtag\/danskebank\" target=\"_blank\">danskebank p\u00e5 Overskrift.dk<\/a><\/p>\n<p>&#8212;<\/p>\n<p><a href=\"http:\/\/www.overskrift.dk\" target=\"_blank\">Overskrift.dk<\/a> har i ti \u00e5r leveret Danmarks bedste sociale medie monitorerings tjeneste, <a href=\"http:\/\/www.overskrift.dk\/overblik\/\" target=\"_blank\">Overblik<\/a>. Overskrift.dk tracker danske internet medier samt social medier som blogs, fora, Twitter, Facebook og Instagram.<\/p>\n","protected":false},"excerpt":{"rendered":"<p>Danske Bank meddelte i morges at de skiftede ud i ledelsen og alts\u00e5 fyrede Eivind Kolding som direkt\u00f8r. Siden har de sociale medier givet deres kommentarer med p\u00e5&hellip;<\/p>\n","protected":false},"author":4,"featured_media":0,"comment_status":"open","ping_status":"open","sticky":false,"template":"","format":"standard","meta":{"cybocfi_hide_featured_image":"","footnotes":""},"categories":[302],"tags":[242,263],"class_list":["post-2830","post","type-post","status-publish","format-standard","hentry","category-analyser","tag-facebook","tag-twitter"],"yoast_head":"<!-- This site is optimized with the Yoast SEO plugin v27.5 - https:\/\/yoast.com\/product\/yoast-seo-wordpress\/ -->\n<title>Danske Bank fyrer direkt\u00f8ren - de sociale medier giver ren besked - Overskrifts blog<\/title>\n<meta name=\"robots\" content=\"index, follow, max-snippet:-1, max-image-preview:large, max-video-preview:-1\" \/>\n<link rel=\"canonical\" href=\"https:\/\/www.overskrift.dk\/blog\/2013\/09\/16\/danske-bank-fyrer-direktoren-de-sociale-medier-giver-ren-besked\/\" \/>\n<meta property=\"og:locale\" content=\"da_DK\" \/>\n<meta property=\"og:type\" content=\"article\" \/>\n<meta property=\"og:title\" content=\"Danske Bank fyrer direkt\u00f8ren - de sociale medier giver ren besked - Overskrifts blog\" \/>\n<meta property=\"og:description\" content=\"Danske Bank meddelte i morges at de skiftede ud i ledelsen og alts\u00e5 fyrede Eivind Kolding som direkt\u00f8r. Siden har de sociale medier givet deres kommentarer med p\u00e5&hellip;\" \/>\n<meta property=\"og:url\" content=\"https:\/\/www.overskrift.dk\/blog\/2013\/09\/16\/danske-bank-fyrer-direktoren-de-sociale-medier-giver-ren-besked\/\" \/>\n<meta property=\"og:site_name\" content=\"Overskrifts blog\" \/>\n<meta property=\"article:publisher\" content=\"https:\/\/www.facebook.com\/overskrift\" \/>\n<meta property=\"article:published_time\" content=\"2013-09-16T13:07:06+00:00\" \/>\n<meta property=\"article:modified_time\" content=\"2017-04-19T08:19:57+00:00\" \/>\n<meta property=\"og:image\" content=\"http:\/\/blog.overskrift.dk\/wp-content\/uploads\/2013\/09\/DanskeBank-1.jpg\" \/>\n<meta name=\"author\" content=\"Stefan B\u00f8gh-Andersen\" \/>\n<meta name=\"twitter:card\" content=\"summary_large_image\" \/>\n<meta name=\"twitter:creator\" content=\"@overskrift\" \/>\n<meta name=\"twitter:site\" content=\"@overskrift\" \/>\n<script type=\"application\/ld+json\" class=\"yoast-schema-graph\">{\"@context\":\"https:\\\/\\\/schema.org\",\"@graph\":[{\"@type\":\"Article\",\"@id\":\"https:\\\/\\\/www.overskrift.dk\\\/blog\\\/2013\\\/09\\\/16\\\/danske-bank-fyrer-direktoren-de-sociale-medier-giver-ren-besked\\\/#article\",\"isPartOf\":{\"@id\":\"https:\\\/\\\/www.overskrift.dk\\\/blog\\\/2013\\\/09\\\/16\\\/danske-bank-fyrer-direktoren-de-sociale-medier-giver-ren-besked\\\/\"},\"author\":{\"name\":\"Stefan B\u00f8gh-Andersen\",\"@id\":\"https:\\\/\\\/www.overskrift.dk\\\/blog\\\/#\\\/schema\\\/person\\\/b78220010603ce4384fa7758a6eabaf3\"},\"headline\":\"Danske Bank fyrer direkt\u00f8ren &#8211; de sociale medier giver ren besked\",\"datePublished\":\"2013-09-16T13:07:06+00:00\",\"dateModified\":\"2017-04-19T08:19:57+00:00\",\"mainEntityOfPage\":{\"@id\":\"https:\\\/\\\/www.overskrift.dk\\\/blog\\\/2013\\\/09\\\/16\\\/danske-bank-fyrer-direktoren-de-sociale-medier-giver-ren-besked\\\/\"},\"wordCount\":360,\"commentCount\":3,\"publisher\":{\"@id\":\"https:\\\/\\\/www.overskrift.dk\\\/blog\\\/#organization\"},\"image\":{\"@id\":\"https:\\\/\\\/www.overskrift.dk\\\/blog\\\/2013\\\/09\\\/16\\\/danske-bank-fyrer-direktoren-de-sociale-medier-giver-ren-besked\\\/#primaryimage\"},\"thumbnailUrl\":\"http:\\\/\\\/blog.overskrift.dk\\\/wp-content\\\/uploads\\\/2013\\\/09\\\/DanskeBank-1.jpg\",\"keywords\":[\"facebook\",\"twitter\"],\"articleSection\":[\"Analyser\"],\"inLanguage\":\"da-DK\",\"potentialAction\":[{\"@type\":\"CommentAction\",\"name\":\"Comment\",\"target\":[\"https:\\\/\\\/www.overskrift.dk\\\/blog\\\/2013\\\/09\\\/16\\\/danske-bank-fyrer-direktoren-de-sociale-medier-giver-ren-besked\\\/#respond\"]}]},{\"@type\":\"WebPage\",\"@id\":\"https:\\\/\\\/www.overskrift.dk\\\/blog\\\/2013\\\/09\\\/16\\\/danske-bank-fyrer-direktoren-de-sociale-medier-giver-ren-besked\\\/\",\"url\":\"https:\\\/\\\/www.overskrift.dk\\\/blog\\\/2013\\\/09\\\/16\\\/danske-bank-fyrer-direktoren-de-sociale-medier-giver-ren-besked\\\/\",\"name\":\"Danske Bank fyrer direkt\u00f8ren - de sociale medier giver ren besked - Overskrifts blog\",\"isPartOf\":{\"@id\":\"https:\\\/\\\/www.overskrift.dk\\\/blog\\\/#website\"},\"primaryImageOfPage\":{\"@id\":\"https:\\\/\\\/www.overskrift.dk\\\/blog\\\/2013\\\/09\\\/16\\\/danske-bank-fyrer-direktoren-de-sociale-medier-giver-ren-besked\\\/#primaryimage\"},\"image\":{\"@id\":\"https:\\\/\\\/www.overskrift.dk\\\/blog\\\/2013\\\/09\\\/16\\\/danske-bank-fyrer-direktoren-de-sociale-medier-giver-ren-besked\\\/#primaryimage\"},\"thumbnailUrl\":\"http:\\\/\\\/blog.overskrift.dk\\\/wp-content\\\/uploads\\\/2013\\\/09\\\/DanskeBank-1.jpg\",\"datePublished\":\"2013-09-16T13:07:06+00:00\",\"dateModified\":\"2017-04-19T08:19:57+00:00\",\"breadcrumb\":{\"@id\":\"https:\\\/\\\/www.overskrift.dk\\\/blog\\\/2013\\\/09\\\/16\\\/danske-bank-fyrer-direktoren-de-sociale-medier-giver-ren-besked\\\/#breadcrumb\"},\"inLanguage\":\"da-DK\",\"potentialAction\":[{\"@type\":\"ReadAction\",\"target\":[\"https:\\\/\\\/www.overskrift.dk\\\/blog\\\/2013\\\/09\\\/16\\\/danske-bank-fyrer-direktoren-de-sociale-medier-giver-ren-besked\\\/\"]}]},{\"@type\":\"ImageObject\",\"inLanguage\":\"da-DK\",\"@id\":\"https:\\\/\\\/www.overskrift.dk\\\/blog\\\/2013\\\/09\\\/16\\\/danske-bank-fyrer-direktoren-de-sociale-medier-giver-ren-besked\\\/#primaryimage\",\"url\":\"http:\\\/\\\/blog.overskrift.dk\\\/wp-content\\\/uploads\\\/2013\\\/09\\\/DanskeBank-1.jpg\",\"contentUrl\":\"http:\\\/\\\/blog.overskrift.dk\\\/wp-content\\\/uploads\\\/2013\\\/09\\\/DanskeBank-1.jpg\"},{\"@type\":\"BreadcrumbList\",\"@id\":\"https:\\\/\\\/www.overskrift.dk\\\/blog\\\/2013\\\/09\\\/16\\\/danske-bank-fyrer-direktoren-de-sociale-medier-giver-ren-besked\\\/#breadcrumb\",\"itemListElement\":[{\"@type\":\"ListItem\",\"position\":1,\"name\":\"Hjem\",\"item\":\"https:\\\/\\\/www.overskrift.dk\\\/blog\\\/\"},{\"@type\":\"ListItem\",\"position\":2,\"name\":\"Danske Bank fyrer direkt\u00f8ren &#8211; de sociale medier giver ren besked\"}]},{\"@type\":\"WebSite\",\"@id\":\"https:\\\/\\\/www.overskrift.dk\\\/blog\\\/#website\",\"url\":\"https:\\\/\\\/www.overskrift.dk\\\/blog\\\/\",\"name\":\"Overskrifts blog\",\"description\":\"Nyeste indl\u00e6g\",\"publisher\":{\"@id\":\"https:\\\/\\\/www.overskrift.dk\\\/blog\\\/#organization\"},\"potentialAction\":[{\"@type\":\"SearchAction\",\"target\":{\"@type\":\"EntryPoint\",\"urlTemplate\":\"https:\\\/\\\/www.overskrift.dk\\\/blog\\\/?s={search_term_string}\"},\"query-input\":{\"@type\":\"PropertyValueSpecification\",\"valueRequired\":true,\"valueName\":\"search_term_string\"}}],\"inLanguage\":\"da-DK\"},{\"@type\":\"Organization\",\"@id\":\"https:\\\/\\\/www.overskrift.dk\\\/blog\\\/#organization\",\"name\":\"Overskrift ApS\",\"url\":\"https:\\\/\\\/www.overskrift.dk\\\/blog\\\/\",\"logo\":{\"@type\":\"ImageObject\",\"inLanguage\":\"da-DK\",\"@id\":\"https:\\\/\\\/www.overskrift.dk\\\/blog\\\/#\\\/schema\\\/logo\\\/image\\\/\",\"url\":\"https:\\\/\\\/blog.overskrift.dk\\\/wp-content\\\/uploads\\\/Just-the-dots-1.png\",\"contentUrl\":\"https:\\\/\\\/blog.overskrift.dk\\\/wp-content\\\/uploads\\\/Just-the-dots-1.png\",\"width\":258,\"height\":257,\"caption\":\"Overskrift ApS\"},\"image\":{\"@id\":\"https:\\\/\\\/www.overskrift.dk\\\/blog\\\/#\\\/schema\\\/logo\\\/image\\\/\"},\"sameAs\":[\"https:\\\/\\\/www.facebook.com\\\/overskrift\",\"https:\\\/\\\/x.com\\\/overskrift\",\"https:\\\/\\\/www.instagram.com\\\/overskrift\\\/\",\"https:\\\/\\\/www.linkedin.com\\\/company\\\/10153434\"]},{\"@type\":\"Person\",\"@id\":\"https:\\\/\\\/www.overskrift.dk\\\/blog\\\/#\\\/schema\\\/person\\\/b78220010603ce4384fa7758a6eabaf3\",\"name\":\"Stefan B\u00f8gh-Andersen\",\"image\":{\"@type\":\"ImageObject\",\"inLanguage\":\"da-DK\",\"@id\":\"https:\\\/\\\/secure.gravatar.com\\\/avatar\\\/f7eee59b7b5aa69f61ce713b6f85ef24d2faef678f186072e924c71249c2d2d6?s=96&d=mm&r=g\",\"url\":\"https:\\\/\\\/secure.gravatar.com\\\/avatar\\\/f7eee59b7b5aa69f61ce713b6f85ef24d2faef678f186072e924c71249c2d2d6?s=96&d=mm&r=g\",\"contentUrl\":\"https:\\\/\\\/secure.gravatar.com\\\/avatar\\\/f7eee59b7b5aa69f61ce713b6f85ef24d2faef678f186072e924c71249c2d2d6?s=96&d=mm&r=g\",\"caption\":\"Stefan B\u00f8gh-Andersen\"},\"description\":\"Indl\u00e6gget er skrevet af Stefan, der er direkt\u00f8r i og stifter af Overskrift. Stefan er en skarp analytiker og har mange \u00e5rs erfaring med r\u00e5dgivning inden for sociale medier og nyhedssites.\",\"url\":\"https:\\\/\\\/www.overskrift.dk\\\/blog\\\/author\\\/stefan\\\/\"}]}<\/script>\n<!-- \/ Yoast SEO plugin. -->","yoast_head_json":{"title":"Danske Bank fyrer direkt\u00f8ren - de sociale medier giver ren besked - Overskrifts blog","robots":{"index":"index","follow":"follow","max-snippet":"max-snippet:-1","max-image-preview":"max-image-preview:large","max-video-preview":"max-video-preview:-1"},"canonical":"https:\/\/www.overskrift.dk\/blog\/2013\/09\/16\/danske-bank-fyrer-direktoren-de-sociale-medier-giver-ren-besked\/","og_locale":"da_DK","og_type":"article","og_title":"Danske Bank fyrer direkt\u00f8ren - de sociale medier giver ren besked - Overskrifts blog","og_description":"Danske Bank meddelte i morges at de skiftede ud i ledelsen og alts\u00e5 fyrede Eivind Kolding som direkt\u00f8r. Siden har de sociale medier givet deres kommentarer med p\u00e5&hellip;","og_url":"https:\/\/www.overskrift.dk\/blog\/2013\/09\/16\/danske-bank-fyrer-direktoren-de-sociale-medier-giver-ren-besked\/","og_site_name":"Overskrifts blog","article_publisher":"https:\/\/www.facebook.com\/overskrift","article_published_time":"2013-09-16T13:07:06+00:00","article_modified_time":"2017-04-19T08:19:57+00:00","og_image":[{"url":"http:\/\/blog.overskrift.dk\/wp-content\/uploads\/2013\/09\/DanskeBank-1.jpg","type":"","width":"","height":""}],"author":"Stefan B\u00f8gh-Andersen","twitter_card":"summary_large_image","twitter_creator":"@overskrift","twitter_site":"@overskrift","schema":{"@context":"https:\/\/schema.org","@graph":[{"@type":"Article","@id":"https:\/\/www.overskrift.dk\/blog\/2013\/09\/16\/danske-bank-fyrer-direktoren-de-sociale-medier-giver-ren-besked\/#article","isPartOf":{"@id":"https:\/\/www.overskrift.dk\/blog\/2013\/09\/16\/danske-bank-fyrer-direktoren-de-sociale-medier-giver-ren-besked\/"},"author":{"name":"Stefan B\u00f8gh-Andersen","@id":"https:\/\/www.overskrift.dk\/blog\/#\/schema\/person\/b78220010603ce4384fa7758a6eabaf3"},"headline":"Danske Bank fyrer direkt\u00f8ren &#8211; de sociale medier giver ren besked","datePublished":"2013-09-16T13:07:06+00:00","dateModified":"2017-04-19T08:19:57+00:00","mainEntityOfPage":{"@id":"https:\/\/www.overskrift.dk\/blog\/2013\/09\/16\/danske-bank-fyrer-direktoren-de-sociale-medier-giver-ren-besked\/"},"wordCount":360,"commentCount":3,"publisher":{"@id":"https:\/\/www.overskrift.dk\/blog\/#organization"},"image":{"@id":"https:\/\/www.overskrift.dk\/blog\/2013\/09\/16\/danske-bank-fyrer-direktoren-de-sociale-medier-giver-ren-besked\/#primaryimage"},"thumbnailUrl":"http:\/\/blog.overskrift.dk\/wp-content\/uploads\/2013\/09\/DanskeBank-1.jpg","keywords":["facebook","twitter"],"articleSection":["Analyser"],"inLanguage":"da-DK","potentialAction":[{"@type":"CommentAction","name":"Comment","target":["https:\/\/www.overskrift.dk\/blog\/2013\/09\/16\/danske-bank-fyrer-direktoren-de-sociale-medier-giver-ren-besked\/#respond"]}]},{"@type":"WebPage","@id":"https:\/\/www.overskrift.dk\/blog\/2013\/09\/16\/danske-bank-fyrer-direktoren-de-sociale-medier-giver-ren-besked\/","url":"https:\/\/www.overskrift.dk\/blog\/2013\/09\/16\/danske-bank-fyrer-direktoren-de-sociale-medier-giver-ren-besked\/","name":"Danske Bank fyrer direkt\u00f8ren - de sociale medier giver ren besked - Overskrifts blog","isPartOf":{"@id":"https:\/\/www.overskrift.dk\/blog\/#website"},"primaryImageOfPage":{"@id":"https:\/\/www.overskrift.dk\/blog\/2013\/09\/16\/danske-bank-fyrer-direktoren-de-sociale-medier-giver-ren-besked\/#primaryimage"},"image":{"@id":"https:\/\/www.overskrift.dk\/blog\/2013\/09\/16\/danske-bank-fyrer-direktoren-de-sociale-medier-giver-ren-besked\/#primaryimage"},"thumbnailUrl":"http:\/\/blog.overskrift.dk\/wp-content\/uploads\/2013\/09\/DanskeBank-1.jpg","datePublished":"2013-09-16T13:07:06+00:00","dateModified":"2017-04-19T08:19:57+00:00","breadcrumb":{"@id":"https:\/\/www.overskrift.dk\/blog\/2013\/09\/16\/danske-bank-fyrer-direktoren-de-sociale-medier-giver-ren-besked\/#breadcrumb"},"inLanguage":"da-DK","potentialAction":[{"@type":"ReadAction","target":["https:\/\/www.overskrift.dk\/blog\/2013\/09\/16\/danske-bank-fyrer-direktoren-de-sociale-medier-giver-ren-besked\/"]}]},{"@type":"ImageObject","inLanguage":"da-DK","@id":"https:\/\/www.overskrift.dk\/blog\/2013\/09\/16\/danske-bank-fyrer-direktoren-de-sociale-medier-giver-ren-besked\/#primaryimage","url":"http:\/\/blog.overskrift.dk\/wp-content\/uploads\/2013\/09\/DanskeBank-1.jpg","contentUrl":"http:\/\/blog.overskrift.dk\/wp-content\/uploads\/2013\/09\/DanskeBank-1.jpg"},{"@type":"BreadcrumbList","@id":"https:\/\/www.overskrift.dk\/blog\/2013\/09\/16\/danske-bank-fyrer-direktoren-de-sociale-medier-giver-ren-besked\/#breadcrumb","itemListElement":[{"@type":"ListItem","position":1,"name":"Hjem","item":"https:\/\/www.overskrift.dk\/blog\/"},{"@type":"ListItem","position":2,"name":"Danske Bank fyrer direkt\u00f8ren &#8211; de sociale medier giver ren besked"}]},{"@type":"WebSite","@id":"https:\/\/www.overskrift.dk\/blog\/#website","url":"https:\/\/www.overskrift.dk\/blog\/","name":"Overskrifts blog","description":"Nyeste indl\u00e6g","publisher":{"@id":"https:\/\/www.overskrift.dk\/blog\/#organization"},"potentialAction":[{"@type":"SearchAction","target":{"@type":"EntryPoint","urlTemplate":"https:\/\/www.overskrift.dk\/blog\/?s={search_term_string}"},"query-input":{"@type":"PropertyValueSpecification","valueRequired":true,"valueName":"search_term_string"}}],"inLanguage":"da-DK"},{"@type":"Organization","@id":"https:\/\/www.overskrift.dk\/blog\/#organization","name":"Overskrift ApS","url":"https:\/\/www.overskrift.dk\/blog\/","logo":{"@type":"ImageObject","inLanguage":"da-DK","@id":"https:\/\/www.overskrift.dk\/blog\/#\/schema\/logo\/image\/","url":"https:\/\/blog.overskrift.dk\/wp-content\/uploads\/Just-the-dots-1.png","contentUrl":"https:\/\/blog.overskrift.dk\/wp-content\/uploads\/Just-the-dots-1.png","width":258,"height":257,"caption":"Overskrift ApS"},"image":{"@id":"https:\/\/www.overskrift.dk\/blog\/#\/schema\/logo\/image\/"},"sameAs":["https:\/\/www.facebook.com\/overskrift","https:\/\/x.com\/overskrift","https:\/\/www.instagram.com\/overskrift\/","https:\/\/www.linkedin.com\/company\/10153434"]},{"@type":"Person","@id":"https:\/\/www.overskrift.dk\/blog\/#\/schema\/person\/b78220010603ce4384fa7758a6eabaf3","name":"Stefan B\u00f8gh-Andersen","image":{"@type":"ImageObject","inLanguage":"da-DK","@id":"https:\/\/secure.gravatar.com\/avatar\/f7eee59b7b5aa69f61ce713b6f85ef24d2faef678f186072e924c71249c2d2d6?s=96&d=mm&r=g","url":"https:\/\/secure.gravatar.com\/avatar\/f7eee59b7b5aa69f61ce713b6f85ef24d2faef678f186072e924c71249c2d2d6?s=96&d=mm&r=g","contentUrl":"https:\/\/secure.gravatar.com\/avatar\/f7eee59b7b5aa69f61ce713b6f85ef24d2faef678f186072e924c71249c2d2d6?s=96&d=mm&r=g","caption":"Stefan B\u00f8gh-Andersen"},"description":"Indl\u00e6gget er skrevet af Stefan, der er direkt\u00f8r i og stifter af Overskrift. Stefan er en skarp analytiker og har mange \u00e5rs erfaring med r\u00e5dgivning inden for sociale medier og nyhedssites.","url":"https:\/\/www.overskrift.dk\/blog\/author\/stefan\/"}]}},"_links":{"self":[{"href":"https:\/\/www.overskrift.dk\/blog\/wp-json\/wp\/v2\/posts\/2830","targetHints":{"allow":["GET"]}}],"collection":[{"href":"https:\/\/www.overskrift.dk\/blog\/wp-json\/wp\/v2\/posts"}],"about":[{"href":"https:\/\/www.overskrift.dk\/blog\/wp-json\/wp\/v2\/types\/post"}],"author":[{"embeddable":true,"href":"https:\/\/www.overskrift.dk\/blog\/wp-json\/wp\/v2\/users\/4"}],"replies":[{"embeddable":true,"href":"https:\/\/www.overskrift.dk\/blog\/wp-json\/wp\/v2\/comments?post=2830"}],"version-history":[{"count":1,"href":"https:\/\/www.overskrift.dk\/blog\/wp-json\/wp\/v2\/posts\/2830\/revisions"}],"predecessor-version":[{"id":2844,"href":"https:\/\/www.overskrift.dk\/blog\/wp-json\/wp\/v2\/posts\/2830\/revisions\/2844"}],"wp:attachment":[{"href":"https:\/\/www.overskrift.dk\/blog\/wp-json\/wp\/v2\/media?parent=2830"}],"wp:term":[{"taxonomy":"category","embeddable":true,"href":"https:\/\/www.overskrift.dk\/blog\/wp-json\/wp\/v2\/categories?post=2830"},{"taxonomy":"post_tag","embeddable":true,"href":"https:\/\/www.overskrift.dk\/blog\/wp-json\/wp\/v2\/tags?post=2830"}],"curies":[{"name":"wp","href":"https:\/\/api.w.org\/{rel}","templated":true}]}}