{"id":2862,"date":"2013-10-25T09:47:08","date_gmt":"2013-10-25T07:47:08","guid":{"rendered":"http:\/\/blog.overskrift.dk\/?p=2862"},"modified":"2021-02-15T11:07:31","modified_gmt":"2021-02-15T10:07:31","slug":"overskrift-dk-relancerer-med-nyt-design","status":"publish","type":"post","link":"https:\/\/www.overskrift.dk\/blog\/2013\/10\/25\/overskrift-dk-relancerer-med-nyt-design\/","title":{"rendered":"Overskrift.dk relancerer med nyt design"},"content":{"rendered":"<p>Overskrift.dk har i dag re-lanceret med nyt design<\/p>\n<p style=\"text-align: center;\">\n<p>Det tidligere website havde efterh\u00e5nden haft det samme design i efterh\u00e5nden 5-6 \u00e5r, s\u00e5 de var tiltr\u00e6ngt med et nyt design.<\/p>\n<p>Tjenesten <a href=\"http:\/\/overskrift.dk\/premium\">Overblik<\/a> til online og sociale medie monitorering er ogs\u00e5 blevet redesignet, stadig med de samme funktionaliteter og samme gode danske indholds-grundlag fra blogs, Twitter, nyheds- og andre danske websites, Facebook, Youtube, kommentarer, diskussionfora etc.<\/p>\n<p style=\"text-align: center;\"><img loading=\"lazy\" decoding=\"async\" class=\"alignnone size-medium wp-image-2886\" src=\"http:\/\/blog.overskrift.dk\/wp-content\/uploads\/odk2-dashboard-demo-700x404.png\" alt=\"odk2-dashboard-demo\" width=\"700\" height=\"404\" srcset=\"https:\/\/www.overskrift.dk\/blog\/wp-content\/uploads\/odk2-dashboard-demo-700x404.png 700w, https:\/\/www.overskrift.dk\/blog\/wp-content\/uploads\/odk2-dashboard-demo.png 996w\" sizes=\"auto, (max-width: 700px) 100vw, 700px\" \/><\/p>\n<p>Det er muligt at afpr\u00f8ve <a href=\"http:\/\/overskrift.dk\/premium\">Overblik<\/a> tjenesten uforpligtende og gratis i 14 dage i en fuld funktionel udgave, s\u00e5 du kan se hvad der bliver sagt om din virksomhed, organisation, produkter, tjenester, fagomr\u00e5der, konkurrenter etc i danske online og sociale medier.<\/p>\n<p>Vores kunder er ogs\u00e5 <a href=\"http:\/\/www.overskrift.dk\/premium\/cases\">glade for Overblik tjenesten<\/a>, som hj\u00e6lper dem dagligt med at f\u00f8lge str\u00f8mmen af omtaler.<\/p>\n<h2>Gratis tjenester<\/h2>\n<p>Ud over Overblik tjenesten tilbyder Overskrift.dk stadig en r\u00e6kke gratis tjenester, s\u00e5 man hurtigt kan f\u00e5 overblik over hvem og hvorn\u00e5r og hvad der snakkes om online.<\/p>\n<h3><strong>S\u00f8gning<\/strong><\/h3>\n<p>Fra forsiden kan man s\u00f8ge og finde det seneste danske indhold fra online og sociale medier. Som for Overbklik tjenesten frems\u00f8ges i blogs, Twitter, nyheds-og andre danske websites,\u00a0 YouTube, kommentarer, diskussionfora etc., men alts\u00e5 ikke for Facebook som er forbeholdt Overblik tjenesten.<\/p>\n<h3><strong>Popul\u00e6re danskere<\/strong> <a href=\"http:\/\/www.overskrift.dk\/ranking\"><img decoding=\"async\" class=\" wp-image-2867 alignleft\" src=\"http:\/\/blog.overskrift.dk\/wp-content\/uploads\/odk2-popl\u00e6re-danskere-700x560.png\" alt=\"odk2-popl\u00e6re-danskere\" width=\"300\" srcset=\"https:\/\/www.overskrift.dk\/blog\/wp-content\/uploads\/odk2-popl\u00e6re-danskere-700x560.png 700w, https:\/\/www.overskrift.dk\/blog\/wp-content\/uploads\/odk2-popl\u00e6re-danskere.png 966w\" sizes=\"(max-width: 700px) 100vw, 700px\" \/><\/a><\/h3>\n<p>Se hvem der pt. har fleste <a href=\"http:\/\/overskrift.dk\/ranking\/followers\/\">followers<\/a> eller <a href=\"http:\/\/overskrift.dk\/ranking\/klout\">Klout<\/a> score. Du kan ogs\u00e5 finde din egen eller andres ranking p\u00e5 ranking listerne ved at indtaste Twitter brugernavnet i s\u00f8geboksen.<\/p>\n<p>&nbsp;<\/p>\n<p>&nbsp;<\/p>\n<p>&nbsp;<\/p>\n<p>&nbsp;<\/p>\n<p>&nbsp;<\/p>\n<h3><strong>Danmarkskort<\/strong><\/h3>\n<p><a href=\"http:\/\/www.overskrift.dk\/map\"><img decoding=\"async\" class=\" wp-image-2869 alignright\" src=\"http:\/\/blog.overskrift.dk\/wp-content\/uploads\/odk2-map-700x556.png\" alt=\"odk2-map\" width=\"300\" srcset=\"https:\/\/www.overskrift.dk\/blog\/wp-content\/uploads\/odk2-map-700x556.png 700w, https:\/\/www.overskrift.dk\/blog\/wp-content\/uploads\/odk2-map.png 967w\" sizes=\"(max-width: 700px) 100vw, 700px\" \/><\/a><a href=\"http:\/\/www.overskrift.dk\/map\">Danmarkskortet<\/a> vises de seneste omtaler &#8211; s\u00e6rligt tweets, men ogs\u00e5 billede-delinger via Instragram, restaurant anmeldelser eller andet indhold som er lokations-bestemt.<\/p>\n<p>&nbsp;<\/p>\n<p>&nbsp;<\/p>\n<p>&nbsp;<\/p>\n<p>&nbsp;<\/p>\n<p>&nbsp;<\/p>\n<h3><strong>Hashtags<\/strong><\/h3>\n<p><a href=\"http:\/\/overskrift.dk\/hashtag\"><img decoding=\"async\" class=\" wp-image-2877 alignleft\" src=\"http:\/\/blog.overskrift.dk\/wp-content\/uploads\/odk-hashtag.png\" alt=\"odk-hashtag\" width=\"300\" \/><\/a>Tags er blevet en meget popul\u00e6r m\u00e5de at skabe overblik p\u00e5 tv\u00e6rs af kilder og indhold, s\u00e6rligt p\u00e5 Twitter og Instagram. P\u00e5 Overskrift.dk er det muligt at f\u00f8lge dansk brug af <a href=\"http:\/\/overskrift.dk\/hashtag\">hashtags<\/a>, f.eks. ved at se popul\u00e6re tags s\u00e5 som #<a href=\"http:\/\/overskrift.dk\/hashtag\/dkpol\">dkpol<\/a> #<a href=\"http:\/\/overskrift.dk\/hashtag\/sldk\">sldk<\/a> #<a href=\"http:\/\/overskrift.dk\/hashtag\/skolechat\">skolechat<\/a> #<a href=\"http:\/\/overskrift.dk\/hashtag\/dkmedier\">dkmedier<\/a> eller tags som knytter sig til begivenheder som #<a href=\"http:\/\/overskrift.dk\/hashtag\/kv13\">kv13<\/a> #<a href=\"http:\/\/overskrift.dk\/hashtag\/vildmeddans\">vildmeddans <\/a>#<a href=\"http:\/\/overskrift.dk\/hashtag\/fredagsbog\">fredagsbog <\/a>eller lignende.<\/p>\n<p>Bem\u00e6rk, at man bare kan skrive tagnavnet direkte i URL&#8217;en, s\u00e5 for f.eks. #kv13 er det s\u00e5ledes <a href=\"http:\/\/overskrift.dk\/hashtag\/kv13\">http:\/\/overskrift.dk\/hashtag\/kv13<\/a>.<\/p>\n<p>&nbsp;<\/p>\n<p>Vi er rigtig glade for det nye design,og gl\u00e6der os til udvide med med nye features, b\u00e5de for Overblik og de gratis tjenester.<\/p>\n<p>Hvad synes <strong>du<\/strong> om det nye Overskrift.dk?<\/p>\n","protected":false},"excerpt":{"rendered":"<p>Overskrift.dk har i dag re-lanceret med nyt design Det tidligere website havde efterh\u00e5nden haft det samme design i efterh\u00e5nden 5-6 \u00e5r, s\u00e5 de var tiltr\u00e6ngt med et nyt&hellip;<\/p>\n","protected":false},"author":4,"featured_media":2864,"comment_status":"open","ping_status":"open","sticky":false,"template":"","format":"standard","meta":{"cybocfi_hide_featured_image":"","footnotes":""},"categories":[303],"tags":[266,248,448,237],"class_list":["post-2862","post","type-post","status-publish","format-standard","has-post-thumbnail","hentry","category-nyt-hos-overskrift","tag-overblik","tag-overskrift","tag-social-media-monitoring","tag-sociale-medier"],"yoast_head":"<!-- This site is optimized with the Yoast SEO plugin v27.5 - https:\/\/yoast.com\/product\/yoast-seo-wordpress\/ -->\n<title>Overskrift.dk relancerer med nyt design - Overskrifts blog<\/title>\n<meta name=\"robots\" content=\"index, follow, max-snippet:-1, max-image-preview:large, max-video-preview:-1\" \/>\n<link rel=\"canonical\" href=\"https:\/\/www.overskrift.dk\/blog\/2013\/10\/25\/overskrift-dk-relancerer-med-nyt-design\/\" \/>\n<meta property=\"og:locale\" content=\"da_DK\" \/>\n<meta property=\"og:type\" content=\"article\" \/>\n<meta property=\"og:title\" content=\"Overskrift.dk relancerer med nyt design - Overskrifts blog\" \/>\n<meta property=\"og:description\" content=\"Overskrift.dk har i dag re-lanceret med nyt design Det tidligere website havde efterh\u00e5nden haft det samme design i efterh\u00e5nden 5-6 \u00e5r, s\u00e5 de var tiltr\u00e6ngt med et nyt&hellip;\" \/>\n<meta property=\"og:url\" content=\"https:\/\/www.overskrift.dk\/blog\/2013\/10\/25\/overskrift-dk-relancerer-med-nyt-design\/\" \/>\n<meta property=\"og:site_name\" content=\"Overskrifts blog\" \/>\n<meta property=\"article:publisher\" content=\"https:\/\/www.facebook.com\/overskrift\" \/>\n<meta property=\"article:published_time\" content=\"2013-10-25T07:47:08+00:00\" \/>\n<meta property=\"article:modified_time\" content=\"2021-02-15T10:07:31+00:00\" \/>\n<meta property=\"og:image\" content=\"https:\/\/www.overskrift.dk\/blog\/wp-content\/uploads\/macbookDashboard.png\" \/>\n\t<meta property=\"og:image:width\" content=\"540\" \/>\n\t<meta property=\"og:image:height\" content=\"400\" \/>\n\t<meta property=\"og:image:type\" content=\"image\/png\" \/>\n<meta name=\"author\" content=\"Stefan B\u00f8gh-Andersen\" \/>\n<meta name=\"twitter:card\" content=\"summary_large_image\" \/>\n<meta name=\"twitter:creator\" content=\"@overskrift\" \/>\n<meta name=\"twitter:site\" content=\"@overskrift\" \/>\n<script type=\"application\/ld+json\" class=\"yoast-schema-graph\">{\"@context\":\"https:\\\/\\\/schema.org\",\"@graph\":[{\"@type\":\"Article\",\"@id\":\"https:\\\/\\\/www.overskrift.dk\\\/blog\\\/2013\\\/10\\\/25\\\/overskrift-dk-relancerer-med-nyt-design\\\/#article\",\"isPartOf\":{\"@id\":\"https:\\\/\\\/www.overskrift.dk\\\/blog\\\/2013\\\/10\\\/25\\\/overskrift-dk-relancerer-med-nyt-design\\\/\"},\"author\":{\"name\":\"Stefan B\u00f8gh-Andersen\",\"@id\":\"https:\\\/\\\/www.overskrift.dk\\\/blog\\\/#\\\/schema\\\/person\\\/b78220010603ce4384fa7758a6eabaf3\"},\"headline\":\"Overskrift.dk relancerer med nyt design\",\"datePublished\":\"2013-10-25T07:47:08+00:00\",\"dateModified\":\"2021-02-15T10:07:31+00:00\",\"mainEntityOfPage\":{\"@id\":\"https:\\\/\\\/www.overskrift.dk\\\/blog\\\/2013\\\/10\\\/25\\\/overskrift-dk-relancerer-med-nyt-design\\\/\"},\"wordCount\":407,\"commentCount\":10,\"publisher\":{\"@id\":\"https:\\\/\\\/www.overskrift.dk\\\/blog\\\/#organization\"},\"image\":{\"@id\":\"https:\\\/\\\/www.overskrift.dk\\\/blog\\\/2013\\\/10\\\/25\\\/overskrift-dk-relancerer-med-nyt-design\\\/#primaryimage\"},\"thumbnailUrl\":\"https:\\\/\\\/www.overskrift.dk\\\/blog\\\/wp-content\\\/uploads\\\/macbookDashboard.png\",\"keywords\":[\"Overblik\",\"overskrift\",\"Social Media Monitoring\",\"sociale medier\"],\"articleSection\":[\"Nyt hos Overskrift\"],\"inLanguage\":\"da-DK\",\"potentialAction\":[{\"@type\":\"CommentAction\",\"name\":\"Comment\",\"target\":[\"https:\\\/\\\/www.overskrift.dk\\\/blog\\\/2013\\\/10\\\/25\\\/overskrift-dk-relancerer-med-nyt-design\\\/#respond\"]}]},{\"@type\":\"WebPage\",\"@id\":\"https:\\\/\\\/www.overskrift.dk\\\/blog\\\/2013\\\/10\\\/25\\\/overskrift-dk-relancerer-med-nyt-design\\\/\",\"url\":\"https:\\\/\\\/www.overskrift.dk\\\/blog\\\/2013\\\/10\\\/25\\\/overskrift-dk-relancerer-med-nyt-design\\\/\",\"name\":\"Overskrift.dk relancerer med nyt design - Overskrifts blog\",\"isPartOf\":{\"@id\":\"https:\\\/\\\/www.overskrift.dk\\\/blog\\\/#website\"},\"primaryImageOfPage\":{\"@id\":\"https:\\\/\\\/www.overskrift.dk\\\/blog\\\/2013\\\/10\\\/25\\\/overskrift-dk-relancerer-med-nyt-design\\\/#primaryimage\"},\"image\":{\"@id\":\"https:\\\/\\\/www.overskrift.dk\\\/blog\\\/2013\\\/10\\\/25\\\/overskrift-dk-relancerer-med-nyt-design\\\/#primaryimage\"},\"thumbnailUrl\":\"https:\\\/\\\/www.overskrift.dk\\\/blog\\\/wp-content\\\/uploads\\\/macbookDashboard.png\",\"datePublished\":\"2013-10-25T07:47:08+00:00\",\"dateModified\":\"2021-02-15T10:07:31+00:00\",\"breadcrumb\":{\"@id\":\"https:\\\/\\\/www.overskrift.dk\\\/blog\\\/2013\\\/10\\\/25\\\/overskrift-dk-relancerer-med-nyt-design\\\/#breadcrumb\"},\"inLanguage\":\"da-DK\",\"potentialAction\":[{\"@type\":\"ReadAction\",\"target\":[\"https:\\\/\\\/www.overskrift.dk\\\/blog\\\/2013\\\/10\\\/25\\\/overskrift-dk-relancerer-med-nyt-design\\\/\"]}]},{\"@type\":\"ImageObject\",\"inLanguage\":\"da-DK\",\"@id\":\"https:\\\/\\\/www.overskrift.dk\\\/blog\\\/2013\\\/10\\\/25\\\/overskrift-dk-relancerer-med-nyt-design\\\/#primaryimage\",\"url\":\"https:\\\/\\\/www.overskrift.dk\\\/blog\\\/wp-content\\\/uploads\\\/macbookDashboard.png\",\"contentUrl\":\"https:\\\/\\\/www.overskrift.dk\\\/blog\\\/wp-content\\\/uploads\\\/macbookDashboard.png\",\"width\":540,\"height\":400},{\"@type\":\"BreadcrumbList\",\"@id\":\"https:\\\/\\\/www.overskrift.dk\\\/blog\\\/2013\\\/10\\\/25\\\/overskrift-dk-relancerer-med-nyt-design\\\/#breadcrumb\",\"itemListElement\":[{\"@type\":\"ListItem\",\"position\":1,\"name\":\"Hjem\",\"item\":\"https:\\\/\\\/www.overskrift.dk\\\/blog\\\/\"},{\"@type\":\"ListItem\",\"position\":2,\"name\":\"Overskrift.dk relancerer med nyt design\"}]},{\"@type\":\"WebSite\",\"@id\":\"https:\\\/\\\/www.overskrift.dk\\\/blog\\\/#website\",\"url\":\"https:\\\/\\\/www.overskrift.dk\\\/blog\\\/\",\"name\":\"Overskrifts blog\",\"description\":\"Nyeste indl\u00e6g\",\"publisher\":{\"@id\":\"https:\\\/\\\/www.overskrift.dk\\\/blog\\\/#organization\"},\"potentialAction\":[{\"@type\":\"SearchAction\",\"target\":{\"@type\":\"EntryPoint\",\"urlTemplate\":\"https:\\\/\\\/www.overskrift.dk\\\/blog\\\/?s={search_term_string}\"},\"query-input\":{\"@type\":\"PropertyValueSpecification\",\"valueRequired\":true,\"valueName\":\"search_term_string\"}}],\"inLanguage\":\"da-DK\"},{\"@type\":\"Organization\",\"@id\":\"https:\\\/\\\/www.overskrift.dk\\\/blog\\\/#organization\",\"name\":\"Overskrift ApS\",\"url\":\"https:\\\/\\\/www.overskrift.dk\\\/blog\\\/\",\"logo\":{\"@type\":\"ImageObject\",\"inLanguage\":\"da-DK\",\"@id\":\"https:\\\/\\\/www.overskrift.dk\\\/blog\\\/#\\\/schema\\\/logo\\\/image\\\/\",\"url\":\"https:\\\/\\\/blog.overskrift.dk\\\/wp-content\\\/uploads\\\/Just-the-dots-1.png\",\"contentUrl\":\"https:\\\/\\\/blog.overskrift.dk\\\/wp-content\\\/uploads\\\/Just-the-dots-1.png\",\"width\":258,\"height\":257,\"caption\":\"Overskrift ApS\"},\"image\":{\"@id\":\"https:\\\/\\\/www.overskrift.dk\\\/blog\\\/#\\\/schema\\\/logo\\\/image\\\/\"},\"sameAs\":[\"https:\\\/\\\/www.facebook.com\\\/overskrift\",\"https:\\\/\\\/x.com\\\/overskrift\",\"https:\\\/\\\/www.instagram.com\\\/overskrift\\\/\",\"https:\\\/\\\/www.linkedin.com\\\/company\\\/10153434\"]},{\"@type\":\"Person\",\"@id\":\"https:\\\/\\\/www.overskrift.dk\\\/blog\\\/#\\\/schema\\\/person\\\/b78220010603ce4384fa7758a6eabaf3\",\"name\":\"Stefan B\u00f8gh-Andersen\",\"image\":{\"@type\":\"ImageObject\",\"inLanguage\":\"da-DK\",\"@id\":\"https:\\\/\\\/secure.gravatar.com\\\/avatar\\\/f7eee59b7b5aa69f61ce713b6f85ef24d2faef678f186072e924c71249c2d2d6?s=96&d=mm&r=g\",\"url\":\"https:\\\/\\\/secure.gravatar.com\\\/avatar\\\/f7eee59b7b5aa69f61ce713b6f85ef24d2faef678f186072e924c71249c2d2d6?s=96&d=mm&r=g\",\"contentUrl\":\"https:\\\/\\\/secure.gravatar.com\\\/avatar\\\/f7eee59b7b5aa69f61ce713b6f85ef24d2faef678f186072e924c71249c2d2d6?s=96&d=mm&r=g\",\"caption\":\"Stefan B\u00f8gh-Andersen\"},\"description\":\"Indl\u00e6gget er skrevet af Stefan, der er direkt\u00f8r i og stifter af Overskrift. Stefan er en skarp analytiker og har mange \u00e5rs erfaring med r\u00e5dgivning inden for sociale medier og nyhedssites.\",\"url\":\"https:\\\/\\\/www.overskrift.dk\\\/blog\\\/author\\\/stefan\\\/\"}]}<\/script>\n<!-- \/ Yoast SEO plugin. -->","yoast_head_json":{"title":"Overskrift.dk relancerer med nyt design - Overskrifts blog","robots":{"index":"index","follow":"follow","max-snippet":"max-snippet:-1","max-image-preview":"max-image-preview:large","max-video-preview":"max-video-preview:-1"},"canonical":"https:\/\/www.overskrift.dk\/blog\/2013\/10\/25\/overskrift-dk-relancerer-med-nyt-design\/","og_locale":"da_DK","og_type":"article","og_title":"Overskrift.dk relancerer med nyt design - Overskrifts blog","og_description":"Overskrift.dk har i dag re-lanceret med nyt design Det tidligere website havde efterh\u00e5nden haft det samme design i efterh\u00e5nden 5-6 \u00e5r, s\u00e5 de var tiltr\u00e6ngt med et nyt&hellip;","og_url":"https:\/\/www.overskrift.dk\/blog\/2013\/10\/25\/overskrift-dk-relancerer-med-nyt-design\/","og_site_name":"Overskrifts blog","article_publisher":"https:\/\/www.facebook.com\/overskrift","article_published_time":"2013-10-25T07:47:08+00:00","article_modified_time":"2021-02-15T10:07:31+00:00","og_image":[{"width":540,"height":400,"url":"https:\/\/www.overskrift.dk\/blog\/wp-content\/uploads\/macbookDashboard.png","type":"image\/png"}],"author":"Stefan B\u00f8gh-Andersen","twitter_card":"summary_large_image","twitter_creator":"@overskrift","twitter_site":"@overskrift","schema":{"@context":"https:\/\/schema.org","@graph":[{"@type":"Article","@id":"https:\/\/www.overskrift.dk\/blog\/2013\/10\/25\/overskrift-dk-relancerer-med-nyt-design\/#article","isPartOf":{"@id":"https:\/\/www.overskrift.dk\/blog\/2013\/10\/25\/overskrift-dk-relancerer-med-nyt-design\/"},"author":{"name":"Stefan B\u00f8gh-Andersen","@id":"https:\/\/www.overskrift.dk\/blog\/#\/schema\/person\/b78220010603ce4384fa7758a6eabaf3"},"headline":"Overskrift.dk relancerer med nyt design","datePublished":"2013-10-25T07:47:08+00:00","dateModified":"2021-02-15T10:07:31+00:00","mainEntityOfPage":{"@id":"https:\/\/www.overskrift.dk\/blog\/2013\/10\/25\/overskrift-dk-relancerer-med-nyt-design\/"},"wordCount":407,"commentCount":10,"publisher":{"@id":"https:\/\/www.overskrift.dk\/blog\/#organization"},"image":{"@id":"https:\/\/www.overskrift.dk\/blog\/2013\/10\/25\/overskrift-dk-relancerer-med-nyt-design\/#primaryimage"},"thumbnailUrl":"https:\/\/www.overskrift.dk\/blog\/wp-content\/uploads\/macbookDashboard.png","keywords":["Overblik","overskrift","Social Media Monitoring","sociale medier"],"articleSection":["Nyt hos Overskrift"],"inLanguage":"da-DK","potentialAction":[{"@type":"CommentAction","name":"Comment","target":["https:\/\/www.overskrift.dk\/blog\/2013\/10\/25\/overskrift-dk-relancerer-med-nyt-design\/#respond"]}]},{"@type":"WebPage","@id":"https:\/\/www.overskrift.dk\/blog\/2013\/10\/25\/overskrift-dk-relancerer-med-nyt-design\/","url":"https:\/\/www.overskrift.dk\/blog\/2013\/10\/25\/overskrift-dk-relancerer-med-nyt-design\/","name":"Overskrift.dk relancerer med nyt design - Overskrifts blog","isPartOf":{"@id":"https:\/\/www.overskrift.dk\/blog\/#website"},"primaryImageOfPage":{"@id":"https:\/\/www.overskrift.dk\/blog\/2013\/10\/25\/overskrift-dk-relancerer-med-nyt-design\/#primaryimage"},"image":{"@id":"https:\/\/www.overskrift.dk\/blog\/2013\/10\/25\/overskrift-dk-relancerer-med-nyt-design\/#primaryimage"},"thumbnailUrl":"https:\/\/www.overskrift.dk\/blog\/wp-content\/uploads\/macbookDashboard.png","datePublished":"2013-10-25T07:47:08+00:00","dateModified":"2021-02-15T10:07:31+00:00","breadcrumb":{"@id":"https:\/\/www.overskrift.dk\/blog\/2013\/10\/25\/overskrift-dk-relancerer-med-nyt-design\/#breadcrumb"},"inLanguage":"da-DK","potentialAction":[{"@type":"ReadAction","target":["https:\/\/www.overskrift.dk\/blog\/2013\/10\/25\/overskrift-dk-relancerer-med-nyt-design\/"]}]},{"@type":"ImageObject","inLanguage":"da-DK","@id":"https:\/\/www.overskrift.dk\/blog\/2013\/10\/25\/overskrift-dk-relancerer-med-nyt-design\/#primaryimage","url":"https:\/\/www.overskrift.dk\/blog\/wp-content\/uploads\/macbookDashboard.png","contentUrl":"https:\/\/www.overskrift.dk\/blog\/wp-content\/uploads\/macbookDashboard.png","width":540,"height":400},{"@type":"BreadcrumbList","@id":"https:\/\/www.overskrift.dk\/blog\/2013\/10\/25\/overskrift-dk-relancerer-med-nyt-design\/#breadcrumb","itemListElement":[{"@type":"ListItem","position":1,"name":"Hjem","item":"https:\/\/www.overskrift.dk\/blog\/"},{"@type":"ListItem","position":2,"name":"Overskrift.dk relancerer med nyt design"}]},{"@type":"WebSite","@id":"https:\/\/www.overskrift.dk\/blog\/#website","url":"https:\/\/www.overskrift.dk\/blog\/","name":"Overskrifts blog","description":"Nyeste indl\u00e6g","publisher":{"@id":"https:\/\/www.overskrift.dk\/blog\/#organization"},"potentialAction":[{"@type":"SearchAction","target":{"@type":"EntryPoint","urlTemplate":"https:\/\/www.overskrift.dk\/blog\/?s={search_term_string}"},"query-input":{"@type":"PropertyValueSpecification","valueRequired":true,"valueName":"search_term_string"}}],"inLanguage":"da-DK"},{"@type":"Organization","@id":"https:\/\/www.overskrift.dk\/blog\/#organization","name":"Overskrift ApS","url":"https:\/\/www.overskrift.dk\/blog\/","logo":{"@type":"ImageObject","inLanguage":"da-DK","@id":"https:\/\/www.overskrift.dk\/blog\/#\/schema\/logo\/image\/","url":"https:\/\/blog.overskrift.dk\/wp-content\/uploads\/Just-the-dots-1.png","contentUrl":"https:\/\/blog.overskrift.dk\/wp-content\/uploads\/Just-the-dots-1.png","width":258,"height":257,"caption":"Overskrift ApS"},"image":{"@id":"https:\/\/www.overskrift.dk\/blog\/#\/schema\/logo\/image\/"},"sameAs":["https:\/\/www.facebook.com\/overskrift","https:\/\/x.com\/overskrift","https:\/\/www.instagram.com\/overskrift\/","https:\/\/www.linkedin.com\/company\/10153434"]},{"@type":"Person","@id":"https:\/\/www.overskrift.dk\/blog\/#\/schema\/person\/b78220010603ce4384fa7758a6eabaf3","name":"Stefan B\u00f8gh-Andersen","image":{"@type":"ImageObject","inLanguage":"da-DK","@id":"https:\/\/secure.gravatar.com\/avatar\/f7eee59b7b5aa69f61ce713b6f85ef24d2faef678f186072e924c71249c2d2d6?s=96&d=mm&r=g","url":"https:\/\/secure.gravatar.com\/avatar\/f7eee59b7b5aa69f61ce713b6f85ef24d2faef678f186072e924c71249c2d2d6?s=96&d=mm&r=g","contentUrl":"https:\/\/secure.gravatar.com\/avatar\/f7eee59b7b5aa69f61ce713b6f85ef24d2faef678f186072e924c71249c2d2d6?s=96&d=mm&r=g","caption":"Stefan B\u00f8gh-Andersen"},"description":"Indl\u00e6gget er skrevet af Stefan, der er direkt\u00f8r i og stifter af Overskrift. Stefan er en skarp analytiker og har mange \u00e5rs erfaring med r\u00e5dgivning inden for sociale medier og nyhedssites.","url":"https:\/\/www.overskrift.dk\/blog\/author\/stefan\/"}]}},"_links":{"self":[{"href":"https:\/\/www.overskrift.dk\/blog\/wp-json\/wp\/v2\/posts\/2862","targetHints":{"allow":["GET"]}}],"collection":[{"href":"https:\/\/www.overskrift.dk\/blog\/wp-json\/wp\/v2\/posts"}],"about":[{"href":"https:\/\/www.overskrift.dk\/blog\/wp-json\/wp\/v2\/types\/post"}],"author":[{"embeddable":true,"href":"https:\/\/www.overskrift.dk\/blog\/wp-json\/wp\/v2\/users\/4"}],"replies":[{"embeddable":true,"href":"https:\/\/www.overskrift.dk\/blog\/wp-json\/wp\/v2\/comments?post=2862"}],"version-history":[{"count":22,"href":"https:\/\/www.overskrift.dk\/blog\/wp-json\/wp\/v2\/posts\/2862\/revisions"}],"predecessor-version":[{"id":3284,"href":"https:\/\/www.overskrift.dk\/blog\/wp-json\/wp\/v2\/posts\/2862\/revisions\/3284"}],"wp:featuredmedia":[{"embeddable":true,"href":"https:\/\/www.overskrift.dk\/blog\/wp-json\/wp\/v2\/media\/2864"}],"wp:attachment":[{"href":"https:\/\/www.overskrift.dk\/blog\/wp-json\/wp\/v2\/media?parent=2862"}],"wp:term":[{"taxonomy":"category","embeddable":true,"href":"https:\/\/www.overskrift.dk\/blog\/wp-json\/wp\/v2\/categories?post=2862"},{"taxonomy":"post_tag","embeddable":true,"href":"https:\/\/www.overskrift.dk\/blog\/wp-json\/wp\/v2\/tags?post=2862"}],"curies":[{"name":"wp","href":"https:\/\/api.w.org\/{rel}","templated":true}]}}