{"id":2888,"date":"2013-10-28T18:02:09","date_gmt":"2013-10-28T17:02:09","guid":{"rendered":"http:\/\/blog.overskrift.dk\/?p=2888"},"modified":"2022-08-04T13:42:07","modified_gmt":"2022-08-04T11:42:07","slug":"twitter-viser-sin-storm-styrke-i-krisesituationer","status":"publish","type":"post","link":"https:\/\/www.overskrift.dk\/blog\/2013\/10\/28\/twitter-viser-sin-storm-styrke-i-krisesituationer\/","title":{"rendered":"Twitter viser sin (storm) styrke i krisesituationer"},"content":{"rendered":"<p>Twitter fik i dag endnu et gennembrud som kommunikationskanal. Denne gang som kanal for seri\u00f8s offentlig kommunikation under den storm, der stadig raser hen over landet, og som sl\u00e5r\u00a0<a href=\"http:\/\/ekstrabladet.dk\/nyheder\/samfund\/article2133737.ece\">rekord i vindhastighed<\/a>.<\/p>\n<p>B\u00e5de Beredskabsstyrelsen og en hel stribe af de 12 politikredse brugte Twitter til at orientere og r\u00e5dgive danskerne: Lige fra besked om sp\u00e6rrede broer til de mere alvorlige advarsler om at blive inden d\u00f8re, fordi det var livsfarligt at g\u00e5 ud.<\/p>\n<p>Samtidigt havde politiet s\u00e5 travlt med, at tage mod opringninger, at de bad folk om ikke at ringe 112 med mindre der var tale om livsfare. Ogs\u00e5 pressen blev bedt om ikke at ringe, og det bet\u00f8d at f.x. v\u00e6rterne p\u00e5 DR2 i stedet l\u00e6ste op direkte fra politiets Twitter-beskeder.<\/p>\n<p>Det afspejler det medie-typiske billede, hvor de enkelte institutioner bliver direkte kilder som b\u00e5de medier og borgere kan f\u00f8lge. Tidligere var alle afh\u00e6ngige af, hvad journalisterne p\u00e5 de store medier valgte at bringe.<\/p>\n<p style=\"text-align: center;\"><img loading=\"lazy\" decoding=\"async\" class=\"wp-image-2910 aligncenter\" src=\"http:\/\/blog.overskrift.dk\/wp-content\/uploads\/2013-10-30-17.49.22-700x522.jpg\" alt=\"2013-10-30 17.49.22\" width=\"500\" height=\"373\" \/><em>Stefan B\u00f8gh-Andersen, Overskrift.dk, i TV2 News dagen efter i diskussion om brugen af Twitter og #stormdk i forbindelse med stormen<\/em><\/p>\n<p><strong>50 procent flere f\u00f8lgere p\u00e5 dag<\/strong><br \/>\nDe enkelte politikredse sendte stribevis af tweets, og det blev straks bel\u00f8nnet af brugerne. Sydjyllands Politik fik p\u00e5 en dag 1000 nye f\u00f8lgere, hvilket er en unik v\u00e6kst p\u00e5 50 % &#8211; p\u00e5 en enkelt dag.<\/p>\n<p>Det var kendt at stormen ville ramme Danmark i dag, d. 28. oktober 2013, efter den har raseret England i de foreg\u00e5ende dage, men man ved jo ikke hvor eller hvordan den rammer, og i det tilf\u00e6lde har Twitter virkeligt vist sin v\u00e6rdi som ultrahurtigt nyhedsmedier.<\/p>\n<p>I stedet for at vente til at traditionelle medier som radio, TV og online nyhedssites melder ud om situationen, skader etc., kan man i stedet f\u00e5 direkte og live opdateringer fra kilderne som politiet, beredskabsstyrelsen, DSB etc p\u00e5 Twitter.<\/p>\n<p>I dag har Twitter profiler som <a href=\"https:\/\/twitter.com\/SjylPoliti\">@SjylPoliti<\/a> (Sydjyllands Politi), <a href=\"https:\/\/twitter.com\/FynsPoliti\">@FynsPoliti<\/a>, <a href=\"https:\/\/twitter.com\/omdsb\">@omdsb<\/a>, <a href=\"https:\/\/twitter.com\/BRSdk\">@BRSdk<\/a> (Beredskabsstyrelsen) og andre myndigheder l\u00f8bende og live fortalt og advaret om situationen, f.eks:<\/p>\n<blockquote class=\"twitter-tweet\"><p><a href=\"https:\/\/twitter.com\/search?q=%23Stormdk&amp;src=hash\">#Stormdk<\/a>: Anbefalingen om at blive inden d\u00f8re g\u00e6lder nu ogs\u00e5 i Vestegnens og \u00d8stjyllands politikredse <a href=\"https:\/\/twitter.com\/VestegnsPoliti\">@VestegnsPoliti<\/a> <a href=\"https:\/\/twitter.com\/OjylPoliti\">@OjylPoliti<\/a><\/p>\n<p>\u2014 Beredskabsstyrelsen (@BRSdk) <a href=\"https:\/\/twitter.com\/BRSdk\/statuses\/394861758961045504\">October 28, 2013<\/a><\/p><\/blockquote>\n<p>&nbsp;<\/p>\n<blockquote class=\"twitter-tweet\"><p>Vi opfordrer til at holde sig indend\u00f8rs hele aftenen &#8211; ogs\u00e5 n\u00e5r stormen l\u00f8jer af. Oprydningsarbejdet bliver omfattende. <a href=\"https:\/\/twitter.com\/search?q=%23stormdk&amp;src=hash\">#stormdk<\/a> <a href=\"https:\/\/twitter.com\/search?q=%23politidk&amp;src=hash\">#politidk<\/a><\/p>\n<p>\u2014 Fyns Politi (@FynsPoliti) <a href=\"https:\/\/twitter.com\/FynsPoliti\/statuses\/394867170540539904\">October 28, 2013<\/a><\/p><\/blockquote>\n<p>&nbsp;<\/p>\n<blockquote class=\"twitter-tweet\"><p><a href=\"https:\/\/twitter.com\/search?q=%23Stormdk&amp;src=hash\">#Stormdk<\/a>: brug gerne sms&#8217;er, hvis du har brug for at fort\u00e6lle dine n\u00e6rmeste, at du er ok. S\u00e5 undg\u00e5s overbelastning af mobilnettet.<\/p>\n<p>\u2014 Beredskabsstyrelsen (@BRSdk) <a href=\"https:\/\/twitter.com\/BRSdk\/statuses\/394861187365486592\">October 28, 2013<\/a><\/p><\/blockquote>\n<p>&nbsp;<\/p>\n<blockquote class=\"twitter-tweet\"><p>Alt togtrafik p\u00e5 Sj\u00e6lland bliver nu indstillet. Tog k\u00f8rer til n\u00e6rmeste station og parkeres: <a href=\"http:\/\/t.co\/zEhwv8cTQM\">http:\/\/t.co\/zEhwv8cTQM<\/a> <a href=\"https:\/\/twitter.com\/search?q=%23dsb&amp;src=hash\">#dsb<\/a> <a href=\"https:\/\/twitter.com\/search?q=%23stormdk&amp;src=hash\">#stormdk<\/a> \u2014 DSB (@omDSB) <a href=\"https:\/\/twitter.com\/omDSB\/statuses\/394851080041160704\">October 28, 2013<\/a><\/p><\/blockquote>\n<p>&nbsp;<\/p>\n<blockquote class=\"twitter-tweet\"><p>Stormens f\u00f8rste d\u00f8dsoffer: Mand dr\u00e6bt af flyvende tagsten <a href=\"http:\/\/t.co\/jII7B2vkBC\">http:\/\/t.co\/jII7B2vkBC<\/a> <a href=\"https:\/\/twitter.com\/search?q=%23stormdk&amp;src=hash\">#stormdk<\/a><\/p>\n<p>\u2014 TV 2 Breaking | LIVE (@tv2breaking) <a href=\"https:\/\/twitter.com\/tv2breaking\/statuses\/394870497285922816\">October 28, 2013<\/a><\/p><\/blockquote>\n<p>&nbsp;<\/p>\n<p>Man kunne v\u00e6lge at f\u00f8lge hver af de forskellige myndigheders Twitter profiler, men endnu nemmere at f\u00f8lge et f\u00e6lles hashtag, og hurtigt blev\u00a0 <a href=\"https:\/\/twitter.com\/search?q=%23stormdk&amp;src=typd\">#stormdk<\/a> anvendt som f\u00e6lles tag. I skrivende stund er hashtag&#8217;et anvendt mere end 4.000 gange allerede i dag!<\/p>\n<p><span style=\"line-height: 1.6;\">Man kan f\u00f8lge tag&#8217;et via Twitter, men man kan ogs\u00e5 f\u00f8lge det via den netop re-lancerede Overskrift.dk site, hvor man bl.a. kan se nyeste tweets, og mest aktive tweeps p\u00e5 <\/span><a style=\"line-height: 1.6;\" href=\"http:\/\/www.overskrift.dk\/hashtag\/stormdk\">http:\/\/www.overskrift.dk\/hashtag\/stormdk<\/a><br \/>\n<img loading=\"lazy\" decoding=\"async\" class=\"size-full wp-image-2890 aligncenter\" src=\"http:\/\/blog.overskrift.dk\/wp-content\/uploads\/blog-storm-mest-aktive.png\" alt=\"blog-storm-mest-aktive\" width=\"432\" height=\"484\" \/> I en krisesituation, som f.eks. stormen, er det jo ogs\u00e5 altid godt at vide hvor en kritisk situation foreg\u00e5r, og ogs\u00e5 her er Twitter oplagt idet geo-information kan sl\u00e5s til p\u00e5 tweets (oftes n\u00e5r man twitter fra sin mobile \/ smartphone). P\u00e5 Danmarkskortet kan man s\u00e5 f\u00e5 et overblik over situationen:<\/p>\n<p><a href=\"http:\/\/overskrift.dk\/map\"><img loading=\"lazy\" decoding=\"async\" class=\"alignnone size-medium wp-image-2891\" src=\"http:\/\/blog.overskrift.dk\/wp-content\/uploads\/odk2-storm.map_-700x445.png\" alt=\"odk2-storm.map\" width=\"700\" height=\"445\" srcset=\"https:\/\/www.overskrift.dk\/blog\/wp-content\/uploads\/odk2-storm.map_-700x445.png 700w, https:\/\/www.overskrift.dk\/blog\/wp-content\/uploads\/odk2-storm.map_.png 935w\" sizes=\"auto, (max-width: 700px) 100vw, 700px\" \/> <\/a><br \/>\nEn anden styrke ved Twitter er jo at det mest er &#8220;almindelige&#8221; mennesker, som kan fort\u00e6lle om situationen, og hj\u00e6lpe hinanden.<\/p>\n<blockquote class=\"twitter-tweet\"><p><a href=\"https:\/\/twitter.com\/TrineNebel\">@TrineNebel<\/a> OK. Er p\u00e5 Frb. Alle, s\u00e5 sig til, hvis jeg skal g\u00f8re noget. <a href=\"https:\/\/twitter.com\/KarinaMimoun\">@KarinaMimoun<\/a><\/p>\n<p>\u2014 Henrik F Christensen (@Feindor) <a href=\"https:\/\/twitter.com\/Feindor\/statuses\/394863657210761216\">October 28, 2013<\/a><\/p><\/blockquote>\n<p>Trine Nebel har endda n\u00e5et at skrive et <a href=\"http:\/\/www.trinenebel.dk\/2013\/10\/twitter-og-karina-hjalp-mig-stormen\/\">blog-indl\u00e6g om hvordan hun fik hj\u00e6lp<\/a> fra &#8211; hende ukendt <a href=\"https:\/\/twitter.com\/KarinaMimoun\">@<\/a><a href=\"https:\/\/twitter.com\/KarinaMimoun\">KarinaMimoun<\/a> &#8211; til at hj\u00e6lpe Trines strandede s\u00f8n:<\/p>\n<blockquote class=\"twitter-tweet\"><p><a href=\"https:\/\/twitter.com\/TrineNebel\">@TrineNebel<\/a> Twitter ER cool, og hj\u00e6lp en SELVF\u00d8LGE! 1000 Tak for de p\u00e6ne ord, jeg h\u00e5ber han blev m\u00e6t og er kommet hel hjem.<\/p>\n<p>\u2014 Karina Muriel Mimoun (@KarinaMimoun) <a href=\"https:\/\/twitter.com\/KarinaMimoun\/statuses\/394898234960654337\">October 28, 2013<\/a><\/p><\/blockquote>\n<p>&nbsp;<\/p>\n<blockquote class=\"twitter-tweet\"><p>4 ruder down. <a href=\"https:\/\/twitter.com\/search?q=%23stormdk&amp;src=hash\">#stormdk<\/a> \u2014 Susanna Rankenberg (@rankenberg) <a href=\"https:\/\/twitter.com\/rankenberg\/statuses\/394842340289822720\">October 28, 2013<\/a><\/p><\/blockquote>\n<p>&nbsp;<\/p>\n<blockquote class=\"twitter-tweet\"><p>Min veninde mangler <a href=\"https:\/\/twitter.com\/search?q=%23husly&amp;src=hash\">#husly<\/a> i <a href=\"https:\/\/twitter.com\/search?q=%23fredericia&amp;src=hash\">#fredericia<\/a> i nat, da hun er strandet p\u00e5 stationen \ud83d\ude41 Anyone <a href=\"https:\/\/twitter.com\/search?q=%23stormdk&amp;src=hash\">#stormdk<\/a> \u2014 Rikke Olafson (@Rikke_Olafson) <a href=\"https:\/\/twitter.com\/Rikke_Olafson\/statuses\/394893601777283072\">October 28, 2013<\/a><\/p><\/blockquote>\n<p>&nbsp;<\/p>\n<blockquote class=\"twitter-tweet\"><p>Tak til Twitterfolket, der inden for 1 time fandt flere <a href=\"https:\/\/twitter.com\/search?q=%23husly&amp;src=hash\">#husly<\/a> i Nyborg til Jakob og jeg. Toget k\u00f8rer nu alligevel, og vi kommer hjem i nat.<\/p>\n<p>\u2014 Merian Garde Gr\u00e4s (@MerianGarde) <a href=\"https:\/\/twitter.com\/MerianGarde\/statuses\/394907974923452416\">October 28, 2013<\/a><\/p><\/blockquote>\n<p>&nbsp;<\/p>\n<p style=\"text-align: center;\">&#8211; \u2013 \u2013 0 \u2013 \u2013 &#8211;<\/p>\n<p><a href=\"http:\/\/www.overskrift.dk\" target=\"_blank\" rel=\"noopener\">Overskrift.dk<\/a> har i ti \u00e5r leveret Danmarks bedste sociale medie monitorerings tjeneste, <a href=\"http:\/\/www.overskrift.dk\/overblik\/\" target=\"_blank\" rel=\"noopener\">Overblik<\/a>. Overskrift.dk tracker danske internet medier samt social medier som blogs, fora, Twitter, Facebookog Instagram.<\/p>\n","protected":false},"excerpt":{"rendered":"<p>Twitter fik i dag endnu et gennembrud som kommunikationskanal. Denne gang som kanal for seri\u00f8s offentlig kommunikation under den storm, der stadig raser hen over landet, og som&hellip;<\/p>\n","protected":false},"author":4,"featured_media":2910,"comment_status":"open","ping_status":"open","sticky":false,"template":"","format":"standard","meta":{"cybocfi_hide_featured_image":"","footnotes":""},"categories":[302,299,305],"tags":[263],"class_list":["post-2888","post","type-post","status-publish","format-standard","has-post-thumbnail","hentry","category-analyser","category-inspiration","category-trends","tag-twitter"],"yoast_head":"<!-- This site is optimized with the Yoast SEO plugin v27.5 - https:\/\/yoast.com\/product\/yoast-seo-wordpress\/ -->\n<title>Twitter viser sin (storm) styrke i krisesituationer - Overskrifts blog<\/title>\n<meta name=\"robots\" content=\"index, follow, max-snippet:-1, max-image-preview:large, max-video-preview:-1\" \/>\n<link rel=\"canonical\" href=\"https:\/\/www.overskrift.dk\/blog\/2013\/10\/28\/twitter-viser-sin-storm-styrke-i-krisesituationer\/\" \/>\n<meta property=\"og:locale\" content=\"da_DK\" \/>\n<meta property=\"og:type\" content=\"article\" \/>\n<meta property=\"og:title\" content=\"Twitter viser sin (storm) styrke i krisesituationer - Overskrifts blog\" \/>\n<meta property=\"og:description\" content=\"Twitter fik i dag endnu et gennembrud som kommunikationskanal. Denne gang som kanal for seri\u00f8s offentlig kommunikation under den storm, der stadig raser hen over landet, og som&hellip;\" \/>\n<meta property=\"og:url\" content=\"https:\/\/www.overskrift.dk\/blog\/2013\/10\/28\/twitter-viser-sin-storm-styrke-i-krisesituationer\/\" \/>\n<meta property=\"og:site_name\" content=\"Overskrifts blog\" \/>\n<meta property=\"article:publisher\" content=\"https:\/\/www.facebook.com\/overskrift\" \/>\n<meta property=\"article:published_time\" content=\"2013-10-28T17:02:09+00:00\" \/>\n<meta property=\"article:modified_time\" content=\"2022-08-04T11:42:07+00:00\" \/>\n<meta property=\"og:image\" content=\"https:\/\/www.overskrift.dk\/blog\/wp-content\/uploads\/2013-10-30-17.49.22-e1612181838290.jpg\" \/>\n\t<meta property=\"og:image:width\" content=\"1280\" \/>\n\t<meta property=\"og:image:height\" content=\"956\" \/>\n\t<meta property=\"og:image:type\" content=\"image\/jpeg\" \/>\n<meta name=\"author\" content=\"Stefan B\u00f8gh-Andersen\" \/>\n<meta name=\"twitter:card\" content=\"summary_large_image\" \/>\n<meta name=\"twitter:creator\" content=\"@overskrift\" \/>\n<meta name=\"twitter:site\" content=\"@overskrift\" \/>\n<script type=\"application\/ld+json\" class=\"yoast-schema-graph\">{\"@context\":\"https:\\\/\\\/schema.org\",\"@graph\":[{\"@type\":\"Article\",\"@id\":\"https:\\\/\\\/www.overskrift.dk\\\/blog\\\/2013\\\/10\\\/28\\\/twitter-viser-sin-storm-styrke-i-krisesituationer\\\/#article\",\"isPartOf\":{\"@id\":\"https:\\\/\\\/www.overskrift.dk\\\/blog\\\/2013\\\/10\\\/28\\\/twitter-viser-sin-storm-styrke-i-krisesituationer\\\/\"},\"author\":{\"name\":\"Stefan B\u00f8gh-Andersen\",\"@id\":\"https:\\\/\\\/www.overskrift.dk\\\/blog\\\/#\\\/schema\\\/person\\\/b78220010603ce4384fa7758a6eabaf3\"},\"headline\":\"Twitter viser sin (storm) styrke i krisesituationer\",\"datePublished\":\"2013-10-28T17:02:09+00:00\",\"dateModified\":\"2022-08-04T11:42:07+00:00\",\"mainEntityOfPage\":{\"@id\":\"https:\\\/\\\/www.overskrift.dk\\\/blog\\\/2013\\\/10\\\/28\\\/twitter-viser-sin-storm-styrke-i-krisesituationer\\\/\"},\"wordCount\":827,\"commentCount\":4,\"publisher\":{\"@id\":\"https:\\\/\\\/www.overskrift.dk\\\/blog\\\/#organization\"},\"image\":{\"@id\":\"https:\\\/\\\/www.overskrift.dk\\\/blog\\\/2013\\\/10\\\/28\\\/twitter-viser-sin-storm-styrke-i-krisesituationer\\\/#primaryimage\"},\"thumbnailUrl\":\"https:\\\/\\\/www.overskrift.dk\\\/blog\\\/wp-content\\\/uploads\\\/2013-10-30-17.49.22-e1612181838290.jpg\",\"keywords\":[\"twitter\"],\"articleSection\":[\"Analyser\",\"Inspiration\",\"Trends\"],\"inLanguage\":\"da-DK\",\"potentialAction\":[{\"@type\":\"CommentAction\",\"name\":\"Comment\",\"target\":[\"https:\\\/\\\/www.overskrift.dk\\\/blog\\\/2013\\\/10\\\/28\\\/twitter-viser-sin-storm-styrke-i-krisesituationer\\\/#respond\"]}]},{\"@type\":\"WebPage\",\"@id\":\"https:\\\/\\\/www.overskrift.dk\\\/blog\\\/2013\\\/10\\\/28\\\/twitter-viser-sin-storm-styrke-i-krisesituationer\\\/\",\"url\":\"https:\\\/\\\/www.overskrift.dk\\\/blog\\\/2013\\\/10\\\/28\\\/twitter-viser-sin-storm-styrke-i-krisesituationer\\\/\",\"name\":\"Twitter viser sin (storm) styrke i krisesituationer - Overskrifts blog\",\"isPartOf\":{\"@id\":\"https:\\\/\\\/www.overskrift.dk\\\/blog\\\/#website\"},\"primaryImageOfPage\":{\"@id\":\"https:\\\/\\\/www.overskrift.dk\\\/blog\\\/2013\\\/10\\\/28\\\/twitter-viser-sin-storm-styrke-i-krisesituationer\\\/#primaryimage\"},\"image\":{\"@id\":\"https:\\\/\\\/www.overskrift.dk\\\/blog\\\/2013\\\/10\\\/28\\\/twitter-viser-sin-storm-styrke-i-krisesituationer\\\/#primaryimage\"},\"thumbnailUrl\":\"https:\\\/\\\/www.overskrift.dk\\\/blog\\\/wp-content\\\/uploads\\\/2013-10-30-17.49.22-e1612181838290.jpg\",\"datePublished\":\"2013-10-28T17:02:09+00:00\",\"dateModified\":\"2022-08-04T11:42:07+00:00\",\"breadcrumb\":{\"@id\":\"https:\\\/\\\/www.overskrift.dk\\\/blog\\\/2013\\\/10\\\/28\\\/twitter-viser-sin-storm-styrke-i-krisesituationer\\\/#breadcrumb\"},\"inLanguage\":\"da-DK\",\"potentialAction\":[{\"@type\":\"ReadAction\",\"target\":[\"https:\\\/\\\/www.overskrift.dk\\\/blog\\\/2013\\\/10\\\/28\\\/twitter-viser-sin-storm-styrke-i-krisesituationer\\\/\"]}]},{\"@type\":\"ImageObject\",\"inLanguage\":\"da-DK\",\"@id\":\"https:\\\/\\\/www.overskrift.dk\\\/blog\\\/2013\\\/10\\\/28\\\/twitter-viser-sin-storm-styrke-i-krisesituationer\\\/#primaryimage\",\"url\":\"https:\\\/\\\/www.overskrift.dk\\\/blog\\\/wp-content\\\/uploads\\\/2013-10-30-17.49.22-e1612181838290.jpg\",\"contentUrl\":\"https:\\\/\\\/www.overskrift.dk\\\/blog\\\/wp-content\\\/uploads\\\/2013-10-30-17.49.22-e1612181838290.jpg\",\"width\":1280,\"height\":956},{\"@type\":\"BreadcrumbList\",\"@id\":\"https:\\\/\\\/www.overskrift.dk\\\/blog\\\/2013\\\/10\\\/28\\\/twitter-viser-sin-storm-styrke-i-krisesituationer\\\/#breadcrumb\",\"itemListElement\":[{\"@type\":\"ListItem\",\"position\":1,\"name\":\"Hjem\",\"item\":\"https:\\\/\\\/www.overskrift.dk\\\/blog\\\/\"},{\"@type\":\"ListItem\",\"position\":2,\"name\":\"Twitter viser sin (storm) styrke i krisesituationer\"}]},{\"@type\":\"WebSite\",\"@id\":\"https:\\\/\\\/www.overskrift.dk\\\/blog\\\/#website\",\"url\":\"https:\\\/\\\/www.overskrift.dk\\\/blog\\\/\",\"name\":\"Overskrifts blog\",\"description\":\"Nyeste indl\u00e6g\",\"publisher\":{\"@id\":\"https:\\\/\\\/www.overskrift.dk\\\/blog\\\/#organization\"},\"potentialAction\":[{\"@type\":\"SearchAction\",\"target\":{\"@type\":\"EntryPoint\",\"urlTemplate\":\"https:\\\/\\\/www.overskrift.dk\\\/blog\\\/?s={search_term_string}\"},\"query-input\":{\"@type\":\"PropertyValueSpecification\",\"valueRequired\":true,\"valueName\":\"search_term_string\"}}],\"inLanguage\":\"da-DK\"},{\"@type\":\"Organization\",\"@id\":\"https:\\\/\\\/www.overskrift.dk\\\/blog\\\/#organization\",\"name\":\"Overskrift ApS\",\"url\":\"https:\\\/\\\/www.overskrift.dk\\\/blog\\\/\",\"logo\":{\"@type\":\"ImageObject\",\"inLanguage\":\"da-DK\",\"@id\":\"https:\\\/\\\/www.overskrift.dk\\\/blog\\\/#\\\/schema\\\/logo\\\/image\\\/\",\"url\":\"https:\\\/\\\/blog.overskrift.dk\\\/wp-content\\\/uploads\\\/Just-the-dots-1.png\",\"contentUrl\":\"https:\\\/\\\/blog.overskrift.dk\\\/wp-content\\\/uploads\\\/Just-the-dots-1.png\",\"width\":258,\"height\":257,\"caption\":\"Overskrift ApS\"},\"image\":{\"@id\":\"https:\\\/\\\/www.overskrift.dk\\\/blog\\\/#\\\/schema\\\/logo\\\/image\\\/\"},\"sameAs\":[\"https:\\\/\\\/www.facebook.com\\\/overskrift\",\"https:\\\/\\\/x.com\\\/overskrift\",\"https:\\\/\\\/www.instagram.com\\\/overskrift\\\/\",\"https:\\\/\\\/www.linkedin.com\\\/company\\\/10153434\"]},{\"@type\":\"Person\",\"@id\":\"https:\\\/\\\/www.overskrift.dk\\\/blog\\\/#\\\/schema\\\/person\\\/b78220010603ce4384fa7758a6eabaf3\",\"name\":\"Stefan B\u00f8gh-Andersen\",\"image\":{\"@type\":\"ImageObject\",\"inLanguage\":\"da-DK\",\"@id\":\"https:\\\/\\\/secure.gravatar.com\\\/avatar\\\/f7eee59b7b5aa69f61ce713b6f85ef24d2faef678f186072e924c71249c2d2d6?s=96&d=mm&r=g\",\"url\":\"https:\\\/\\\/secure.gravatar.com\\\/avatar\\\/f7eee59b7b5aa69f61ce713b6f85ef24d2faef678f186072e924c71249c2d2d6?s=96&d=mm&r=g\",\"contentUrl\":\"https:\\\/\\\/secure.gravatar.com\\\/avatar\\\/f7eee59b7b5aa69f61ce713b6f85ef24d2faef678f186072e924c71249c2d2d6?s=96&d=mm&r=g\",\"caption\":\"Stefan B\u00f8gh-Andersen\"},\"description\":\"Indl\u00e6gget er skrevet af Stefan, der er direkt\u00f8r i og stifter af Overskrift. Stefan er en skarp analytiker og har mange \u00e5rs erfaring med r\u00e5dgivning inden for sociale medier og nyhedssites.\",\"url\":\"https:\\\/\\\/www.overskrift.dk\\\/blog\\\/author\\\/stefan\\\/\"}]}<\/script>\n<!-- \/ Yoast SEO plugin. -->","yoast_head_json":{"title":"Twitter viser sin (storm) styrke i krisesituationer - Overskrifts blog","robots":{"index":"index","follow":"follow","max-snippet":"max-snippet:-1","max-image-preview":"max-image-preview:large","max-video-preview":"max-video-preview:-1"},"canonical":"https:\/\/www.overskrift.dk\/blog\/2013\/10\/28\/twitter-viser-sin-storm-styrke-i-krisesituationer\/","og_locale":"da_DK","og_type":"article","og_title":"Twitter viser sin (storm) styrke i krisesituationer - Overskrifts blog","og_description":"Twitter fik i dag endnu et gennembrud som kommunikationskanal. Denne gang som kanal for seri\u00f8s offentlig kommunikation under den storm, der stadig raser hen over landet, og som&hellip;","og_url":"https:\/\/www.overskrift.dk\/blog\/2013\/10\/28\/twitter-viser-sin-storm-styrke-i-krisesituationer\/","og_site_name":"Overskrifts blog","article_publisher":"https:\/\/www.facebook.com\/overskrift","article_published_time":"2013-10-28T17:02:09+00:00","article_modified_time":"2022-08-04T11:42:07+00:00","og_image":[{"width":1280,"height":956,"url":"https:\/\/www.overskrift.dk\/blog\/wp-content\/uploads\/2013-10-30-17.49.22-e1612181838290.jpg","type":"image\/jpeg"}],"author":"Stefan B\u00f8gh-Andersen","twitter_card":"summary_large_image","twitter_creator":"@overskrift","twitter_site":"@overskrift","schema":{"@context":"https:\/\/schema.org","@graph":[{"@type":"Article","@id":"https:\/\/www.overskrift.dk\/blog\/2013\/10\/28\/twitter-viser-sin-storm-styrke-i-krisesituationer\/#article","isPartOf":{"@id":"https:\/\/www.overskrift.dk\/blog\/2013\/10\/28\/twitter-viser-sin-storm-styrke-i-krisesituationer\/"},"author":{"name":"Stefan B\u00f8gh-Andersen","@id":"https:\/\/www.overskrift.dk\/blog\/#\/schema\/person\/b78220010603ce4384fa7758a6eabaf3"},"headline":"Twitter viser sin (storm) styrke i krisesituationer","datePublished":"2013-10-28T17:02:09+00:00","dateModified":"2022-08-04T11:42:07+00:00","mainEntityOfPage":{"@id":"https:\/\/www.overskrift.dk\/blog\/2013\/10\/28\/twitter-viser-sin-storm-styrke-i-krisesituationer\/"},"wordCount":827,"commentCount":4,"publisher":{"@id":"https:\/\/www.overskrift.dk\/blog\/#organization"},"image":{"@id":"https:\/\/www.overskrift.dk\/blog\/2013\/10\/28\/twitter-viser-sin-storm-styrke-i-krisesituationer\/#primaryimage"},"thumbnailUrl":"https:\/\/www.overskrift.dk\/blog\/wp-content\/uploads\/2013-10-30-17.49.22-e1612181838290.jpg","keywords":["twitter"],"articleSection":["Analyser","Inspiration","Trends"],"inLanguage":"da-DK","potentialAction":[{"@type":"CommentAction","name":"Comment","target":["https:\/\/www.overskrift.dk\/blog\/2013\/10\/28\/twitter-viser-sin-storm-styrke-i-krisesituationer\/#respond"]}]},{"@type":"WebPage","@id":"https:\/\/www.overskrift.dk\/blog\/2013\/10\/28\/twitter-viser-sin-storm-styrke-i-krisesituationer\/","url":"https:\/\/www.overskrift.dk\/blog\/2013\/10\/28\/twitter-viser-sin-storm-styrke-i-krisesituationer\/","name":"Twitter viser sin (storm) styrke i krisesituationer - Overskrifts blog","isPartOf":{"@id":"https:\/\/www.overskrift.dk\/blog\/#website"},"primaryImageOfPage":{"@id":"https:\/\/www.overskrift.dk\/blog\/2013\/10\/28\/twitter-viser-sin-storm-styrke-i-krisesituationer\/#primaryimage"},"image":{"@id":"https:\/\/www.overskrift.dk\/blog\/2013\/10\/28\/twitter-viser-sin-storm-styrke-i-krisesituationer\/#primaryimage"},"thumbnailUrl":"https:\/\/www.overskrift.dk\/blog\/wp-content\/uploads\/2013-10-30-17.49.22-e1612181838290.jpg","datePublished":"2013-10-28T17:02:09+00:00","dateModified":"2022-08-04T11:42:07+00:00","breadcrumb":{"@id":"https:\/\/www.overskrift.dk\/blog\/2013\/10\/28\/twitter-viser-sin-storm-styrke-i-krisesituationer\/#breadcrumb"},"inLanguage":"da-DK","potentialAction":[{"@type":"ReadAction","target":["https:\/\/www.overskrift.dk\/blog\/2013\/10\/28\/twitter-viser-sin-storm-styrke-i-krisesituationer\/"]}]},{"@type":"ImageObject","inLanguage":"da-DK","@id":"https:\/\/www.overskrift.dk\/blog\/2013\/10\/28\/twitter-viser-sin-storm-styrke-i-krisesituationer\/#primaryimage","url":"https:\/\/www.overskrift.dk\/blog\/wp-content\/uploads\/2013-10-30-17.49.22-e1612181838290.jpg","contentUrl":"https:\/\/www.overskrift.dk\/blog\/wp-content\/uploads\/2013-10-30-17.49.22-e1612181838290.jpg","width":1280,"height":956},{"@type":"BreadcrumbList","@id":"https:\/\/www.overskrift.dk\/blog\/2013\/10\/28\/twitter-viser-sin-storm-styrke-i-krisesituationer\/#breadcrumb","itemListElement":[{"@type":"ListItem","position":1,"name":"Hjem","item":"https:\/\/www.overskrift.dk\/blog\/"},{"@type":"ListItem","position":2,"name":"Twitter viser sin (storm) styrke i krisesituationer"}]},{"@type":"WebSite","@id":"https:\/\/www.overskrift.dk\/blog\/#website","url":"https:\/\/www.overskrift.dk\/blog\/","name":"Overskrifts blog","description":"Nyeste indl\u00e6g","publisher":{"@id":"https:\/\/www.overskrift.dk\/blog\/#organization"},"potentialAction":[{"@type":"SearchAction","target":{"@type":"EntryPoint","urlTemplate":"https:\/\/www.overskrift.dk\/blog\/?s={search_term_string}"},"query-input":{"@type":"PropertyValueSpecification","valueRequired":true,"valueName":"search_term_string"}}],"inLanguage":"da-DK"},{"@type":"Organization","@id":"https:\/\/www.overskrift.dk\/blog\/#organization","name":"Overskrift ApS","url":"https:\/\/www.overskrift.dk\/blog\/","logo":{"@type":"ImageObject","inLanguage":"da-DK","@id":"https:\/\/www.overskrift.dk\/blog\/#\/schema\/logo\/image\/","url":"https:\/\/blog.overskrift.dk\/wp-content\/uploads\/Just-the-dots-1.png","contentUrl":"https:\/\/blog.overskrift.dk\/wp-content\/uploads\/Just-the-dots-1.png","width":258,"height":257,"caption":"Overskrift ApS"},"image":{"@id":"https:\/\/www.overskrift.dk\/blog\/#\/schema\/logo\/image\/"},"sameAs":["https:\/\/www.facebook.com\/overskrift","https:\/\/x.com\/overskrift","https:\/\/www.instagram.com\/overskrift\/","https:\/\/www.linkedin.com\/company\/10153434"]},{"@type":"Person","@id":"https:\/\/www.overskrift.dk\/blog\/#\/schema\/person\/b78220010603ce4384fa7758a6eabaf3","name":"Stefan B\u00f8gh-Andersen","image":{"@type":"ImageObject","inLanguage":"da-DK","@id":"https:\/\/secure.gravatar.com\/avatar\/f7eee59b7b5aa69f61ce713b6f85ef24d2faef678f186072e924c71249c2d2d6?s=96&d=mm&r=g","url":"https:\/\/secure.gravatar.com\/avatar\/f7eee59b7b5aa69f61ce713b6f85ef24d2faef678f186072e924c71249c2d2d6?s=96&d=mm&r=g","contentUrl":"https:\/\/secure.gravatar.com\/avatar\/f7eee59b7b5aa69f61ce713b6f85ef24d2faef678f186072e924c71249c2d2d6?s=96&d=mm&r=g","caption":"Stefan B\u00f8gh-Andersen"},"description":"Indl\u00e6gget er skrevet af Stefan, der er direkt\u00f8r i og stifter af Overskrift. Stefan er en skarp analytiker og har mange \u00e5rs erfaring med r\u00e5dgivning inden for sociale medier og nyhedssites.","url":"https:\/\/www.overskrift.dk\/blog\/author\/stefan\/"}]}},"_links":{"self":[{"href":"https:\/\/www.overskrift.dk\/blog\/wp-json\/wp\/v2\/posts\/2888","targetHints":{"allow":["GET"]}}],"collection":[{"href":"https:\/\/www.overskrift.dk\/blog\/wp-json\/wp\/v2\/posts"}],"about":[{"href":"https:\/\/www.overskrift.dk\/blog\/wp-json\/wp\/v2\/types\/post"}],"author":[{"embeddable":true,"href":"https:\/\/www.overskrift.dk\/blog\/wp-json\/wp\/v2\/users\/4"}],"replies":[{"embeddable":true,"href":"https:\/\/www.overskrift.dk\/blog\/wp-json\/wp\/v2\/comments?post=2888"}],"version-history":[{"count":19,"href":"https:\/\/www.overskrift.dk\/blog\/wp-json\/wp\/v2\/posts\/2888\/revisions"}],"predecessor-version":[{"id":9274,"href":"https:\/\/www.overskrift.dk\/blog\/wp-json\/wp\/v2\/posts\/2888\/revisions\/9274"}],"wp:featuredmedia":[{"embeddable":true,"href":"https:\/\/www.overskrift.dk\/blog\/wp-json\/wp\/v2\/media\/2910"}],"wp:attachment":[{"href":"https:\/\/www.overskrift.dk\/blog\/wp-json\/wp\/v2\/media?parent=2888"}],"wp:term":[{"taxonomy":"category","embeddable":true,"href":"https:\/\/www.overskrift.dk\/blog\/wp-json\/wp\/v2\/categories?post=2888"},{"taxonomy":"post_tag","embeddable":true,"href":"https:\/\/www.overskrift.dk\/blog\/wp-json\/wp\/v2\/tags?post=2888"}],"curies":[{"name":"wp","href":"https:\/\/api.w.org\/{rel}","templated":true}]}}