{"id":2939,"date":"2013-11-12T20:59:58","date_gmt":"2013-11-12T19:59:58","guid":{"rendered":"http:\/\/blog.overskrift.dk\/?p=2939"},"modified":"2017-04-19T10:19:30","modified_gmt":"2017-04-19T08:19:30","slug":"hashtag-kv13-trender-pa-twitter","status":"publish","type":"post","link":"https:\/\/www.overskrift.dk\/blog\/2013\/11\/12\/hashtag-kv13-trender-pa-twitter\/","title":{"rendered":"Hashtag #kv13 trender p\u00e5 Twitter"},"content":{"rendered":"<p>Hashtagget <a href=\"https:\/\/twitter.com\/search?q=%23kv13&amp;src=typd\">#kv13<\/a> er den seneste tid eksploderet p\u00e5 Twitter. I Danmark er det kun #dkpol der tales mere end kommunalvalg, og den store brug viser, at der p\u00e5 Twitter er stor interesse for det kommende kommunalvalg.<\/p>\n<p>Is\u00e6r i de seneste 14 dage har der v\u00e6ret gang i #kv13 med et gennemsnit p\u00e5 over <a href=\"http:\/\/www.overskrift.dk\/hashtag\/kv13\">500 tweets om dagen<\/a>.<\/p>\n<a href=\"http:\/\/www.overskrift.dk\/hashtag\/kv13\"><img loading=\"lazy\" decoding=\"async\" class=\"size-full wp-image-2932 aligncenter\" alt=\"kv13-graf-12-11\" src=\"http:\/\/blog.overskrift.dk\/wp-content\/uploads\/kv13-graf-12-11.png\" width=\"486\" height=\"424\" \/><\/a>\n<p style=\"text-align: center;\"><em>Graf overantal #kv13 tweet den seneste m\u00e5ned<\/em><\/p>\n<p>Is\u00e6r er der en del aktive politikere p\u00e5 Twitter, der ved at Twitter er overbefolket med journalister og derved fors\u00f8ger at promovere sine politiske budskaber, inden v\u00e6lgeren forh\u00e5bentlig s\u00e6tter sit kryds den 19\/11. Omtalen man som politiker kan generere ved hj\u00e6lp af Twitter kan v\u00e6re uvurderlig. Til et kommunalvalg er det ikke mange stemmer der afg\u00f8r, hvem der bliver valgt og hvem der sidder med sorteper og her kan Twitter muligvis sikre den sidste afg\u00f8rende stemme.<\/p>\n<p>Der kan v\u00e6re mange m\u00e5der at sikre man som politiker positionerer sig bedst muligt p\u00e5 de sociale medier. Digital politisk r\u00e5dgiver <a href=\"http:\/\/www.linkedin.com\/in\/benjaminrudelberth\">Benjamin Rud Elberth<\/a> har hver eneste dag i snart lang tid, givet et tip til politikere om h\u00e5ndtering af online kampagner her op til kommunal- og regionsvalget. Han har samlet de bedste her: <a href=\"http:\/\/bit.ly\/kv13tips\" target=\"_blank\">http:\/\/bit.ly\/kv13tips<\/a>. Bl.a handler det for politikere p\u00e5 Twitter om at bruge hashtags (p\u00e5 den rigtige m\u00e5de), fors\u00f8g at f\u00e5 mange f\u00f8lgere og bruge professionel overv\u00e5gning af de sociale medier.<\/p>\n<p>Benjamin Rud Elberth fort\u00e6ller bl.a.:<\/p>\n<p style=\"padding-left: 30px;\"><em>&#8220;Sociale medier flytter stemmer for de kandidater, der g\u00e5r professionelt til v\u00e6rks. Vi ser eksempler p\u00e5 kandidater der m\u00e5lrettet n\u00e5r deres kernem\u00e5lgrupper med intelligent brug af Facebook, annoncering og budskaber, der g\u00e5r viralt. Den dygtige kandidat kommer til at h\u00f8ste stemmer via sociale medier i dette valg.&#8221;<\/em><\/p>\n<p>I dag, d. 12\/11, er den mest aktive Twitter-bruger er ogs\u00e5 den socialdemokratiske kommunalpolitiker, <a href=\"https:\/\/twitter.com\/twillumsgaard\">Erik Willumsgaard<\/a>, der med 30 tweets bare i dag, suver\u00e6nt indtager f\u00f8rstepladsen over de mest aktive kommunale-tweeps i Danmark.<\/p>\n<a href=\"http:\/\/www.overskrift.dk\/hashtag\/kv13\"><img loading=\"lazy\" decoding=\"async\" class=\"size-full wp-image-2931 aligncenter\" alt=\"kv13-mest-aktive-12-11\" src=\"http:\/\/blog.overskrift.dk\/wp-content\/uploads\/kv13-mest-aktive-12-11.png\" width=\"447\" height=\"582\" \/><\/a>\n<p style=\"text-align: center;\"><em>Mest aktive danske #kv13 twitter d. 12-11-2013<\/em><\/p>\n<p>De mange tweets viser, at interessen blandt de danske Twitter-brugere er stigende. I g\u00e5r (11-11-2013) var den dag med allerflest #kv13-tweets med hele 684 og der ingen grund til at tro, at dette tal ikke skulle stige frem til valgaftenen om en uge. Den \u00f8gede eksponering kan give grobund for optimisme i forhold til valgdeltagelsen, der de senere \u00e5r ikke har v\u00e6ret imponerende.<\/p>\n<p>&nbsp;<\/p>\n","protected":false},"excerpt":{"rendered":"<p>Hashtagget #kv13 er den seneste tid eksploderet p\u00e5 Twitter. I Danmark er det kun #dkpol der tales mere end kommunalvalg, og den store brug viser, at der p\u00e5&hellip;<\/p>\n","protected":false},"author":4,"featured_media":0,"comment_status":"open","ping_status":"open","sticky":false,"template":"","format":"standard","meta":{"cybocfi_hide_featured_image":"","footnotes":""},"categories":[305],"tags":[248,440,263,381],"class_list":["post-2939","post","type-post","status-publish","format-standard","hentry","category-trends","tag-overskrift","tag-tag","tag-twitter","tag-valgkamp"],"yoast_head":"<!-- This site is optimized with the Yoast SEO plugin v27.5 - https:\/\/yoast.com\/product\/yoast-seo-wordpress\/ -->\n<title>Hashtag #kv13 trender p\u00e5 Twitter - Overskrifts blog<\/title>\n<meta name=\"robots\" content=\"index, follow, max-snippet:-1, max-image-preview:large, max-video-preview:-1\" \/>\n<link rel=\"canonical\" href=\"https:\/\/www.overskrift.dk\/blog\/2013\/11\/12\/hashtag-kv13-trender-pa-twitter\/\" \/>\n<meta property=\"og:locale\" content=\"da_DK\" \/>\n<meta property=\"og:type\" content=\"article\" \/>\n<meta property=\"og:title\" content=\"Hashtag #kv13 trender p\u00e5 Twitter - Overskrifts blog\" \/>\n<meta property=\"og:description\" content=\"Hashtagget #kv13 er den seneste tid eksploderet p\u00e5 Twitter. I Danmark er det kun #dkpol der tales mere end kommunalvalg, og den store brug viser, at der p\u00e5&hellip;\" \/>\n<meta property=\"og:url\" content=\"https:\/\/www.overskrift.dk\/blog\/2013\/11\/12\/hashtag-kv13-trender-pa-twitter\/\" \/>\n<meta property=\"og:site_name\" content=\"Overskrifts blog\" \/>\n<meta property=\"article:publisher\" content=\"https:\/\/www.facebook.com\/overskrift\" \/>\n<meta property=\"article:published_time\" content=\"2013-11-12T19:59:58+00:00\" \/>\n<meta property=\"article:modified_time\" content=\"2017-04-19T08:19:30+00:00\" \/>\n<meta property=\"og:image\" content=\"http:\/\/blog.overskrift.dk\/wp-content\/uploads\/kv13-graf-12-11.png\" \/>\n<meta name=\"author\" content=\"Stefan B\u00f8gh-Andersen\" \/>\n<meta name=\"twitter:card\" content=\"summary_large_image\" \/>\n<meta name=\"twitter:creator\" content=\"@overskrift\" \/>\n<meta name=\"twitter:site\" content=\"@overskrift\" \/>\n<script type=\"application\/ld+json\" class=\"yoast-schema-graph\">{\"@context\":\"https:\\\/\\\/schema.org\",\"@graph\":[{\"@type\":\"Article\",\"@id\":\"https:\\\/\\\/www.overskrift.dk\\\/blog\\\/2013\\\/11\\\/12\\\/hashtag-kv13-trender-pa-twitter\\\/#article\",\"isPartOf\":{\"@id\":\"https:\\\/\\\/www.overskrift.dk\\\/blog\\\/2013\\\/11\\\/12\\\/hashtag-kv13-trender-pa-twitter\\\/\"},\"author\":{\"name\":\"Stefan B\u00f8gh-Andersen\",\"@id\":\"https:\\\/\\\/www.overskrift.dk\\\/blog\\\/#\\\/schema\\\/person\\\/b78220010603ce4384fa7758a6eabaf3\"},\"headline\":\"Hashtag #kv13 trender p\u00e5 Twitter\",\"datePublished\":\"2013-11-12T19:59:58+00:00\",\"dateModified\":\"2017-04-19T08:19:30+00:00\",\"mainEntityOfPage\":{\"@id\":\"https:\\\/\\\/www.overskrift.dk\\\/blog\\\/2013\\\/11\\\/12\\\/hashtag-kv13-trender-pa-twitter\\\/\"},\"wordCount\":419,\"commentCount\":0,\"publisher\":{\"@id\":\"https:\\\/\\\/www.overskrift.dk\\\/blog\\\/#organization\"},\"image\":{\"@id\":\"https:\\\/\\\/www.overskrift.dk\\\/blog\\\/2013\\\/11\\\/12\\\/hashtag-kv13-trender-pa-twitter\\\/#primaryimage\"},\"thumbnailUrl\":\"http:\\\/\\\/blog.overskrift.dk\\\/wp-content\\\/uploads\\\/kv13-graf-12-11.png\",\"keywords\":[\"overskrift\",\"Tag\",\"twitter\",\"valgkamp\"],\"articleSection\":[\"Trends\"],\"inLanguage\":\"da-DK\",\"potentialAction\":[{\"@type\":\"CommentAction\",\"name\":\"Comment\",\"target\":[\"https:\\\/\\\/www.overskrift.dk\\\/blog\\\/2013\\\/11\\\/12\\\/hashtag-kv13-trender-pa-twitter\\\/#respond\"]}]},{\"@type\":\"WebPage\",\"@id\":\"https:\\\/\\\/www.overskrift.dk\\\/blog\\\/2013\\\/11\\\/12\\\/hashtag-kv13-trender-pa-twitter\\\/\",\"url\":\"https:\\\/\\\/www.overskrift.dk\\\/blog\\\/2013\\\/11\\\/12\\\/hashtag-kv13-trender-pa-twitter\\\/\",\"name\":\"Hashtag #kv13 trender p\u00e5 Twitter - Overskrifts blog\",\"isPartOf\":{\"@id\":\"https:\\\/\\\/www.overskrift.dk\\\/blog\\\/#website\"},\"primaryImageOfPage\":{\"@id\":\"https:\\\/\\\/www.overskrift.dk\\\/blog\\\/2013\\\/11\\\/12\\\/hashtag-kv13-trender-pa-twitter\\\/#primaryimage\"},\"image\":{\"@id\":\"https:\\\/\\\/www.overskrift.dk\\\/blog\\\/2013\\\/11\\\/12\\\/hashtag-kv13-trender-pa-twitter\\\/#primaryimage\"},\"thumbnailUrl\":\"http:\\\/\\\/blog.overskrift.dk\\\/wp-content\\\/uploads\\\/kv13-graf-12-11.png\",\"datePublished\":\"2013-11-12T19:59:58+00:00\",\"dateModified\":\"2017-04-19T08:19:30+00:00\",\"breadcrumb\":{\"@id\":\"https:\\\/\\\/www.overskrift.dk\\\/blog\\\/2013\\\/11\\\/12\\\/hashtag-kv13-trender-pa-twitter\\\/#breadcrumb\"},\"inLanguage\":\"da-DK\",\"potentialAction\":[{\"@type\":\"ReadAction\",\"target\":[\"https:\\\/\\\/www.overskrift.dk\\\/blog\\\/2013\\\/11\\\/12\\\/hashtag-kv13-trender-pa-twitter\\\/\"]}]},{\"@type\":\"ImageObject\",\"inLanguage\":\"da-DK\",\"@id\":\"https:\\\/\\\/www.overskrift.dk\\\/blog\\\/2013\\\/11\\\/12\\\/hashtag-kv13-trender-pa-twitter\\\/#primaryimage\",\"url\":\"http:\\\/\\\/blog.overskrift.dk\\\/wp-content\\\/uploads\\\/kv13-graf-12-11.png\",\"contentUrl\":\"http:\\\/\\\/blog.overskrift.dk\\\/wp-content\\\/uploads\\\/kv13-graf-12-11.png\"},{\"@type\":\"BreadcrumbList\",\"@id\":\"https:\\\/\\\/www.overskrift.dk\\\/blog\\\/2013\\\/11\\\/12\\\/hashtag-kv13-trender-pa-twitter\\\/#breadcrumb\",\"itemListElement\":[{\"@type\":\"ListItem\",\"position\":1,\"name\":\"Hjem\",\"item\":\"https:\\\/\\\/www.overskrift.dk\\\/blog\\\/\"},{\"@type\":\"ListItem\",\"position\":2,\"name\":\"Hashtag #kv13 trender p\u00e5 Twitter\"}]},{\"@type\":\"WebSite\",\"@id\":\"https:\\\/\\\/www.overskrift.dk\\\/blog\\\/#website\",\"url\":\"https:\\\/\\\/www.overskrift.dk\\\/blog\\\/\",\"name\":\"Overskrifts blog\",\"description\":\"Nyeste indl\u00e6g\",\"publisher\":{\"@id\":\"https:\\\/\\\/www.overskrift.dk\\\/blog\\\/#organization\"},\"potentialAction\":[{\"@type\":\"SearchAction\",\"target\":{\"@type\":\"EntryPoint\",\"urlTemplate\":\"https:\\\/\\\/www.overskrift.dk\\\/blog\\\/?s={search_term_string}\"},\"query-input\":{\"@type\":\"PropertyValueSpecification\",\"valueRequired\":true,\"valueName\":\"search_term_string\"}}],\"inLanguage\":\"da-DK\"},{\"@type\":\"Organization\",\"@id\":\"https:\\\/\\\/www.overskrift.dk\\\/blog\\\/#organization\",\"name\":\"Overskrift ApS\",\"url\":\"https:\\\/\\\/www.overskrift.dk\\\/blog\\\/\",\"logo\":{\"@type\":\"ImageObject\",\"inLanguage\":\"da-DK\",\"@id\":\"https:\\\/\\\/www.overskrift.dk\\\/blog\\\/#\\\/schema\\\/logo\\\/image\\\/\",\"url\":\"https:\\\/\\\/blog.overskrift.dk\\\/wp-content\\\/uploads\\\/Just-the-dots-1.png\",\"contentUrl\":\"https:\\\/\\\/blog.overskrift.dk\\\/wp-content\\\/uploads\\\/Just-the-dots-1.png\",\"width\":258,\"height\":257,\"caption\":\"Overskrift ApS\"},\"image\":{\"@id\":\"https:\\\/\\\/www.overskrift.dk\\\/blog\\\/#\\\/schema\\\/logo\\\/image\\\/\"},\"sameAs\":[\"https:\\\/\\\/www.facebook.com\\\/overskrift\",\"https:\\\/\\\/x.com\\\/overskrift\",\"https:\\\/\\\/www.instagram.com\\\/overskrift\\\/\",\"https:\\\/\\\/www.linkedin.com\\\/company\\\/10153434\"]},{\"@type\":\"Person\",\"@id\":\"https:\\\/\\\/www.overskrift.dk\\\/blog\\\/#\\\/schema\\\/person\\\/b78220010603ce4384fa7758a6eabaf3\",\"name\":\"Stefan B\u00f8gh-Andersen\",\"image\":{\"@type\":\"ImageObject\",\"inLanguage\":\"da-DK\",\"@id\":\"https:\\\/\\\/secure.gravatar.com\\\/avatar\\\/f7eee59b7b5aa69f61ce713b6f85ef24d2faef678f186072e924c71249c2d2d6?s=96&d=mm&r=g\",\"url\":\"https:\\\/\\\/secure.gravatar.com\\\/avatar\\\/f7eee59b7b5aa69f61ce713b6f85ef24d2faef678f186072e924c71249c2d2d6?s=96&d=mm&r=g\",\"contentUrl\":\"https:\\\/\\\/secure.gravatar.com\\\/avatar\\\/f7eee59b7b5aa69f61ce713b6f85ef24d2faef678f186072e924c71249c2d2d6?s=96&d=mm&r=g\",\"caption\":\"Stefan B\u00f8gh-Andersen\"},\"description\":\"Indl\u00e6gget er skrevet af Stefan, der er direkt\u00f8r i og stifter af Overskrift. Stefan er en skarp analytiker og har mange \u00e5rs erfaring med r\u00e5dgivning inden for sociale medier og nyhedssites.\",\"url\":\"https:\\\/\\\/www.overskrift.dk\\\/blog\\\/author\\\/stefan\\\/\"}]}<\/script>\n<!-- \/ Yoast SEO plugin. -->","yoast_head_json":{"title":"Hashtag #kv13 trender p\u00e5 Twitter - Overskrifts blog","robots":{"index":"index","follow":"follow","max-snippet":"max-snippet:-1","max-image-preview":"max-image-preview:large","max-video-preview":"max-video-preview:-1"},"canonical":"https:\/\/www.overskrift.dk\/blog\/2013\/11\/12\/hashtag-kv13-trender-pa-twitter\/","og_locale":"da_DK","og_type":"article","og_title":"Hashtag #kv13 trender p\u00e5 Twitter - Overskrifts blog","og_description":"Hashtagget #kv13 er den seneste tid eksploderet p\u00e5 Twitter. I Danmark er det kun #dkpol der tales mere end kommunalvalg, og den store brug viser, at der p\u00e5&hellip;","og_url":"https:\/\/www.overskrift.dk\/blog\/2013\/11\/12\/hashtag-kv13-trender-pa-twitter\/","og_site_name":"Overskrifts blog","article_publisher":"https:\/\/www.facebook.com\/overskrift","article_published_time":"2013-11-12T19:59:58+00:00","article_modified_time":"2017-04-19T08:19:30+00:00","og_image":[{"url":"http:\/\/blog.overskrift.dk\/wp-content\/uploads\/kv13-graf-12-11.png","type":"","width":"","height":""}],"author":"Stefan B\u00f8gh-Andersen","twitter_card":"summary_large_image","twitter_creator":"@overskrift","twitter_site":"@overskrift","schema":{"@context":"https:\/\/schema.org","@graph":[{"@type":"Article","@id":"https:\/\/www.overskrift.dk\/blog\/2013\/11\/12\/hashtag-kv13-trender-pa-twitter\/#article","isPartOf":{"@id":"https:\/\/www.overskrift.dk\/blog\/2013\/11\/12\/hashtag-kv13-trender-pa-twitter\/"},"author":{"name":"Stefan B\u00f8gh-Andersen","@id":"https:\/\/www.overskrift.dk\/blog\/#\/schema\/person\/b78220010603ce4384fa7758a6eabaf3"},"headline":"Hashtag #kv13 trender p\u00e5 Twitter","datePublished":"2013-11-12T19:59:58+00:00","dateModified":"2017-04-19T08:19:30+00:00","mainEntityOfPage":{"@id":"https:\/\/www.overskrift.dk\/blog\/2013\/11\/12\/hashtag-kv13-trender-pa-twitter\/"},"wordCount":419,"commentCount":0,"publisher":{"@id":"https:\/\/www.overskrift.dk\/blog\/#organization"},"image":{"@id":"https:\/\/www.overskrift.dk\/blog\/2013\/11\/12\/hashtag-kv13-trender-pa-twitter\/#primaryimage"},"thumbnailUrl":"http:\/\/blog.overskrift.dk\/wp-content\/uploads\/kv13-graf-12-11.png","keywords":["overskrift","Tag","twitter","valgkamp"],"articleSection":["Trends"],"inLanguage":"da-DK","potentialAction":[{"@type":"CommentAction","name":"Comment","target":["https:\/\/www.overskrift.dk\/blog\/2013\/11\/12\/hashtag-kv13-trender-pa-twitter\/#respond"]}]},{"@type":"WebPage","@id":"https:\/\/www.overskrift.dk\/blog\/2013\/11\/12\/hashtag-kv13-trender-pa-twitter\/","url":"https:\/\/www.overskrift.dk\/blog\/2013\/11\/12\/hashtag-kv13-trender-pa-twitter\/","name":"Hashtag #kv13 trender p\u00e5 Twitter - Overskrifts blog","isPartOf":{"@id":"https:\/\/www.overskrift.dk\/blog\/#website"},"primaryImageOfPage":{"@id":"https:\/\/www.overskrift.dk\/blog\/2013\/11\/12\/hashtag-kv13-trender-pa-twitter\/#primaryimage"},"image":{"@id":"https:\/\/www.overskrift.dk\/blog\/2013\/11\/12\/hashtag-kv13-trender-pa-twitter\/#primaryimage"},"thumbnailUrl":"http:\/\/blog.overskrift.dk\/wp-content\/uploads\/kv13-graf-12-11.png","datePublished":"2013-11-12T19:59:58+00:00","dateModified":"2017-04-19T08:19:30+00:00","breadcrumb":{"@id":"https:\/\/www.overskrift.dk\/blog\/2013\/11\/12\/hashtag-kv13-trender-pa-twitter\/#breadcrumb"},"inLanguage":"da-DK","potentialAction":[{"@type":"ReadAction","target":["https:\/\/www.overskrift.dk\/blog\/2013\/11\/12\/hashtag-kv13-trender-pa-twitter\/"]}]},{"@type":"ImageObject","inLanguage":"da-DK","@id":"https:\/\/www.overskrift.dk\/blog\/2013\/11\/12\/hashtag-kv13-trender-pa-twitter\/#primaryimage","url":"http:\/\/blog.overskrift.dk\/wp-content\/uploads\/kv13-graf-12-11.png","contentUrl":"http:\/\/blog.overskrift.dk\/wp-content\/uploads\/kv13-graf-12-11.png"},{"@type":"BreadcrumbList","@id":"https:\/\/www.overskrift.dk\/blog\/2013\/11\/12\/hashtag-kv13-trender-pa-twitter\/#breadcrumb","itemListElement":[{"@type":"ListItem","position":1,"name":"Hjem","item":"https:\/\/www.overskrift.dk\/blog\/"},{"@type":"ListItem","position":2,"name":"Hashtag #kv13 trender p\u00e5 Twitter"}]},{"@type":"WebSite","@id":"https:\/\/www.overskrift.dk\/blog\/#website","url":"https:\/\/www.overskrift.dk\/blog\/","name":"Overskrifts blog","description":"Nyeste indl\u00e6g","publisher":{"@id":"https:\/\/www.overskrift.dk\/blog\/#organization"},"potentialAction":[{"@type":"SearchAction","target":{"@type":"EntryPoint","urlTemplate":"https:\/\/www.overskrift.dk\/blog\/?s={search_term_string}"},"query-input":{"@type":"PropertyValueSpecification","valueRequired":true,"valueName":"search_term_string"}}],"inLanguage":"da-DK"},{"@type":"Organization","@id":"https:\/\/www.overskrift.dk\/blog\/#organization","name":"Overskrift ApS","url":"https:\/\/www.overskrift.dk\/blog\/","logo":{"@type":"ImageObject","inLanguage":"da-DK","@id":"https:\/\/www.overskrift.dk\/blog\/#\/schema\/logo\/image\/","url":"https:\/\/blog.overskrift.dk\/wp-content\/uploads\/Just-the-dots-1.png","contentUrl":"https:\/\/blog.overskrift.dk\/wp-content\/uploads\/Just-the-dots-1.png","width":258,"height":257,"caption":"Overskrift ApS"},"image":{"@id":"https:\/\/www.overskrift.dk\/blog\/#\/schema\/logo\/image\/"},"sameAs":["https:\/\/www.facebook.com\/overskrift","https:\/\/x.com\/overskrift","https:\/\/www.instagram.com\/overskrift\/","https:\/\/www.linkedin.com\/company\/10153434"]},{"@type":"Person","@id":"https:\/\/www.overskrift.dk\/blog\/#\/schema\/person\/b78220010603ce4384fa7758a6eabaf3","name":"Stefan B\u00f8gh-Andersen","image":{"@type":"ImageObject","inLanguage":"da-DK","@id":"https:\/\/secure.gravatar.com\/avatar\/f7eee59b7b5aa69f61ce713b6f85ef24d2faef678f186072e924c71249c2d2d6?s=96&d=mm&r=g","url":"https:\/\/secure.gravatar.com\/avatar\/f7eee59b7b5aa69f61ce713b6f85ef24d2faef678f186072e924c71249c2d2d6?s=96&d=mm&r=g","contentUrl":"https:\/\/secure.gravatar.com\/avatar\/f7eee59b7b5aa69f61ce713b6f85ef24d2faef678f186072e924c71249c2d2d6?s=96&d=mm&r=g","caption":"Stefan B\u00f8gh-Andersen"},"description":"Indl\u00e6gget er skrevet af Stefan, der er direkt\u00f8r i og stifter af Overskrift. Stefan er en skarp analytiker og har mange \u00e5rs erfaring med r\u00e5dgivning inden for sociale medier og nyhedssites.","url":"https:\/\/www.overskrift.dk\/blog\/author\/stefan\/"}]}},"_links":{"self":[{"href":"https:\/\/www.overskrift.dk\/blog\/wp-json\/wp\/v2\/posts\/2939","targetHints":{"allow":["GET"]}}],"collection":[{"href":"https:\/\/www.overskrift.dk\/blog\/wp-json\/wp\/v2\/posts"}],"about":[{"href":"https:\/\/www.overskrift.dk\/blog\/wp-json\/wp\/v2\/types\/post"}],"author":[{"embeddable":true,"href":"https:\/\/www.overskrift.dk\/blog\/wp-json\/wp\/v2\/users\/4"}],"replies":[{"embeddable":true,"href":"https:\/\/www.overskrift.dk\/blog\/wp-json\/wp\/v2\/comments?post=2939"}],"version-history":[{"count":3,"href":"https:\/\/www.overskrift.dk\/blog\/wp-json\/wp\/v2\/posts\/2939\/revisions"}],"predecessor-version":[{"id":2943,"href":"https:\/\/www.overskrift.dk\/blog\/wp-json\/wp\/v2\/posts\/2939\/revisions\/2943"}],"wp:attachment":[{"href":"https:\/\/www.overskrift.dk\/blog\/wp-json\/wp\/v2\/media?parent=2939"}],"wp:term":[{"taxonomy":"category","embeddable":true,"href":"https:\/\/www.overskrift.dk\/blog\/wp-json\/wp\/v2\/categories?post=2939"},{"taxonomy":"post_tag","embeddable":true,"href":"https:\/\/www.overskrift.dk\/blog\/wp-json\/wp\/v2\/tags?post=2939"}],"curies":[{"name":"wp","href":"https:\/\/api.w.org\/{rel}","templated":true}]}}