{"id":3041,"date":"2014-02-24T14:09:14","date_gmt":"2014-02-24T13:09:14","guid":{"rendered":"http:\/\/blog.overskrift.dk\/?p=3041"},"modified":"2017-04-19T10:36:45","modified_gmt":"2017-04-19T08:36:45","slug":"social-media-week-cph-hvilke-events-var-populaerest","status":"publish","type":"post","link":"https:\/\/www.overskrift.dk\/blog\/2014\/02\/24\/social-media-week-cph-hvilke-events-var-populaerest\/","title":{"rendered":"Social Media Week CPH &#8211; hvilke events var popul\u00e6rest?"},"content":{"rendered":"<p>Sidste uges <a href=\"http:\/\/socialmediaweek.org\/copenhagen\/\" target=\"_blank\">Social Media Week Copenhagen<\/a> 2014,\u00a0 #smwcph, var en stor succes med over 100 events over hele byen. Og der var vist ogs\u00e5 mange flere deltagere end sidste \u00e5r, hvor arrangementet l\u00f8b af stablen for f\u00f8rste gang.<\/p>\n<p>Der var s\u00e5 mange sp\u00e6ndende events, og man kunne jo ikke deltage i det hele. Men heldigvis blev nogle af begivenhederne optaget eller med <a href=\"http:\/\/jyskebank.tv\/soeg\/?tag=SMW\" target=\"_blank\">TV-interviews<\/a> hos Jyskebank TV.<\/p>\n<p>Der var ogs\u00e5 heftig dialog og samtaler p\u00e5 Twitter, s\u00e5 det var muligt at f\u00f8lge en event selv om man ikke var fysisk til stede, ja ligefrem stille sp\u00f8rgsm\u00e5l til opl\u00e6gsholderne.<\/p>\n<p>Hoved hashtag&#8217;et <a href=\"https:\/\/twitter.com\/search?q=%23smwcph&amp;src=typd&amp;f=realtime\" target=\"_blank\">#smwcph<\/a> blev anvendt s\u00e5 meget af de social medie-interesserede at tag&#8217; et flere dage var det mest anvendt hashtag i Danmark, selv mere end altid popul\u00e6re <a href=\"http:\/\/www.overskrift.dk\/hashtag\/dkpol\" target=\"_blank\">#dkpol<\/a>.<\/p>\n<p>Hvert event havde ogs\u00e5 eget individuel tag, s\u00e5 man kunne deltage i samtalen om det. S\u00e5 hvilke event var de mest omtalte, delte, diskuterede?<\/p>\n<p style=\"text-align: center;\"><a href=\"http:\/\/blog.overskrift.dk\/wp-content\/uploads\/Top-smwcph-tags-2014-2.png\"><img loading=\"lazy\" decoding=\"async\" class=\"wp-image-3046 aligncenter\" alt=\"Top-smwcph-tags-2014-2\" src=\"http:\/\/blog.overskrift.dk\/wp-content\/uploads\/Top-smwcph-tags-2014-2.png\" width=\"609\" height=\"438\" \/><\/a><\/p>\n<p>Som man kan se af grafen var der s\u00e6rligt tre events som blev delt og snakket om p\u00e5 Twitter:<\/p>\n<ul>\n<li><a href=\"https:\/\/twitter.com\/search?q=%23smwtwitterws&amp;src=typd&amp;f=realtime\" target=\"_blank\">#smwtwitterws<\/a> (286)<\/li>\n<li><a href=\"https:\/\/twitter.com\/search?q=%23smwdkpol%20&amp;src=typd&amp;f=realtime\" target=\"_blank\">#smwdkpol <\/a>(281)<\/li>\n<li><a href=\"https:\/\/twitter.com\/search?q=%23smwcontent&amp;src=typd&amp;f=realtime\" target=\"_blank\">#smwcontent <\/a>(279)<\/li>\n<\/ul>\n<p>alle opl\u00e6g som er meget delings-relevante. <a href=\"http:\/\/blog.overskrift.dk\/wp-content\/uploads\/SMWCPH-hashtags-2014.csv\" target=\"_blank\">Download <\/a>hashtag dataen i CSV format.<\/p>\n<p>Der er ogs\u00e5 en hel del hashtags som kun er anvendt 1 eller 2 gange, som ofte er fejl-tags med stavefejl af de\u00a0 rigtige.<\/p>\n<p>I Overskrift.dk lavede vi ogs\u00e5 et indl\u00e6g til \u00e5rets Social Media Week, som sjovt handlede om &#8230; hashtags, i &#8220;The Year of Hashtags&#8221; sammen med Jacob Mouritzen hos Advice. Og som i \u00f8vrigt var det 6. mest delte event med brug af #smwhashtags.Du kan se slidene fra opl\u00e6gget <a href=\"http:\/\/www.slideshare.net\/overskrift\" target=\"_blank\">her<\/a>:<br \/>\n<iframe loading=\"lazy\" style=\"border: none;\" src=\"http:\/\/www.slideshare.net\/overskrift\/slideshelf\" height=\"470\" width=\"615\" allowfullscreen=\"\" frameborder=\"0\" marginwidth=\"0\" marginheight=\"0\" scrolling=\"no\"><\/iframe><br \/>\n&#8230;<\/p>\n<p>F\u00f8r hele festen startede, var Stefan B\u00f8gh-Andersen fra Overskrift.dk p\u00e5 bes\u00f8g hos Christiane Vejl\u00f8 i programmet <a title=\"Elektronista Uge 7 \/ Radio 24 Syv\" href=\"http:\/\/arkiv.radio24syv.dk\/video\/9352007\/elektronista-uge-7-2014\" target=\"_blank\">Elekstronista p\u00e5 Radio24syv<\/a>\u00a0sammen med Mads\u00a0Ehrhardt fra Social Media Week og Grimur Fjeldsted fra Ecco.<\/p>\n","protected":false},"excerpt":{"rendered":"<p>Sidste uges Social Media Week Copenhagen 2014,\u00a0 #smwcph, var en stor succes med over 100 events over hele byen. Og der var vist ogs\u00e5 mange flere deltagere end&hellip;<\/p>\n","protected":false},"author":4,"featured_media":0,"comment_status":"open","ping_status":"open","sticky":false,"template":"","format":"standard","meta":{"cybocfi_hide_featured_image":"","footnotes":""},"categories":[302],"tags":[281,287,226,324,263],"class_list":["post-3041","post","type-post","status-publish","format-standard","hentry","category-analyser","tag-hashtag","tag-smwcph","tag-social-media","tag-social-media-week","tag-twitter"],"yoast_head":"<!-- This site is optimized with the Yoast SEO plugin v27.5 - https:\/\/yoast.com\/product\/yoast-seo-wordpress\/ -->\n<title>Social Media Week CPH - hvilke events var popul\u00e6rest? - Overskrifts blog<\/title>\n<meta name=\"robots\" content=\"index, follow, max-snippet:-1, max-image-preview:large, max-video-preview:-1\" \/>\n<link rel=\"canonical\" href=\"https:\/\/www.overskrift.dk\/blog\/2014\/02\/24\/social-media-week-cph-hvilke-events-var-populaerest\/\" \/>\n<meta property=\"og:locale\" content=\"da_DK\" \/>\n<meta property=\"og:type\" content=\"article\" \/>\n<meta property=\"og:title\" content=\"Social Media Week CPH - hvilke events var popul\u00e6rest? - Overskrifts blog\" \/>\n<meta property=\"og:description\" content=\"Sidste uges Social Media Week Copenhagen 2014,\u00a0 #smwcph, var en stor succes med over 100 events over hele byen. Og der var vist ogs\u00e5 mange flere deltagere end&hellip;\" \/>\n<meta property=\"og:url\" content=\"https:\/\/www.overskrift.dk\/blog\/2014\/02\/24\/social-media-week-cph-hvilke-events-var-populaerest\/\" \/>\n<meta property=\"og:site_name\" content=\"Overskrifts blog\" \/>\n<meta property=\"article:publisher\" content=\"https:\/\/www.facebook.com\/overskrift\" \/>\n<meta property=\"article:published_time\" content=\"2014-02-24T13:09:14+00:00\" \/>\n<meta property=\"article:modified_time\" content=\"2017-04-19T08:36:45+00:00\" \/>\n<meta property=\"og:image\" content=\"http:\/\/blog.overskrift.dk\/wp-content\/uploads\/Top-smwcph-tags-2014-2.png\" \/>\n<meta name=\"author\" content=\"Stefan B\u00f8gh-Andersen\" \/>\n<meta name=\"twitter:card\" content=\"summary_large_image\" \/>\n<meta name=\"twitter:creator\" content=\"@overskrift\" \/>\n<meta name=\"twitter:site\" content=\"@overskrift\" \/>\n<script type=\"application\/ld+json\" class=\"yoast-schema-graph\">{\"@context\":\"https:\\\/\\\/schema.org\",\"@graph\":[{\"@type\":\"Article\",\"@id\":\"https:\\\/\\\/www.overskrift.dk\\\/blog\\\/2014\\\/02\\\/24\\\/social-media-week-cph-hvilke-events-var-populaerest\\\/#article\",\"isPartOf\":{\"@id\":\"https:\\\/\\\/www.overskrift.dk\\\/blog\\\/2014\\\/02\\\/24\\\/social-media-week-cph-hvilke-events-var-populaerest\\\/\"},\"author\":{\"name\":\"Stefan B\u00f8gh-Andersen\",\"@id\":\"https:\\\/\\\/www.overskrift.dk\\\/blog\\\/#\\\/schema\\\/person\\\/b78220010603ce4384fa7758a6eabaf3\"},\"headline\":\"Social Media Week CPH &#8211; hvilke events var popul\u00e6rest?\",\"datePublished\":\"2014-02-24T13:09:14+00:00\",\"dateModified\":\"2017-04-19T08:36:45+00:00\",\"mainEntityOfPage\":{\"@id\":\"https:\\\/\\\/www.overskrift.dk\\\/blog\\\/2014\\\/02\\\/24\\\/social-media-week-cph-hvilke-events-var-populaerest\\\/\"},\"wordCount\":312,\"commentCount\":0,\"publisher\":{\"@id\":\"https:\\\/\\\/www.overskrift.dk\\\/blog\\\/#organization\"},\"image\":{\"@id\":\"https:\\\/\\\/www.overskrift.dk\\\/blog\\\/2014\\\/02\\\/24\\\/social-media-week-cph-hvilke-events-var-populaerest\\\/#primaryimage\"},\"thumbnailUrl\":\"http:\\\/\\\/blog.overskrift.dk\\\/wp-content\\\/uploads\\\/Top-smwcph-tags-2014-2.png\",\"keywords\":[\"hashtag\",\"smwcph\",\"Social media\",\"social media week\",\"twitter\"],\"articleSection\":[\"Analyser\"],\"inLanguage\":\"da-DK\",\"potentialAction\":[{\"@type\":\"CommentAction\",\"name\":\"Comment\",\"target\":[\"https:\\\/\\\/www.overskrift.dk\\\/blog\\\/2014\\\/02\\\/24\\\/social-media-week-cph-hvilke-events-var-populaerest\\\/#respond\"]}]},{\"@type\":\"WebPage\",\"@id\":\"https:\\\/\\\/www.overskrift.dk\\\/blog\\\/2014\\\/02\\\/24\\\/social-media-week-cph-hvilke-events-var-populaerest\\\/\",\"url\":\"https:\\\/\\\/www.overskrift.dk\\\/blog\\\/2014\\\/02\\\/24\\\/social-media-week-cph-hvilke-events-var-populaerest\\\/\",\"name\":\"Social Media Week CPH - hvilke events var popul\u00e6rest? - Overskrifts blog\",\"isPartOf\":{\"@id\":\"https:\\\/\\\/www.overskrift.dk\\\/blog\\\/#website\"},\"primaryImageOfPage\":{\"@id\":\"https:\\\/\\\/www.overskrift.dk\\\/blog\\\/2014\\\/02\\\/24\\\/social-media-week-cph-hvilke-events-var-populaerest\\\/#primaryimage\"},\"image\":{\"@id\":\"https:\\\/\\\/www.overskrift.dk\\\/blog\\\/2014\\\/02\\\/24\\\/social-media-week-cph-hvilke-events-var-populaerest\\\/#primaryimage\"},\"thumbnailUrl\":\"http:\\\/\\\/blog.overskrift.dk\\\/wp-content\\\/uploads\\\/Top-smwcph-tags-2014-2.png\",\"datePublished\":\"2014-02-24T13:09:14+00:00\",\"dateModified\":\"2017-04-19T08:36:45+00:00\",\"breadcrumb\":{\"@id\":\"https:\\\/\\\/www.overskrift.dk\\\/blog\\\/2014\\\/02\\\/24\\\/social-media-week-cph-hvilke-events-var-populaerest\\\/#breadcrumb\"},\"inLanguage\":\"da-DK\",\"potentialAction\":[{\"@type\":\"ReadAction\",\"target\":[\"https:\\\/\\\/www.overskrift.dk\\\/blog\\\/2014\\\/02\\\/24\\\/social-media-week-cph-hvilke-events-var-populaerest\\\/\"]}]},{\"@type\":\"ImageObject\",\"inLanguage\":\"da-DK\",\"@id\":\"https:\\\/\\\/www.overskrift.dk\\\/blog\\\/2014\\\/02\\\/24\\\/social-media-week-cph-hvilke-events-var-populaerest\\\/#primaryimage\",\"url\":\"http:\\\/\\\/blog.overskrift.dk\\\/wp-content\\\/uploads\\\/Top-smwcph-tags-2014-2.png\",\"contentUrl\":\"http:\\\/\\\/blog.overskrift.dk\\\/wp-content\\\/uploads\\\/Top-smwcph-tags-2014-2.png\"},{\"@type\":\"BreadcrumbList\",\"@id\":\"https:\\\/\\\/www.overskrift.dk\\\/blog\\\/2014\\\/02\\\/24\\\/social-media-week-cph-hvilke-events-var-populaerest\\\/#breadcrumb\",\"itemListElement\":[{\"@type\":\"ListItem\",\"position\":1,\"name\":\"Hjem\",\"item\":\"https:\\\/\\\/www.overskrift.dk\\\/blog\\\/\"},{\"@type\":\"ListItem\",\"position\":2,\"name\":\"Social Media Week CPH &#8211; hvilke events var popul\u00e6rest?\"}]},{\"@type\":\"WebSite\",\"@id\":\"https:\\\/\\\/www.overskrift.dk\\\/blog\\\/#website\",\"url\":\"https:\\\/\\\/www.overskrift.dk\\\/blog\\\/\",\"name\":\"Overskrifts blog\",\"description\":\"Nyeste indl\u00e6g\",\"publisher\":{\"@id\":\"https:\\\/\\\/www.overskrift.dk\\\/blog\\\/#organization\"},\"potentialAction\":[{\"@type\":\"SearchAction\",\"target\":{\"@type\":\"EntryPoint\",\"urlTemplate\":\"https:\\\/\\\/www.overskrift.dk\\\/blog\\\/?s={search_term_string}\"},\"query-input\":{\"@type\":\"PropertyValueSpecification\",\"valueRequired\":true,\"valueName\":\"search_term_string\"}}],\"inLanguage\":\"da-DK\"},{\"@type\":\"Organization\",\"@id\":\"https:\\\/\\\/www.overskrift.dk\\\/blog\\\/#organization\",\"name\":\"Overskrift ApS\",\"url\":\"https:\\\/\\\/www.overskrift.dk\\\/blog\\\/\",\"logo\":{\"@type\":\"ImageObject\",\"inLanguage\":\"da-DK\",\"@id\":\"https:\\\/\\\/www.overskrift.dk\\\/blog\\\/#\\\/schema\\\/logo\\\/image\\\/\",\"url\":\"https:\\\/\\\/blog.overskrift.dk\\\/wp-content\\\/uploads\\\/Just-the-dots-1.png\",\"contentUrl\":\"https:\\\/\\\/blog.overskrift.dk\\\/wp-content\\\/uploads\\\/Just-the-dots-1.png\",\"width\":258,\"height\":257,\"caption\":\"Overskrift ApS\"},\"image\":{\"@id\":\"https:\\\/\\\/www.overskrift.dk\\\/blog\\\/#\\\/schema\\\/logo\\\/image\\\/\"},\"sameAs\":[\"https:\\\/\\\/www.facebook.com\\\/overskrift\",\"https:\\\/\\\/x.com\\\/overskrift\",\"https:\\\/\\\/www.instagram.com\\\/overskrift\\\/\",\"https:\\\/\\\/www.linkedin.com\\\/company\\\/10153434\"]},{\"@type\":\"Person\",\"@id\":\"https:\\\/\\\/www.overskrift.dk\\\/blog\\\/#\\\/schema\\\/person\\\/b78220010603ce4384fa7758a6eabaf3\",\"name\":\"Stefan B\u00f8gh-Andersen\",\"image\":{\"@type\":\"ImageObject\",\"inLanguage\":\"da-DK\",\"@id\":\"https:\\\/\\\/secure.gravatar.com\\\/avatar\\\/f7eee59b7b5aa69f61ce713b6f85ef24d2faef678f186072e924c71249c2d2d6?s=96&d=mm&r=g\",\"url\":\"https:\\\/\\\/secure.gravatar.com\\\/avatar\\\/f7eee59b7b5aa69f61ce713b6f85ef24d2faef678f186072e924c71249c2d2d6?s=96&d=mm&r=g\",\"contentUrl\":\"https:\\\/\\\/secure.gravatar.com\\\/avatar\\\/f7eee59b7b5aa69f61ce713b6f85ef24d2faef678f186072e924c71249c2d2d6?s=96&d=mm&r=g\",\"caption\":\"Stefan B\u00f8gh-Andersen\"},\"description\":\"Indl\u00e6gget er skrevet af Stefan, der er direkt\u00f8r i og stifter af Overskrift. Stefan er en skarp analytiker og har mange \u00e5rs erfaring med r\u00e5dgivning inden for sociale medier og nyhedssites.\",\"url\":\"https:\\\/\\\/www.overskrift.dk\\\/blog\\\/author\\\/stefan\\\/\"}]}<\/script>\n<!-- \/ Yoast SEO plugin. -->","yoast_head_json":{"title":"Social Media Week CPH - hvilke events var popul\u00e6rest? - Overskrifts blog","robots":{"index":"index","follow":"follow","max-snippet":"max-snippet:-1","max-image-preview":"max-image-preview:large","max-video-preview":"max-video-preview:-1"},"canonical":"https:\/\/www.overskrift.dk\/blog\/2014\/02\/24\/social-media-week-cph-hvilke-events-var-populaerest\/","og_locale":"da_DK","og_type":"article","og_title":"Social Media Week CPH - hvilke events var popul\u00e6rest? - Overskrifts blog","og_description":"Sidste uges Social Media Week Copenhagen 2014,\u00a0 #smwcph, var en stor succes med over 100 events over hele byen. Og der var vist ogs\u00e5 mange flere deltagere end&hellip;","og_url":"https:\/\/www.overskrift.dk\/blog\/2014\/02\/24\/social-media-week-cph-hvilke-events-var-populaerest\/","og_site_name":"Overskrifts blog","article_publisher":"https:\/\/www.facebook.com\/overskrift","article_published_time":"2014-02-24T13:09:14+00:00","article_modified_time":"2017-04-19T08:36:45+00:00","og_image":[{"url":"http:\/\/blog.overskrift.dk\/wp-content\/uploads\/Top-smwcph-tags-2014-2.png","type":"","width":"","height":""}],"author":"Stefan B\u00f8gh-Andersen","twitter_card":"summary_large_image","twitter_creator":"@overskrift","twitter_site":"@overskrift","schema":{"@context":"https:\/\/schema.org","@graph":[{"@type":"Article","@id":"https:\/\/www.overskrift.dk\/blog\/2014\/02\/24\/social-media-week-cph-hvilke-events-var-populaerest\/#article","isPartOf":{"@id":"https:\/\/www.overskrift.dk\/blog\/2014\/02\/24\/social-media-week-cph-hvilke-events-var-populaerest\/"},"author":{"name":"Stefan B\u00f8gh-Andersen","@id":"https:\/\/www.overskrift.dk\/blog\/#\/schema\/person\/b78220010603ce4384fa7758a6eabaf3"},"headline":"Social Media Week CPH &#8211; hvilke events var popul\u00e6rest?","datePublished":"2014-02-24T13:09:14+00:00","dateModified":"2017-04-19T08:36:45+00:00","mainEntityOfPage":{"@id":"https:\/\/www.overskrift.dk\/blog\/2014\/02\/24\/social-media-week-cph-hvilke-events-var-populaerest\/"},"wordCount":312,"commentCount":0,"publisher":{"@id":"https:\/\/www.overskrift.dk\/blog\/#organization"},"image":{"@id":"https:\/\/www.overskrift.dk\/blog\/2014\/02\/24\/social-media-week-cph-hvilke-events-var-populaerest\/#primaryimage"},"thumbnailUrl":"http:\/\/blog.overskrift.dk\/wp-content\/uploads\/Top-smwcph-tags-2014-2.png","keywords":["hashtag","smwcph","Social media","social media week","twitter"],"articleSection":["Analyser"],"inLanguage":"da-DK","potentialAction":[{"@type":"CommentAction","name":"Comment","target":["https:\/\/www.overskrift.dk\/blog\/2014\/02\/24\/social-media-week-cph-hvilke-events-var-populaerest\/#respond"]}]},{"@type":"WebPage","@id":"https:\/\/www.overskrift.dk\/blog\/2014\/02\/24\/social-media-week-cph-hvilke-events-var-populaerest\/","url":"https:\/\/www.overskrift.dk\/blog\/2014\/02\/24\/social-media-week-cph-hvilke-events-var-populaerest\/","name":"Social Media Week CPH - hvilke events var popul\u00e6rest? - Overskrifts blog","isPartOf":{"@id":"https:\/\/www.overskrift.dk\/blog\/#website"},"primaryImageOfPage":{"@id":"https:\/\/www.overskrift.dk\/blog\/2014\/02\/24\/social-media-week-cph-hvilke-events-var-populaerest\/#primaryimage"},"image":{"@id":"https:\/\/www.overskrift.dk\/blog\/2014\/02\/24\/social-media-week-cph-hvilke-events-var-populaerest\/#primaryimage"},"thumbnailUrl":"http:\/\/blog.overskrift.dk\/wp-content\/uploads\/Top-smwcph-tags-2014-2.png","datePublished":"2014-02-24T13:09:14+00:00","dateModified":"2017-04-19T08:36:45+00:00","breadcrumb":{"@id":"https:\/\/www.overskrift.dk\/blog\/2014\/02\/24\/social-media-week-cph-hvilke-events-var-populaerest\/#breadcrumb"},"inLanguage":"da-DK","potentialAction":[{"@type":"ReadAction","target":["https:\/\/www.overskrift.dk\/blog\/2014\/02\/24\/social-media-week-cph-hvilke-events-var-populaerest\/"]}]},{"@type":"ImageObject","inLanguage":"da-DK","@id":"https:\/\/www.overskrift.dk\/blog\/2014\/02\/24\/social-media-week-cph-hvilke-events-var-populaerest\/#primaryimage","url":"http:\/\/blog.overskrift.dk\/wp-content\/uploads\/Top-smwcph-tags-2014-2.png","contentUrl":"http:\/\/blog.overskrift.dk\/wp-content\/uploads\/Top-smwcph-tags-2014-2.png"},{"@type":"BreadcrumbList","@id":"https:\/\/www.overskrift.dk\/blog\/2014\/02\/24\/social-media-week-cph-hvilke-events-var-populaerest\/#breadcrumb","itemListElement":[{"@type":"ListItem","position":1,"name":"Hjem","item":"https:\/\/www.overskrift.dk\/blog\/"},{"@type":"ListItem","position":2,"name":"Social Media Week CPH &#8211; hvilke events var popul\u00e6rest?"}]},{"@type":"WebSite","@id":"https:\/\/www.overskrift.dk\/blog\/#website","url":"https:\/\/www.overskrift.dk\/blog\/","name":"Overskrifts blog","description":"Nyeste indl\u00e6g","publisher":{"@id":"https:\/\/www.overskrift.dk\/blog\/#organization"},"potentialAction":[{"@type":"SearchAction","target":{"@type":"EntryPoint","urlTemplate":"https:\/\/www.overskrift.dk\/blog\/?s={search_term_string}"},"query-input":{"@type":"PropertyValueSpecification","valueRequired":true,"valueName":"search_term_string"}}],"inLanguage":"da-DK"},{"@type":"Organization","@id":"https:\/\/www.overskrift.dk\/blog\/#organization","name":"Overskrift ApS","url":"https:\/\/www.overskrift.dk\/blog\/","logo":{"@type":"ImageObject","inLanguage":"da-DK","@id":"https:\/\/www.overskrift.dk\/blog\/#\/schema\/logo\/image\/","url":"https:\/\/blog.overskrift.dk\/wp-content\/uploads\/Just-the-dots-1.png","contentUrl":"https:\/\/blog.overskrift.dk\/wp-content\/uploads\/Just-the-dots-1.png","width":258,"height":257,"caption":"Overskrift ApS"},"image":{"@id":"https:\/\/www.overskrift.dk\/blog\/#\/schema\/logo\/image\/"},"sameAs":["https:\/\/www.facebook.com\/overskrift","https:\/\/x.com\/overskrift","https:\/\/www.instagram.com\/overskrift\/","https:\/\/www.linkedin.com\/company\/10153434"]},{"@type":"Person","@id":"https:\/\/www.overskrift.dk\/blog\/#\/schema\/person\/b78220010603ce4384fa7758a6eabaf3","name":"Stefan B\u00f8gh-Andersen","image":{"@type":"ImageObject","inLanguage":"da-DK","@id":"https:\/\/secure.gravatar.com\/avatar\/f7eee59b7b5aa69f61ce713b6f85ef24d2faef678f186072e924c71249c2d2d6?s=96&d=mm&r=g","url":"https:\/\/secure.gravatar.com\/avatar\/f7eee59b7b5aa69f61ce713b6f85ef24d2faef678f186072e924c71249c2d2d6?s=96&d=mm&r=g","contentUrl":"https:\/\/secure.gravatar.com\/avatar\/f7eee59b7b5aa69f61ce713b6f85ef24d2faef678f186072e924c71249c2d2d6?s=96&d=mm&r=g","caption":"Stefan B\u00f8gh-Andersen"},"description":"Indl\u00e6gget er skrevet af Stefan, der er direkt\u00f8r i og stifter af Overskrift. Stefan er en skarp analytiker og har mange \u00e5rs erfaring med r\u00e5dgivning inden for sociale medier og nyhedssites.","url":"https:\/\/www.overskrift.dk\/blog\/author\/stefan\/"}]}},"_links":{"self":[{"href":"https:\/\/www.overskrift.dk\/blog\/wp-json\/wp\/v2\/posts\/3041","targetHints":{"allow":["GET"]}}],"collection":[{"href":"https:\/\/www.overskrift.dk\/blog\/wp-json\/wp\/v2\/posts"}],"about":[{"href":"https:\/\/www.overskrift.dk\/blog\/wp-json\/wp\/v2\/types\/post"}],"author":[{"embeddable":true,"href":"https:\/\/www.overskrift.dk\/blog\/wp-json\/wp\/v2\/users\/4"}],"replies":[{"embeddable":true,"href":"https:\/\/www.overskrift.dk\/blog\/wp-json\/wp\/v2\/comments?post=3041"}],"version-history":[{"count":11,"href":"https:\/\/www.overskrift.dk\/blog\/wp-json\/wp\/v2\/posts\/3041\/revisions"}],"predecessor-version":[{"id":3056,"href":"https:\/\/www.overskrift.dk\/blog\/wp-json\/wp\/v2\/posts\/3041\/revisions\/3056"}],"wp:attachment":[{"href":"https:\/\/www.overskrift.dk\/blog\/wp-json\/wp\/v2\/media?parent=3041"}],"wp:term":[{"taxonomy":"category","embeddable":true,"href":"https:\/\/www.overskrift.dk\/blog\/wp-json\/wp\/v2\/categories?post=3041"},{"taxonomy":"post_tag","embeddable":true,"href":"https:\/\/www.overskrift.dk\/blog\/wp-json\/wp\/v2\/tags?post=3041"}],"curies":[{"name":"wp","href":"https:\/\/api.w.org\/{rel}","templated":true}]}}