{"id":3059,"date":"2014-03-10T12:43:29","date_gmt":"2014-03-10T11:43:29","guid":{"rendered":"http:\/\/blog.overskrift.dk\/?p=3059"},"modified":"2017-04-19T10:19:24","modified_gmt":"2017-04-19T08:19:24","slug":"dansk-melodi-grand-prix-gaar-twitter-amok","status":"publish","type":"post","link":"https:\/\/www.overskrift.dk\/blog\/2014\/03\/10\/dansk-melodi-grand-prix-gaar-twitter-amok\/","title":{"rendered":"Dansk Melodi Grand Prix g\u00e5r Twitter amok"},"content":{"rendered":"<p>I l\u00f8rdags var der som bekendt Dansk Melodi Grand Prix hvor DR selv promoverede begivenheden p\u00e5 sociale medier, ved at opfordre til at anvende hashtagget <a href=\"https:\/\/twitter.com\/search?q=%23DRGrandPrix&amp;src=typd&amp;f=realtime\" target=\"_blank\">#DRGrandPrix<\/a> p\u00e5 Twitter, Instagram osv.\u00a0DR samlede s\u00e5 bl.a. tweets og billeder i et <a title=\"Green Room\" href=\"http:\/\/www.dr.dk\/melodigrandprix\/greenroom\/index\" target=\"_blank\">digitalt green room<\/a>, s\u00e5 man l\u00f8bende kunne f\u00f8lge med.<\/p>\n<p>P\u00e5 Twitter gik det da ogs\u00e5 vildt for sig, med 12.500 tweets p\u00e5 de ca. 2 1\/2 time showet forl\u00f8b:<\/p>\n<p style=\"text-align: center;\"><img loading=\"lazy\" decoding=\"async\" class=\" wp-image-3062 aligncenter\" alt=\"DRGrandPrix-10min\" src=\"http:\/\/blog.overskrift.dk\/wp-content\/uploads\/DRGrandPrix-10min.png\" width=\"566\" height=\"370\" srcset=\"https:\/\/www.overskrift.dk\/blog\/wp-content\/uploads\/DRGrandPrix-10min.png 885w, https:\/\/www.overskrift.dk\/blog\/wp-content\/uploads\/DRGrandPrix-10min-700x456.png 700w\" sizes=\"auto, (max-width: 566px) 100vw, 566px\" \/><\/p>\n<p>Det svarer til 5.000 TPH (Tweets pr. hour) i gennemsnit, eller en fordobling fra <a href=\"http:\/\/blog.overskrift.dk\/2013\/05\/19\/twitter-slar-rekord-i-danmark-med-emmelies-vindersang\/\" target=\"_blank\">sidste \u00e5rs internationale MGP<\/a>, hvor der i snit blev sendt 2.300 TPH.<\/p>\n<p>Typisk er det jo ogs\u00e5 en meget sk\u00e6v fordeling for de deltagende twitterbrugere: ca. 2.600 forskellige tweeps deltog med #DRGrandPrix i timerne, men nogle var mere aktive end andre. Enkelte bidrog med over 100 tweets:<\/p>\n<img loading=\"lazy\" decoding=\"async\" class=\"size-full wp-image-3064 aligncenter\" alt=\"DRGrandPrix-tweeps\" src=\"http:\/\/blog.overskrift.dk\/wp-content\/uploads\/DRGrandPrix-tweeps.png\" width=\"652\" height=\"473\" \/>\n<p>Faktisk stod de 125 mest aktive tweeps for halvdelen af alle #DRGrandPrix-tweets.<\/p>\n<p>Fredag kunne man l\u00e6se en artikel i Berlingske, &#8220;<a href=\"http:\/\/bit.ly\/1f5sqBt\" target=\"_blank\">Vi ser da TV p\u00e5 Twitter<\/a>&#8221; som netop unders\u00f8ger f\u00e6nomenet med at deltage p\u00e5 sociale medier, samtidigt med at se begivenheder p\u00e5 TV &#8211; det s\u00e5kaldte &#8220;Second Screen&#8221; f\u00e6nomen. I samme artikel udtaler jeg mig om Twitter brug og TV i Danmark, side om side med <a href=\"https:\/\/twitter.com\/mortensax\" target=\"_blank\">Morten Saxn\u00e6s<\/a> og <a href=\"https:\/\/twitter.com\/christianevejlo\" target=\"_blank\">Christiane Vejl\u00f8<\/a>.<\/p>\n<p>Screendump fra DRs digitale <a title=\"DR's digitale Green Room\" href=\"http:\/\/www.dr.dk\/melodigrandprix\/greenroom\/index\" target=\"_blank\">Green Room<\/a>:<\/p>\n<p style=\"text-align: center;\"><a href=\"http:\/\/www.dr.dk\/melodigrandprix\/greenroom\/index\"><img loading=\"lazy\" decoding=\"async\" class=\"size-full wp-image-3065 aligncenter\" alt=\"DR's digitale Grand Prix green room\" src=\"http:\/\/blog.overskrift.dk\/wp-content\/uploads\/DRGRandPrix_GreenRoom.png\" width=\"615\" height=\"564\" \/><\/a><\/p>\n<p>Der var ogs\u00e5 andre hashtags i spil l\u00f8rdag aften, men brugen af disse var ret begr\u00e6nset i forhold til aftenens vinder-hashtag #drgrandprix. Fx. <a href=\"https:\/\/twitter.com\/search?q=%23mgpdk\">#mgpdk<\/a>, der blev benyttet godt 1.000 gange i l\u00f8rdags og <a href=\"https:\/\/twitter.com\/search?q=%23escdk\">#escdk<\/a> med godt 1.200 tweets.<\/p>\n<p>If\u00f8lge <a href=\"http:\/\/www.dr.dk\/melodigrandprix\/Nyheder\/2014\/03\/10115808.htm\" target=\"_blank\">DR Presse<\/a>\u00a0(t<a href=\"https:\/\/twitter.com\/drpresse\/status\/442962008502448128\" target=\"_blank\">witter<\/a>) var der ca. 1.8 millioner seere til showet i l\u00f8rdags, s\u00e5 med ca 2.600 tweeps som deltagere p\u00e5 2nd Screen er jo ikke s\u00e5 meget, kan man argumentere &#8211; eller hvad?<\/p>\n<p>&#8212;<\/p>\n<p><em>Stefan B\u00f8gh-Andersen er partner i\u00a0<a href=\"http:\/\/overskrift.dk\/\" target=\"_blank\">Overskrift.dk<\/a>, Danmarks bedste online og social medie monitorerings-tjeneste. Overskrift.dk har siden 2006 tilbudt dansk monitorering,\u00a0<a href=\"http:\/\/overskrift.dk\/overblik\/\" target=\"_blank\">Overblik<\/a>, i bl.a. nyhedssites, blogs, twitter, facebook, youtube, organisations- og virksomhedssites etc.<\/em><\/p>\n","protected":false},"excerpt":{"rendered":"<p>I l\u00f8rdags var der som bekendt Dansk Melodi Grand Prix hvor DR selv promoverede begivenheden p\u00e5 sociale medier, ved at opfordre til at anvende hashtagget #DRGrandPrix p\u00e5 Twitter,&hellip;<\/p>\n","protected":false},"author":4,"featured_media":0,"comment_status":"open","ping_status":"open","sticky":false,"template":"","format":"standard","meta":{"cybocfi_hide_featured_image":"","footnotes":""},"categories":[302,305],"tags":[445,263],"class_list":["post-3059","post","type-post","status-publish","format-standard","hentry","category-analyser","category-trends","tag-second-screen","tag-twitter"],"yoast_head":"<!-- This site is optimized with the Yoast SEO plugin v27.5 - https:\/\/yoast.com\/product\/yoast-seo-wordpress\/ -->\n<title>Dansk Melodi Grand Prix g\u00e5r Twitter amok - Overskrifts blog<\/title>\n<meta name=\"robots\" content=\"index, follow, max-snippet:-1, max-image-preview:large, max-video-preview:-1\" \/>\n<link rel=\"canonical\" href=\"https:\/\/www.overskrift.dk\/blog\/2014\/03\/10\/dansk-melodi-grand-prix-gaar-twitter-amok\/\" \/>\n<meta property=\"og:locale\" content=\"da_DK\" \/>\n<meta property=\"og:type\" content=\"article\" \/>\n<meta property=\"og:title\" content=\"Dansk Melodi Grand Prix g\u00e5r Twitter amok - Overskrifts blog\" \/>\n<meta property=\"og:description\" content=\"I l\u00f8rdags var der som bekendt Dansk Melodi Grand Prix hvor DR selv promoverede begivenheden p\u00e5 sociale medier, ved at opfordre til at anvende hashtagget #DRGrandPrix p\u00e5 Twitter,&hellip;\" \/>\n<meta property=\"og:url\" content=\"https:\/\/www.overskrift.dk\/blog\/2014\/03\/10\/dansk-melodi-grand-prix-gaar-twitter-amok\/\" \/>\n<meta property=\"og:site_name\" content=\"Overskrifts blog\" \/>\n<meta property=\"article:publisher\" content=\"https:\/\/www.facebook.com\/overskrift\" \/>\n<meta property=\"article:published_time\" content=\"2014-03-10T11:43:29+00:00\" \/>\n<meta property=\"article:modified_time\" content=\"2017-04-19T08:19:24+00:00\" \/>\n<meta property=\"og:image\" content=\"http:\/\/blog.overskrift.dk\/wp-content\/uploads\/DRGrandPrix-10min.png\" \/>\n<meta name=\"author\" content=\"Stefan B\u00f8gh-Andersen\" \/>\n<meta name=\"twitter:card\" content=\"summary_large_image\" \/>\n<meta name=\"twitter:creator\" content=\"@overskrift\" \/>\n<meta name=\"twitter:site\" content=\"@overskrift\" \/>\n<script type=\"application\/ld+json\" class=\"yoast-schema-graph\">{\"@context\":\"https:\\\/\\\/schema.org\",\"@graph\":[{\"@type\":\"Article\",\"@id\":\"https:\\\/\\\/www.overskrift.dk\\\/blog\\\/2014\\\/03\\\/10\\\/dansk-melodi-grand-prix-gaar-twitter-amok\\\/#article\",\"isPartOf\":{\"@id\":\"https:\\\/\\\/www.overskrift.dk\\\/blog\\\/2014\\\/03\\\/10\\\/dansk-melodi-grand-prix-gaar-twitter-amok\\\/\"},\"author\":{\"name\":\"Stefan B\u00f8gh-Andersen\",\"@id\":\"https:\\\/\\\/www.overskrift.dk\\\/blog\\\/#\\\/schema\\\/person\\\/b78220010603ce4384fa7758a6eabaf3\"},\"headline\":\"Dansk Melodi Grand Prix g\u00e5r Twitter amok\",\"datePublished\":\"2014-03-10T11:43:29+00:00\",\"dateModified\":\"2017-04-19T08:19:24+00:00\",\"mainEntityOfPage\":{\"@id\":\"https:\\\/\\\/www.overskrift.dk\\\/blog\\\/2014\\\/03\\\/10\\\/dansk-melodi-grand-prix-gaar-twitter-amok\\\/\"},\"wordCount\":328,\"commentCount\":0,\"publisher\":{\"@id\":\"https:\\\/\\\/www.overskrift.dk\\\/blog\\\/#organization\"},\"image\":{\"@id\":\"https:\\\/\\\/www.overskrift.dk\\\/blog\\\/2014\\\/03\\\/10\\\/dansk-melodi-grand-prix-gaar-twitter-amok\\\/#primaryimage\"},\"thumbnailUrl\":\"http:\\\/\\\/blog.overskrift.dk\\\/wp-content\\\/uploads\\\/DRGrandPrix-10min.png\",\"keywords\":[\"Second Screen\",\"twitter\"],\"articleSection\":[\"Analyser\",\"Trends\"],\"inLanguage\":\"da-DK\",\"potentialAction\":[{\"@type\":\"CommentAction\",\"name\":\"Comment\",\"target\":[\"https:\\\/\\\/www.overskrift.dk\\\/blog\\\/2014\\\/03\\\/10\\\/dansk-melodi-grand-prix-gaar-twitter-amok\\\/#respond\"]}]},{\"@type\":\"WebPage\",\"@id\":\"https:\\\/\\\/www.overskrift.dk\\\/blog\\\/2014\\\/03\\\/10\\\/dansk-melodi-grand-prix-gaar-twitter-amok\\\/\",\"url\":\"https:\\\/\\\/www.overskrift.dk\\\/blog\\\/2014\\\/03\\\/10\\\/dansk-melodi-grand-prix-gaar-twitter-amok\\\/\",\"name\":\"Dansk Melodi Grand Prix g\u00e5r Twitter amok - Overskrifts blog\",\"isPartOf\":{\"@id\":\"https:\\\/\\\/www.overskrift.dk\\\/blog\\\/#website\"},\"primaryImageOfPage\":{\"@id\":\"https:\\\/\\\/www.overskrift.dk\\\/blog\\\/2014\\\/03\\\/10\\\/dansk-melodi-grand-prix-gaar-twitter-amok\\\/#primaryimage\"},\"image\":{\"@id\":\"https:\\\/\\\/www.overskrift.dk\\\/blog\\\/2014\\\/03\\\/10\\\/dansk-melodi-grand-prix-gaar-twitter-amok\\\/#primaryimage\"},\"thumbnailUrl\":\"http:\\\/\\\/blog.overskrift.dk\\\/wp-content\\\/uploads\\\/DRGrandPrix-10min.png\",\"datePublished\":\"2014-03-10T11:43:29+00:00\",\"dateModified\":\"2017-04-19T08:19:24+00:00\",\"breadcrumb\":{\"@id\":\"https:\\\/\\\/www.overskrift.dk\\\/blog\\\/2014\\\/03\\\/10\\\/dansk-melodi-grand-prix-gaar-twitter-amok\\\/#breadcrumb\"},\"inLanguage\":\"da-DK\",\"potentialAction\":[{\"@type\":\"ReadAction\",\"target\":[\"https:\\\/\\\/www.overskrift.dk\\\/blog\\\/2014\\\/03\\\/10\\\/dansk-melodi-grand-prix-gaar-twitter-amok\\\/\"]}]},{\"@type\":\"ImageObject\",\"inLanguage\":\"da-DK\",\"@id\":\"https:\\\/\\\/www.overskrift.dk\\\/blog\\\/2014\\\/03\\\/10\\\/dansk-melodi-grand-prix-gaar-twitter-amok\\\/#primaryimage\",\"url\":\"http:\\\/\\\/blog.overskrift.dk\\\/wp-content\\\/uploads\\\/DRGrandPrix-10min.png\",\"contentUrl\":\"http:\\\/\\\/blog.overskrift.dk\\\/wp-content\\\/uploads\\\/DRGrandPrix-10min.png\"},{\"@type\":\"BreadcrumbList\",\"@id\":\"https:\\\/\\\/www.overskrift.dk\\\/blog\\\/2014\\\/03\\\/10\\\/dansk-melodi-grand-prix-gaar-twitter-amok\\\/#breadcrumb\",\"itemListElement\":[{\"@type\":\"ListItem\",\"position\":1,\"name\":\"Hjem\",\"item\":\"https:\\\/\\\/www.overskrift.dk\\\/blog\\\/\"},{\"@type\":\"ListItem\",\"position\":2,\"name\":\"Dansk Melodi Grand Prix g\u00e5r Twitter amok\"}]},{\"@type\":\"WebSite\",\"@id\":\"https:\\\/\\\/www.overskrift.dk\\\/blog\\\/#website\",\"url\":\"https:\\\/\\\/www.overskrift.dk\\\/blog\\\/\",\"name\":\"Overskrifts blog\",\"description\":\"Nyeste indl\u00e6g\",\"publisher\":{\"@id\":\"https:\\\/\\\/www.overskrift.dk\\\/blog\\\/#organization\"},\"potentialAction\":[{\"@type\":\"SearchAction\",\"target\":{\"@type\":\"EntryPoint\",\"urlTemplate\":\"https:\\\/\\\/www.overskrift.dk\\\/blog\\\/?s={search_term_string}\"},\"query-input\":{\"@type\":\"PropertyValueSpecification\",\"valueRequired\":true,\"valueName\":\"search_term_string\"}}],\"inLanguage\":\"da-DK\"},{\"@type\":\"Organization\",\"@id\":\"https:\\\/\\\/www.overskrift.dk\\\/blog\\\/#organization\",\"name\":\"Overskrift ApS\",\"url\":\"https:\\\/\\\/www.overskrift.dk\\\/blog\\\/\",\"logo\":{\"@type\":\"ImageObject\",\"inLanguage\":\"da-DK\",\"@id\":\"https:\\\/\\\/www.overskrift.dk\\\/blog\\\/#\\\/schema\\\/logo\\\/image\\\/\",\"url\":\"https:\\\/\\\/blog.overskrift.dk\\\/wp-content\\\/uploads\\\/Just-the-dots-1.png\",\"contentUrl\":\"https:\\\/\\\/blog.overskrift.dk\\\/wp-content\\\/uploads\\\/Just-the-dots-1.png\",\"width\":258,\"height\":257,\"caption\":\"Overskrift ApS\"},\"image\":{\"@id\":\"https:\\\/\\\/www.overskrift.dk\\\/blog\\\/#\\\/schema\\\/logo\\\/image\\\/\"},\"sameAs\":[\"https:\\\/\\\/www.facebook.com\\\/overskrift\",\"https:\\\/\\\/x.com\\\/overskrift\",\"https:\\\/\\\/www.instagram.com\\\/overskrift\\\/\",\"https:\\\/\\\/www.linkedin.com\\\/company\\\/10153434\"]},{\"@type\":\"Person\",\"@id\":\"https:\\\/\\\/www.overskrift.dk\\\/blog\\\/#\\\/schema\\\/person\\\/b78220010603ce4384fa7758a6eabaf3\",\"name\":\"Stefan B\u00f8gh-Andersen\",\"image\":{\"@type\":\"ImageObject\",\"inLanguage\":\"da-DK\",\"@id\":\"https:\\\/\\\/secure.gravatar.com\\\/avatar\\\/f7eee59b7b5aa69f61ce713b6f85ef24d2faef678f186072e924c71249c2d2d6?s=96&d=mm&r=g\",\"url\":\"https:\\\/\\\/secure.gravatar.com\\\/avatar\\\/f7eee59b7b5aa69f61ce713b6f85ef24d2faef678f186072e924c71249c2d2d6?s=96&d=mm&r=g\",\"contentUrl\":\"https:\\\/\\\/secure.gravatar.com\\\/avatar\\\/f7eee59b7b5aa69f61ce713b6f85ef24d2faef678f186072e924c71249c2d2d6?s=96&d=mm&r=g\",\"caption\":\"Stefan B\u00f8gh-Andersen\"},\"description\":\"Indl\u00e6gget er skrevet af Stefan, der er direkt\u00f8r i og stifter af Overskrift. Stefan er en skarp analytiker og har mange \u00e5rs erfaring med r\u00e5dgivning inden for sociale medier og nyhedssites.\",\"url\":\"https:\\\/\\\/www.overskrift.dk\\\/blog\\\/author\\\/stefan\\\/\"}]}<\/script>\n<!-- \/ Yoast SEO plugin. -->","yoast_head_json":{"title":"Dansk Melodi Grand Prix g\u00e5r Twitter amok - Overskrifts blog","robots":{"index":"index","follow":"follow","max-snippet":"max-snippet:-1","max-image-preview":"max-image-preview:large","max-video-preview":"max-video-preview:-1"},"canonical":"https:\/\/www.overskrift.dk\/blog\/2014\/03\/10\/dansk-melodi-grand-prix-gaar-twitter-amok\/","og_locale":"da_DK","og_type":"article","og_title":"Dansk Melodi Grand Prix g\u00e5r Twitter amok - Overskrifts blog","og_description":"I l\u00f8rdags var der som bekendt Dansk Melodi Grand Prix hvor DR selv promoverede begivenheden p\u00e5 sociale medier, ved at opfordre til at anvende hashtagget #DRGrandPrix p\u00e5 Twitter,&hellip;","og_url":"https:\/\/www.overskrift.dk\/blog\/2014\/03\/10\/dansk-melodi-grand-prix-gaar-twitter-amok\/","og_site_name":"Overskrifts blog","article_publisher":"https:\/\/www.facebook.com\/overskrift","article_published_time":"2014-03-10T11:43:29+00:00","article_modified_time":"2017-04-19T08:19:24+00:00","og_image":[{"url":"http:\/\/blog.overskrift.dk\/wp-content\/uploads\/DRGrandPrix-10min.png","type":"","width":"","height":""}],"author":"Stefan B\u00f8gh-Andersen","twitter_card":"summary_large_image","twitter_creator":"@overskrift","twitter_site":"@overskrift","schema":{"@context":"https:\/\/schema.org","@graph":[{"@type":"Article","@id":"https:\/\/www.overskrift.dk\/blog\/2014\/03\/10\/dansk-melodi-grand-prix-gaar-twitter-amok\/#article","isPartOf":{"@id":"https:\/\/www.overskrift.dk\/blog\/2014\/03\/10\/dansk-melodi-grand-prix-gaar-twitter-amok\/"},"author":{"name":"Stefan B\u00f8gh-Andersen","@id":"https:\/\/www.overskrift.dk\/blog\/#\/schema\/person\/b78220010603ce4384fa7758a6eabaf3"},"headline":"Dansk Melodi Grand Prix g\u00e5r Twitter amok","datePublished":"2014-03-10T11:43:29+00:00","dateModified":"2017-04-19T08:19:24+00:00","mainEntityOfPage":{"@id":"https:\/\/www.overskrift.dk\/blog\/2014\/03\/10\/dansk-melodi-grand-prix-gaar-twitter-amok\/"},"wordCount":328,"commentCount":0,"publisher":{"@id":"https:\/\/www.overskrift.dk\/blog\/#organization"},"image":{"@id":"https:\/\/www.overskrift.dk\/blog\/2014\/03\/10\/dansk-melodi-grand-prix-gaar-twitter-amok\/#primaryimage"},"thumbnailUrl":"http:\/\/blog.overskrift.dk\/wp-content\/uploads\/DRGrandPrix-10min.png","keywords":["Second Screen","twitter"],"articleSection":["Analyser","Trends"],"inLanguage":"da-DK","potentialAction":[{"@type":"CommentAction","name":"Comment","target":["https:\/\/www.overskrift.dk\/blog\/2014\/03\/10\/dansk-melodi-grand-prix-gaar-twitter-amok\/#respond"]}]},{"@type":"WebPage","@id":"https:\/\/www.overskrift.dk\/blog\/2014\/03\/10\/dansk-melodi-grand-prix-gaar-twitter-amok\/","url":"https:\/\/www.overskrift.dk\/blog\/2014\/03\/10\/dansk-melodi-grand-prix-gaar-twitter-amok\/","name":"Dansk Melodi Grand Prix g\u00e5r Twitter amok - Overskrifts blog","isPartOf":{"@id":"https:\/\/www.overskrift.dk\/blog\/#website"},"primaryImageOfPage":{"@id":"https:\/\/www.overskrift.dk\/blog\/2014\/03\/10\/dansk-melodi-grand-prix-gaar-twitter-amok\/#primaryimage"},"image":{"@id":"https:\/\/www.overskrift.dk\/blog\/2014\/03\/10\/dansk-melodi-grand-prix-gaar-twitter-amok\/#primaryimage"},"thumbnailUrl":"http:\/\/blog.overskrift.dk\/wp-content\/uploads\/DRGrandPrix-10min.png","datePublished":"2014-03-10T11:43:29+00:00","dateModified":"2017-04-19T08:19:24+00:00","breadcrumb":{"@id":"https:\/\/www.overskrift.dk\/blog\/2014\/03\/10\/dansk-melodi-grand-prix-gaar-twitter-amok\/#breadcrumb"},"inLanguage":"da-DK","potentialAction":[{"@type":"ReadAction","target":["https:\/\/www.overskrift.dk\/blog\/2014\/03\/10\/dansk-melodi-grand-prix-gaar-twitter-amok\/"]}]},{"@type":"ImageObject","inLanguage":"da-DK","@id":"https:\/\/www.overskrift.dk\/blog\/2014\/03\/10\/dansk-melodi-grand-prix-gaar-twitter-amok\/#primaryimage","url":"http:\/\/blog.overskrift.dk\/wp-content\/uploads\/DRGrandPrix-10min.png","contentUrl":"http:\/\/blog.overskrift.dk\/wp-content\/uploads\/DRGrandPrix-10min.png"},{"@type":"BreadcrumbList","@id":"https:\/\/www.overskrift.dk\/blog\/2014\/03\/10\/dansk-melodi-grand-prix-gaar-twitter-amok\/#breadcrumb","itemListElement":[{"@type":"ListItem","position":1,"name":"Hjem","item":"https:\/\/www.overskrift.dk\/blog\/"},{"@type":"ListItem","position":2,"name":"Dansk Melodi Grand Prix g\u00e5r Twitter amok"}]},{"@type":"WebSite","@id":"https:\/\/www.overskrift.dk\/blog\/#website","url":"https:\/\/www.overskrift.dk\/blog\/","name":"Overskrifts blog","description":"Nyeste indl\u00e6g","publisher":{"@id":"https:\/\/www.overskrift.dk\/blog\/#organization"},"potentialAction":[{"@type":"SearchAction","target":{"@type":"EntryPoint","urlTemplate":"https:\/\/www.overskrift.dk\/blog\/?s={search_term_string}"},"query-input":{"@type":"PropertyValueSpecification","valueRequired":true,"valueName":"search_term_string"}}],"inLanguage":"da-DK"},{"@type":"Organization","@id":"https:\/\/www.overskrift.dk\/blog\/#organization","name":"Overskrift ApS","url":"https:\/\/www.overskrift.dk\/blog\/","logo":{"@type":"ImageObject","inLanguage":"da-DK","@id":"https:\/\/www.overskrift.dk\/blog\/#\/schema\/logo\/image\/","url":"https:\/\/blog.overskrift.dk\/wp-content\/uploads\/Just-the-dots-1.png","contentUrl":"https:\/\/blog.overskrift.dk\/wp-content\/uploads\/Just-the-dots-1.png","width":258,"height":257,"caption":"Overskrift ApS"},"image":{"@id":"https:\/\/www.overskrift.dk\/blog\/#\/schema\/logo\/image\/"},"sameAs":["https:\/\/www.facebook.com\/overskrift","https:\/\/x.com\/overskrift","https:\/\/www.instagram.com\/overskrift\/","https:\/\/www.linkedin.com\/company\/10153434"]},{"@type":"Person","@id":"https:\/\/www.overskrift.dk\/blog\/#\/schema\/person\/b78220010603ce4384fa7758a6eabaf3","name":"Stefan B\u00f8gh-Andersen","image":{"@type":"ImageObject","inLanguage":"da-DK","@id":"https:\/\/secure.gravatar.com\/avatar\/f7eee59b7b5aa69f61ce713b6f85ef24d2faef678f186072e924c71249c2d2d6?s=96&d=mm&r=g","url":"https:\/\/secure.gravatar.com\/avatar\/f7eee59b7b5aa69f61ce713b6f85ef24d2faef678f186072e924c71249c2d2d6?s=96&d=mm&r=g","contentUrl":"https:\/\/secure.gravatar.com\/avatar\/f7eee59b7b5aa69f61ce713b6f85ef24d2faef678f186072e924c71249c2d2d6?s=96&d=mm&r=g","caption":"Stefan B\u00f8gh-Andersen"},"description":"Indl\u00e6gget er skrevet af Stefan, der er direkt\u00f8r i og stifter af Overskrift. Stefan er en skarp analytiker og har mange \u00e5rs erfaring med r\u00e5dgivning inden for sociale medier og nyhedssites.","url":"https:\/\/www.overskrift.dk\/blog\/author\/stefan\/"}]}},"_links":{"self":[{"href":"https:\/\/www.overskrift.dk\/blog\/wp-json\/wp\/v2\/posts\/3059","targetHints":{"allow":["GET"]}}],"collection":[{"href":"https:\/\/www.overskrift.dk\/blog\/wp-json\/wp\/v2\/posts"}],"about":[{"href":"https:\/\/www.overskrift.dk\/blog\/wp-json\/wp\/v2\/types\/post"}],"author":[{"embeddable":true,"href":"https:\/\/www.overskrift.dk\/blog\/wp-json\/wp\/v2\/users\/4"}],"replies":[{"embeddable":true,"href":"https:\/\/www.overskrift.dk\/blog\/wp-json\/wp\/v2\/comments?post=3059"}],"version-history":[{"count":12,"href":"https:\/\/www.overskrift.dk\/blog\/wp-json\/wp\/v2\/posts\/3059\/revisions"}],"predecessor-version":[{"id":3074,"href":"https:\/\/www.overskrift.dk\/blog\/wp-json\/wp\/v2\/posts\/3059\/revisions\/3074"}],"wp:attachment":[{"href":"https:\/\/www.overskrift.dk\/blog\/wp-json\/wp\/v2\/media?parent=3059"}],"wp:term":[{"taxonomy":"category","embeddable":true,"href":"https:\/\/www.overskrift.dk\/blog\/wp-json\/wp\/v2\/categories?post=3059"},{"taxonomy":"post_tag","embeddable":true,"href":"https:\/\/www.overskrift.dk\/blog\/wp-json\/wp\/v2\/tags?post=3059"}],"curies":[{"name":"wp","href":"https:\/\/api.w.org\/{rel}","templated":true}]}}