{"id":316,"date":"2007-06-28T14:21:09","date_gmt":"2007-06-28T12:21:09","guid":{"rendered":"http:\/\/blog.overskrift.dk\/2007\/06\/28\/phd-om-folksonomies-tildelt-pa-biblioteksskolen\/"},"modified":"2017-04-18T14:25:21","modified_gmt":"2017-04-18T12:25:21","slug":"phd-om-folksonomies-tildelt-pa-biblioteksskolen","status":"publish","type":"post","link":"https:\/\/www.overskrift.dk\/blog\/2007\/06\/28\/phd-om-folksonomies-tildelt-pa-biblioteksskolen\/","title":{"rendered":"Ph.D. om folksonomies tildelt p\u00e5 Biblioteksskolen"},"content":{"rendered":"<p><a href=\"http:\/\/www.esbenfjord.dk\/?p=1180\">Esben Fjord kan nu berette<\/a> at det <a href=\"http:\/\/www.db.dk\/nyheder\/default.asp?cid=2481\">opsl\u00e5ede Ph.D<\/a>. (<a href=\"http:\/\/www.esbenfjord.dk\/?p=1083\">tidligere omtalt<\/a>) p\u00e5 <a title=\"DB.dk\" href=\"http:\/\/www.db.dk\">Danmarks Bibliotekskole<\/a> om Folksonomies (brugerskabte emneord, &#8220;tags&#8221;) er blevet tildelt <a href=\"http:\/\/www.flickr.com\/photos\/dreadyboy\/640365864\/#comment72157600528197021\">Charles Seger<\/a>.<\/p>\n<p><a href=\"http:\/\/en.wikipedia.org\/wiki\/Folksonomy\">Folksonomy p\u00e5 Wikipedia<\/a> er bl.a. beskrevet s\u00e5ledes:<\/p>\n<blockquote><p>A <strong>folksonomy<\/strong> is a <a title=\"Collaboration\" href=\"http:\/\/en.wikipedia.org\/wiki\/Collaboration\">user generated<\/a> <a title=\"Taxonomy\" href=\"http:\/\/en.wikipedia.org\/wiki\/Taxonomy\">taxonomy<\/a> used to <a title=\"Categorization\" href=\"http:\/\/en.wikipedia.org\/wiki\/Categorization\">categorize<\/a> and <a title=\"Information retrieval\" href=\"http:\/\/en.wikipedia.org\/wiki\/Information_retrieval\">retrieve<\/a> <a title=\"Web content\" href=\"http:\/\/en.wikipedia.org\/wiki\/Web_content\">web content<\/a> such as <a title=\"Web page\" href=\"http:\/\/en.wikipedia.org\/wiki\/Web_page\">Web pages<\/a>, <a title=\"Photographs\" href=\"http:\/\/en.wikipedia.org\/wiki\/Photographs\">photographs<\/a> and <a title=\"Web link\" href=\"http:\/\/en.wikipedia.org\/wiki\/Web_link\">Web links<\/a>, using open-ended labels called <a title=\"Tag (metadata)\" href=\"http:\/\/en.wikipedia.org\/wiki\/Tag_%28metadata%29\">tags<\/a>.<\/p><\/blockquote>\n<blockquote><p>A combination of the words <em><a title=\"Folk\" href=\"http:\/\/en.wikipedia.org\/wiki\/Folk\">folk<\/a><\/em> (or <em>folks<\/em>) and <em><a title=\"Taxonomy\" href=\"http:\/\/en.wikipedia.org\/wiki\/Taxonomy\">taxonomy<\/a><\/em>, the term <em>folksonomy<\/em> literally means &#8220;people&#8217;s classification management.<\/p><\/blockquote>\n<p>De brugerskabte emne-ord er jo netop hvad vi p\u00e5 Overskrift.dk fors\u00f8ger at giver et <a href=\"http:\/\/overskrift.dk\/tag\">overblik og v\u00e6rkt\u00f8j til<\/a>, og anvendelsen af tags i den danske blogosf\u00e6re blev da ogs\u00e5 <a href=\"http:\/\/blog.overskrift.dk\/2007\/06\/17\/tag-sogning-i-danmark\/\">omtalt for nyligt<\/a> her p\u00e5 bloggen.<\/p>\n<p>Sjovt i\u00f8vrigt at selve ordet  <em><strong>folksonomy <\/strong><\/em>er det mest hadede inden for den nye Web 2.0 jargon, <a href=\"http:\/\/news.yahoo.com\/s\/afp\/20070621\/tc_afp\/britaininternetlanguage\">if\u00f8lge en artikel<\/a>, som ogs\u00e5 <a href=\"http:\/\/klik.weblog.dk\/2007\/06\/22\/vi-hader-blogswikiog-cookies\/\">Klik-bloggen hos Politiken<\/a> refererede forleden.<\/p>\n<p>Overskrift.dk: <a title=\"Folksonomy s\u00f8gning p\u00e5 Overskrift.dk\" href=\"http:\/\/www.overskrift.dk\/searchresult.php?q=folksonomy\">Folksonomy<\/a> s\u00f8gning.<!--9a6ed2f319d3d538b957f2773973ea1f--><\/p>\n","protected":false},"excerpt":{"rendered":"<p>Esben Fjord kan nu berette at det opsl\u00e5ede Ph.D. (tidligere omtalt) p\u00e5 Danmarks Bibliotekskole om Folksonomies (brugerskabte emneord, &#8220;tags&#8221;) er blevet tildelt Charles Seger. Folksonomy p\u00e5 Wikipedia er&hellip;<\/p>\n","protected":false},"author":4,"featured_media":0,"comment_status":"open","ping_status":"open","sticky":false,"template":"","format":"standard","meta":{"cybocfi_hide_featured_image":"","footnotes":""},"categories":[305],"tags":[335,439,440,336],"class_list":["post-316","post","type-post","status-publish","format-standard","hentry","category-trends","tag-bibliotek","tag-folksonomy","tag-tag","tag-web-2-0"],"yoast_head":"<!-- This site is optimized with the Yoast SEO plugin v27.5 - https:\/\/yoast.com\/product\/yoast-seo-wordpress\/ -->\n<title>Ph.D. om folksonomies tildelt p\u00e5 Biblioteksskolen - Overskrifts blog<\/title>\n<meta name=\"robots\" content=\"index, follow, max-snippet:-1, max-image-preview:large, max-video-preview:-1\" \/>\n<link rel=\"canonical\" href=\"https:\/\/www.overskrift.dk\/blog\/2007\/06\/28\/phd-om-folksonomies-tildelt-pa-biblioteksskolen\/\" \/>\n<meta property=\"og:locale\" content=\"da_DK\" \/>\n<meta property=\"og:type\" content=\"article\" \/>\n<meta property=\"og:title\" content=\"Ph.D. om folksonomies tildelt p\u00e5 Biblioteksskolen - Overskrifts blog\" \/>\n<meta property=\"og:description\" content=\"Esben Fjord kan nu berette at det opsl\u00e5ede Ph.D. (tidligere omtalt) p\u00e5 Danmarks Bibliotekskole om Folksonomies (brugerskabte emneord, &#8220;tags&#8221;) er blevet tildelt Charles Seger. Folksonomy p\u00e5 Wikipedia er&hellip;\" \/>\n<meta property=\"og:url\" content=\"https:\/\/www.overskrift.dk\/blog\/2007\/06\/28\/phd-om-folksonomies-tildelt-pa-biblioteksskolen\/\" \/>\n<meta property=\"og:site_name\" content=\"Overskrifts blog\" \/>\n<meta property=\"article:publisher\" content=\"https:\/\/www.facebook.com\/overskrift\" \/>\n<meta property=\"article:published_time\" content=\"2007-06-28T12:21:09+00:00\" \/>\n<meta property=\"article:modified_time\" content=\"2017-04-18T12:25:21+00:00\" \/>\n<meta property=\"og:image\" content=\"https:\/\/www.overskrift.dk\/blog\/wp-content\/uploads\/butterfly-effect-2808334_1920.jpg\" \/>\n\t<meta property=\"og:image:width\" content=\"1920\" \/>\n\t<meta property=\"og:image:height\" content=\"689\" \/>\n\t<meta property=\"og:image:type\" content=\"image\/jpeg\" \/>\n<meta name=\"author\" content=\"Stefan B\u00f8gh-Andersen\" \/>\n<meta name=\"twitter:card\" content=\"summary_large_image\" \/>\n<meta name=\"twitter:creator\" content=\"@overskrift\" \/>\n<meta name=\"twitter:site\" content=\"@overskrift\" \/>\n<script type=\"application\/ld+json\" class=\"yoast-schema-graph\">{\"@context\":\"https:\\\/\\\/schema.org\",\"@graph\":[{\"@type\":\"Article\",\"@id\":\"https:\\\/\\\/www.overskrift.dk\\\/blog\\\/2007\\\/06\\\/28\\\/phd-om-folksonomies-tildelt-pa-biblioteksskolen\\\/#article\",\"isPartOf\":{\"@id\":\"https:\\\/\\\/www.overskrift.dk\\\/blog\\\/2007\\\/06\\\/28\\\/phd-om-folksonomies-tildelt-pa-biblioteksskolen\\\/\"},\"author\":{\"name\":\"Stefan B\u00f8gh-Andersen\",\"@id\":\"https:\\\/\\\/www.overskrift.dk\\\/blog\\\/#\\\/schema\\\/person\\\/b78220010603ce4384fa7758a6eabaf3\"},\"headline\":\"Ph.D. om folksonomies tildelt p\u00e5 Biblioteksskolen\",\"datePublished\":\"2007-06-28T12:21:09+00:00\",\"dateModified\":\"2017-04-18T12:25:21+00:00\",\"mainEntityOfPage\":{\"@id\":\"https:\\\/\\\/www.overskrift.dk\\\/blog\\\/2007\\\/06\\\/28\\\/phd-om-folksonomies-tildelt-pa-biblioteksskolen\\\/\"},\"wordCount\":160,\"commentCount\":0,\"publisher\":{\"@id\":\"https:\\\/\\\/www.overskrift.dk\\\/blog\\\/#organization\"},\"keywords\":[\"Bibliotek\",\"Folksonomy\",\"Tag\",\"Web 2.0\"],\"articleSection\":[\"Trends\"],\"inLanguage\":\"da-DK\",\"potentialAction\":[{\"@type\":\"CommentAction\",\"name\":\"Comment\",\"target\":[\"https:\\\/\\\/www.overskrift.dk\\\/blog\\\/2007\\\/06\\\/28\\\/phd-om-folksonomies-tildelt-pa-biblioteksskolen\\\/#respond\"]}]},{\"@type\":\"WebPage\",\"@id\":\"https:\\\/\\\/www.overskrift.dk\\\/blog\\\/2007\\\/06\\\/28\\\/phd-om-folksonomies-tildelt-pa-biblioteksskolen\\\/\",\"url\":\"https:\\\/\\\/www.overskrift.dk\\\/blog\\\/2007\\\/06\\\/28\\\/phd-om-folksonomies-tildelt-pa-biblioteksskolen\\\/\",\"name\":\"Ph.D. om folksonomies tildelt p\u00e5 Biblioteksskolen - Overskrifts blog\",\"isPartOf\":{\"@id\":\"https:\\\/\\\/www.overskrift.dk\\\/blog\\\/#website\"},\"datePublished\":\"2007-06-28T12:21:09+00:00\",\"dateModified\":\"2017-04-18T12:25:21+00:00\",\"breadcrumb\":{\"@id\":\"https:\\\/\\\/www.overskrift.dk\\\/blog\\\/2007\\\/06\\\/28\\\/phd-om-folksonomies-tildelt-pa-biblioteksskolen\\\/#breadcrumb\"},\"inLanguage\":\"da-DK\",\"potentialAction\":[{\"@type\":\"ReadAction\",\"target\":[\"https:\\\/\\\/www.overskrift.dk\\\/blog\\\/2007\\\/06\\\/28\\\/phd-om-folksonomies-tildelt-pa-biblioteksskolen\\\/\"]}]},{\"@type\":\"BreadcrumbList\",\"@id\":\"https:\\\/\\\/www.overskrift.dk\\\/blog\\\/2007\\\/06\\\/28\\\/phd-om-folksonomies-tildelt-pa-biblioteksskolen\\\/#breadcrumb\",\"itemListElement\":[{\"@type\":\"ListItem\",\"position\":1,\"name\":\"Hjem\",\"item\":\"https:\\\/\\\/www.overskrift.dk\\\/blog\\\/\"},{\"@type\":\"ListItem\",\"position\":2,\"name\":\"Ph.D. om folksonomies tildelt p\u00e5 Biblioteksskolen\"}]},{\"@type\":\"WebSite\",\"@id\":\"https:\\\/\\\/www.overskrift.dk\\\/blog\\\/#website\",\"url\":\"https:\\\/\\\/www.overskrift.dk\\\/blog\\\/\",\"name\":\"Overskrifts blog\",\"description\":\"Nyeste indl\u00e6g\",\"publisher\":{\"@id\":\"https:\\\/\\\/www.overskrift.dk\\\/blog\\\/#organization\"},\"potentialAction\":[{\"@type\":\"SearchAction\",\"target\":{\"@type\":\"EntryPoint\",\"urlTemplate\":\"https:\\\/\\\/www.overskrift.dk\\\/blog\\\/?s={search_term_string}\"},\"query-input\":{\"@type\":\"PropertyValueSpecification\",\"valueRequired\":true,\"valueName\":\"search_term_string\"}}],\"inLanguage\":\"da-DK\"},{\"@type\":\"Organization\",\"@id\":\"https:\\\/\\\/www.overskrift.dk\\\/blog\\\/#organization\",\"name\":\"Overskrift ApS\",\"url\":\"https:\\\/\\\/www.overskrift.dk\\\/blog\\\/\",\"logo\":{\"@type\":\"ImageObject\",\"inLanguage\":\"da-DK\",\"@id\":\"https:\\\/\\\/www.overskrift.dk\\\/blog\\\/#\\\/schema\\\/logo\\\/image\\\/\",\"url\":\"https:\\\/\\\/blog.overskrift.dk\\\/wp-content\\\/uploads\\\/Just-the-dots-1.png\",\"contentUrl\":\"https:\\\/\\\/blog.overskrift.dk\\\/wp-content\\\/uploads\\\/Just-the-dots-1.png\",\"width\":258,\"height\":257,\"caption\":\"Overskrift ApS\"},\"image\":{\"@id\":\"https:\\\/\\\/www.overskrift.dk\\\/blog\\\/#\\\/schema\\\/logo\\\/image\\\/\"},\"sameAs\":[\"https:\\\/\\\/www.facebook.com\\\/overskrift\",\"https:\\\/\\\/x.com\\\/overskrift\",\"https:\\\/\\\/www.instagram.com\\\/overskrift\\\/\",\"https:\\\/\\\/www.linkedin.com\\\/company\\\/10153434\"]},{\"@type\":\"Person\",\"@id\":\"https:\\\/\\\/www.overskrift.dk\\\/blog\\\/#\\\/schema\\\/person\\\/b78220010603ce4384fa7758a6eabaf3\",\"name\":\"Stefan B\u00f8gh-Andersen\",\"image\":{\"@type\":\"ImageObject\",\"inLanguage\":\"da-DK\",\"@id\":\"https:\\\/\\\/secure.gravatar.com\\\/avatar\\\/f7eee59b7b5aa69f61ce713b6f85ef24d2faef678f186072e924c71249c2d2d6?s=96&d=mm&r=g\",\"url\":\"https:\\\/\\\/secure.gravatar.com\\\/avatar\\\/f7eee59b7b5aa69f61ce713b6f85ef24d2faef678f186072e924c71249c2d2d6?s=96&d=mm&r=g\",\"contentUrl\":\"https:\\\/\\\/secure.gravatar.com\\\/avatar\\\/f7eee59b7b5aa69f61ce713b6f85ef24d2faef678f186072e924c71249c2d2d6?s=96&d=mm&r=g\",\"caption\":\"Stefan B\u00f8gh-Andersen\"},\"description\":\"Indl\u00e6gget er skrevet af Stefan, der er direkt\u00f8r i og stifter af Overskrift. Stefan er en skarp analytiker og har mange \u00e5rs erfaring med r\u00e5dgivning inden for sociale medier og nyhedssites.\",\"url\":\"https:\\\/\\\/www.overskrift.dk\\\/blog\\\/author\\\/stefan\\\/\"}]}<\/script>\n<!-- \/ Yoast SEO plugin. -->","yoast_head_json":{"title":"Ph.D. om folksonomies tildelt p\u00e5 Biblioteksskolen - Overskrifts blog","robots":{"index":"index","follow":"follow","max-snippet":"max-snippet:-1","max-image-preview":"max-image-preview:large","max-video-preview":"max-video-preview:-1"},"canonical":"https:\/\/www.overskrift.dk\/blog\/2007\/06\/28\/phd-om-folksonomies-tildelt-pa-biblioteksskolen\/","og_locale":"da_DK","og_type":"article","og_title":"Ph.D. om folksonomies tildelt p\u00e5 Biblioteksskolen - Overskrifts blog","og_description":"Esben Fjord kan nu berette at det opsl\u00e5ede Ph.D. (tidligere omtalt) p\u00e5 Danmarks Bibliotekskole om Folksonomies (brugerskabte emneord, &#8220;tags&#8221;) er blevet tildelt Charles Seger. Folksonomy p\u00e5 Wikipedia er&hellip;","og_url":"https:\/\/www.overskrift.dk\/blog\/2007\/06\/28\/phd-om-folksonomies-tildelt-pa-biblioteksskolen\/","og_site_name":"Overskrifts blog","article_publisher":"https:\/\/www.facebook.com\/overskrift","article_published_time":"2007-06-28T12:21:09+00:00","article_modified_time":"2017-04-18T12:25:21+00:00","og_image":[{"width":1920,"height":689,"url":"https:\/\/www.overskrift.dk\/blog\/wp-content\/uploads\/butterfly-effect-2808334_1920.jpg","type":"image\/jpeg"}],"author":"Stefan B\u00f8gh-Andersen","twitter_card":"summary_large_image","twitter_creator":"@overskrift","twitter_site":"@overskrift","schema":{"@context":"https:\/\/schema.org","@graph":[{"@type":"Article","@id":"https:\/\/www.overskrift.dk\/blog\/2007\/06\/28\/phd-om-folksonomies-tildelt-pa-biblioteksskolen\/#article","isPartOf":{"@id":"https:\/\/www.overskrift.dk\/blog\/2007\/06\/28\/phd-om-folksonomies-tildelt-pa-biblioteksskolen\/"},"author":{"name":"Stefan B\u00f8gh-Andersen","@id":"https:\/\/www.overskrift.dk\/blog\/#\/schema\/person\/b78220010603ce4384fa7758a6eabaf3"},"headline":"Ph.D. om folksonomies tildelt p\u00e5 Biblioteksskolen","datePublished":"2007-06-28T12:21:09+00:00","dateModified":"2017-04-18T12:25:21+00:00","mainEntityOfPage":{"@id":"https:\/\/www.overskrift.dk\/blog\/2007\/06\/28\/phd-om-folksonomies-tildelt-pa-biblioteksskolen\/"},"wordCount":160,"commentCount":0,"publisher":{"@id":"https:\/\/www.overskrift.dk\/blog\/#organization"},"keywords":["Bibliotek","Folksonomy","Tag","Web 2.0"],"articleSection":["Trends"],"inLanguage":"da-DK","potentialAction":[{"@type":"CommentAction","name":"Comment","target":["https:\/\/www.overskrift.dk\/blog\/2007\/06\/28\/phd-om-folksonomies-tildelt-pa-biblioteksskolen\/#respond"]}]},{"@type":"WebPage","@id":"https:\/\/www.overskrift.dk\/blog\/2007\/06\/28\/phd-om-folksonomies-tildelt-pa-biblioteksskolen\/","url":"https:\/\/www.overskrift.dk\/blog\/2007\/06\/28\/phd-om-folksonomies-tildelt-pa-biblioteksskolen\/","name":"Ph.D. om folksonomies tildelt p\u00e5 Biblioteksskolen - Overskrifts blog","isPartOf":{"@id":"https:\/\/www.overskrift.dk\/blog\/#website"},"datePublished":"2007-06-28T12:21:09+00:00","dateModified":"2017-04-18T12:25:21+00:00","breadcrumb":{"@id":"https:\/\/www.overskrift.dk\/blog\/2007\/06\/28\/phd-om-folksonomies-tildelt-pa-biblioteksskolen\/#breadcrumb"},"inLanguage":"da-DK","potentialAction":[{"@type":"ReadAction","target":["https:\/\/www.overskrift.dk\/blog\/2007\/06\/28\/phd-om-folksonomies-tildelt-pa-biblioteksskolen\/"]}]},{"@type":"BreadcrumbList","@id":"https:\/\/www.overskrift.dk\/blog\/2007\/06\/28\/phd-om-folksonomies-tildelt-pa-biblioteksskolen\/#breadcrumb","itemListElement":[{"@type":"ListItem","position":1,"name":"Hjem","item":"https:\/\/www.overskrift.dk\/blog\/"},{"@type":"ListItem","position":2,"name":"Ph.D. om folksonomies tildelt p\u00e5 Biblioteksskolen"}]},{"@type":"WebSite","@id":"https:\/\/www.overskrift.dk\/blog\/#website","url":"https:\/\/www.overskrift.dk\/blog\/","name":"Overskrifts blog","description":"Nyeste indl\u00e6g","publisher":{"@id":"https:\/\/www.overskrift.dk\/blog\/#organization"},"potentialAction":[{"@type":"SearchAction","target":{"@type":"EntryPoint","urlTemplate":"https:\/\/www.overskrift.dk\/blog\/?s={search_term_string}"},"query-input":{"@type":"PropertyValueSpecification","valueRequired":true,"valueName":"search_term_string"}}],"inLanguage":"da-DK"},{"@type":"Organization","@id":"https:\/\/www.overskrift.dk\/blog\/#organization","name":"Overskrift ApS","url":"https:\/\/www.overskrift.dk\/blog\/","logo":{"@type":"ImageObject","inLanguage":"da-DK","@id":"https:\/\/www.overskrift.dk\/blog\/#\/schema\/logo\/image\/","url":"https:\/\/blog.overskrift.dk\/wp-content\/uploads\/Just-the-dots-1.png","contentUrl":"https:\/\/blog.overskrift.dk\/wp-content\/uploads\/Just-the-dots-1.png","width":258,"height":257,"caption":"Overskrift ApS"},"image":{"@id":"https:\/\/www.overskrift.dk\/blog\/#\/schema\/logo\/image\/"},"sameAs":["https:\/\/www.facebook.com\/overskrift","https:\/\/x.com\/overskrift","https:\/\/www.instagram.com\/overskrift\/","https:\/\/www.linkedin.com\/company\/10153434"]},{"@type":"Person","@id":"https:\/\/www.overskrift.dk\/blog\/#\/schema\/person\/b78220010603ce4384fa7758a6eabaf3","name":"Stefan B\u00f8gh-Andersen","image":{"@type":"ImageObject","inLanguage":"da-DK","@id":"https:\/\/secure.gravatar.com\/avatar\/f7eee59b7b5aa69f61ce713b6f85ef24d2faef678f186072e924c71249c2d2d6?s=96&d=mm&r=g","url":"https:\/\/secure.gravatar.com\/avatar\/f7eee59b7b5aa69f61ce713b6f85ef24d2faef678f186072e924c71249c2d2d6?s=96&d=mm&r=g","contentUrl":"https:\/\/secure.gravatar.com\/avatar\/f7eee59b7b5aa69f61ce713b6f85ef24d2faef678f186072e924c71249c2d2d6?s=96&d=mm&r=g","caption":"Stefan B\u00f8gh-Andersen"},"description":"Indl\u00e6gget er skrevet af Stefan, der er direkt\u00f8r i og stifter af Overskrift. Stefan er en skarp analytiker og har mange \u00e5rs erfaring med r\u00e5dgivning inden for sociale medier og nyhedssites.","url":"https:\/\/www.overskrift.dk\/blog\/author\/stefan\/"}]}},"_links":{"self":[{"href":"https:\/\/www.overskrift.dk\/blog\/wp-json\/wp\/v2\/posts\/316","targetHints":{"allow":["GET"]}}],"collection":[{"href":"https:\/\/www.overskrift.dk\/blog\/wp-json\/wp\/v2\/posts"}],"about":[{"href":"https:\/\/www.overskrift.dk\/blog\/wp-json\/wp\/v2\/types\/post"}],"author":[{"embeddable":true,"href":"https:\/\/www.overskrift.dk\/blog\/wp-json\/wp\/v2\/users\/4"}],"replies":[{"embeddable":true,"href":"https:\/\/www.overskrift.dk\/blog\/wp-json\/wp\/v2\/comments?post=316"}],"version-history":[{"count":1,"href":"https:\/\/www.overskrift.dk\/blog\/wp-json\/wp\/v2\/posts\/316\/revisions"}],"predecessor-version":[{"id":6913,"href":"https:\/\/www.overskrift.dk\/blog\/wp-json\/wp\/v2\/posts\/316\/revisions\/6913"}],"wp:attachment":[{"href":"https:\/\/www.overskrift.dk\/blog\/wp-json\/wp\/v2\/media?parent=316"}],"wp:term":[{"taxonomy":"category","embeddable":true,"href":"https:\/\/www.overskrift.dk\/blog\/wp-json\/wp\/v2\/categories?post=316"},{"taxonomy":"post_tag","embeddable":true,"href":"https:\/\/www.overskrift.dk\/blog\/wp-json\/wp\/v2\/tags?post=316"}],"curies":[{"name":"wp","href":"https:\/\/api.w.org\/{rel}","templated":true}]}}