{"id":3230,"date":"2015-03-01T20:45:22","date_gmt":"2015-03-01T19:45:22","guid":{"rendered":"http:\/\/blog.overskrift.dk\/?p=3230"},"modified":"2017-04-19T10:11:20","modified_gmt":"2017-04-19T08:11:20","slug":"social-media-week-2015-toplister","status":"publish","type":"post","link":"https:\/\/www.overskrift.dk\/blog\/2015\/03\/01\/social-media-week-2015-toplister\/","title":{"rendered":"Social Media Week 2015 toplister"},"content":{"rendered":"<p>S\u00e5 blev det igen den tid &#8211; med ih\u00e6rdig indsats fra mange frivillige og virksomheder der lagde lokaler til, n\u00e5ede vi igennem en uge med <a title=\"Hashtag statistik for #SMWCPH\" href=\"http:\/\/www.overskrift.dk\/hashtag\/smwcph\" target=\"_blank\">#smwcph<\/a> &#8211; eller en masse interessante indl\u00e6g om sociale medier fra forskellige vinkler.<\/p>\n<p>Overskrift har tidligere \u00e5r afholdt indl\u00e6g p\u00e5 <a title=\"Social Media Week Copenhagen\" href=\"https:\/\/socialmediaweek.org\/copenhagen\/\" target=\"_blank\">Social Media Week<\/a>, men\u00a0som f\u00f8rstegangssponsor i\u00a02015, og med 3 indl\u00e6g, bidrog vi blandt andet til at kaste lys over landskabet og kurverne, der fort\u00e6ller historier om hvordan vi alle bruger Instagram p\u00e5 <a title=\"Hashtag statistik for #smwinstagram\" href=\"http:\/\/www.overskrift.dk\/hashtag\/smwinstagram\" target=\"_blank\">#SMWInstagram<\/a>\u00a0(ogs\u00e5 omdrejningspunktet for denne <a href=\"https:\/\/storify.com\/MKeilberg\/smwinstagram\" target=\"_blank\">Storify fra Mads Keilberg Johansen<\/a>) og hvordan\u00a0vi i \u00e5r viste solidaritet med sager ved at skriver #jesuis foran vores navnet p\u00e5 vores sag. Det var h\u00e6gtet op p\u00e5 <a title=\"Hashtag statistik for #smwjesuis\" href=\"http:\/\/www.overskrift.dk\/hashtag\/smwjesuis\" target=\"_blank\">#SMWJeSuis<\/a>-tagget.<\/p>\n<p><iframe loading=\"lazy\" src=\"http:\/\/jyskebank.tv\/embed\/0142444079891045-L2-1\/512x288\" width=\"512\" height=\"288\" frameborder=\"0\" scrolling=\"no\"><\/iframe><\/p>\n<p>Fredag deltog vi, med h\u00e5ndtag i <a title=\"Hashtag statistik for #SMWStatistik\" href=\"http:\/\/www.overskrift.dk\/hashtag\/SMWStatistik\" target=\"_blank\">#SMWStatistik<\/a>, hos Danmarks Statistik og kastede yderligere lys over brugen af Twitter for danske brugere. Det ville v\u00e6re s\u00e6rt at afslutte ugen, uden at m\u00e5le lidt p\u00e5 aktiviteten for Social Media Week henover ugen, s\u00e5 her samler vi lidt op. T\u00e6llingen stoppede fredag aften, s\u00e5 der kan v\u00e6re kommet flere til, siden vi trak nedenst\u00e5ende tal..<\/p>\n<h2>Top Twitter tags for hele ugen<\/h2>\n<img loading=\"lazy\" decoding=\"async\" class=\"aligncenter size-full wp-image-3235\" src=\"http:\/\/blog.overskrift.dk\/wp-content\/uploads\/smwweektags.jpg\" alt=\"smwweektags\" width=\"1740\" height=\"1152\" srcset=\"https:\/\/www.overskrift.dk\/blog\/wp-content\/uploads\/smwweektags.jpg 1740w, https:\/\/www.overskrift.dk\/blog\/wp-content\/uploads\/smwweektags-180x120.jpg 180w, https:\/\/www.overskrift.dk\/blog\/wp-content\/uploads\/smwweektags-700x463.jpg 700w, https:\/\/www.overskrift.dk\/blog\/wp-content\/uploads\/smwweektags-1600x1059.jpg 1600w\" sizes=\"auto, (max-width: 1740px) 100vw, 1740px\" \/>\n<h2>Top Twitter hashtags\u00a0dag for dag<\/h2>\n<img loading=\"lazy\" decoding=\"async\" class=\"aligncenter size-full wp-image-3236\" src=\"http:\/\/blog.overskrift.dk\/wp-content\/uploads\/Weekdays-toptags.jpg\" alt=\"Weekdays-toptags\" width=\"1888\" height=\"1088\" srcset=\"https:\/\/www.overskrift.dk\/blog\/wp-content\/uploads\/Weekdays-toptags.jpg 1888w, https:\/\/www.overskrift.dk\/blog\/wp-content\/uploads\/Weekdays-toptags-700x403.jpg 700w, https:\/\/www.overskrift.dk\/blog\/wp-content\/uploads\/Weekdays-toptags-1600x922.jpg 1600w, https:\/\/www.overskrift.dk\/blog\/wp-content\/uploads\/Weekdays-toptags-768x443.jpg 768w, https:\/\/www.overskrift.dk\/blog\/wp-content\/uploads\/Weekdays-toptags-1536x885.jpg 1536w\" sizes=\"auto, (max-width: 1888px) 100vw, 1888px\" \/>\n<p>Det meget anvendte hashtag, #smwstatistik, blev benyttet i forbindelse med fredagens indl\u00e6g hos Danmarks Statistik. Ogs\u00e5 dette arrangement blev <a href=\"https:\/\/storify.com\/MKeilberg\/smwstatistik-all-the-numbers-you-need-to-know\">sat p\u00e5 Storify-format her<\/a>.<\/p>\n<h2>Mest\u00a0retweetede<\/h2>\n<p>Nr. 5 med 13 retweets:<\/p>\n<blockquote class=\"twitter-tweet\" lang=\"da\"><p>My slides from today: Content strategy for social media <a href=\"https:\/\/twitter.com\/hashtag\/SMWcontent?src=hash\">#SMWcontent<\/a> <a href=\"https:\/\/twitter.com\/hashtag\/SMWCPH?src=hash\">#SMWCPH<\/a> <a href=\"http:\/\/t.co\/XJDXlvUHmV\">http:\/\/t.co\/XJDXlvUHmV<\/a> <a href=\"https:\/\/twitter.com\/komfo\">@komfo<\/a> <a href=\"https:\/\/twitter.com\/DanskErhverv\">@DanskErhverv<\/a> <a href=\"https:\/\/twitter.com\/UngKom\">@ungkom<\/a><\/p>\n<p>\u2014 Astrid Haug (@astridhaug) <a href=\"https:\/\/twitter.com\/astridhaug\/status\/570173901445185536\">February 24, 2015<\/a><\/p><\/blockquote>\n<p>Nr. 4 med 14 retweets:<\/p>\n<blockquote class=\"twitter-tweet\" lang=\"en\"><p>Kernen i <a href=\"https:\/\/twitter.com\/hashtag\/smwdk?src=hash\">#smwdk<\/a>: Billede af at jeg tager billede af sk\u00e6rm med egne tweets. Ananas i egen juice<a href=\"https:\/\/twitter.com\/hashtag\/smwdkpol?src=hash\">#smwdkpol<\/a> RT gerne <a href=\"http:\/\/t.co\/t54Okx261m\">pic.twitter.com\/t54Okx261m<\/a><\/p>\n<p>\u2014 Kristian Jensen (@Kristian_Jensen) <a href=\"https:\/\/twitter.com\/Kristian_Jensen\/status\/570151767243157504\">February 24, 2015<\/a><\/p><\/blockquote>\n<p>Nr. 3 med 16 retweets:<\/p>\n<blockquote class=\"twitter-tweet\" lang=\"da\"><p>Hj\u00e6lp mig med at sikre, s\u00f8nderjyskE vinder <a href=\"https:\/\/twitter.com\/hashtag\/smwdkpol?src=hash\">#smwdkpol<\/a> konkurrence. Retweet retweet. l\u00e6s mer: <a href=\"https:\/\/t.co\/x0ENFWegGi\">https:\/\/t.co\/x0ENFWegGi<\/a> <a href=\"http:\/\/t.co\/xHOQ0PjlbB\">pic.twitter.com\/xHOQ0PjlbB<\/a><\/p>\n<p>\u2014 Ellen Trane N\u00f8rby (@EllenTraneNorby) <a href=\"https:\/\/twitter.com\/EllenTraneNorby\/status\/570605953437057025\">February 25, 2015<\/a><\/p><\/blockquote>\n<p>Nr. 2 med 29 retweets:<\/p>\n<blockquote class=\"twitter-tweet\" lang=\"da\"><p>Ber\u00f8rt af et \u00e6ble. Ny by opst\u00e5et overnight i Midtjylland. Stadig 8800 postnummer? <a href=\"https:\/\/twitter.com\/hashtag\/dkmedier?src=hash\">#dkmedier<\/a> <a href=\"https:\/\/twitter.com\/hashtag\/smwdkpol?src=hash\">#smwdkpol<\/a> <a href=\"https:\/\/twitter.com\/hashtag\/dkpol?src=hash\">#dkpol<\/a> <a href=\"http:\/\/t.co\/GaghhwcDOQ\">pic.twitter.com\/GaghhwcDOQ<\/a><\/p>\n<p>\u2014 Ellen Trane N\u00f8rby (@EllenTraneNorby) <a href=\"https:\/\/twitter.com\/EllenTraneNorby\/status\/570143611343523840\">February 24, 2015<\/a><\/p><\/blockquote>\n<p>Nr. 1 med 60 retweets:<\/p>\n<blockquote class=\"twitter-tweet\" lang=\"da\"><p>Seri\u00f8st? Hvis politikerne af og til virker useri\u00f8se, kan det ogs\u00e5 skyldes de sp\u00f8rgsm\u00e5l vi f\u00e5r af pressem <a href=\"https:\/\/twitter.com\/hashtag\/smwdkpol?src=hash\">#smwdkpol<\/a> <a href=\"http:\/\/t.co\/jVdG08R9eQ\">pic.twitter.com\/jVdG08R9eQ<\/a><\/p>\n<p>\u2014 Ida Auken (@IdaAuken) <a href=\"https:\/\/twitter.com\/IdaAuken\/status\/570230736743206912\">February 24, 2015<\/a><\/p><\/blockquote>\n<p><script src=\"\/\/platform.twitter.com\/widgets.js\" async=\"\" charset=\"utf-8\"><\/script><\/p>\n<h2>Instagram billeder tagget med mindst et #smw-hashtag<\/h2>\n<img loading=\"lazy\" decoding=\"async\" class=\"aligncenter size-full wp-image-3241\" src=\"http:\/\/blog.overskrift.dk\/wp-content\/uploads\/instagram_tag_usage.jpg\" alt=\"instagram_tag_usage\" width=\"1998\" height=\"1166\" srcset=\"https:\/\/www.overskrift.dk\/blog\/wp-content\/uploads\/instagram_tag_usage.jpg 1998w, https:\/\/www.overskrift.dk\/blog\/wp-content\/uploads\/instagram_tag_usage-700x409.jpg 700w, https:\/\/www.overskrift.dk\/blog\/wp-content\/uploads\/instagram_tag_usage-1600x934.jpg 1600w, https:\/\/www.overskrift.dk\/blog\/wp-content\/uploads\/instagram_tag_usage-768x448.jpg 768w, https:\/\/www.overskrift.dk\/blog\/wp-content\/uploads\/instagram_tag_usage-1536x896.jpg 1536w\" sizes=\"auto, (max-width: 1998px) 100vw, 1998px\" \/>\n<p>Udover &#8220;hoved-tagget&#8221; #smwcph, var DSB&#8217;s togtur (#smwridenshare)\u00a0tilrettelagt\u00a0med stop p\u00e5 flere foto-venlige locations.<\/p>\n<h2>Ugens mest aktive\u00a0tweeps<\/h2>\n<p>Ugens mest aktive tweeps, der alts\u00e5 har anvendt et eller flere #smw-tweeps toppes af\u00a0<a href=\"https:\/\/twitter.com\/smwcph\">@smwcph<\/a> selv..<\/p>\n<img loading=\"lazy\" decoding=\"async\" class=\"aligncenter size-full wp-image-3250\" src=\"http:\/\/blog.overskrift.dk\/wp-content\/uploads\/Untitled_1_-_OpenOffice_Calc.jpg\" alt=\"SMWCPH15 Mest aktive tweeps\" width=\"1622\" height=\"1148\" srcset=\"https:\/\/www.overskrift.dk\/blog\/wp-content\/uploads\/Untitled_1_-_OpenOffice_Calc.jpg 1622w, https:\/\/www.overskrift.dk\/blog\/wp-content\/uploads\/Untitled_1_-_OpenOffice_Calc-700x495.jpg 700w, https:\/\/www.overskrift.dk\/blog\/wp-content\/uploads\/Untitled_1_-_OpenOffice_Calc-1600x1132.jpg 1600w\" sizes=\"auto, (max-width: 1622px) 100vw, 1622px\" \/>\n","protected":false},"excerpt":{"rendered":"<p>S\u00e5 blev det igen den tid &#8211; med ih\u00e6rdig indsats fra mange frivillige og virksomheder der lagde lokaler til, n\u00e5ede vi igennem en uge med #smwcph &#8211; eller&hellip;<\/p>\n","protected":false},"author":5,"featured_media":0,"comment_status":"open","ping_status":"open","sticky":false,"template":"","format":"standard","meta":{"cybocfi_hide_featured_image":"","footnotes":""},"categories":[302,305],"tags":[324,237],"class_list":["post-3230","post","type-post","status-publish","format-standard","hentry","category-analyser","category-trends","tag-social-media-week","tag-sociale-medier"],"yoast_head":"<!-- This site is optimized with the Yoast SEO plugin v27.4 - https:\/\/yoast.com\/product\/yoast-seo-wordpress\/ -->\n<title>Social Media Week 2015 toplister - Overskrifts blog<\/title>\n<meta name=\"robots\" content=\"index, follow, max-snippet:-1, max-image-preview:large, max-video-preview:-1\" \/>\n<link rel=\"canonical\" href=\"https:\/\/www.overskrift.dk\/blog\/2015\/03\/01\/social-media-week-2015-toplister\/\" \/>\n<meta property=\"og:locale\" content=\"da_DK\" \/>\n<meta property=\"og:type\" content=\"article\" \/>\n<meta property=\"og:title\" content=\"Social Media Week 2015 toplister - Overskrifts blog\" \/>\n<meta property=\"og:description\" content=\"S\u00e5 blev det igen den tid &#8211; med ih\u00e6rdig indsats fra mange frivillige og virksomheder der lagde lokaler til, n\u00e5ede vi igennem en uge med #smwcph &#8211; eller&hellip;\" \/>\n<meta property=\"og:url\" content=\"https:\/\/www.overskrift.dk\/blog\/2015\/03\/01\/social-media-week-2015-toplister\/\" \/>\n<meta property=\"og:site_name\" content=\"Overskrifts blog\" \/>\n<meta property=\"article:publisher\" content=\"https:\/\/www.facebook.com\/overskrift\" \/>\n<meta property=\"article:published_time\" content=\"2015-03-01T19:45:22+00:00\" \/>\n<meta property=\"article:modified_time\" content=\"2017-04-19T08:11:20+00:00\" \/>\n<meta property=\"og:image\" content=\"http:\/\/blog.overskrift.dk\/wp-content\/uploads\/smwweektags.jpg\" \/>\n<meta name=\"author\" content=\"Jens Ulrik Lange\" \/>\n<meta name=\"twitter:card\" content=\"summary_large_image\" \/>\n<meta name=\"twitter:creator\" content=\"@overskrift\" \/>\n<meta name=\"twitter:site\" content=\"@overskrift\" \/>\n<script type=\"application\/ld+json\" class=\"yoast-schema-graph\">{\"@context\":\"https:\\\/\\\/schema.org\",\"@graph\":[{\"@type\":\"Article\",\"@id\":\"https:\\\/\\\/www.overskrift.dk\\\/blog\\\/2015\\\/03\\\/01\\\/social-media-week-2015-toplister\\\/#article\",\"isPartOf\":{\"@id\":\"https:\\\/\\\/www.overskrift.dk\\\/blog\\\/2015\\\/03\\\/01\\\/social-media-week-2015-toplister\\\/\"},\"author\":{\"name\":\"Jens Ulrik Lange\",\"@id\":\"https:\\\/\\\/www.overskrift.dk\\\/blog\\\/#\\\/schema\\\/person\\\/3d7f3e6f67bdbd0ac5a54f2e0636d425\"},\"headline\":\"Social Media Week 2015 toplister\",\"datePublished\":\"2015-03-01T19:45:22+00:00\",\"dateModified\":\"2017-04-19T08:11:20+00:00\",\"mainEntityOfPage\":{\"@id\":\"https:\\\/\\\/www.overskrift.dk\\\/blog\\\/2015\\\/03\\\/01\\\/social-media-week-2015-toplister\\\/\"},\"wordCount\":435,\"commentCount\":1,\"publisher\":{\"@id\":\"https:\\\/\\\/www.overskrift.dk\\\/blog\\\/#organization\"},\"image\":{\"@id\":\"https:\\\/\\\/www.overskrift.dk\\\/blog\\\/2015\\\/03\\\/01\\\/social-media-week-2015-toplister\\\/#primaryimage\"},\"thumbnailUrl\":\"http:\\\/\\\/blog.overskrift.dk\\\/wp-content\\\/uploads\\\/smwweektags.jpg\",\"keywords\":[\"social media week\",\"sociale medier\"],\"articleSection\":[\"Analyser\",\"Trends\"],\"inLanguage\":\"da-DK\",\"potentialAction\":[{\"@type\":\"CommentAction\",\"name\":\"Comment\",\"target\":[\"https:\\\/\\\/www.overskrift.dk\\\/blog\\\/2015\\\/03\\\/01\\\/social-media-week-2015-toplister\\\/#respond\"]}]},{\"@type\":\"WebPage\",\"@id\":\"https:\\\/\\\/www.overskrift.dk\\\/blog\\\/2015\\\/03\\\/01\\\/social-media-week-2015-toplister\\\/\",\"url\":\"https:\\\/\\\/www.overskrift.dk\\\/blog\\\/2015\\\/03\\\/01\\\/social-media-week-2015-toplister\\\/\",\"name\":\"Social Media Week 2015 toplister - Overskrifts blog\",\"isPartOf\":{\"@id\":\"https:\\\/\\\/www.overskrift.dk\\\/blog\\\/#website\"},\"primaryImageOfPage\":{\"@id\":\"https:\\\/\\\/www.overskrift.dk\\\/blog\\\/2015\\\/03\\\/01\\\/social-media-week-2015-toplister\\\/#primaryimage\"},\"image\":{\"@id\":\"https:\\\/\\\/www.overskrift.dk\\\/blog\\\/2015\\\/03\\\/01\\\/social-media-week-2015-toplister\\\/#primaryimage\"},\"thumbnailUrl\":\"http:\\\/\\\/blog.overskrift.dk\\\/wp-content\\\/uploads\\\/smwweektags.jpg\",\"datePublished\":\"2015-03-01T19:45:22+00:00\",\"dateModified\":\"2017-04-19T08:11:20+00:00\",\"breadcrumb\":{\"@id\":\"https:\\\/\\\/www.overskrift.dk\\\/blog\\\/2015\\\/03\\\/01\\\/social-media-week-2015-toplister\\\/#breadcrumb\"},\"inLanguage\":\"da-DK\",\"potentialAction\":[{\"@type\":\"ReadAction\",\"target\":[\"https:\\\/\\\/www.overskrift.dk\\\/blog\\\/2015\\\/03\\\/01\\\/social-media-week-2015-toplister\\\/\"]}]},{\"@type\":\"ImageObject\",\"inLanguage\":\"da-DK\",\"@id\":\"https:\\\/\\\/www.overskrift.dk\\\/blog\\\/2015\\\/03\\\/01\\\/social-media-week-2015-toplister\\\/#primaryimage\",\"url\":\"http:\\\/\\\/blog.overskrift.dk\\\/wp-content\\\/uploads\\\/smwweektags.jpg\",\"contentUrl\":\"http:\\\/\\\/blog.overskrift.dk\\\/wp-content\\\/uploads\\\/smwweektags.jpg\"},{\"@type\":\"BreadcrumbList\",\"@id\":\"https:\\\/\\\/www.overskrift.dk\\\/blog\\\/2015\\\/03\\\/01\\\/social-media-week-2015-toplister\\\/#breadcrumb\",\"itemListElement\":[{\"@type\":\"ListItem\",\"position\":1,\"name\":\"Hjem\",\"item\":\"https:\\\/\\\/www.overskrift.dk\\\/blog\\\/\"},{\"@type\":\"ListItem\",\"position\":2,\"name\":\"Social Media Week 2015 toplister\"}]},{\"@type\":\"WebSite\",\"@id\":\"https:\\\/\\\/www.overskrift.dk\\\/blog\\\/#website\",\"url\":\"https:\\\/\\\/www.overskrift.dk\\\/blog\\\/\",\"name\":\"Overskrifts blog\",\"description\":\"Nyeste indl\u00e6g\",\"publisher\":{\"@id\":\"https:\\\/\\\/www.overskrift.dk\\\/blog\\\/#organization\"},\"potentialAction\":[{\"@type\":\"SearchAction\",\"target\":{\"@type\":\"EntryPoint\",\"urlTemplate\":\"https:\\\/\\\/www.overskrift.dk\\\/blog\\\/?s={search_term_string}\"},\"query-input\":{\"@type\":\"PropertyValueSpecification\",\"valueRequired\":true,\"valueName\":\"search_term_string\"}}],\"inLanguage\":\"da-DK\"},{\"@type\":\"Organization\",\"@id\":\"https:\\\/\\\/www.overskrift.dk\\\/blog\\\/#organization\",\"name\":\"Overskrift ApS\",\"url\":\"https:\\\/\\\/www.overskrift.dk\\\/blog\\\/\",\"logo\":{\"@type\":\"ImageObject\",\"inLanguage\":\"da-DK\",\"@id\":\"https:\\\/\\\/www.overskrift.dk\\\/blog\\\/#\\\/schema\\\/logo\\\/image\\\/\",\"url\":\"https:\\\/\\\/blog.overskrift.dk\\\/wp-content\\\/uploads\\\/Just-the-dots-1.png\",\"contentUrl\":\"https:\\\/\\\/blog.overskrift.dk\\\/wp-content\\\/uploads\\\/Just-the-dots-1.png\",\"width\":258,\"height\":257,\"caption\":\"Overskrift ApS\"},\"image\":{\"@id\":\"https:\\\/\\\/www.overskrift.dk\\\/blog\\\/#\\\/schema\\\/logo\\\/image\\\/\"},\"sameAs\":[\"https:\\\/\\\/www.facebook.com\\\/overskrift\",\"https:\\\/\\\/x.com\\\/overskrift\",\"https:\\\/\\\/www.instagram.com\\\/overskrift\\\/\",\"https:\\\/\\\/www.linkedin.com\\\/company\\\/10153434\"]},{\"@type\":\"Person\",\"@id\":\"https:\\\/\\\/www.overskrift.dk\\\/blog\\\/#\\\/schema\\\/person\\\/3d7f3e6f67bdbd0ac5a54f2e0636d425\",\"name\":\"Jens Ulrik Lange\",\"image\":{\"@type\":\"ImageObject\",\"inLanguage\":\"da-DK\",\"@id\":\"https:\\\/\\\/secure.gravatar.com\\\/avatar\\\/1a6a5e80737c0601b8636b4f5d44bbb6784206b176e34a44cb735e4516b70777?s=96&d=mm&r=g\",\"url\":\"https:\\\/\\\/secure.gravatar.com\\\/avatar\\\/1a6a5e80737c0601b8636b4f5d44bbb6784206b176e34a44cb735e4516b70777?s=96&d=mm&r=g\",\"contentUrl\":\"https:\\\/\\\/secure.gravatar.com\\\/avatar\\\/1a6a5e80737c0601b8636b4f5d44bbb6784206b176e34a44cb735e4516b70777?s=96&d=mm&r=g\",\"caption\":\"Jens Ulrik Lange\"},\"description\":\"Indl\u00e6gget er skrevet af Jens Ulrik, der er partner i og medstifter af Overskrift. Jens Ulrik er Overskrifts tekniske geni, og han har desuden mange \u00e5rs erfaring med r\u00e5dgivning inden for sociale medier og nyhedssites.\",\"url\":\"https:\\\/\\\/www.overskrift.dk\\\/blog\\\/author\\\/jensulrik\\\/\"}]}<\/script>\n<!-- \/ Yoast SEO plugin. -->","yoast_head_json":{"title":"Social Media Week 2015 toplister - Overskrifts blog","robots":{"index":"index","follow":"follow","max-snippet":"max-snippet:-1","max-image-preview":"max-image-preview:large","max-video-preview":"max-video-preview:-1"},"canonical":"https:\/\/www.overskrift.dk\/blog\/2015\/03\/01\/social-media-week-2015-toplister\/","og_locale":"da_DK","og_type":"article","og_title":"Social Media Week 2015 toplister - Overskrifts blog","og_description":"S\u00e5 blev det igen den tid &#8211; med ih\u00e6rdig indsats fra mange frivillige og virksomheder der lagde lokaler til, n\u00e5ede vi igennem en uge med #smwcph &#8211; eller&hellip;","og_url":"https:\/\/www.overskrift.dk\/blog\/2015\/03\/01\/social-media-week-2015-toplister\/","og_site_name":"Overskrifts blog","article_publisher":"https:\/\/www.facebook.com\/overskrift","article_published_time":"2015-03-01T19:45:22+00:00","article_modified_time":"2017-04-19T08:11:20+00:00","og_image":[{"url":"http:\/\/blog.overskrift.dk\/wp-content\/uploads\/smwweektags.jpg","type":"","width":"","height":""}],"author":"Jens Ulrik Lange","twitter_card":"summary_large_image","twitter_creator":"@overskrift","twitter_site":"@overskrift","schema":{"@context":"https:\/\/schema.org","@graph":[{"@type":"Article","@id":"https:\/\/www.overskrift.dk\/blog\/2015\/03\/01\/social-media-week-2015-toplister\/#article","isPartOf":{"@id":"https:\/\/www.overskrift.dk\/blog\/2015\/03\/01\/social-media-week-2015-toplister\/"},"author":{"name":"Jens Ulrik Lange","@id":"https:\/\/www.overskrift.dk\/blog\/#\/schema\/person\/3d7f3e6f67bdbd0ac5a54f2e0636d425"},"headline":"Social Media Week 2015 toplister","datePublished":"2015-03-01T19:45:22+00:00","dateModified":"2017-04-19T08:11:20+00:00","mainEntityOfPage":{"@id":"https:\/\/www.overskrift.dk\/blog\/2015\/03\/01\/social-media-week-2015-toplister\/"},"wordCount":435,"commentCount":1,"publisher":{"@id":"https:\/\/www.overskrift.dk\/blog\/#organization"},"image":{"@id":"https:\/\/www.overskrift.dk\/blog\/2015\/03\/01\/social-media-week-2015-toplister\/#primaryimage"},"thumbnailUrl":"http:\/\/blog.overskrift.dk\/wp-content\/uploads\/smwweektags.jpg","keywords":["social media week","sociale medier"],"articleSection":["Analyser","Trends"],"inLanguage":"da-DK","potentialAction":[{"@type":"CommentAction","name":"Comment","target":["https:\/\/www.overskrift.dk\/blog\/2015\/03\/01\/social-media-week-2015-toplister\/#respond"]}]},{"@type":"WebPage","@id":"https:\/\/www.overskrift.dk\/blog\/2015\/03\/01\/social-media-week-2015-toplister\/","url":"https:\/\/www.overskrift.dk\/blog\/2015\/03\/01\/social-media-week-2015-toplister\/","name":"Social Media Week 2015 toplister - Overskrifts blog","isPartOf":{"@id":"https:\/\/www.overskrift.dk\/blog\/#website"},"primaryImageOfPage":{"@id":"https:\/\/www.overskrift.dk\/blog\/2015\/03\/01\/social-media-week-2015-toplister\/#primaryimage"},"image":{"@id":"https:\/\/www.overskrift.dk\/blog\/2015\/03\/01\/social-media-week-2015-toplister\/#primaryimage"},"thumbnailUrl":"http:\/\/blog.overskrift.dk\/wp-content\/uploads\/smwweektags.jpg","datePublished":"2015-03-01T19:45:22+00:00","dateModified":"2017-04-19T08:11:20+00:00","breadcrumb":{"@id":"https:\/\/www.overskrift.dk\/blog\/2015\/03\/01\/social-media-week-2015-toplister\/#breadcrumb"},"inLanguage":"da-DK","potentialAction":[{"@type":"ReadAction","target":["https:\/\/www.overskrift.dk\/blog\/2015\/03\/01\/social-media-week-2015-toplister\/"]}]},{"@type":"ImageObject","inLanguage":"da-DK","@id":"https:\/\/www.overskrift.dk\/blog\/2015\/03\/01\/social-media-week-2015-toplister\/#primaryimage","url":"http:\/\/blog.overskrift.dk\/wp-content\/uploads\/smwweektags.jpg","contentUrl":"http:\/\/blog.overskrift.dk\/wp-content\/uploads\/smwweektags.jpg"},{"@type":"BreadcrumbList","@id":"https:\/\/www.overskrift.dk\/blog\/2015\/03\/01\/social-media-week-2015-toplister\/#breadcrumb","itemListElement":[{"@type":"ListItem","position":1,"name":"Hjem","item":"https:\/\/www.overskrift.dk\/blog\/"},{"@type":"ListItem","position":2,"name":"Social Media Week 2015 toplister"}]},{"@type":"WebSite","@id":"https:\/\/www.overskrift.dk\/blog\/#website","url":"https:\/\/www.overskrift.dk\/blog\/","name":"Overskrifts blog","description":"Nyeste indl\u00e6g","publisher":{"@id":"https:\/\/www.overskrift.dk\/blog\/#organization"},"potentialAction":[{"@type":"SearchAction","target":{"@type":"EntryPoint","urlTemplate":"https:\/\/www.overskrift.dk\/blog\/?s={search_term_string}"},"query-input":{"@type":"PropertyValueSpecification","valueRequired":true,"valueName":"search_term_string"}}],"inLanguage":"da-DK"},{"@type":"Organization","@id":"https:\/\/www.overskrift.dk\/blog\/#organization","name":"Overskrift ApS","url":"https:\/\/www.overskrift.dk\/blog\/","logo":{"@type":"ImageObject","inLanguage":"da-DK","@id":"https:\/\/www.overskrift.dk\/blog\/#\/schema\/logo\/image\/","url":"https:\/\/blog.overskrift.dk\/wp-content\/uploads\/Just-the-dots-1.png","contentUrl":"https:\/\/blog.overskrift.dk\/wp-content\/uploads\/Just-the-dots-1.png","width":258,"height":257,"caption":"Overskrift ApS"},"image":{"@id":"https:\/\/www.overskrift.dk\/blog\/#\/schema\/logo\/image\/"},"sameAs":["https:\/\/www.facebook.com\/overskrift","https:\/\/x.com\/overskrift","https:\/\/www.instagram.com\/overskrift\/","https:\/\/www.linkedin.com\/company\/10153434"]},{"@type":"Person","@id":"https:\/\/www.overskrift.dk\/blog\/#\/schema\/person\/3d7f3e6f67bdbd0ac5a54f2e0636d425","name":"Jens Ulrik Lange","image":{"@type":"ImageObject","inLanguage":"da-DK","@id":"https:\/\/secure.gravatar.com\/avatar\/1a6a5e80737c0601b8636b4f5d44bbb6784206b176e34a44cb735e4516b70777?s=96&d=mm&r=g","url":"https:\/\/secure.gravatar.com\/avatar\/1a6a5e80737c0601b8636b4f5d44bbb6784206b176e34a44cb735e4516b70777?s=96&d=mm&r=g","contentUrl":"https:\/\/secure.gravatar.com\/avatar\/1a6a5e80737c0601b8636b4f5d44bbb6784206b176e34a44cb735e4516b70777?s=96&d=mm&r=g","caption":"Jens Ulrik Lange"},"description":"Indl\u00e6gget er skrevet af Jens Ulrik, der er partner i og medstifter af Overskrift. Jens Ulrik er Overskrifts tekniske geni, og han har desuden mange \u00e5rs erfaring med r\u00e5dgivning inden for sociale medier og nyhedssites.","url":"https:\/\/www.overskrift.dk\/blog\/author\/jensulrik\/"}]}},"_links":{"self":[{"href":"https:\/\/www.overskrift.dk\/blog\/wp-json\/wp\/v2\/posts\/3230","targetHints":{"allow":["GET"]}}],"collection":[{"href":"https:\/\/www.overskrift.dk\/blog\/wp-json\/wp\/v2\/posts"}],"about":[{"href":"https:\/\/www.overskrift.dk\/blog\/wp-json\/wp\/v2\/types\/post"}],"author":[{"embeddable":true,"href":"https:\/\/www.overskrift.dk\/blog\/wp-json\/wp\/v2\/users\/5"}],"replies":[{"embeddable":true,"href":"https:\/\/www.overskrift.dk\/blog\/wp-json\/wp\/v2\/comments?post=3230"}],"version-history":[{"count":21,"href":"https:\/\/www.overskrift.dk\/blog\/wp-json\/wp\/v2\/posts\/3230\/revisions"}],"predecessor-version":[{"id":3259,"href":"https:\/\/www.overskrift.dk\/blog\/wp-json\/wp\/v2\/posts\/3230\/revisions\/3259"}],"wp:attachment":[{"href":"https:\/\/www.overskrift.dk\/blog\/wp-json\/wp\/v2\/media?parent=3230"}],"wp:term":[{"taxonomy":"category","embeddable":true,"href":"https:\/\/www.overskrift.dk\/blog\/wp-json\/wp\/v2\/categories?post=3230"},{"taxonomy":"post_tag","embeddable":true,"href":"https:\/\/www.overskrift.dk\/blog\/wp-json\/wp\/v2\/tags?post=3230"}],"curies":[{"name":"wp","href":"https:\/\/api.w.org\/{rel}","templated":true}]}}