{"id":342,"date":"2007-07-23T12:45:40","date_gmt":"2007-07-23T10:45:40","guid":{"rendered":"http:\/\/blog.overskrift.dk\/2007\/07\/23\/the-copenhagen-project-hvad-er-meningen-med-det-hele\/"},"modified":"2017-04-18T14:05:17","modified_gmt":"2017-04-18T12:05:17","slug":"the-copenhagen-project-hvad-er-meningen-med-det-hele","status":"publish","type":"post","link":"https:\/\/www.overskrift.dk\/blog\/2007\/07\/23\/the-copenhagen-project-hvad-er-meningen-med-det-hele\/","title":{"rendered":"The Copenhagen Project &#8211; hvad er meningen med det hele?"},"content":{"rendered":"<p>Hvordan finder man rundt i alt den information som bl.a. internettet best\u00e5r af, hvordan kan man som menneske forholde sig til hvad der foreg\u00e5r &#8220;derude i verden&#8221;, hvordan kan man udtr\u00e6kke mening fra det hele og hvordan kan man selv deltage og p\u00e5virke det?<\/p>\n<blockquote><p><em>How do we keep up to date with whats happening in the world, and how do we make sense of it all?<\/em><\/p><\/blockquote>\n<p>Ikke sm\u00e5 sp\u00f8rgsm\u00e5l, men ikke desto mindre er det netop hvad et nyt projekt, <a href=\"http:\/\/thecopenhagenproject.org\">The Copenhagen Project<\/a>, fors\u00f8ger at belyse. Projektet l\u00f8ber resten af \u00e5ret og vil via bla. interviews, fokus p\u00e5 net-baserede (samarbejds-)v\u00e6rkt\u00f8jer fors\u00f8ge at analysere modeller og s\u00e6tte det hele i en ny kontekst og p\u00e5 den m\u00e5de forh\u00e5bentlig komme op med nye ideer.<\/p>\n<p>Hvad det ender op med hvad initiativtagerene ikke, men det ser indtil videre rigtitg sp\u00e6ndende ud. Og da den slags Web 2.0 (uha, nu bliver jeg skudt) projekter oftes anvender co-creation \/ social media \/ brugerinvolvering, bliver projektet kun bedre af at DU deltager, s\u00e5 der er en \u00e5ben-armet invitation p\u00e5 <a href=\"http:\/\/thecopenhagenproject.org\/2007\/06\/23\/get-involved\/\">Get involved<\/a> til at du og\u00e5 deltager.<\/p>\n<p><a href=\"http:\/\/thecopenhagenproject.org\/aboutus\/\">Initiativtagerne<\/a> til <em>The Copenhagen Project<\/em> er <a href=\"http:\/\/www.mrkab.com\/\">Jeppe Kabell<\/a> og <a href=\"http:\/\/www.bootstrapping.net\/\">Thomas Madsen-Mygdal<\/a>. Jeppe er en ung hyperaktiv blogger og Thomas er jo gammel i web-g\u00e5rde som bl.a. arrang\u00f8r af den \u00e5rlige <a href=\"http:\/\/reboot.dk\">Reboot<\/a>, billed-sharing <a href=\"http:\/\/23hq.com\">23<\/a>, blog-konsulenthuset <a href=\"http:\/\/socialsquare.dk\">Social Square<\/a> &#8230;<!--ed7bc6858f321c96ce394962949827ad--><\/p>\n","protected":false},"excerpt":{"rendered":"<p>Hvordan finder man rundt i alt den information som bl.a. internettet best\u00e5r af, hvordan kan man som menneske forholde sig til hvad der foreg\u00e5r &#8220;derude i verden&#8221;, hvordan&hellip;<\/p>\n","protected":false},"author":4,"featured_media":0,"comment_status":"open","ping_status":"open","sticky":false,"template":"","format":"standard","meta":{"cybocfi_hide_featured_image":"","footnotes":""},"categories":[305],"tags":[310,327,321,393,226,391,314,336,323],"class_list":["post-342","post","type-post","status-publish","format-standard","hentry","category-trends","tag-brugerdrevet","tag-koebenhavn","tag-nye-blogs","tag-reboot","tag-social-media","tag-social-software","tag-tcp2007","tag-web-2-0","tag-wordpress"],"yoast_head":"<!-- This site is optimized with the Yoast SEO plugin v27.4 - https:\/\/yoast.com\/product\/yoast-seo-wordpress\/ -->\n<title>The Copenhagen Project - hvad er meningen med det hele? - Overskrifts blog<\/title>\n<meta name=\"robots\" content=\"index, follow, max-snippet:-1, max-image-preview:large, max-video-preview:-1\" \/>\n<link rel=\"canonical\" href=\"https:\/\/www.overskrift.dk\/blog\/2007\/07\/23\/the-copenhagen-project-hvad-er-meningen-med-det-hele\/\" \/>\n<meta property=\"og:locale\" content=\"da_DK\" \/>\n<meta property=\"og:type\" content=\"article\" \/>\n<meta property=\"og:title\" content=\"The Copenhagen Project - hvad er meningen med det hele? - Overskrifts blog\" \/>\n<meta property=\"og:description\" content=\"Hvordan finder man rundt i alt den information som bl.a. internettet best\u00e5r af, hvordan kan man som menneske forholde sig til hvad der foreg\u00e5r &#8220;derude i verden&#8221;, hvordan&hellip;\" \/>\n<meta property=\"og:url\" content=\"https:\/\/www.overskrift.dk\/blog\/2007\/07\/23\/the-copenhagen-project-hvad-er-meningen-med-det-hele\/\" \/>\n<meta property=\"og:site_name\" content=\"Overskrifts blog\" \/>\n<meta property=\"article:publisher\" content=\"https:\/\/www.facebook.com\/overskrift\" \/>\n<meta property=\"article:published_time\" content=\"2007-07-23T10:45:40+00:00\" \/>\n<meta property=\"article:modified_time\" content=\"2017-04-18T12:05:17+00:00\" \/>\n<meta property=\"og:image\" content=\"https:\/\/www.overskrift.dk\/blog\/wp-content\/uploads\/butterfly-effect-2808334_1920.jpg\" \/>\n\t<meta property=\"og:image:width\" content=\"1920\" \/>\n\t<meta property=\"og:image:height\" content=\"689\" \/>\n\t<meta property=\"og:image:type\" content=\"image\/jpeg\" \/>\n<meta name=\"author\" content=\"Stefan B\u00f8gh-Andersen\" \/>\n<meta name=\"twitter:card\" content=\"summary_large_image\" \/>\n<meta name=\"twitter:creator\" content=\"@overskrift\" \/>\n<meta name=\"twitter:site\" content=\"@overskrift\" \/>\n<script type=\"application\/ld+json\" class=\"yoast-schema-graph\">{\"@context\":\"https:\\\/\\\/schema.org\",\"@graph\":[{\"@type\":\"Article\",\"@id\":\"https:\\\/\\\/www.overskrift.dk\\\/blog\\\/2007\\\/07\\\/23\\\/the-copenhagen-project-hvad-er-meningen-med-det-hele\\\/#article\",\"isPartOf\":{\"@id\":\"https:\\\/\\\/www.overskrift.dk\\\/blog\\\/2007\\\/07\\\/23\\\/the-copenhagen-project-hvad-er-meningen-med-det-hele\\\/\"},\"author\":{\"name\":\"Stefan B\u00f8gh-Andersen\",\"@id\":\"https:\\\/\\\/www.overskrift.dk\\\/blog\\\/#\\\/schema\\\/person\\\/b78220010603ce4384fa7758a6eabaf3\"},\"headline\":\"The Copenhagen Project &#8211; hvad er meningen med det hele?\",\"datePublished\":\"2007-07-23T10:45:40+00:00\",\"dateModified\":\"2017-04-18T12:05:17+00:00\",\"mainEntityOfPage\":{\"@id\":\"https:\\\/\\\/www.overskrift.dk\\\/blog\\\/2007\\\/07\\\/23\\\/the-copenhagen-project-hvad-er-meningen-med-det-hele\\\/\"},\"wordCount\":242,\"commentCount\":3,\"publisher\":{\"@id\":\"https:\\\/\\\/www.overskrift.dk\\\/blog\\\/#organization\"},\"keywords\":[\"Brugerdrevet\",\"K\u00f8benhavn\",\"Nye blogs\",\"Reboot\",\"Social media\",\"Social Software\",\"TCP2007\",\"Web 2.0\",\"Wordpress\"],\"articleSection\":[\"Trends\"],\"inLanguage\":\"da-DK\",\"potentialAction\":[{\"@type\":\"CommentAction\",\"name\":\"Comment\",\"target\":[\"https:\\\/\\\/www.overskrift.dk\\\/blog\\\/2007\\\/07\\\/23\\\/the-copenhagen-project-hvad-er-meningen-med-det-hele\\\/#respond\"]}]},{\"@type\":\"WebPage\",\"@id\":\"https:\\\/\\\/www.overskrift.dk\\\/blog\\\/2007\\\/07\\\/23\\\/the-copenhagen-project-hvad-er-meningen-med-det-hele\\\/\",\"url\":\"https:\\\/\\\/www.overskrift.dk\\\/blog\\\/2007\\\/07\\\/23\\\/the-copenhagen-project-hvad-er-meningen-med-det-hele\\\/\",\"name\":\"The Copenhagen Project - hvad er meningen med det hele? - Overskrifts blog\",\"isPartOf\":{\"@id\":\"https:\\\/\\\/www.overskrift.dk\\\/blog\\\/#website\"},\"datePublished\":\"2007-07-23T10:45:40+00:00\",\"dateModified\":\"2017-04-18T12:05:17+00:00\",\"breadcrumb\":{\"@id\":\"https:\\\/\\\/www.overskrift.dk\\\/blog\\\/2007\\\/07\\\/23\\\/the-copenhagen-project-hvad-er-meningen-med-det-hele\\\/#breadcrumb\"},\"inLanguage\":\"da-DK\",\"potentialAction\":[{\"@type\":\"ReadAction\",\"target\":[\"https:\\\/\\\/www.overskrift.dk\\\/blog\\\/2007\\\/07\\\/23\\\/the-copenhagen-project-hvad-er-meningen-med-det-hele\\\/\"]}]},{\"@type\":\"BreadcrumbList\",\"@id\":\"https:\\\/\\\/www.overskrift.dk\\\/blog\\\/2007\\\/07\\\/23\\\/the-copenhagen-project-hvad-er-meningen-med-det-hele\\\/#breadcrumb\",\"itemListElement\":[{\"@type\":\"ListItem\",\"position\":1,\"name\":\"Hjem\",\"item\":\"https:\\\/\\\/www.overskrift.dk\\\/blog\\\/\"},{\"@type\":\"ListItem\",\"position\":2,\"name\":\"The Copenhagen Project &#8211; hvad er meningen med det hele?\"}]},{\"@type\":\"WebSite\",\"@id\":\"https:\\\/\\\/www.overskrift.dk\\\/blog\\\/#website\",\"url\":\"https:\\\/\\\/www.overskrift.dk\\\/blog\\\/\",\"name\":\"Overskrifts blog\",\"description\":\"Nyeste indl\u00e6g\",\"publisher\":{\"@id\":\"https:\\\/\\\/www.overskrift.dk\\\/blog\\\/#organization\"},\"potentialAction\":[{\"@type\":\"SearchAction\",\"target\":{\"@type\":\"EntryPoint\",\"urlTemplate\":\"https:\\\/\\\/www.overskrift.dk\\\/blog\\\/?s={search_term_string}\"},\"query-input\":{\"@type\":\"PropertyValueSpecification\",\"valueRequired\":true,\"valueName\":\"search_term_string\"}}],\"inLanguage\":\"da-DK\"},{\"@type\":\"Organization\",\"@id\":\"https:\\\/\\\/www.overskrift.dk\\\/blog\\\/#organization\",\"name\":\"Overskrift ApS\",\"url\":\"https:\\\/\\\/www.overskrift.dk\\\/blog\\\/\",\"logo\":{\"@type\":\"ImageObject\",\"inLanguage\":\"da-DK\",\"@id\":\"https:\\\/\\\/www.overskrift.dk\\\/blog\\\/#\\\/schema\\\/logo\\\/image\\\/\",\"url\":\"https:\\\/\\\/blog.overskrift.dk\\\/wp-content\\\/uploads\\\/Just-the-dots-1.png\",\"contentUrl\":\"https:\\\/\\\/blog.overskrift.dk\\\/wp-content\\\/uploads\\\/Just-the-dots-1.png\",\"width\":258,\"height\":257,\"caption\":\"Overskrift ApS\"},\"image\":{\"@id\":\"https:\\\/\\\/www.overskrift.dk\\\/blog\\\/#\\\/schema\\\/logo\\\/image\\\/\"},\"sameAs\":[\"https:\\\/\\\/www.facebook.com\\\/overskrift\",\"https:\\\/\\\/x.com\\\/overskrift\",\"https:\\\/\\\/www.instagram.com\\\/overskrift\\\/\",\"https:\\\/\\\/www.linkedin.com\\\/company\\\/10153434\"]},{\"@type\":\"Person\",\"@id\":\"https:\\\/\\\/www.overskrift.dk\\\/blog\\\/#\\\/schema\\\/person\\\/b78220010603ce4384fa7758a6eabaf3\",\"name\":\"Stefan B\u00f8gh-Andersen\",\"image\":{\"@type\":\"ImageObject\",\"inLanguage\":\"da-DK\",\"@id\":\"https:\\\/\\\/secure.gravatar.com\\\/avatar\\\/f7eee59b7b5aa69f61ce713b6f85ef24d2faef678f186072e924c71249c2d2d6?s=96&d=mm&r=g\",\"url\":\"https:\\\/\\\/secure.gravatar.com\\\/avatar\\\/f7eee59b7b5aa69f61ce713b6f85ef24d2faef678f186072e924c71249c2d2d6?s=96&d=mm&r=g\",\"contentUrl\":\"https:\\\/\\\/secure.gravatar.com\\\/avatar\\\/f7eee59b7b5aa69f61ce713b6f85ef24d2faef678f186072e924c71249c2d2d6?s=96&d=mm&r=g\",\"caption\":\"Stefan B\u00f8gh-Andersen\"},\"description\":\"Indl\u00e6gget er skrevet af Stefan, der er direkt\u00f8r i og stifter af Overskrift. Stefan er en skarp analytiker og har mange \u00e5rs erfaring med r\u00e5dgivning inden for sociale medier og nyhedssites.\",\"url\":\"https:\\\/\\\/www.overskrift.dk\\\/blog\\\/author\\\/stefan\\\/\"}]}<\/script>\n<!-- \/ Yoast SEO plugin. -->","yoast_head_json":{"title":"The Copenhagen Project - hvad er meningen med det hele? - Overskrifts blog","robots":{"index":"index","follow":"follow","max-snippet":"max-snippet:-1","max-image-preview":"max-image-preview:large","max-video-preview":"max-video-preview:-1"},"canonical":"https:\/\/www.overskrift.dk\/blog\/2007\/07\/23\/the-copenhagen-project-hvad-er-meningen-med-det-hele\/","og_locale":"da_DK","og_type":"article","og_title":"The Copenhagen Project - hvad er meningen med det hele? - Overskrifts blog","og_description":"Hvordan finder man rundt i alt den information som bl.a. internettet best\u00e5r af, hvordan kan man som menneske forholde sig til hvad der foreg\u00e5r &#8220;derude i verden&#8221;, hvordan&hellip;","og_url":"https:\/\/www.overskrift.dk\/blog\/2007\/07\/23\/the-copenhagen-project-hvad-er-meningen-med-det-hele\/","og_site_name":"Overskrifts blog","article_publisher":"https:\/\/www.facebook.com\/overskrift","article_published_time":"2007-07-23T10:45:40+00:00","article_modified_time":"2017-04-18T12:05:17+00:00","og_image":[{"width":1920,"height":689,"url":"https:\/\/www.overskrift.dk\/blog\/wp-content\/uploads\/butterfly-effect-2808334_1920.jpg","type":"image\/jpeg"}],"author":"Stefan B\u00f8gh-Andersen","twitter_card":"summary_large_image","twitter_creator":"@overskrift","twitter_site":"@overskrift","schema":{"@context":"https:\/\/schema.org","@graph":[{"@type":"Article","@id":"https:\/\/www.overskrift.dk\/blog\/2007\/07\/23\/the-copenhagen-project-hvad-er-meningen-med-det-hele\/#article","isPartOf":{"@id":"https:\/\/www.overskrift.dk\/blog\/2007\/07\/23\/the-copenhagen-project-hvad-er-meningen-med-det-hele\/"},"author":{"name":"Stefan B\u00f8gh-Andersen","@id":"https:\/\/www.overskrift.dk\/blog\/#\/schema\/person\/b78220010603ce4384fa7758a6eabaf3"},"headline":"The Copenhagen Project &#8211; hvad er meningen med det hele?","datePublished":"2007-07-23T10:45:40+00:00","dateModified":"2017-04-18T12:05:17+00:00","mainEntityOfPage":{"@id":"https:\/\/www.overskrift.dk\/blog\/2007\/07\/23\/the-copenhagen-project-hvad-er-meningen-med-det-hele\/"},"wordCount":242,"commentCount":3,"publisher":{"@id":"https:\/\/www.overskrift.dk\/blog\/#organization"},"keywords":["Brugerdrevet","K\u00f8benhavn","Nye blogs","Reboot","Social media","Social Software","TCP2007","Web 2.0","Wordpress"],"articleSection":["Trends"],"inLanguage":"da-DK","potentialAction":[{"@type":"CommentAction","name":"Comment","target":["https:\/\/www.overskrift.dk\/blog\/2007\/07\/23\/the-copenhagen-project-hvad-er-meningen-med-det-hele\/#respond"]}]},{"@type":"WebPage","@id":"https:\/\/www.overskrift.dk\/blog\/2007\/07\/23\/the-copenhagen-project-hvad-er-meningen-med-det-hele\/","url":"https:\/\/www.overskrift.dk\/blog\/2007\/07\/23\/the-copenhagen-project-hvad-er-meningen-med-det-hele\/","name":"The Copenhagen Project - hvad er meningen med det hele? - Overskrifts blog","isPartOf":{"@id":"https:\/\/www.overskrift.dk\/blog\/#website"},"datePublished":"2007-07-23T10:45:40+00:00","dateModified":"2017-04-18T12:05:17+00:00","breadcrumb":{"@id":"https:\/\/www.overskrift.dk\/blog\/2007\/07\/23\/the-copenhagen-project-hvad-er-meningen-med-det-hele\/#breadcrumb"},"inLanguage":"da-DK","potentialAction":[{"@type":"ReadAction","target":["https:\/\/www.overskrift.dk\/blog\/2007\/07\/23\/the-copenhagen-project-hvad-er-meningen-med-det-hele\/"]}]},{"@type":"BreadcrumbList","@id":"https:\/\/www.overskrift.dk\/blog\/2007\/07\/23\/the-copenhagen-project-hvad-er-meningen-med-det-hele\/#breadcrumb","itemListElement":[{"@type":"ListItem","position":1,"name":"Hjem","item":"https:\/\/www.overskrift.dk\/blog\/"},{"@type":"ListItem","position":2,"name":"The Copenhagen Project &#8211; hvad er meningen med det hele?"}]},{"@type":"WebSite","@id":"https:\/\/www.overskrift.dk\/blog\/#website","url":"https:\/\/www.overskrift.dk\/blog\/","name":"Overskrifts blog","description":"Nyeste indl\u00e6g","publisher":{"@id":"https:\/\/www.overskrift.dk\/blog\/#organization"},"potentialAction":[{"@type":"SearchAction","target":{"@type":"EntryPoint","urlTemplate":"https:\/\/www.overskrift.dk\/blog\/?s={search_term_string}"},"query-input":{"@type":"PropertyValueSpecification","valueRequired":true,"valueName":"search_term_string"}}],"inLanguage":"da-DK"},{"@type":"Organization","@id":"https:\/\/www.overskrift.dk\/blog\/#organization","name":"Overskrift ApS","url":"https:\/\/www.overskrift.dk\/blog\/","logo":{"@type":"ImageObject","inLanguage":"da-DK","@id":"https:\/\/www.overskrift.dk\/blog\/#\/schema\/logo\/image\/","url":"https:\/\/blog.overskrift.dk\/wp-content\/uploads\/Just-the-dots-1.png","contentUrl":"https:\/\/blog.overskrift.dk\/wp-content\/uploads\/Just-the-dots-1.png","width":258,"height":257,"caption":"Overskrift ApS"},"image":{"@id":"https:\/\/www.overskrift.dk\/blog\/#\/schema\/logo\/image\/"},"sameAs":["https:\/\/www.facebook.com\/overskrift","https:\/\/x.com\/overskrift","https:\/\/www.instagram.com\/overskrift\/","https:\/\/www.linkedin.com\/company\/10153434"]},{"@type":"Person","@id":"https:\/\/www.overskrift.dk\/blog\/#\/schema\/person\/b78220010603ce4384fa7758a6eabaf3","name":"Stefan B\u00f8gh-Andersen","image":{"@type":"ImageObject","inLanguage":"da-DK","@id":"https:\/\/secure.gravatar.com\/avatar\/f7eee59b7b5aa69f61ce713b6f85ef24d2faef678f186072e924c71249c2d2d6?s=96&d=mm&r=g","url":"https:\/\/secure.gravatar.com\/avatar\/f7eee59b7b5aa69f61ce713b6f85ef24d2faef678f186072e924c71249c2d2d6?s=96&d=mm&r=g","contentUrl":"https:\/\/secure.gravatar.com\/avatar\/f7eee59b7b5aa69f61ce713b6f85ef24d2faef678f186072e924c71249c2d2d6?s=96&d=mm&r=g","caption":"Stefan B\u00f8gh-Andersen"},"description":"Indl\u00e6gget er skrevet af Stefan, der er direkt\u00f8r i og stifter af Overskrift. Stefan er en skarp analytiker og har mange \u00e5rs erfaring med r\u00e5dgivning inden for sociale medier og nyhedssites.","url":"https:\/\/www.overskrift.dk\/blog\/author\/stefan\/"}]}},"_links":{"self":[{"href":"https:\/\/www.overskrift.dk\/blog\/wp-json\/wp\/v2\/posts\/342","targetHints":{"allow":["GET"]}}],"collection":[{"href":"https:\/\/www.overskrift.dk\/blog\/wp-json\/wp\/v2\/posts"}],"about":[{"href":"https:\/\/www.overskrift.dk\/blog\/wp-json\/wp\/v2\/types\/post"}],"author":[{"embeddable":true,"href":"https:\/\/www.overskrift.dk\/blog\/wp-json\/wp\/v2\/users\/4"}],"replies":[{"embeddable":true,"href":"https:\/\/www.overskrift.dk\/blog\/wp-json\/wp\/v2\/comments?post=342"}],"version-history":[{"count":1,"href":"https:\/\/www.overskrift.dk\/blog\/wp-json\/wp\/v2\/posts\/342\/revisions"}],"predecessor-version":[{"id":6808,"href":"https:\/\/www.overskrift.dk\/blog\/wp-json\/wp\/v2\/posts\/342\/revisions\/6808"}],"wp:attachment":[{"href":"https:\/\/www.overskrift.dk\/blog\/wp-json\/wp\/v2\/media?parent=342"}],"wp:term":[{"taxonomy":"category","embeddable":true,"href":"https:\/\/www.overskrift.dk\/blog\/wp-json\/wp\/v2\/categories?post=342"},{"taxonomy":"post_tag","embeddable":true,"href":"https:\/\/www.overskrift.dk\/blog\/wp-json\/wp\/v2\/tags?post=342"}],"curies":[{"name":"wp","href":"https:\/\/api.w.org\/{rel}","templated":true}]}}