{"id":3532,"date":"2015-10-23T14:21:35","date_gmt":"2015-10-23T12:21:35","guid":{"rendered":"http:\/\/blog.overskrift.dk\/?p=3532"},"modified":"2021-02-03T11:35:59","modified_gmt":"2021-02-03T10:35:59","slug":"ugen-paa-sociale-medier-uge-43","status":"publish","type":"post","link":"https:\/\/www.overskrift.dk\/blog\/2015\/10\/23\/ugen-paa-sociale-medier-uge-43\/","title":{"rendered":"Ugen p\u00e5 sociale medier &#8211; uge 43"},"content":{"rendered":"<p>Det var s\u00e5 ugen, hvor vi p\u00e5 Overskrift.dk l\u00f8ftede sl\u00f8ret for den helt nye <a href=\"http:\/\/www.overskrift.dk\/ranking\/instagram\" target=\"_blank\" rel=\"noopener\">dansk Instagram liste<\/a>, best\u00e5ende af mere end 200.000 danskere,<\/p>\n<p>Man kan ogs\u00e5 sl\u00e5 sit eget Instagram-navn op, for at se hvor man er p\u00e5 listen og hvem der rangerer p\u00e5 nogenlunde samme niveau. Der er sikkert lang vej op til nr. 1 p\u00e5 listen, hvor 22-\u00e5rige <a href=\"https:\/\/instagram.com\/dailywatch\/\" target=\"_blank\" rel=\"noopener\">Alexander<\/a> fra Slagelse h\u00f8rer til. Han viser&nbsp;og <a href=\"http:\/\/jyllands-posten.dk\/livsstil\/digitalt\/ECE8141270\/S%C3%A5dan-fik-Alexander-Danmarks-mest-fulgte-Instagram-profil\/\" target=\"_blank\" rel=\"noopener\">deler udelukkende billeder af&nbsp;luksusure<\/a>, hvilket alts\u00e5 har skaffet ham en k\u00e6mpe f\u00f8lgerskare.<\/p>\n<p>Avisen Metroxpress havde ligefrem fremh\u00e6vet den nye Instagram oversigt som <a href=\"http:\/\/www.mx.dk\/viden\/digital\/story\/28932416\" target=\"_blank\" rel=\"noopener\">dagens st\u00f8rste nyhed <\/a>p\u00e5 forsiden af avisen om onsdagen.<\/p>\n<a href=\"http:\/\/www.mx.dk\/viden\/digital\/story\/28932416\" target=\"_blank\" rel=\"noopener\"><img decoding=\"async\" class=\"size-medium wp-image-3539 aligncenter\" src=\"http:\/\/blog.overskrift.dk\/wp-content\/uploads\/2015-10-22-09.00.01-HDR-700x933.jpg\" alt=\"2015-10-22 09.00.01 HDR\" width=\"350\"><\/a>\n<h2>Hashtags<\/h2>\n<p>Som s\u00e6dvanlig er det <a href=\"http:\/\/www.overskrift.dk\/hashtag\/dkpol\">#dkpol<\/a> som p\u00e5 Twitter l\u00f8ber med den store omtale, og andre relaterede emner i den forbindelse blev i ugens l\u00f8b <a href=\"http:\/\/www.overskrift.dk\/hashtag\/dagpenge\">#dagpenge<\/a> <a href=\"http:\/\/www.overskrift.dk\/hashtag\/dkgreen\">#dkgreen<\/a> og <a href=\"http:\/\/www.overskrift.dk\/hashtag\/arbejde\">#arbejde<\/a><\/p>\n<p>Andre hyppigt anvendte emner var selvf\u00f8lgelig <a href=\"http:\/\/www.overskrift.dk\/hashtag\/BackToTheFuture\">#BackToTheFuture<\/a> <a href=\"http:\/\/www.overskrift.dk\/hashtag\/l%C3%B8ftebrud\">#l\u00f8ftebrud<\/a> <a href=\"http:\/\/www.overskrift.dk\/hashtag\/COP21\">#COP21<\/a><a href=\"http:\/\/www.overskrift.dk\/hashtag\/Kn%C3%A6kCancer\">#Kn\u00e6kCancer<\/a> og <a href=\"http:\/\/www.overskrift.dk\/hashtag\/Trollhaettan\">#Trollhaettan<\/a><\/p>\n<p>Det var ogs\u00e5 ugen hvor den tidligere departmentschef i skatteministeriet Peter Loft kastede sig ud p\u00e5 Twitter:<\/p>\n<blockquote class=\"twitter-tweet\" lang=\"en\">\n<p dir=\"ltr\" lang=\"da\">Nu er det tid til at pr\u00f8ve det her medie. Gl\u00e6der mig til at se, hvad det rummer af muligheder <a href=\"https:\/\/twitter.com\/hashtag\/nypaatwitter?src=hash\">#nypaatwitter<\/a><\/p>\n<p>\u2014 Peter Loft (@PeterSamLoft) <a href=\"https:\/\/twitter.com\/PeterSamLoft\/status\/656082578802388992\">October 19, 2015<\/a><\/p><\/blockquote>\n<p><script src=\"\/\/platform.twitter.com\/widgets.js\" async=\"\" type=\"mce-no\/type\" charset=\"utf-8\"><\/script>samt ogs\u00e5 Stephanie Lose, regionsformand for Region Syddanmark, som jo har haft sit at se til mht til den nye ambulance-ordning med BIOS<\/p>\n<blockquote class=\"twitter-tweet\" lang=\"en\"><p>Fik lov at uddybe ambulanced\u00e6kningen 1. oktober efter et par korte indslag i g\u00e5r og i dag p\u00e5 <a href=\"https:\/\/twitter.com\/TVSYD\">@tvsyd<\/a> <a href=\"https:\/\/twitter.com\/hashtag\/tvsyd?src=hash\">#tvsyd<\/a> <a href=\"http:\/\/t.co\/hN8YGwcRKZ\">http:\/\/t.co\/hN8YGwcRKZ<\/a> \u2014 Stephanie Lose (@stephanie_lose) <a href=\"https:\/\/twitter.com\/stephanie_lose\/status\/654755111835594752\">October 15, 2015<\/a><\/p><\/blockquote>\n<p>P\u00e5 Facebook, skal man holde tungen lige i munden; Der bliver jo delt og like&#8217;t ret l\u00f8st &#8211; is\u00e6r n\u00e5r det handler om konkurrencer, hvor like eller deling kvalificerer til deltagelse, eller i situationer hvor politiske eller andre interesseorganisationer opfordrer til at dele budskaberne. Fors\u00f8ger man at styre udenom disse, st\u00e5r&nbsp;<a href=\"https:\/\/www.facebook.com\/DRNyheder\">DR Nyheder<\/a> for et af de mest <em>delte<\/em> Facebook-indl\u00e6g i ugens l\u00f8b:<\/p>\n<div id=\"fb-root\"><\/div>\n<p><script>\/\/ <![CDATA[\n(function(d, s, id) { var js, fjs = d.getElementsByTagName(s)[0]; if (d.getElementById(id)) return; js = d.createElement(s); js.id = id; js.src = \"\/\/connect.facebook.net\/da_DK\/all.js#xfbml=1&#038;version=v2.3\"; fjs.parentNode.insertBefore(js, fjs);}(document, 'script', 'facebook-jssdk'));<br \/>\n\/\/ ]]><\/script><\/p>\n<div class=\"fb-post\" data-href=\"https:\/\/www.facebook.com\/DRNyheder\/posts\/1054157891301401\" data-width=\"500\">\n<div class=\"fb-xfbml-parse-ignore\">\n<blockquote cite=\"https:\/\/www.facebook.com\/DRNyheder\/posts\/1054157891301401\"><p>&#8211; Vi oplever faktisk at, at patienterne nogle gange er blevet mere syge af den m\u00e5de, de er blevet behandlet p\u00e5 af Jobcentret, end de var i forvejen, siger overl\u00e6ge.<\/p>\n<p>Posted by <a href=\"https:\/\/www.facebook.com\/DRNyheder\">DR Nyheder<\/a> on&nbsp;<a href=\"https:\/\/www.facebook.com\/DRNyheder\/posts\/1054157891301401\">18. oktober 2015<\/a><\/p><\/blockquote>\n<\/div>\n<\/div>\n<p>&nbsp;<\/p>\n<p>Og <a href=\"https:\/\/www.facebook.com\/tv2nyhederne\">TV2 Nyhederne<\/a> for et af de mest <em>kommenterede<\/em>:<\/p>\n<div class=\"fb-post\" data-href=\"https:\/\/www.facebook.com\/tv2nyhederne\/posts\/1314598931889077\" data-width=\"500\">\n<div class=\"fb-xfbml-parse-ignore\">\n<blockquote cite=\"https:\/\/www.facebook.com\/tv2nyhederne\/posts\/1314598931889077\"><p>Vil du sende dit barn i b\u00f8rnehave i weekenden, hvis det var muligt?<\/p>\n<p>Posted by <a href=\"https:\/\/www.facebook.com\/tv2nyhederne\">TV 2 NYHEDERNE<\/a> on&nbsp;<a href=\"https:\/\/www.facebook.com\/tv2nyhederne\/posts\/1314598931889077\">19. oktober 2015<\/a><\/p><\/blockquote>\n<\/div>\n<\/div>\n","protected":false},"excerpt":{"rendered":"<p>Det var s\u00e5 ugen, hvor vi p\u00e5 Overskrift.dk l\u00f8ftede sl\u00f8ret for den helt nye dansk Instagram liste, best\u00e5ende af mere end 200.000 danskere, Man kan ogs\u00e5 sl\u00e5 sit&hellip;<\/p>\n","protected":false},"author":4,"featured_media":9097,"comment_status":"open","ping_status":"open","sticky":false,"template":"","format":"standard","meta":{"cybocfi_hide_featured_image":"","footnotes":""},"categories":[305],"tags":[242,243,248,263],"class_list":["post-3532","post","type-post","status-publish","format-standard","has-post-thumbnail","hentry","category-trends","tag-facebook","tag-instagram","tag-overskrift","tag-twitter"],"yoast_head":"<!-- This site is optimized with the Yoast SEO plugin v27.5 - https:\/\/yoast.com\/product\/yoast-seo-wordpress\/ -->\n<title>Ugen p\u00e5 sociale medier - uge 43 - Overskrifts blog<\/title>\n<meta name=\"robots\" content=\"index, follow, max-snippet:-1, max-image-preview:large, max-video-preview:-1\" \/>\n<link rel=\"canonical\" href=\"https:\/\/www.overskrift.dk\/blog\/2015\/10\/23\/ugen-paa-sociale-medier-uge-43\/\" \/>\n<meta property=\"og:locale\" content=\"da_DK\" \/>\n<meta property=\"og:type\" content=\"article\" \/>\n<meta property=\"og:title\" content=\"Ugen p\u00e5 sociale medier - uge 43 - Overskrifts blog\" \/>\n<meta property=\"og:description\" content=\"Det var s\u00e5 ugen, hvor vi p\u00e5 Overskrift.dk l\u00f8ftede sl\u00f8ret for den helt nye dansk Instagram liste, best\u00e5ende af mere end 200.000 danskere, Man kan ogs\u00e5 sl\u00e5 sit&hellip;\" \/>\n<meta property=\"og:url\" content=\"https:\/\/www.overskrift.dk\/blog\/2015\/10\/23\/ugen-paa-sociale-medier-uge-43\/\" \/>\n<meta property=\"og:site_name\" content=\"Overskrifts blog\" \/>\n<meta property=\"article:publisher\" content=\"https:\/\/www.facebook.com\/overskrift\" \/>\n<meta property=\"article:published_time\" content=\"2015-10-23T12:21:35+00:00\" \/>\n<meta property=\"article:modified_time\" content=\"2021-02-03T10:35:59+00:00\" \/>\n<meta property=\"og:image\" content=\"https:\/\/www.overskrift.dk\/blog\/wp-content\/uploads\/popinsta.jpg\" \/>\n\t<meta property=\"og:image:width\" content=\"1280\" \/>\n\t<meta property=\"og:image:height\" content=\"674\" \/>\n\t<meta property=\"og:image:type\" content=\"image\/jpeg\" \/>\n<meta name=\"author\" content=\"Stefan B\u00f8gh-Andersen\" \/>\n<meta name=\"twitter:card\" content=\"summary_large_image\" \/>\n<meta name=\"twitter:creator\" content=\"@overskrift\" \/>\n<meta name=\"twitter:site\" content=\"@overskrift\" \/>\n<script type=\"application\/ld+json\" class=\"yoast-schema-graph\">{\"@context\":\"https:\\\/\\\/schema.org\",\"@graph\":[{\"@type\":\"Article\",\"@id\":\"https:\\\/\\\/www.overskrift.dk\\\/blog\\\/2015\\\/10\\\/23\\\/ugen-paa-sociale-medier-uge-43\\\/#article\",\"isPartOf\":{\"@id\":\"https:\\\/\\\/www.overskrift.dk\\\/blog\\\/2015\\\/10\\\/23\\\/ugen-paa-sociale-medier-uge-43\\\/\"},\"author\":{\"name\":\"Stefan B\u00f8gh-Andersen\",\"@id\":\"https:\\\/\\\/www.overskrift.dk\\\/blog\\\/#\\\/schema\\\/person\\\/b78220010603ce4384fa7758a6eabaf3\"},\"headline\":\"Ugen p\u00e5 sociale medier &#8211; uge 43\",\"datePublished\":\"2015-10-23T12:21:35+00:00\",\"dateModified\":\"2021-02-03T10:35:59+00:00\",\"mainEntityOfPage\":{\"@id\":\"https:\\\/\\\/www.overskrift.dk\\\/blog\\\/2015\\\/10\\\/23\\\/ugen-paa-sociale-medier-uge-43\\\/\"},\"wordCount\":402,\"commentCount\":0,\"publisher\":{\"@id\":\"https:\\\/\\\/www.overskrift.dk\\\/blog\\\/#organization\"},\"image\":{\"@id\":\"https:\\\/\\\/www.overskrift.dk\\\/blog\\\/2015\\\/10\\\/23\\\/ugen-paa-sociale-medier-uge-43\\\/#primaryimage\"},\"thumbnailUrl\":\"https:\\\/\\\/www.overskrift.dk\\\/blog\\\/wp-content\\\/uploads\\\/popinsta.jpg\",\"keywords\":[\"facebook\",\"instagram\",\"overskrift\",\"twitter\"],\"articleSection\":[\"Trends\"],\"inLanguage\":\"da-DK\",\"potentialAction\":[{\"@type\":\"CommentAction\",\"name\":\"Comment\",\"target\":[\"https:\\\/\\\/www.overskrift.dk\\\/blog\\\/2015\\\/10\\\/23\\\/ugen-paa-sociale-medier-uge-43\\\/#respond\"]}]},{\"@type\":\"WebPage\",\"@id\":\"https:\\\/\\\/www.overskrift.dk\\\/blog\\\/2015\\\/10\\\/23\\\/ugen-paa-sociale-medier-uge-43\\\/\",\"url\":\"https:\\\/\\\/www.overskrift.dk\\\/blog\\\/2015\\\/10\\\/23\\\/ugen-paa-sociale-medier-uge-43\\\/\",\"name\":\"Ugen p\u00e5 sociale medier - uge 43 - Overskrifts blog\",\"isPartOf\":{\"@id\":\"https:\\\/\\\/www.overskrift.dk\\\/blog\\\/#website\"},\"primaryImageOfPage\":{\"@id\":\"https:\\\/\\\/www.overskrift.dk\\\/blog\\\/2015\\\/10\\\/23\\\/ugen-paa-sociale-medier-uge-43\\\/#primaryimage\"},\"image\":{\"@id\":\"https:\\\/\\\/www.overskrift.dk\\\/blog\\\/2015\\\/10\\\/23\\\/ugen-paa-sociale-medier-uge-43\\\/#primaryimage\"},\"thumbnailUrl\":\"https:\\\/\\\/www.overskrift.dk\\\/blog\\\/wp-content\\\/uploads\\\/popinsta.jpg\",\"datePublished\":\"2015-10-23T12:21:35+00:00\",\"dateModified\":\"2021-02-03T10:35:59+00:00\",\"breadcrumb\":{\"@id\":\"https:\\\/\\\/www.overskrift.dk\\\/blog\\\/2015\\\/10\\\/23\\\/ugen-paa-sociale-medier-uge-43\\\/#breadcrumb\"},\"inLanguage\":\"da-DK\",\"potentialAction\":[{\"@type\":\"ReadAction\",\"target\":[\"https:\\\/\\\/www.overskrift.dk\\\/blog\\\/2015\\\/10\\\/23\\\/ugen-paa-sociale-medier-uge-43\\\/\"]}]},{\"@type\":\"ImageObject\",\"inLanguage\":\"da-DK\",\"@id\":\"https:\\\/\\\/www.overskrift.dk\\\/blog\\\/2015\\\/10\\\/23\\\/ugen-paa-sociale-medier-uge-43\\\/#primaryimage\",\"url\":\"https:\\\/\\\/www.overskrift.dk\\\/blog\\\/wp-content\\\/uploads\\\/popinsta.jpg\",\"contentUrl\":\"https:\\\/\\\/www.overskrift.dk\\\/blog\\\/wp-content\\\/uploads\\\/popinsta.jpg\",\"width\":1280,\"height\":674,\"caption\":\"Popul\u00e6re danske instagrammere\"},{\"@type\":\"BreadcrumbList\",\"@id\":\"https:\\\/\\\/www.overskrift.dk\\\/blog\\\/2015\\\/10\\\/23\\\/ugen-paa-sociale-medier-uge-43\\\/#breadcrumb\",\"itemListElement\":[{\"@type\":\"ListItem\",\"position\":1,\"name\":\"Hjem\",\"item\":\"https:\\\/\\\/www.overskrift.dk\\\/blog\\\/\"},{\"@type\":\"ListItem\",\"position\":2,\"name\":\"Ugen p\u00e5 sociale medier &#8211; uge 43\"}]},{\"@type\":\"WebSite\",\"@id\":\"https:\\\/\\\/www.overskrift.dk\\\/blog\\\/#website\",\"url\":\"https:\\\/\\\/www.overskrift.dk\\\/blog\\\/\",\"name\":\"Overskrifts blog\",\"description\":\"Nyeste indl\u00e6g\",\"publisher\":{\"@id\":\"https:\\\/\\\/www.overskrift.dk\\\/blog\\\/#organization\"},\"potentialAction\":[{\"@type\":\"SearchAction\",\"target\":{\"@type\":\"EntryPoint\",\"urlTemplate\":\"https:\\\/\\\/www.overskrift.dk\\\/blog\\\/?s={search_term_string}\"},\"query-input\":{\"@type\":\"PropertyValueSpecification\",\"valueRequired\":true,\"valueName\":\"search_term_string\"}}],\"inLanguage\":\"da-DK\"},{\"@type\":\"Organization\",\"@id\":\"https:\\\/\\\/www.overskrift.dk\\\/blog\\\/#organization\",\"name\":\"Overskrift ApS\",\"url\":\"https:\\\/\\\/www.overskrift.dk\\\/blog\\\/\",\"logo\":{\"@type\":\"ImageObject\",\"inLanguage\":\"da-DK\",\"@id\":\"https:\\\/\\\/www.overskrift.dk\\\/blog\\\/#\\\/schema\\\/logo\\\/image\\\/\",\"url\":\"https:\\\/\\\/blog.overskrift.dk\\\/wp-content\\\/uploads\\\/Just-the-dots-1.png\",\"contentUrl\":\"https:\\\/\\\/blog.overskrift.dk\\\/wp-content\\\/uploads\\\/Just-the-dots-1.png\",\"width\":258,\"height\":257,\"caption\":\"Overskrift ApS\"},\"image\":{\"@id\":\"https:\\\/\\\/www.overskrift.dk\\\/blog\\\/#\\\/schema\\\/logo\\\/image\\\/\"},\"sameAs\":[\"https:\\\/\\\/www.facebook.com\\\/overskrift\",\"https:\\\/\\\/x.com\\\/overskrift\",\"https:\\\/\\\/www.instagram.com\\\/overskrift\\\/\",\"https:\\\/\\\/www.linkedin.com\\\/company\\\/10153434\"]},{\"@type\":\"Person\",\"@id\":\"https:\\\/\\\/www.overskrift.dk\\\/blog\\\/#\\\/schema\\\/person\\\/b78220010603ce4384fa7758a6eabaf3\",\"name\":\"Stefan B\u00f8gh-Andersen\",\"image\":{\"@type\":\"ImageObject\",\"inLanguage\":\"da-DK\",\"@id\":\"https:\\\/\\\/secure.gravatar.com\\\/avatar\\\/f7eee59b7b5aa69f61ce713b6f85ef24d2faef678f186072e924c71249c2d2d6?s=96&d=mm&r=g\",\"url\":\"https:\\\/\\\/secure.gravatar.com\\\/avatar\\\/f7eee59b7b5aa69f61ce713b6f85ef24d2faef678f186072e924c71249c2d2d6?s=96&d=mm&r=g\",\"contentUrl\":\"https:\\\/\\\/secure.gravatar.com\\\/avatar\\\/f7eee59b7b5aa69f61ce713b6f85ef24d2faef678f186072e924c71249c2d2d6?s=96&d=mm&r=g\",\"caption\":\"Stefan B\u00f8gh-Andersen\"},\"description\":\"Indl\u00e6gget er skrevet af Stefan, der er direkt\u00f8r i og stifter af Overskrift. Stefan er en skarp analytiker og har mange \u00e5rs erfaring med r\u00e5dgivning inden for sociale medier og nyhedssites.\",\"url\":\"https:\\\/\\\/www.overskrift.dk\\\/blog\\\/author\\\/stefan\\\/\"}]}<\/script>\n<!-- \/ Yoast SEO plugin. -->","yoast_head_json":{"title":"Ugen p\u00e5 sociale medier - uge 43 - Overskrifts blog","robots":{"index":"index","follow":"follow","max-snippet":"max-snippet:-1","max-image-preview":"max-image-preview:large","max-video-preview":"max-video-preview:-1"},"canonical":"https:\/\/www.overskrift.dk\/blog\/2015\/10\/23\/ugen-paa-sociale-medier-uge-43\/","og_locale":"da_DK","og_type":"article","og_title":"Ugen p\u00e5 sociale medier - uge 43 - Overskrifts blog","og_description":"Det var s\u00e5 ugen, hvor vi p\u00e5 Overskrift.dk l\u00f8ftede sl\u00f8ret for den helt nye dansk Instagram liste, best\u00e5ende af mere end 200.000 danskere, Man kan ogs\u00e5 sl\u00e5 sit&hellip;","og_url":"https:\/\/www.overskrift.dk\/blog\/2015\/10\/23\/ugen-paa-sociale-medier-uge-43\/","og_site_name":"Overskrifts blog","article_publisher":"https:\/\/www.facebook.com\/overskrift","article_published_time":"2015-10-23T12:21:35+00:00","article_modified_time":"2021-02-03T10:35:59+00:00","og_image":[{"width":1280,"height":674,"url":"https:\/\/www.overskrift.dk\/blog\/wp-content\/uploads\/popinsta.jpg","type":"image\/jpeg"}],"author":"Stefan B\u00f8gh-Andersen","twitter_card":"summary_large_image","twitter_creator":"@overskrift","twitter_site":"@overskrift","schema":{"@context":"https:\/\/schema.org","@graph":[{"@type":"Article","@id":"https:\/\/www.overskrift.dk\/blog\/2015\/10\/23\/ugen-paa-sociale-medier-uge-43\/#article","isPartOf":{"@id":"https:\/\/www.overskrift.dk\/blog\/2015\/10\/23\/ugen-paa-sociale-medier-uge-43\/"},"author":{"name":"Stefan B\u00f8gh-Andersen","@id":"https:\/\/www.overskrift.dk\/blog\/#\/schema\/person\/b78220010603ce4384fa7758a6eabaf3"},"headline":"Ugen p\u00e5 sociale medier &#8211; uge 43","datePublished":"2015-10-23T12:21:35+00:00","dateModified":"2021-02-03T10:35:59+00:00","mainEntityOfPage":{"@id":"https:\/\/www.overskrift.dk\/blog\/2015\/10\/23\/ugen-paa-sociale-medier-uge-43\/"},"wordCount":402,"commentCount":0,"publisher":{"@id":"https:\/\/www.overskrift.dk\/blog\/#organization"},"image":{"@id":"https:\/\/www.overskrift.dk\/blog\/2015\/10\/23\/ugen-paa-sociale-medier-uge-43\/#primaryimage"},"thumbnailUrl":"https:\/\/www.overskrift.dk\/blog\/wp-content\/uploads\/popinsta.jpg","keywords":["facebook","instagram","overskrift","twitter"],"articleSection":["Trends"],"inLanguage":"da-DK","potentialAction":[{"@type":"CommentAction","name":"Comment","target":["https:\/\/www.overskrift.dk\/blog\/2015\/10\/23\/ugen-paa-sociale-medier-uge-43\/#respond"]}]},{"@type":"WebPage","@id":"https:\/\/www.overskrift.dk\/blog\/2015\/10\/23\/ugen-paa-sociale-medier-uge-43\/","url":"https:\/\/www.overskrift.dk\/blog\/2015\/10\/23\/ugen-paa-sociale-medier-uge-43\/","name":"Ugen p\u00e5 sociale medier - uge 43 - Overskrifts blog","isPartOf":{"@id":"https:\/\/www.overskrift.dk\/blog\/#website"},"primaryImageOfPage":{"@id":"https:\/\/www.overskrift.dk\/blog\/2015\/10\/23\/ugen-paa-sociale-medier-uge-43\/#primaryimage"},"image":{"@id":"https:\/\/www.overskrift.dk\/blog\/2015\/10\/23\/ugen-paa-sociale-medier-uge-43\/#primaryimage"},"thumbnailUrl":"https:\/\/www.overskrift.dk\/blog\/wp-content\/uploads\/popinsta.jpg","datePublished":"2015-10-23T12:21:35+00:00","dateModified":"2021-02-03T10:35:59+00:00","breadcrumb":{"@id":"https:\/\/www.overskrift.dk\/blog\/2015\/10\/23\/ugen-paa-sociale-medier-uge-43\/#breadcrumb"},"inLanguage":"da-DK","potentialAction":[{"@type":"ReadAction","target":["https:\/\/www.overskrift.dk\/blog\/2015\/10\/23\/ugen-paa-sociale-medier-uge-43\/"]}]},{"@type":"ImageObject","inLanguage":"da-DK","@id":"https:\/\/www.overskrift.dk\/blog\/2015\/10\/23\/ugen-paa-sociale-medier-uge-43\/#primaryimage","url":"https:\/\/www.overskrift.dk\/blog\/wp-content\/uploads\/popinsta.jpg","contentUrl":"https:\/\/www.overskrift.dk\/blog\/wp-content\/uploads\/popinsta.jpg","width":1280,"height":674,"caption":"Popul\u00e6re danske instagrammere"},{"@type":"BreadcrumbList","@id":"https:\/\/www.overskrift.dk\/blog\/2015\/10\/23\/ugen-paa-sociale-medier-uge-43\/#breadcrumb","itemListElement":[{"@type":"ListItem","position":1,"name":"Hjem","item":"https:\/\/www.overskrift.dk\/blog\/"},{"@type":"ListItem","position":2,"name":"Ugen p\u00e5 sociale medier &#8211; uge 43"}]},{"@type":"WebSite","@id":"https:\/\/www.overskrift.dk\/blog\/#website","url":"https:\/\/www.overskrift.dk\/blog\/","name":"Overskrifts blog","description":"Nyeste indl\u00e6g","publisher":{"@id":"https:\/\/www.overskrift.dk\/blog\/#organization"},"potentialAction":[{"@type":"SearchAction","target":{"@type":"EntryPoint","urlTemplate":"https:\/\/www.overskrift.dk\/blog\/?s={search_term_string}"},"query-input":{"@type":"PropertyValueSpecification","valueRequired":true,"valueName":"search_term_string"}}],"inLanguage":"da-DK"},{"@type":"Organization","@id":"https:\/\/www.overskrift.dk\/blog\/#organization","name":"Overskrift ApS","url":"https:\/\/www.overskrift.dk\/blog\/","logo":{"@type":"ImageObject","inLanguage":"da-DK","@id":"https:\/\/www.overskrift.dk\/blog\/#\/schema\/logo\/image\/","url":"https:\/\/blog.overskrift.dk\/wp-content\/uploads\/Just-the-dots-1.png","contentUrl":"https:\/\/blog.overskrift.dk\/wp-content\/uploads\/Just-the-dots-1.png","width":258,"height":257,"caption":"Overskrift ApS"},"image":{"@id":"https:\/\/www.overskrift.dk\/blog\/#\/schema\/logo\/image\/"},"sameAs":["https:\/\/www.facebook.com\/overskrift","https:\/\/x.com\/overskrift","https:\/\/www.instagram.com\/overskrift\/","https:\/\/www.linkedin.com\/company\/10153434"]},{"@type":"Person","@id":"https:\/\/www.overskrift.dk\/blog\/#\/schema\/person\/b78220010603ce4384fa7758a6eabaf3","name":"Stefan B\u00f8gh-Andersen","image":{"@type":"ImageObject","inLanguage":"da-DK","@id":"https:\/\/secure.gravatar.com\/avatar\/f7eee59b7b5aa69f61ce713b6f85ef24d2faef678f186072e924c71249c2d2d6?s=96&d=mm&r=g","url":"https:\/\/secure.gravatar.com\/avatar\/f7eee59b7b5aa69f61ce713b6f85ef24d2faef678f186072e924c71249c2d2d6?s=96&d=mm&r=g","contentUrl":"https:\/\/secure.gravatar.com\/avatar\/f7eee59b7b5aa69f61ce713b6f85ef24d2faef678f186072e924c71249c2d2d6?s=96&d=mm&r=g","caption":"Stefan B\u00f8gh-Andersen"},"description":"Indl\u00e6gget er skrevet af Stefan, der er direkt\u00f8r i og stifter af Overskrift. Stefan er en skarp analytiker og har mange \u00e5rs erfaring med r\u00e5dgivning inden for sociale medier og nyhedssites.","url":"https:\/\/www.overskrift.dk\/blog\/author\/stefan\/"}]}},"_links":{"self":[{"href":"https:\/\/www.overskrift.dk\/blog\/wp-json\/wp\/v2\/posts\/3532","targetHints":{"allow":["GET"]}}],"collection":[{"href":"https:\/\/www.overskrift.dk\/blog\/wp-json\/wp\/v2\/posts"}],"about":[{"href":"https:\/\/www.overskrift.dk\/blog\/wp-json\/wp\/v2\/types\/post"}],"author":[{"embeddable":true,"href":"https:\/\/www.overskrift.dk\/blog\/wp-json\/wp\/v2\/users\/4"}],"replies":[{"embeddable":true,"href":"https:\/\/www.overskrift.dk\/blog\/wp-json\/wp\/v2\/comments?post=3532"}],"version-history":[{"count":13,"href":"https:\/\/www.overskrift.dk\/blog\/wp-json\/wp\/v2\/posts\/3532\/revisions"}],"predecessor-version":[{"id":9098,"href":"https:\/\/www.overskrift.dk\/blog\/wp-json\/wp\/v2\/posts\/3532\/revisions\/9098"}],"wp:featuredmedia":[{"embeddable":true,"href":"https:\/\/www.overskrift.dk\/blog\/wp-json\/wp\/v2\/media\/9097"}],"wp:attachment":[{"href":"https:\/\/www.overskrift.dk\/blog\/wp-json\/wp\/v2\/media?parent=3532"}],"wp:term":[{"taxonomy":"category","embeddable":true,"href":"https:\/\/www.overskrift.dk\/blog\/wp-json\/wp\/v2\/categories?post=3532"},{"taxonomy":"post_tag","embeddable":true,"href":"https:\/\/www.overskrift.dk\/blog\/wp-json\/wp\/v2\/tags?post=3532"}],"curies":[{"name":"wp","href":"https:\/\/api.w.org\/{rel}","templated":true}]}}