{"id":3549,"date":"2015-10-30T13:38:26","date_gmt":"2015-10-30T12:38:26","guid":{"rendered":"http:\/\/blog.overskrift.dk\/?p=3549"},"modified":"2023-01-31T13:35:42","modified_gmt":"2023-01-31T12:35:42","slug":"hvad-deler-og-kommenterer-vi-mest-paa-facebook","status":"publish","type":"post","link":"https:\/\/www.overskrift.dk\/blog\/2015\/10\/30\/hvad-deler-og-kommenterer-vi-mest-paa-facebook\/","title":{"rendered":"Hvad deler og kommenterer vi mest p\u00e5 Facebook?"},"content":{"rendered":"<p><strong>P\u00e5 de sociale medier deler vi i h\u00f8jere grad de historier, der taler til vores f\u00f8lelser og kommenterer oftest hvis vi \u00f8jner en mulighed for at vinde noget. Politik er derfor rykket tilbage og fylder meget lidt blandt historierne, der deles og kommenteres p\u00e5. Sp\u00f8rgsm\u00e5let er s\u00e5, hvad er det vi danskere via Facebook oftest deler og kommenterer p\u00e5?<\/strong><\/p>\n<h2>Hvad\u00a0deler vi?<\/h2>\n<p>Kort sagt &#8211; ting der ber\u00f8rer os. Graver vi os ned i top-10 for de seneste 7 dage, sidder nyhedsmedierne (DR Nyheder, TV Nyhederne, BT og Dagens.dk) p\u00e5 halvdelen af opslagene. Psykolog Svend Brink&#8217;s tale ifm. overr\u00e6kkelsen af Rosenkj\u00e6rprisen fra DR Nyheder blev delt mest.<\/p>\n<div id=\"fb-root\"><\/div>\n<p><script>\/\/ <![CDATA[ (function(d, s, id) { var js, fjs = d.getElementsByTagName(s)[0]; if (d.getElementById(id)) return; js = d.createElement(s); js.id = id; js.src = \"\/\/connect.facebook.net\/da_DK\/all.js#xfbml=1&#038;version=v2.3\"; fjs.parentNode.insertBefore(js, fjs);}(document, 'script', 'facebook-jssdk')); \/\/ ]]><\/script><\/p>\n<div class=\"fb-post\" data-href=\"https:\/\/www.facebook.com\/video.php?v=1057773384273185\" data-width=\"500\">\n<div class=\"fb-xfbml-parse-ignore\">\n<blockquote cite=\"https:\/\/www.facebook.com\/video.php?v=1057773384273185\"><p>&#8211; V\u00e6gten er tippet: Vi dyrker for meget fitness, wellness, happiness, selfishness. Hvad er der sket med selvopofrelsen?&#8230;<\/p>\n<p>Posted by <a href=\"https:\/\/www.facebook.com\/DRNyheder\/\">DR Nyheder<\/a> on\u00a0<a href=\"https:\/\/www.facebook.com\/video.php?v=1057773384273185\">27. oktober 2015<\/a><\/p><\/blockquote>\n<\/div>\n<\/div>\n<p>&nbsp;<\/p>\n<p>Derudover drejer historierne i top-10 sig om studerende, der har strejket, WHO&#8217;s baconadvarsel, Rasmus Seebach der sin sang til TV2&#8217;s Kn\u00e6k Cancer event, fik en tidligere cancerpatient til at f\u00e6lde en t\u00e5re, historien der opstiller en mobbesituation omkring en skolepige og ser p\u00e5 de voksnes reaktioner og en\u00a0TV2-historie (med en lidt catchy overskrift), der citerer en overl\u00e6ge for at anbefale mere sofa-tid til kvinder.<\/p>\n<div class=\"fb-post\" data-href=\"https:\/\/www.facebook.com\/politi\/photos\/a.189062771198516.32645.173320249439435\/743421979095923\/?type=3\" data-width=\"500\">\n<div class=\"fb-xfbml-parse-ignore\">\n<blockquote cite=\"https:\/\/www.facebook.com\/politi\/photos\/a.189062771198516.32645.173320249439435\/743421979095923\/?type=3\"><p>LANDSD\u00c6KKENDE FARTKONTROL FRA 26. OKTOBERSelv om antallet af alvorlige f\u00e6rdselsulykker i Danmark er faldende, er der&#8230;<\/p>\n<p>Posted by <a href=\"https:\/\/www.facebook.com\/politi\/\">Politi<\/a> on\u00a0<a href=\"https:\/\/www.facebook.com\/politi\/photos\/a.189062771198516.32645.173320249439435\/743421979095923\/?type=3\">23. oktober 2015<\/a><\/p><\/blockquote>\n<\/div>\n<\/div>\n<p>&nbsp;<\/p>\n<p>Delinger fra ikke-nyhedsmedier (3 stk.)\u00a0f\u00f8res af politiet, der varsler landsd\u00e6kkende fartkontrol (2330 delinger), Andreas Bo&#8217;s billeder og opslag\u00a0fra hans rejse til Zambia, hvori han bl.a. foresl\u00e5r at v\u00e6rnepligten konverteres til &#8220;3. Verdens pligt&#8221; (pt. 1147 delinger) og sidst men ikke mindst et billede fra Danmarks L\u00e6rerforening, hvor regeringens nedsk\u00e6ringer p\u00e5 skoleomr\u00e5det kritiseres (pt. 1126 delinger).<\/p>\n<h2>Hvad kommenterer vi?<\/h2>\n<p>Det fremg\u00e5r alts\u00e5 tydeligt at danskerne kommenterer p\u00e5 de ting, der ber\u00f8rer os og f\u00e5r os p\u00e5 barrikaderne, noget sjovt, pudsigt,\u00a0og ikke mindst hvis vi kan vinde noget.<\/p>\n<div class=\"fb-post\" data-href=\"https:\/\/www.facebook.com\/GandhiDRP3\/photos\/a.615226178571715.1073741829.611994135561586\/941729245921405\/?type=3\" data-width=\"500\">\n<div class=\"fb-xfbml-parse-ignore\">\n<blockquote cite=\"https:\/\/www.facebook.com\/GandhiDRP3\/photos\/a.615226178571715.1073741829.611994135561586\/941729245921405\/?type=3\"><p>Test af farveblindhed kan faktisk ogs\u00e5 afsl\u00f8re andre lidelser&#8230;<\/p>\n<p>Posted by <a href=\"https:\/\/www.facebook.com\/GandhiDRP3\/\">GANDHI &#8211; DR P3<\/a> on\u00a0<a href=\"https:\/\/www.facebook.com\/GandhiDRP3\/photos\/a.615226178571715.1073741829.611994135561586\/941729245921405\/?type=3\">27. oktober 2015<\/a><\/p><\/blockquote>\n<\/div>\n<\/div>\n<p>I top-10 ligger ikke mindre end 4 konkurrencer; 2 fra Club Matas en fra Arla og en fra K\u00f8benhavns Lufthavn, der alle opn\u00e5ede stor opm\u00e6rksomhed.<\/p>\n<p>Derudover TV2-historien om 16-\u00e5rige\u00a0Ibrahim, der taler om medansvar hos ofre for voldt\u00e6gt (pt. godt 2000 kommentarer), WHO&#8217;s bacon-advarsel (pt. ca. 1900 kommentarer), nye Emoji&#8217;s, radioprogrammet GANDHI&#8217;s humoristiske test af farveblindhed, en TV2-historie om Slagelse Kommunes udbud af opgaven &#8220;Kropsvask uden brug af vand&#8221; til kommunens \u00e6ldre, og R\u00f8de Kors&#8217; opdateringen om kirurgen Martin, der rejste fra Aalborg til Sydsudan.<\/p>\n<div class=\"fb-post\" data-href=\"https:\/\/www.facebook.com\/roedekors\/photos\/a.144534804383.136750.65929129383\/10153904191074384\/?type=3\" data-width=\"500\">\n<div class=\"fb-xfbml-parse-ignore\">\n<blockquote cite=\"https:\/\/www.facebook.com\/roedekors\/photos\/a.144534804383.136750.65929129383\/10153904191074384\/?type=3\"><p>Kan I huske Martin?Kirurgen fra Aalborg der i sidste m\u00e5ned rejste til Sydsudan med sin trompet i kufferten.Vi har&#8230;<\/p>\n<p>Posted by <a href=\"https:\/\/www.facebook.com\/roedekors\/\">R\u00f8de Kors<\/a> on\u00a0<a href=\"https:\/\/www.facebook.com\/roedekors\/photos\/a.144534804383.136750.65929129383\/10153904191074384\/?type=3\">24. oktober 2015<\/a><\/p><\/blockquote>\n<\/div>\n<\/div>\n<p>Kommentarer tr\u00e6kker naturligvis b\u00e5de i de brugere der er enige og uenige, hvor delingen af indhold i h\u00f8jere grad entydigt indikerer enighed.<\/p>\n","protected":false},"excerpt":{"rendered":"<p>P\u00e5 de sociale medier deler vi i h\u00f8jere grad de historier, der taler til vores f\u00f8lelser og kommenterer oftest hvis vi \u00f8jner en mulighed for at vinde noget.&hellip;<\/p>\n","protected":false},"author":5,"featured_media":9460,"comment_status":"open","ping_status":"open","sticky":false,"template":"","format":"standard","meta":{"cybocfi_hide_featured_image":"","footnotes":""},"categories":[302,299],"tags":[242,226,237,330],"class_list":["post-3549","post","type-post","status-publish","format-standard","has-post-thumbnail","hentry","category-analyser","category-inspiration","tag-facebook","tag-social-media","tag-sociale-medier","tag-sociale-netvaerk"],"yoast_head":"<!-- This site is optimized with the Yoast SEO plugin v27.5 - https:\/\/yoast.com\/product\/yoast-seo-wordpress\/ -->\n<title>Hvad deler og kommenterer vi mest p\u00e5 Facebook? - Overskrifts blog<\/title>\n<meta name=\"robots\" content=\"index, follow, max-snippet:-1, max-image-preview:large, max-video-preview:-1\" \/>\n<link rel=\"canonical\" href=\"https:\/\/www.overskrift.dk\/blog\/2015\/10\/30\/hvad-deler-og-kommenterer-vi-mest-paa-facebook\/\" \/>\n<meta property=\"og:locale\" content=\"da_DK\" \/>\n<meta property=\"og:type\" content=\"article\" \/>\n<meta property=\"og:title\" content=\"Hvad deler og kommenterer vi mest p\u00e5 Facebook? - Overskrifts blog\" \/>\n<meta property=\"og:description\" content=\"P\u00e5 de sociale medier deler vi i h\u00f8jere grad de historier, der taler til vores f\u00f8lelser og kommenterer oftest hvis vi \u00f8jner en mulighed for at vinde noget.&hellip;\" \/>\n<meta property=\"og:url\" content=\"https:\/\/www.overskrift.dk\/blog\/2015\/10\/30\/hvad-deler-og-kommenterer-vi-mest-paa-facebook\/\" \/>\n<meta property=\"og:site_name\" content=\"Overskrifts blog\" \/>\n<meta property=\"article:publisher\" content=\"https:\/\/www.facebook.com\/overskrift\" \/>\n<meta property=\"article:published_time\" content=\"2015-10-30T12:38:26+00:00\" \/>\n<meta property=\"article:modified_time\" content=\"2023-01-31T12:35:42+00:00\" \/>\n<meta property=\"og:image\" content=\"https:\/\/www.overskrift.dk\/blog\/wp-content\/uploads\/sharing.jpg\" \/>\n\t<meta property=\"og:image:width\" content=\"1280\" \/>\n\t<meta property=\"og:image:height\" content=\"853\" \/>\n\t<meta property=\"og:image:type\" content=\"image\/jpeg\" \/>\n<meta name=\"author\" content=\"Jens Ulrik Lange\" \/>\n<meta name=\"twitter:card\" content=\"summary_large_image\" \/>\n<meta name=\"twitter:creator\" content=\"@overskrift\" \/>\n<meta name=\"twitter:site\" content=\"@overskrift\" \/>\n<script type=\"application\/ld+json\" class=\"yoast-schema-graph\">{\"@context\":\"https:\\\/\\\/schema.org\",\"@graph\":[{\"@type\":\"Article\",\"@id\":\"https:\\\/\\\/www.overskrift.dk\\\/blog\\\/2015\\\/10\\\/30\\\/hvad-deler-og-kommenterer-vi-mest-paa-facebook\\\/#article\",\"isPartOf\":{\"@id\":\"https:\\\/\\\/www.overskrift.dk\\\/blog\\\/2015\\\/10\\\/30\\\/hvad-deler-og-kommenterer-vi-mest-paa-facebook\\\/\"},\"author\":{\"name\":\"Jens Ulrik Lange\",\"@id\":\"https:\\\/\\\/www.overskrift.dk\\\/blog\\\/#\\\/schema\\\/person\\\/3d7f3e6f67bdbd0ac5a54f2e0636d425\"},\"headline\":\"Hvad deler og kommenterer vi mest p\u00e5 Facebook?\",\"datePublished\":\"2015-10-30T12:38:26+00:00\",\"dateModified\":\"2023-01-31T12:35:42+00:00\",\"mainEntityOfPage\":{\"@id\":\"https:\\\/\\\/www.overskrift.dk\\\/blog\\\/2015\\\/10\\\/30\\\/hvad-deler-og-kommenterer-vi-mest-paa-facebook\\\/\"},\"wordCount\":498,\"commentCount\":0,\"publisher\":{\"@id\":\"https:\\\/\\\/www.overskrift.dk\\\/blog\\\/#organization\"},\"image\":{\"@id\":\"https:\\\/\\\/www.overskrift.dk\\\/blog\\\/2015\\\/10\\\/30\\\/hvad-deler-og-kommenterer-vi-mest-paa-facebook\\\/#primaryimage\"},\"thumbnailUrl\":\"https:\\\/\\\/www.overskrift.dk\\\/blog\\\/wp-content\\\/uploads\\\/sharing.jpg\",\"keywords\":[\"facebook\",\"Social media\",\"sociale medier\",\"Sociale Netv\u00e6rk\"],\"articleSection\":[\"Analyser\",\"Inspiration\"],\"inLanguage\":\"da-DK\",\"potentialAction\":[{\"@type\":\"CommentAction\",\"name\":\"Comment\",\"target\":[\"https:\\\/\\\/www.overskrift.dk\\\/blog\\\/2015\\\/10\\\/30\\\/hvad-deler-og-kommenterer-vi-mest-paa-facebook\\\/#respond\"]}]},{\"@type\":\"WebPage\",\"@id\":\"https:\\\/\\\/www.overskrift.dk\\\/blog\\\/2015\\\/10\\\/30\\\/hvad-deler-og-kommenterer-vi-mest-paa-facebook\\\/\",\"url\":\"https:\\\/\\\/www.overskrift.dk\\\/blog\\\/2015\\\/10\\\/30\\\/hvad-deler-og-kommenterer-vi-mest-paa-facebook\\\/\",\"name\":\"Hvad deler og kommenterer vi mest p\u00e5 Facebook? - Overskrifts blog\",\"isPartOf\":{\"@id\":\"https:\\\/\\\/www.overskrift.dk\\\/blog\\\/#website\"},\"primaryImageOfPage\":{\"@id\":\"https:\\\/\\\/www.overskrift.dk\\\/blog\\\/2015\\\/10\\\/30\\\/hvad-deler-og-kommenterer-vi-mest-paa-facebook\\\/#primaryimage\"},\"image\":{\"@id\":\"https:\\\/\\\/www.overskrift.dk\\\/blog\\\/2015\\\/10\\\/30\\\/hvad-deler-og-kommenterer-vi-mest-paa-facebook\\\/#primaryimage\"},\"thumbnailUrl\":\"https:\\\/\\\/www.overskrift.dk\\\/blog\\\/wp-content\\\/uploads\\\/sharing.jpg\",\"datePublished\":\"2015-10-30T12:38:26+00:00\",\"dateModified\":\"2023-01-31T12:35:42+00:00\",\"breadcrumb\":{\"@id\":\"https:\\\/\\\/www.overskrift.dk\\\/blog\\\/2015\\\/10\\\/30\\\/hvad-deler-og-kommenterer-vi-mest-paa-facebook\\\/#breadcrumb\"},\"inLanguage\":\"da-DK\",\"potentialAction\":[{\"@type\":\"ReadAction\",\"target\":[\"https:\\\/\\\/www.overskrift.dk\\\/blog\\\/2015\\\/10\\\/30\\\/hvad-deler-og-kommenterer-vi-mest-paa-facebook\\\/\"]}]},{\"@type\":\"ImageObject\",\"inLanguage\":\"da-DK\",\"@id\":\"https:\\\/\\\/www.overskrift.dk\\\/blog\\\/2015\\\/10\\\/30\\\/hvad-deler-og-kommenterer-vi-mest-paa-facebook\\\/#primaryimage\",\"url\":\"https:\\\/\\\/www.overskrift.dk\\\/blog\\\/wp-content\\\/uploads\\\/sharing.jpg\",\"contentUrl\":\"https:\\\/\\\/www.overskrift.dk\\\/blog\\\/wp-content\\\/uploads\\\/sharing.jpg\",\"width\":1280,\"height\":853},{\"@type\":\"BreadcrumbList\",\"@id\":\"https:\\\/\\\/www.overskrift.dk\\\/blog\\\/2015\\\/10\\\/30\\\/hvad-deler-og-kommenterer-vi-mest-paa-facebook\\\/#breadcrumb\",\"itemListElement\":[{\"@type\":\"ListItem\",\"position\":1,\"name\":\"Hjem\",\"item\":\"https:\\\/\\\/www.overskrift.dk\\\/blog\\\/\"},{\"@type\":\"ListItem\",\"position\":2,\"name\":\"Hvad deler og kommenterer vi mest p\u00e5 Facebook?\"}]},{\"@type\":\"WebSite\",\"@id\":\"https:\\\/\\\/www.overskrift.dk\\\/blog\\\/#website\",\"url\":\"https:\\\/\\\/www.overskrift.dk\\\/blog\\\/\",\"name\":\"Overskrifts blog\",\"description\":\"Nyeste indl\u00e6g\",\"publisher\":{\"@id\":\"https:\\\/\\\/www.overskrift.dk\\\/blog\\\/#organization\"},\"potentialAction\":[{\"@type\":\"SearchAction\",\"target\":{\"@type\":\"EntryPoint\",\"urlTemplate\":\"https:\\\/\\\/www.overskrift.dk\\\/blog\\\/?s={search_term_string}\"},\"query-input\":{\"@type\":\"PropertyValueSpecification\",\"valueRequired\":true,\"valueName\":\"search_term_string\"}}],\"inLanguage\":\"da-DK\"},{\"@type\":\"Organization\",\"@id\":\"https:\\\/\\\/www.overskrift.dk\\\/blog\\\/#organization\",\"name\":\"Overskrift ApS\",\"url\":\"https:\\\/\\\/www.overskrift.dk\\\/blog\\\/\",\"logo\":{\"@type\":\"ImageObject\",\"inLanguage\":\"da-DK\",\"@id\":\"https:\\\/\\\/www.overskrift.dk\\\/blog\\\/#\\\/schema\\\/logo\\\/image\\\/\",\"url\":\"https:\\\/\\\/blog.overskrift.dk\\\/wp-content\\\/uploads\\\/Just-the-dots-1.png\",\"contentUrl\":\"https:\\\/\\\/blog.overskrift.dk\\\/wp-content\\\/uploads\\\/Just-the-dots-1.png\",\"width\":258,\"height\":257,\"caption\":\"Overskrift ApS\"},\"image\":{\"@id\":\"https:\\\/\\\/www.overskrift.dk\\\/blog\\\/#\\\/schema\\\/logo\\\/image\\\/\"},\"sameAs\":[\"https:\\\/\\\/www.facebook.com\\\/overskrift\",\"https:\\\/\\\/x.com\\\/overskrift\",\"https:\\\/\\\/www.instagram.com\\\/overskrift\\\/\",\"https:\\\/\\\/www.linkedin.com\\\/company\\\/10153434\"]},{\"@type\":\"Person\",\"@id\":\"https:\\\/\\\/www.overskrift.dk\\\/blog\\\/#\\\/schema\\\/person\\\/3d7f3e6f67bdbd0ac5a54f2e0636d425\",\"name\":\"Jens Ulrik Lange\",\"image\":{\"@type\":\"ImageObject\",\"inLanguage\":\"da-DK\",\"@id\":\"https:\\\/\\\/secure.gravatar.com\\\/avatar\\\/1a6a5e80737c0601b8636b4f5d44bbb6784206b176e34a44cb735e4516b70777?s=96&d=mm&r=g\",\"url\":\"https:\\\/\\\/secure.gravatar.com\\\/avatar\\\/1a6a5e80737c0601b8636b4f5d44bbb6784206b176e34a44cb735e4516b70777?s=96&d=mm&r=g\",\"contentUrl\":\"https:\\\/\\\/secure.gravatar.com\\\/avatar\\\/1a6a5e80737c0601b8636b4f5d44bbb6784206b176e34a44cb735e4516b70777?s=96&d=mm&r=g\",\"caption\":\"Jens Ulrik Lange\"},\"description\":\"Indl\u00e6gget er skrevet af Jens Ulrik, der er partner i og medstifter af Overskrift. Jens Ulrik er Overskrifts tekniske geni, og han har desuden mange \u00e5rs erfaring med r\u00e5dgivning inden for sociale medier og nyhedssites.\",\"url\":\"https:\\\/\\\/www.overskrift.dk\\\/blog\\\/author\\\/jensulrik\\\/\"}]}<\/script>\n<!-- \/ Yoast SEO plugin. -->","yoast_head_json":{"title":"Hvad deler og kommenterer vi mest p\u00e5 Facebook? - Overskrifts blog","robots":{"index":"index","follow":"follow","max-snippet":"max-snippet:-1","max-image-preview":"max-image-preview:large","max-video-preview":"max-video-preview:-1"},"canonical":"https:\/\/www.overskrift.dk\/blog\/2015\/10\/30\/hvad-deler-og-kommenterer-vi-mest-paa-facebook\/","og_locale":"da_DK","og_type":"article","og_title":"Hvad deler og kommenterer vi mest p\u00e5 Facebook? - Overskrifts blog","og_description":"P\u00e5 de sociale medier deler vi i h\u00f8jere grad de historier, der taler til vores f\u00f8lelser og kommenterer oftest hvis vi \u00f8jner en mulighed for at vinde noget.&hellip;","og_url":"https:\/\/www.overskrift.dk\/blog\/2015\/10\/30\/hvad-deler-og-kommenterer-vi-mest-paa-facebook\/","og_site_name":"Overskrifts blog","article_publisher":"https:\/\/www.facebook.com\/overskrift","article_published_time":"2015-10-30T12:38:26+00:00","article_modified_time":"2023-01-31T12:35:42+00:00","og_image":[{"width":1280,"height":853,"url":"https:\/\/www.overskrift.dk\/blog\/wp-content\/uploads\/sharing.jpg","type":"image\/jpeg"}],"author":"Jens Ulrik Lange","twitter_card":"summary_large_image","twitter_creator":"@overskrift","twitter_site":"@overskrift","schema":{"@context":"https:\/\/schema.org","@graph":[{"@type":"Article","@id":"https:\/\/www.overskrift.dk\/blog\/2015\/10\/30\/hvad-deler-og-kommenterer-vi-mest-paa-facebook\/#article","isPartOf":{"@id":"https:\/\/www.overskrift.dk\/blog\/2015\/10\/30\/hvad-deler-og-kommenterer-vi-mest-paa-facebook\/"},"author":{"name":"Jens Ulrik Lange","@id":"https:\/\/www.overskrift.dk\/blog\/#\/schema\/person\/3d7f3e6f67bdbd0ac5a54f2e0636d425"},"headline":"Hvad deler og kommenterer vi mest p\u00e5 Facebook?","datePublished":"2015-10-30T12:38:26+00:00","dateModified":"2023-01-31T12:35:42+00:00","mainEntityOfPage":{"@id":"https:\/\/www.overskrift.dk\/blog\/2015\/10\/30\/hvad-deler-og-kommenterer-vi-mest-paa-facebook\/"},"wordCount":498,"commentCount":0,"publisher":{"@id":"https:\/\/www.overskrift.dk\/blog\/#organization"},"image":{"@id":"https:\/\/www.overskrift.dk\/blog\/2015\/10\/30\/hvad-deler-og-kommenterer-vi-mest-paa-facebook\/#primaryimage"},"thumbnailUrl":"https:\/\/www.overskrift.dk\/blog\/wp-content\/uploads\/sharing.jpg","keywords":["facebook","Social media","sociale medier","Sociale Netv\u00e6rk"],"articleSection":["Analyser","Inspiration"],"inLanguage":"da-DK","potentialAction":[{"@type":"CommentAction","name":"Comment","target":["https:\/\/www.overskrift.dk\/blog\/2015\/10\/30\/hvad-deler-og-kommenterer-vi-mest-paa-facebook\/#respond"]}]},{"@type":"WebPage","@id":"https:\/\/www.overskrift.dk\/blog\/2015\/10\/30\/hvad-deler-og-kommenterer-vi-mest-paa-facebook\/","url":"https:\/\/www.overskrift.dk\/blog\/2015\/10\/30\/hvad-deler-og-kommenterer-vi-mest-paa-facebook\/","name":"Hvad deler og kommenterer vi mest p\u00e5 Facebook? - Overskrifts blog","isPartOf":{"@id":"https:\/\/www.overskrift.dk\/blog\/#website"},"primaryImageOfPage":{"@id":"https:\/\/www.overskrift.dk\/blog\/2015\/10\/30\/hvad-deler-og-kommenterer-vi-mest-paa-facebook\/#primaryimage"},"image":{"@id":"https:\/\/www.overskrift.dk\/blog\/2015\/10\/30\/hvad-deler-og-kommenterer-vi-mest-paa-facebook\/#primaryimage"},"thumbnailUrl":"https:\/\/www.overskrift.dk\/blog\/wp-content\/uploads\/sharing.jpg","datePublished":"2015-10-30T12:38:26+00:00","dateModified":"2023-01-31T12:35:42+00:00","breadcrumb":{"@id":"https:\/\/www.overskrift.dk\/blog\/2015\/10\/30\/hvad-deler-og-kommenterer-vi-mest-paa-facebook\/#breadcrumb"},"inLanguage":"da-DK","potentialAction":[{"@type":"ReadAction","target":["https:\/\/www.overskrift.dk\/blog\/2015\/10\/30\/hvad-deler-og-kommenterer-vi-mest-paa-facebook\/"]}]},{"@type":"ImageObject","inLanguage":"da-DK","@id":"https:\/\/www.overskrift.dk\/blog\/2015\/10\/30\/hvad-deler-og-kommenterer-vi-mest-paa-facebook\/#primaryimage","url":"https:\/\/www.overskrift.dk\/blog\/wp-content\/uploads\/sharing.jpg","contentUrl":"https:\/\/www.overskrift.dk\/blog\/wp-content\/uploads\/sharing.jpg","width":1280,"height":853},{"@type":"BreadcrumbList","@id":"https:\/\/www.overskrift.dk\/blog\/2015\/10\/30\/hvad-deler-og-kommenterer-vi-mest-paa-facebook\/#breadcrumb","itemListElement":[{"@type":"ListItem","position":1,"name":"Hjem","item":"https:\/\/www.overskrift.dk\/blog\/"},{"@type":"ListItem","position":2,"name":"Hvad deler og kommenterer vi mest p\u00e5 Facebook?"}]},{"@type":"WebSite","@id":"https:\/\/www.overskrift.dk\/blog\/#website","url":"https:\/\/www.overskrift.dk\/blog\/","name":"Overskrifts blog","description":"Nyeste indl\u00e6g","publisher":{"@id":"https:\/\/www.overskrift.dk\/blog\/#organization"},"potentialAction":[{"@type":"SearchAction","target":{"@type":"EntryPoint","urlTemplate":"https:\/\/www.overskrift.dk\/blog\/?s={search_term_string}"},"query-input":{"@type":"PropertyValueSpecification","valueRequired":true,"valueName":"search_term_string"}}],"inLanguage":"da-DK"},{"@type":"Organization","@id":"https:\/\/www.overskrift.dk\/blog\/#organization","name":"Overskrift ApS","url":"https:\/\/www.overskrift.dk\/blog\/","logo":{"@type":"ImageObject","inLanguage":"da-DK","@id":"https:\/\/www.overskrift.dk\/blog\/#\/schema\/logo\/image\/","url":"https:\/\/blog.overskrift.dk\/wp-content\/uploads\/Just-the-dots-1.png","contentUrl":"https:\/\/blog.overskrift.dk\/wp-content\/uploads\/Just-the-dots-1.png","width":258,"height":257,"caption":"Overskrift ApS"},"image":{"@id":"https:\/\/www.overskrift.dk\/blog\/#\/schema\/logo\/image\/"},"sameAs":["https:\/\/www.facebook.com\/overskrift","https:\/\/x.com\/overskrift","https:\/\/www.instagram.com\/overskrift\/","https:\/\/www.linkedin.com\/company\/10153434"]},{"@type":"Person","@id":"https:\/\/www.overskrift.dk\/blog\/#\/schema\/person\/3d7f3e6f67bdbd0ac5a54f2e0636d425","name":"Jens Ulrik Lange","image":{"@type":"ImageObject","inLanguage":"da-DK","@id":"https:\/\/secure.gravatar.com\/avatar\/1a6a5e80737c0601b8636b4f5d44bbb6784206b176e34a44cb735e4516b70777?s=96&d=mm&r=g","url":"https:\/\/secure.gravatar.com\/avatar\/1a6a5e80737c0601b8636b4f5d44bbb6784206b176e34a44cb735e4516b70777?s=96&d=mm&r=g","contentUrl":"https:\/\/secure.gravatar.com\/avatar\/1a6a5e80737c0601b8636b4f5d44bbb6784206b176e34a44cb735e4516b70777?s=96&d=mm&r=g","caption":"Jens Ulrik Lange"},"description":"Indl\u00e6gget er skrevet af Jens Ulrik, der er partner i og medstifter af Overskrift. Jens Ulrik er Overskrifts tekniske geni, og han har desuden mange \u00e5rs erfaring med r\u00e5dgivning inden for sociale medier og nyhedssites.","url":"https:\/\/www.overskrift.dk\/blog\/author\/jensulrik\/"}]}},"_links":{"self":[{"href":"https:\/\/www.overskrift.dk\/blog\/wp-json\/wp\/v2\/posts\/3549","targetHints":{"allow":["GET"]}}],"collection":[{"href":"https:\/\/www.overskrift.dk\/blog\/wp-json\/wp\/v2\/posts"}],"about":[{"href":"https:\/\/www.overskrift.dk\/blog\/wp-json\/wp\/v2\/types\/post"}],"author":[{"embeddable":true,"href":"https:\/\/www.overskrift.dk\/blog\/wp-json\/wp\/v2\/users\/5"}],"replies":[{"embeddable":true,"href":"https:\/\/www.overskrift.dk\/blog\/wp-json\/wp\/v2\/comments?post=3549"}],"version-history":[{"count":15,"href":"https:\/\/www.overskrift.dk\/blog\/wp-json\/wp\/v2\/posts\/3549\/revisions"}],"predecessor-version":[{"id":9461,"href":"https:\/\/www.overskrift.dk\/blog\/wp-json\/wp\/v2\/posts\/3549\/revisions\/9461"}],"wp:featuredmedia":[{"embeddable":true,"href":"https:\/\/www.overskrift.dk\/blog\/wp-json\/wp\/v2\/media\/9460"}],"wp:attachment":[{"href":"https:\/\/www.overskrift.dk\/blog\/wp-json\/wp\/v2\/media?parent=3549"}],"wp:term":[{"taxonomy":"category","embeddable":true,"href":"https:\/\/www.overskrift.dk\/blog\/wp-json\/wp\/v2\/categories?post=3549"},{"taxonomy":"post_tag","embeddable":true,"href":"https:\/\/www.overskrift.dk\/blog\/wp-json\/wp\/v2\/tags?post=3549"}],"curies":[{"name":"wp","href":"https:\/\/api.w.org\/{rel}","templated":true}]}}