{"id":416,"date":"2007-09-06T16:55:20","date_gmt":"2007-09-06T14:55:20","guid":{"rendered":"http:\/\/blog.overskrift.dk\/2007\/09\/06\/politisk-debatbog-bliver-til-pa-bloggen\/"},"modified":"2017-04-18T14:30:57","modified_gmt":"2017-04-18T12:30:57","slug":"politisk-debatbog-bliver-til-pa-bloggen","status":"publish","type":"post","link":"https:\/\/www.overskrift.dk\/blog\/2007\/09\/06\/politisk-debatbog-bliver-til-pa-bloggen\/","title":{"rendered":"Politisk debatbog bliver til p\u00e5 bloggen"},"content":{"rendered":"<p>Det ser ud til at nogle politikere virkeligt har taget blog-mediet til sig: nu har de 3 politikere Claus Hjort Frederiksen (Venstre), Martin Lidegaard (Radikale) og Villy S\u00f8vndal (SF) sat hinanden st\u00e6vne p\u00e5 bloggen &#8220;<a href=\"http:\/\/debatbog.weblog.dk\/\">P\u00e5 den anden side<\/a>&#8221; ovre p\u00e5 Politikens <a href=\"http:\/\/weblog.dk\/\">Weblog.dk<\/a>.<\/p>\n<div style=\"text-align: center\"><a title=\"Debatbog\" href=\"http:\/\/debatbog.weblog.dk\/\"><img decoding=\"async\" id=\"image428\" alt=\"DebatBog-WeblogDK.png\" src=\"http:\/\/blog.overskrift.dk\/wp-content\/uploads\/2007\/09\/DebatBog-WeblogDK.jpg\" \/><\/a><\/div>\n<p>Her vil de udfordre hinanden &#8211; og g\u00e5 i dialog med l\u00e6serene &#8211; som de siger:<\/p>\n<blockquote><p><em> Velkommen til bloggen hvor bogen &#8220;P\u00e5 den anden side&#8221; bliver til. Vi udfordrer hinanden med provokerende politiske udspil &#8211; og inviterer l\u00e6serne til at kommentere og diskutere med os.<\/em><em>Projektet str\u00e6kker sig over ni uger fra den 25. august. Hver debatt\u00f8r skal levere tre bud p\u00e5 visioner for det fremtidige Danmark &#8211; og hver bud bliver modsagt af de to andre &#8211; og lagt frem til diskussion med l\u00e6serne i een uge.<\/em><\/p>\n<p><em>S\u00e5 kom med dine kommentarer; g\u00e5 os p\u00e5  klingen og v\u00e6r med til at kvalicere debatten.<\/em><\/p><\/blockquote>\n<p><a href=\"http:\/\/debatbog.weblog.dk\/2007\/08\/25\/alle-skal-have-chancen-for-et-liv-med-arbejde\/\">F\u00f8rste indl\u00e6g<\/a> har allerede 50 kommentarer, s\u00e5 det virker da som om l\u00e6serne har taget udfordringen op, men om politikerne s\u00e5 anvender kommentarerne til noget kan jeg ikke lige gennemskue.<\/p>\n<p>Vi har jo tidligere set hvordan blog-mediet bliver anvendt til at \u00e5bne op for skrive- og diskussion-processen n\u00e5r en bog skal udformes, bl.a. <a href=\"http:\/\/blog.overskrift.dk\/2006\/10\/07\/ny-dansk-bog-om-weblogs-undervejs\/\">Weblog-bogen<\/a> samt forfatteren som har sat sig for at <a href=\"http:\/\/blog.overskrift.dk\/2007\/08\/07\/kan-man-skrive-en-roman-pa-60-dage\/\">skrive en roman p\u00e5 60 dage<\/a>, bl.a. via interaktion med blog-l\u00e6serne.<\/p>\n<p>Overskrift.dk s\u00f8gninger: <a href=\"http:\/\/overskrift.dk\/searchresult.php?q=%22Hjort+Frederiksen%22\">Hjort Frederiksen<\/a>, <a href=\"http:\/\/overskrift.dk\/searchresult.php?q=S%F8vndal\">S\u00f8vndal<\/a>, <a href=\"http:\/\/overskrift.dk\/searchresult.php?q=Lidegaard\">Lidegaard<\/a>, <a href=\"http:\/\/overskrift.dk\/searchresult.php?q=debatbog\">debatbog<\/a><\/p>\n","protected":false},"excerpt":{"rendered":"<p>Det ser ud til at nogle politikere virkeligt har taget blog-mediet til sig: nu har de 3 politikere Claus Hjort Frederiksen (Venstre), Martin Lidegaard (Radikale) og Villy S\u00f8vndal&hellip;<\/p>\n","protected":false},"author":4,"featured_media":0,"comment_status":"open","ping_status":"open","sticky":false,"template":"","format":"standard","meta":{"cybocfi_hide_featured_image":"","footnotes":""},"categories":[305],"tags":[322,408,321,355,378,382],"class_list":["post-416","post","type-post","status-publish","format-standard","hentry","category-trends","tag-blogosfaere","tag-det-radikale-venstre","tag-nye-blogs","tag-politik","tag-sf","tag-venstre"],"yoast_head":"<!-- This site is optimized with the Yoast SEO plugin v27.5 - https:\/\/yoast.com\/product\/yoast-seo-wordpress\/ -->\n<title>Politisk debatbog bliver til p\u00e5 bloggen - Overskrifts blog<\/title>\n<meta name=\"robots\" content=\"index, follow, max-snippet:-1, max-image-preview:large, max-video-preview:-1\" \/>\n<link rel=\"canonical\" href=\"https:\/\/www.overskrift.dk\/blog\/2007\/09\/06\/politisk-debatbog-bliver-til-pa-bloggen\/\" \/>\n<meta property=\"og:locale\" content=\"da_DK\" \/>\n<meta property=\"og:type\" content=\"article\" \/>\n<meta property=\"og:title\" content=\"Politisk debatbog bliver til p\u00e5 bloggen - Overskrifts blog\" \/>\n<meta property=\"og:description\" content=\"Det ser ud til at nogle politikere virkeligt har taget blog-mediet til sig: nu har de 3 politikere Claus Hjort Frederiksen (Venstre), Martin Lidegaard (Radikale) og Villy S\u00f8vndal&hellip;\" \/>\n<meta property=\"og:url\" content=\"https:\/\/www.overskrift.dk\/blog\/2007\/09\/06\/politisk-debatbog-bliver-til-pa-bloggen\/\" \/>\n<meta property=\"og:site_name\" content=\"Overskrifts blog\" \/>\n<meta property=\"article:publisher\" content=\"https:\/\/www.facebook.com\/overskrift\" \/>\n<meta property=\"article:published_time\" content=\"2007-09-06T14:55:20+00:00\" \/>\n<meta property=\"article:modified_time\" content=\"2017-04-18T12:30:57+00:00\" \/>\n<meta property=\"og:image\" content=\"http:\/\/blog.overskrift.dk\/wp-content\/uploads\/2007\/09\/DebatBog-WeblogDK.jpg\" \/>\n<meta name=\"author\" content=\"Stefan B\u00f8gh-Andersen\" \/>\n<meta name=\"twitter:card\" content=\"summary_large_image\" \/>\n<meta name=\"twitter:creator\" content=\"@overskrift\" \/>\n<meta name=\"twitter:site\" content=\"@overskrift\" \/>\n<script type=\"application\/ld+json\" class=\"yoast-schema-graph\">{\"@context\":\"https:\\\/\\\/schema.org\",\"@graph\":[{\"@type\":\"Article\",\"@id\":\"https:\\\/\\\/www.overskrift.dk\\\/blog\\\/2007\\\/09\\\/06\\\/politisk-debatbog-bliver-til-pa-bloggen\\\/#article\",\"isPartOf\":{\"@id\":\"https:\\\/\\\/www.overskrift.dk\\\/blog\\\/2007\\\/09\\\/06\\\/politisk-debatbog-bliver-til-pa-bloggen\\\/\"},\"author\":{\"name\":\"Stefan B\u00f8gh-Andersen\",\"@id\":\"https:\\\/\\\/www.overskrift.dk\\\/blog\\\/#\\\/schema\\\/person\\\/b78220010603ce4384fa7758a6eabaf3\"},\"headline\":\"Politisk debatbog bliver til p\u00e5 bloggen\",\"datePublished\":\"2007-09-06T14:55:20+00:00\",\"dateModified\":\"2017-04-18T12:30:57+00:00\",\"mainEntityOfPage\":{\"@id\":\"https:\\\/\\\/www.overskrift.dk\\\/blog\\\/2007\\\/09\\\/06\\\/politisk-debatbog-bliver-til-pa-bloggen\\\/\"},\"wordCount\":247,\"commentCount\":0,\"publisher\":{\"@id\":\"https:\\\/\\\/www.overskrift.dk\\\/blog\\\/#organization\"},\"image\":{\"@id\":\"https:\\\/\\\/www.overskrift.dk\\\/blog\\\/2007\\\/09\\\/06\\\/politisk-debatbog-bliver-til-pa-bloggen\\\/#primaryimage\"},\"thumbnailUrl\":\"http:\\\/\\\/blog.overskrift.dk\\\/wp-content\\\/uploads\\\/2007\\\/09\\\/DebatBog-WeblogDK.jpg\",\"keywords\":[\"Blogosf\u00e6re\",\"Det Radikale Venstre\",\"Nye blogs\",\"Politik\",\"SF\",\"Venstre\"],\"articleSection\":[\"Trends\"],\"inLanguage\":\"da-DK\",\"potentialAction\":[{\"@type\":\"CommentAction\",\"name\":\"Comment\",\"target\":[\"https:\\\/\\\/www.overskrift.dk\\\/blog\\\/2007\\\/09\\\/06\\\/politisk-debatbog-bliver-til-pa-bloggen\\\/#respond\"]}]},{\"@type\":\"WebPage\",\"@id\":\"https:\\\/\\\/www.overskrift.dk\\\/blog\\\/2007\\\/09\\\/06\\\/politisk-debatbog-bliver-til-pa-bloggen\\\/\",\"url\":\"https:\\\/\\\/www.overskrift.dk\\\/blog\\\/2007\\\/09\\\/06\\\/politisk-debatbog-bliver-til-pa-bloggen\\\/\",\"name\":\"Politisk debatbog bliver til p\u00e5 bloggen - Overskrifts blog\",\"isPartOf\":{\"@id\":\"https:\\\/\\\/www.overskrift.dk\\\/blog\\\/#website\"},\"primaryImageOfPage\":{\"@id\":\"https:\\\/\\\/www.overskrift.dk\\\/blog\\\/2007\\\/09\\\/06\\\/politisk-debatbog-bliver-til-pa-bloggen\\\/#primaryimage\"},\"image\":{\"@id\":\"https:\\\/\\\/www.overskrift.dk\\\/blog\\\/2007\\\/09\\\/06\\\/politisk-debatbog-bliver-til-pa-bloggen\\\/#primaryimage\"},\"thumbnailUrl\":\"http:\\\/\\\/blog.overskrift.dk\\\/wp-content\\\/uploads\\\/2007\\\/09\\\/DebatBog-WeblogDK.jpg\",\"datePublished\":\"2007-09-06T14:55:20+00:00\",\"dateModified\":\"2017-04-18T12:30:57+00:00\",\"breadcrumb\":{\"@id\":\"https:\\\/\\\/www.overskrift.dk\\\/blog\\\/2007\\\/09\\\/06\\\/politisk-debatbog-bliver-til-pa-bloggen\\\/#breadcrumb\"},\"inLanguage\":\"da-DK\",\"potentialAction\":[{\"@type\":\"ReadAction\",\"target\":[\"https:\\\/\\\/www.overskrift.dk\\\/blog\\\/2007\\\/09\\\/06\\\/politisk-debatbog-bliver-til-pa-bloggen\\\/\"]}]},{\"@type\":\"ImageObject\",\"inLanguage\":\"da-DK\",\"@id\":\"https:\\\/\\\/www.overskrift.dk\\\/blog\\\/2007\\\/09\\\/06\\\/politisk-debatbog-bliver-til-pa-bloggen\\\/#primaryimage\",\"url\":\"http:\\\/\\\/blog.overskrift.dk\\\/wp-content\\\/uploads\\\/2007\\\/09\\\/DebatBog-WeblogDK.jpg\",\"contentUrl\":\"http:\\\/\\\/blog.overskrift.dk\\\/wp-content\\\/uploads\\\/2007\\\/09\\\/DebatBog-WeblogDK.jpg\"},{\"@type\":\"BreadcrumbList\",\"@id\":\"https:\\\/\\\/www.overskrift.dk\\\/blog\\\/2007\\\/09\\\/06\\\/politisk-debatbog-bliver-til-pa-bloggen\\\/#breadcrumb\",\"itemListElement\":[{\"@type\":\"ListItem\",\"position\":1,\"name\":\"Hjem\",\"item\":\"https:\\\/\\\/www.overskrift.dk\\\/blog\\\/\"},{\"@type\":\"ListItem\",\"position\":2,\"name\":\"Politisk debatbog bliver til p\u00e5 bloggen\"}]},{\"@type\":\"WebSite\",\"@id\":\"https:\\\/\\\/www.overskrift.dk\\\/blog\\\/#website\",\"url\":\"https:\\\/\\\/www.overskrift.dk\\\/blog\\\/\",\"name\":\"Overskrifts blog\",\"description\":\"Nyeste indl\u00e6g\",\"publisher\":{\"@id\":\"https:\\\/\\\/www.overskrift.dk\\\/blog\\\/#organization\"},\"potentialAction\":[{\"@type\":\"SearchAction\",\"target\":{\"@type\":\"EntryPoint\",\"urlTemplate\":\"https:\\\/\\\/www.overskrift.dk\\\/blog\\\/?s={search_term_string}\"},\"query-input\":{\"@type\":\"PropertyValueSpecification\",\"valueRequired\":true,\"valueName\":\"search_term_string\"}}],\"inLanguage\":\"da-DK\"},{\"@type\":\"Organization\",\"@id\":\"https:\\\/\\\/www.overskrift.dk\\\/blog\\\/#organization\",\"name\":\"Overskrift ApS\",\"url\":\"https:\\\/\\\/www.overskrift.dk\\\/blog\\\/\",\"logo\":{\"@type\":\"ImageObject\",\"inLanguage\":\"da-DK\",\"@id\":\"https:\\\/\\\/www.overskrift.dk\\\/blog\\\/#\\\/schema\\\/logo\\\/image\\\/\",\"url\":\"https:\\\/\\\/blog.overskrift.dk\\\/wp-content\\\/uploads\\\/Just-the-dots-1.png\",\"contentUrl\":\"https:\\\/\\\/blog.overskrift.dk\\\/wp-content\\\/uploads\\\/Just-the-dots-1.png\",\"width\":258,\"height\":257,\"caption\":\"Overskrift ApS\"},\"image\":{\"@id\":\"https:\\\/\\\/www.overskrift.dk\\\/blog\\\/#\\\/schema\\\/logo\\\/image\\\/\"},\"sameAs\":[\"https:\\\/\\\/www.facebook.com\\\/overskrift\",\"https:\\\/\\\/x.com\\\/overskrift\",\"https:\\\/\\\/www.instagram.com\\\/overskrift\\\/\",\"https:\\\/\\\/www.linkedin.com\\\/company\\\/10153434\"]},{\"@type\":\"Person\",\"@id\":\"https:\\\/\\\/www.overskrift.dk\\\/blog\\\/#\\\/schema\\\/person\\\/b78220010603ce4384fa7758a6eabaf3\",\"name\":\"Stefan B\u00f8gh-Andersen\",\"image\":{\"@type\":\"ImageObject\",\"inLanguage\":\"da-DK\",\"@id\":\"https:\\\/\\\/secure.gravatar.com\\\/avatar\\\/f7eee59b7b5aa69f61ce713b6f85ef24d2faef678f186072e924c71249c2d2d6?s=96&d=mm&r=g\",\"url\":\"https:\\\/\\\/secure.gravatar.com\\\/avatar\\\/f7eee59b7b5aa69f61ce713b6f85ef24d2faef678f186072e924c71249c2d2d6?s=96&d=mm&r=g\",\"contentUrl\":\"https:\\\/\\\/secure.gravatar.com\\\/avatar\\\/f7eee59b7b5aa69f61ce713b6f85ef24d2faef678f186072e924c71249c2d2d6?s=96&d=mm&r=g\",\"caption\":\"Stefan B\u00f8gh-Andersen\"},\"description\":\"Indl\u00e6gget er skrevet af Stefan, der er direkt\u00f8r i og stifter af Overskrift. Stefan er en skarp analytiker og har mange \u00e5rs erfaring med r\u00e5dgivning inden for sociale medier og nyhedssites.\",\"url\":\"https:\\\/\\\/www.overskrift.dk\\\/blog\\\/author\\\/stefan\\\/\"}]}<\/script>\n<!-- \/ Yoast SEO plugin. -->","yoast_head_json":{"title":"Politisk debatbog bliver til p\u00e5 bloggen - Overskrifts blog","robots":{"index":"index","follow":"follow","max-snippet":"max-snippet:-1","max-image-preview":"max-image-preview:large","max-video-preview":"max-video-preview:-1"},"canonical":"https:\/\/www.overskrift.dk\/blog\/2007\/09\/06\/politisk-debatbog-bliver-til-pa-bloggen\/","og_locale":"da_DK","og_type":"article","og_title":"Politisk debatbog bliver til p\u00e5 bloggen - Overskrifts blog","og_description":"Det ser ud til at nogle politikere virkeligt har taget blog-mediet til sig: nu har de 3 politikere Claus Hjort Frederiksen (Venstre), Martin Lidegaard (Radikale) og Villy S\u00f8vndal&hellip;","og_url":"https:\/\/www.overskrift.dk\/blog\/2007\/09\/06\/politisk-debatbog-bliver-til-pa-bloggen\/","og_site_name":"Overskrifts blog","article_publisher":"https:\/\/www.facebook.com\/overskrift","article_published_time":"2007-09-06T14:55:20+00:00","article_modified_time":"2017-04-18T12:30:57+00:00","og_image":[{"url":"http:\/\/blog.overskrift.dk\/wp-content\/uploads\/2007\/09\/DebatBog-WeblogDK.jpg","type":"","width":"","height":""}],"author":"Stefan B\u00f8gh-Andersen","twitter_card":"summary_large_image","twitter_creator":"@overskrift","twitter_site":"@overskrift","schema":{"@context":"https:\/\/schema.org","@graph":[{"@type":"Article","@id":"https:\/\/www.overskrift.dk\/blog\/2007\/09\/06\/politisk-debatbog-bliver-til-pa-bloggen\/#article","isPartOf":{"@id":"https:\/\/www.overskrift.dk\/blog\/2007\/09\/06\/politisk-debatbog-bliver-til-pa-bloggen\/"},"author":{"name":"Stefan B\u00f8gh-Andersen","@id":"https:\/\/www.overskrift.dk\/blog\/#\/schema\/person\/b78220010603ce4384fa7758a6eabaf3"},"headline":"Politisk debatbog bliver til p\u00e5 bloggen","datePublished":"2007-09-06T14:55:20+00:00","dateModified":"2017-04-18T12:30:57+00:00","mainEntityOfPage":{"@id":"https:\/\/www.overskrift.dk\/blog\/2007\/09\/06\/politisk-debatbog-bliver-til-pa-bloggen\/"},"wordCount":247,"commentCount":0,"publisher":{"@id":"https:\/\/www.overskrift.dk\/blog\/#organization"},"image":{"@id":"https:\/\/www.overskrift.dk\/blog\/2007\/09\/06\/politisk-debatbog-bliver-til-pa-bloggen\/#primaryimage"},"thumbnailUrl":"http:\/\/blog.overskrift.dk\/wp-content\/uploads\/2007\/09\/DebatBog-WeblogDK.jpg","keywords":["Blogosf\u00e6re","Det Radikale Venstre","Nye blogs","Politik","SF","Venstre"],"articleSection":["Trends"],"inLanguage":"da-DK","potentialAction":[{"@type":"CommentAction","name":"Comment","target":["https:\/\/www.overskrift.dk\/blog\/2007\/09\/06\/politisk-debatbog-bliver-til-pa-bloggen\/#respond"]}]},{"@type":"WebPage","@id":"https:\/\/www.overskrift.dk\/blog\/2007\/09\/06\/politisk-debatbog-bliver-til-pa-bloggen\/","url":"https:\/\/www.overskrift.dk\/blog\/2007\/09\/06\/politisk-debatbog-bliver-til-pa-bloggen\/","name":"Politisk debatbog bliver til p\u00e5 bloggen - Overskrifts blog","isPartOf":{"@id":"https:\/\/www.overskrift.dk\/blog\/#website"},"primaryImageOfPage":{"@id":"https:\/\/www.overskrift.dk\/blog\/2007\/09\/06\/politisk-debatbog-bliver-til-pa-bloggen\/#primaryimage"},"image":{"@id":"https:\/\/www.overskrift.dk\/blog\/2007\/09\/06\/politisk-debatbog-bliver-til-pa-bloggen\/#primaryimage"},"thumbnailUrl":"http:\/\/blog.overskrift.dk\/wp-content\/uploads\/2007\/09\/DebatBog-WeblogDK.jpg","datePublished":"2007-09-06T14:55:20+00:00","dateModified":"2017-04-18T12:30:57+00:00","breadcrumb":{"@id":"https:\/\/www.overskrift.dk\/blog\/2007\/09\/06\/politisk-debatbog-bliver-til-pa-bloggen\/#breadcrumb"},"inLanguage":"da-DK","potentialAction":[{"@type":"ReadAction","target":["https:\/\/www.overskrift.dk\/blog\/2007\/09\/06\/politisk-debatbog-bliver-til-pa-bloggen\/"]}]},{"@type":"ImageObject","inLanguage":"da-DK","@id":"https:\/\/www.overskrift.dk\/blog\/2007\/09\/06\/politisk-debatbog-bliver-til-pa-bloggen\/#primaryimage","url":"http:\/\/blog.overskrift.dk\/wp-content\/uploads\/2007\/09\/DebatBog-WeblogDK.jpg","contentUrl":"http:\/\/blog.overskrift.dk\/wp-content\/uploads\/2007\/09\/DebatBog-WeblogDK.jpg"},{"@type":"BreadcrumbList","@id":"https:\/\/www.overskrift.dk\/blog\/2007\/09\/06\/politisk-debatbog-bliver-til-pa-bloggen\/#breadcrumb","itemListElement":[{"@type":"ListItem","position":1,"name":"Hjem","item":"https:\/\/www.overskrift.dk\/blog\/"},{"@type":"ListItem","position":2,"name":"Politisk debatbog bliver til p\u00e5 bloggen"}]},{"@type":"WebSite","@id":"https:\/\/www.overskrift.dk\/blog\/#website","url":"https:\/\/www.overskrift.dk\/blog\/","name":"Overskrifts blog","description":"Nyeste indl\u00e6g","publisher":{"@id":"https:\/\/www.overskrift.dk\/blog\/#organization"},"potentialAction":[{"@type":"SearchAction","target":{"@type":"EntryPoint","urlTemplate":"https:\/\/www.overskrift.dk\/blog\/?s={search_term_string}"},"query-input":{"@type":"PropertyValueSpecification","valueRequired":true,"valueName":"search_term_string"}}],"inLanguage":"da-DK"},{"@type":"Organization","@id":"https:\/\/www.overskrift.dk\/blog\/#organization","name":"Overskrift ApS","url":"https:\/\/www.overskrift.dk\/blog\/","logo":{"@type":"ImageObject","inLanguage":"da-DK","@id":"https:\/\/www.overskrift.dk\/blog\/#\/schema\/logo\/image\/","url":"https:\/\/blog.overskrift.dk\/wp-content\/uploads\/Just-the-dots-1.png","contentUrl":"https:\/\/blog.overskrift.dk\/wp-content\/uploads\/Just-the-dots-1.png","width":258,"height":257,"caption":"Overskrift ApS"},"image":{"@id":"https:\/\/www.overskrift.dk\/blog\/#\/schema\/logo\/image\/"},"sameAs":["https:\/\/www.facebook.com\/overskrift","https:\/\/x.com\/overskrift","https:\/\/www.instagram.com\/overskrift\/","https:\/\/www.linkedin.com\/company\/10153434"]},{"@type":"Person","@id":"https:\/\/www.overskrift.dk\/blog\/#\/schema\/person\/b78220010603ce4384fa7758a6eabaf3","name":"Stefan B\u00f8gh-Andersen","image":{"@type":"ImageObject","inLanguage":"da-DK","@id":"https:\/\/secure.gravatar.com\/avatar\/f7eee59b7b5aa69f61ce713b6f85ef24d2faef678f186072e924c71249c2d2d6?s=96&d=mm&r=g","url":"https:\/\/secure.gravatar.com\/avatar\/f7eee59b7b5aa69f61ce713b6f85ef24d2faef678f186072e924c71249c2d2d6?s=96&d=mm&r=g","contentUrl":"https:\/\/secure.gravatar.com\/avatar\/f7eee59b7b5aa69f61ce713b6f85ef24d2faef678f186072e924c71249c2d2d6?s=96&d=mm&r=g","caption":"Stefan B\u00f8gh-Andersen"},"description":"Indl\u00e6gget er skrevet af Stefan, der er direkt\u00f8r i og stifter af Overskrift. Stefan er en skarp analytiker og har mange \u00e5rs erfaring med r\u00e5dgivning inden for sociale medier og nyhedssites.","url":"https:\/\/www.overskrift.dk\/blog\/author\/stefan\/"}]}},"_links":{"self":[{"href":"https:\/\/www.overskrift.dk\/blog\/wp-json\/wp\/v2\/posts\/416","targetHints":{"allow":["GET"]}}],"collection":[{"href":"https:\/\/www.overskrift.dk\/blog\/wp-json\/wp\/v2\/posts"}],"about":[{"href":"https:\/\/www.overskrift.dk\/blog\/wp-json\/wp\/v2\/types\/post"}],"author":[{"embeddable":true,"href":"https:\/\/www.overskrift.dk\/blog\/wp-json\/wp\/v2\/users\/4"}],"replies":[{"embeddable":true,"href":"https:\/\/www.overskrift.dk\/blog\/wp-json\/wp\/v2\/comments?post=416"}],"version-history":[{"count":1,"href":"https:\/\/www.overskrift.dk\/blog\/wp-json\/wp\/v2\/posts\/416\/revisions"}],"predecessor-version":[{"id":6931,"href":"https:\/\/www.overskrift.dk\/blog\/wp-json\/wp\/v2\/posts\/416\/revisions\/6931"}],"wp:attachment":[{"href":"https:\/\/www.overskrift.dk\/blog\/wp-json\/wp\/v2\/media?parent=416"}],"wp:term":[{"taxonomy":"category","embeddable":true,"href":"https:\/\/www.overskrift.dk\/blog\/wp-json\/wp\/v2\/categories?post=416"},{"taxonomy":"post_tag","embeddable":true,"href":"https:\/\/www.overskrift.dk\/blog\/wp-json\/wp\/v2\/tags?post=416"}],"curies":[{"name":"wp","href":"https:\/\/api.w.org\/{rel}","templated":true}]}}