{"id":465,"date":"2007-09-23T18:52:59","date_gmt":"2007-09-23T16:52:59","guid":{"rendered":"http:\/\/blog.overskrift.dk\/2007\/09\/23\/mondos-direktor-mod-blogger-jp-journalist\/"},"modified":"2017-04-18T13:56:50","modified_gmt":"2017-04-18T11:56:50","slug":"mondos-direktor-mod-blogger-jp-journalist","status":"publish","type":"post","link":"https:\/\/www.overskrift.dk\/blog\/2007\/09\/23\/mondos-direktor-mod-blogger-jp-journalist\/","title":{"rendered":"Mondos direkt\u00f8r mod-blogger JP journalist"},"content":{"rendered":"<p><a href=\"http:\/\/www.mondo.dk\/\">Mondos<\/a> direkt\u00f8r Anders Chr. Andersen f\u00f8ler sig i den grad misbrugt af en navngiven(?) journalist p\u00e5 Jyllandsposten, at Anders <a href=\"http:\/\/blog.mondo.dk\/andersmening\/diverse\/26\/mon-ikke-jyllandsposten-vinder-cavlingprisen-i-ar\/\">tager til gevaldig genv\u00e6le p\u00e5 sin blog<\/a>, &#8220;Anders&#8217; mening&#8221;.<br \/>\nDa jeg  &#8211; ligesom bestyrelsen i Mondo &#8211; ikke l\u00e6ser JP, er jeg ikke klar over om der faktisk kom en historie ud af det i JP, ihvertfald ikke online endnu.<\/p>\n<p>Men det er da en speget sag med mange elementer: Jyllandspostens holdning til muslimske lande(!), outsourcing, opk\u00f8b af underskudsgivende firmaer, flytning af firmaet til ny bygning som man lejer sig ind i p\u00e5 langt lejem\u00e5l, hvorefter direkt\u00f8rens <em>private <\/em>investeringsfirma opk\u00f8ber hele ejendommen lige bagefter, hints om at andre &#8211; en mystisk &#8220;PF&#8221; &#8211; m\u00e5ske har sendt journalisten i k\u00f8det p\u00e5 Mondo, og af hvilke \u00e5rsager? (Vi har p\u00e5 Overskrift allerede f\u00e5et bud p\u00e5 hvem PF kunne v\u00e6re).<\/p>\n<p>Men Anders tager i den grad bladet fra munden og han f\u00e5r da ogs\u00e5 journalistens fag-etik at f\u00f8le:<\/p>\n<blockquote><p><em>&#8220;Hej Anders<\/em><br \/>\n<em>Tak for din mail. Vi har <strong>ikke <\/strong>lavet nogen aftale om, at du p\u00e5  forh\u00e5nd skal have dine citater til gennemsyn, s\u00e5 <strong>det f\u00e5r du ikke<\/strong>.&#8221;<\/em><\/p><\/blockquote>\n<p>Tak for kaffe! S\u00e5 er det da godt at Anders har sit <a title=\"Anders' mening blog\" href=\"http:\/\/blog.mondo.dk\/andersmening\/\">eget medie<\/a> hvor han selv kan komme til orde.<\/p>\n<p>Jeg bloggede i\u00f8vrigt om <a href=\"http:\/\/blog.overskrift.dk\/2006\/09\/08\/danmarks-forste-virksomhedsblogger-fra-et-borsnoteret-selskab\/\">Anders&#8217; blog for et \u00e5rs tid siden<\/a>, da Mondo var ved at g\u00e5 p\u00e5 B\u00f8rsen og Anders dermed blev den f\u00f8rste danske virksomhedsbloggende direkt\u00f8r for et b\u00f8rsnoteret selskab, s\u00e5 vidt jeg kunne se. siden dengang har Anders da ogs\u00e5 haft sit hyr med pressen en del gange, kan man l\u00e6se p\u00e5 hans blog.<\/p>\n<p>Der er dem som siger at danske virksomhedsblogs er for p\u00e6ne, nydelige og alt for kedelige  &#8211; ikke her!<\/p>\n<p><strong>UPDATE<\/strong>: Jeg ser nu at ogs\u00e5 bestyrelsesmedlem i Mondo, den navnkyndige Internet-advokat Martin von Haller Gr\u00f8nb\u00e6k, ogs\u00e5 har <a href=\"http:\/\/suse.groenbaek.net\/openlife\/2007\/09\/23\/anvendelse-af-corporate-blogs\/\">noteret sig Anders&#8217; indl\u00e6g<\/a>.<!--83447dbfc457f98bd991e7af160ac012--><\/p>\n","protected":false},"excerpt":{"rendered":"<p>Mondos direkt\u00f8r Anders Chr. Andersen f\u00f8ler sig i den grad misbrugt af en navngiven(?) journalist p\u00e5 Jyllandsposten, at Anders tager til gevaldig genv\u00e6le p\u00e5 sin blog, &#8220;Anders&#8217; mening&#8221;.&hellip;<\/p>\n","protected":false},"author":4,"featured_media":0,"comment_status":"open","ping_status":"open","sticky":false,"template":"","format":"standard","meta":{"cybocfi_hide_featured_image":"","footnotes":""},"categories":[305],"tags":[322,344,409,312,407],"class_list":["post-465","post","type-post","status-publish","format-standard","hentry","category-trends","tag-blogosfaere","tag-corporate-blogging","tag-etik","tag-medier","tag-virksomhedsblog"],"yoast_head":"<!-- This site is optimized with the Yoast SEO plugin v27.4 - https:\/\/yoast.com\/product\/yoast-seo-wordpress\/ -->\n<title>Mondos direkt\u00f8r mod-blogger JP journalist - Overskrifts blog<\/title>\n<meta name=\"robots\" content=\"index, follow, max-snippet:-1, max-image-preview:large, max-video-preview:-1\" \/>\n<link rel=\"canonical\" href=\"https:\/\/www.overskrift.dk\/blog\/2007\/09\/23\/mondos-direktor-mod-blogger-jp-journalist\/\" \/>\n<meta property=\"og:locale\" content=\"da_DK\" \/>\n<meta property=\"og:type\" content=\"article\" \/>\n<meta property=\"og:title\" content=\"Mondos direkt\u00f8r mod-blogger JP journalist - Overskrifts blog\" \/>\n<meta property=\"og:description\" content=\"Mondos direkt\u00f8r Anders Chr. Andersen f\u00f8ler sig i den grad misbrugt af en navngiven(?) journalist p\u00e5 Jyllandsposten, at Anders tager til gevaldig genv\u00e6le p\u00e5 sin blog, &#8220;Anders&#8217; mening&#8221;.&hellip;\" \/>\n<meta property=\"og:url\" content=\"https:\/\/www.overskrift.dk\/blog\/2007\/09\/23\/mondos-direktor-mod-blogger-jp-journalist\/\" \/>\n<meta property=\"og:site_name\" content=\"Overskrifts blog\" \/>\n<meta property=\"article:publisher\" content=\"https:\/\/www.facebook.com\/overskrift\" \/>\n<meta property=\"article:published_time\" content=\"2007-09-23T16:52:59+00:00\" \/>\n<meta property=\"article:modified_time\" content=\"2017-04-18T11:56:50+00:00\" \/>\n<meta property=\"og:image\" content=\"https:\/\/www.overskrift.dk\/blog\/wp-content\/uploads\/butterfly-effect-2808334_1920.jpg\" \/>\n\t<meta property=\"og:image:width\" content=\"1920\" \/>\n\t<meta property=\"og:image:height\" content=\"689\" \/>\n\t<meta property=\"og:image:type\" content=\"image\/jpeg\" \/>\n<meta name=\"author\" content=\"Stefan B\u00f8gh-Andersen\" \/>\n<meta name=\"twitter:card\" content=\"summary_large_image\" \/>\n<meta name=\"twitter:creator\" content=\"@overskrift\" \/>\n<meta name=\"twitter:site\" content=\"@overskrift\" \/>\n<script type=\"application\/ld+json\" class=\"yoast-schema-graph\">{\"@context\":\"https:\\\/\\\/schema.org\",\"@graph\":[{\"@type\":\"Article\",\"@id\":\"https:\\\/\\\/www.overskrift.dk\\\/blog\\\/2007\\\/09\\\/23\\\/mondos-direktor-mod-blogger-jp-journalist\\\/#article\",\"isPartOf\":{\"@id\":\"https:\\\/\\\/www.overskrift.dk\\\/blog\\\/2007\\\/09\\\/23\\\/mondos-direktor-mod-blogger-jp-journalist\\\/\"},\"author\":{\"name\":\"Stefan B\u00f8gh-Andersen\",\"@id\":\"https:\\\/\\\/www.overskrift.dk\\\/blog\\\/#\\\/schema\\\/person\\\/b78220010603ce4384fa7758a6eabaf3\"},\"headline\":\"Mondos direkt\u00f8r mod-blogger JP journalist\",\"datePublished\":\"2007-09-23T16:52:59+00:00\",\"dateModified\":\"2017-04-18T11:56:50+00:00\",\"mainEntityOfPage\":{\"@id\":\"https:\\\/\\\/www.overskrift.dk\\\/blog\\\/2007\\\/09\\\/23\\\/mondos-direktor-mod-blogger-jp-journalist\\\/\"},\"wordCount\":333,\"commentCount\":3,\"publisher\":{\"@id\":\"https:\\\/\\\/www.overskrift.dk\\\/blog\\\/#organization\"},\"keywords\":[\"Blogosf\u00e6re\",\"Corporate Blogging\",\"Etik\",\"Medier\",\"virksomhedsblog\"],\"articleSection\":[\"Trends\"],\"inLanguage\":\"da-DK\",\"potentialAction\":[{\"@type\":\"CommentAction\",\"name\":\"Comment\",\"target\":[\"https:\\\/\\\/www.overskrift.dk\\\/blog\\\/2007\\\/09\\\/23\\\/mondos-direktor-mod-blogger-jp-journalist\\\/#respond\"]}]},{\"@type\":\"WebPage\",\"@id\":\"https:\\\/\\\/www.overskrift.dk\\\/blog\\\/2007\\\/09\\\/23\\\/mondos-direktor-mod-blogger-jp-journalist\\\/\",\"url\":\"https:\\\/\\\/www.overskrift.dk\\\/blog\\\/2007\\\/09\\\/23\\\/mondos-direktor-mod-blogger-jp-journalist\\\/\",\"name\":\"Mondos direkt\u00f8r mod-blogger JP journalist - Overskrifts blog\",\"isPartOf\":{\"@id\":\"https:\\\/\\\/www.overskrift.dk\\\/blog\\\/#website\"},\"datePublished\":\"2007-09-23T16:52:59+00:00\",\"dateModified\":\"2017-04-18T11:56:50+00:00\",\"breadcrumb\":{\"@id\":\"https:\\\/\\\/www.overskrift.dk\\\/blog\\\/2007\\\/09\\\/23\\\/mondos-direktor-mod-blogger-jp-journalist\\\/#breadcrumb\"},\"inLanguage\":\"da-DK\",\"potentialAction\":[{\"@type\":\"ReadAction\",\"target\":[\"https:\\\/\\\/www.overskrift.dk\\\/blog\\\/2007\\\/09\\\/23\\\/mondos-direktor-mod-blogger-jp-journalist\\\/\"]}]},{\"@type\":\"BreadcrumbList\",\"@id\":\"https:\\\/\\\/www.overskrift.dk\\\/blog\\\/2007\\\/09\\\/23\\\/mondos-direktor-mod-blogger-jp-journalist\\\/#breadcrumb\",\"itemListElement\":[{\"@type\":\"ListItem\",\"position\":1,\"name\":\"Hjem\",\"item\":\"https:\\\/\\\/www.overskrift.dk\\\/blog\\\/\"},{\"@type\":\"ListItem\",\"position\":2,\"name\":\"Mondos direkt\u00f8r mod-blogger JP journalist\"}]},{\"@type\":\"WebSite\",\"@id\":\"https:\\\/\\\/www.overskrift.dk\\\/blog\\\/#website\",\"url\":\"https:\\\/\\\/www.overskrift.dk\\\/blog\\\/\",\"name\":\"Overskrifts blog\",\"description\":\"Nyeste indl\u00e6g\",\"publisher\":{\"@id\":\"https:\\\/\\\/www.overskrift.dk\\\/blog\\\/#organization\"},\"potentialAction\":[{\"@type\":\"SearchAction\",\"target\":{\"@type\":\"EntryPoint\",\"urlTemplate\":\"https:\\\/\\\/www.overskrift.dk\\\/blog\\\/?s={search_term_string}\"},\"query-input\":{\"@type\":\"PropertyValueSpecification\",\"valueRequired\":true,\"valueName\":\"search_term_string\"}}],\"inLanguage\":\"da-DK\"},{\"@type\":\"Organization\",\"@id\":\"https:\\\/\\\/www.overskrift.dk\\\/blog\\\/#organization\",\"name\":\"Overskrift ApS\",\"url\":\"https:\\\/\\\/www.overskrift.dk\\\/blog\\\/\",\"logo\":{\"@type\":\"ImageObject\",\"inLanguage\":\"da-DK\",\"@id\":\"https:\\\/\\\/www.overskrift.dk\\\/blog\\\/#\\\/schema\\\/logo\\\/image\\\/\",\"url\":\"https:\\\/\\\/blog.overskrift.dk\\\/wp-content\\\/uploads\\\/Just-the-dots-1.png\",\"contentUrl\":\"https:\\\/\\\/blog.overskrift.dk\\\/wp-content\\\/uploads\\\/Just-the-dots-1.png\",\"width\":258,\"height\":257,\"caption\":\"Overskrift ApS\"},\"image\":{\"@id\":\"https:\\\/\\\/www.overskrift.dk\\\/blog\\\/#\\\/schema\\\/logo\\\/image\\\/\"},\"sameAs\":[\"https:\\\/\\\/www.facebook.com\\\/overskrift\",\"https:\\\/\\\/x.com\\\/overskrift\",\"https:\\\/\\\/www.instagram.com\\\/overskrift\\\/\",\"https:\\\/\\\/www.linkedin.com\\\/company\\\/10153434\"]},{\"@type\":\"Person\",\"@id\":\"https:\\\/\\\/www.overskrift.dk\\\/blog\\\/#\\\/schema\\\/person\\\/b78220010603ce4384fa7758a6eabaf3\",\"name\":\"Stefan B\u00f8gh-Andersen\",\"image\":{\"@type\":\"ImageObject\",\"inLanguage\":\"da-DK\",\"@id\":\"https:\\\/\\\/secure.gravatar.com\\\/avatar\\\/f7eee59b7b5aa69f61ce713b6f85ef24d2faef678f186072e924c71249c2d2d6?s=96&d=mm&r=g\",\"url\":\"https:\\\/\\\/secure.gravatar.com\\\/avatar\\\/f7eee59b7b5aa69f61ce713b6f85ef24d2faef678f186072e924c71249c2d2d6?s=96&d=mm&r=g\",\"contentUrl\":\"https:\\\/\\\/secure.gravatar.com\\\/avatar\\\/f7eee59b7b5aa69f61ce713b6f85ef24d2faef678f186072e924c71249c2d2d6?s=96&d=mm&r=g\",\"caption\":\"Stefan B\u00f8gh-Andersen\"},\"description\":\"Indl\u00e6gget er skrevet af Stefan, der er direkt\u00f8r i og stifter af Overskrift. Stefan er en skarp analytiker og har mange \u00e5rs erfaring med r\u00e5dgivning inden for sociale medier og nyhedssites.\",\"url\":\"https:\\\/\\\/www.overskrift.dk\\\/blog\\\/author\\\/stefan\\\/\"}]}<\/script>\n<!-- \/ Yoast SEO plugin. -->","yoast_head_json":{"title":"Mondos direkt\u00f8r mod-blogger JP journalist - Overskrifts blog","robots":{"index":"index","follow":"follow","max-snippet":"max-snippet:-1","max-image-preview":"max-image-preview:large","max-video-preview":"max-video-preview:-1"},"canonical":"https:\/\/www.overskrift.dk\/blog\/2007\/09\/23\/mondos-direktor-mod-blogger-jp-journalist\/","og_locale":"da_DK","og_type":"article","og_title":"Mondos direkt\u00f8r mod-blogger JP journalist - Overskrifts blog","og_description":"Mondos direkt\u00f8r Anders Chr. Andersen f\u00f8ler sig i den grad misbrugt af en navngiven(?) journalist p\u00e5 Jyllandsposten, at Anders tager til gevaldig genv\u00e6le p\u00e5 sin blog, &#8220;Anders&#8217; mening&#8221;.&hellip;","og_url":"https:\/\/www.overskrift.dk\/blog\/2007\/09\/23\/mondos-direktor-mod-blogger-jp-journalist\/","og_site_name":"Overskrifts blog","article_publisher":"https:\/\/www.facebook.com\/overskrift","article_published_time":"2007-09-23T16:52:59+00:00","article_modified_time":"2017-04-18T11:56:50+00:00","og_image":[{"width":1920,"height":689,"url":"https:\/\/www.overskrift.dk\/blog\/wp-content\/uploads\/butterfly-effect-2808334_1920.jpg","type":"image\/jpeg"}],"author":"Stefan B\u00f8gh-Andersen","twitter_card":"summary_large_image","twitter_creator":"@overskrift","twitter_site":"@overskrift","schema":{"@context":"https:\/\/schema.org","@graph":[{"@type":"Article","@id":"https:\/\/www.overskrift.dk\/blog\/2007\/09\/23\/mondos-direktor-mod-blogger-jp-journalist\/#article","isPartOf":{"@id":"https:\/\/www.overskrift.dk\/blog\/2007\/09\/23\/mondos-direktor-mod-blogger-jp-journalist\/"},"author":{"name":"Stefan B\u00f8gh-Andersen","@id":"https:\/\/www.overskrift.dk\/blog\/#\/schema\/person\/b78220010603ce4384fa7758a6eabaf3"},"headline":"Mondos direkt\u00f8r mod-blogger JP journalist","datePublished":"2007-09-23T16:52:59+00:00","dateModified":"2017-04-18T11:56:50+00:00","mainEntityOfPage":{"@id":"https:\/\/www.overskrift.dk\/blog\/2007\/09\/23\/mondos-direktor-mod-blogger-jp-journalist\/"},"wordCount":333,"commentCount":3,"publisher":{"@id":"https:\/\/www.overskrift.dk\/blog\/#organization"},"keywords":["Blogosf\u00e6re","Corporate Blogging","Etik","Medier","virksomhedsblog"],"articleSection":["Trends"],"inLanguage":"da-DK","potentialAction":[{"@type":"CommentAction","name":"Comment","target":["https:\/\/www.overskrift.dk\/blog\/2007\/09\/23\/mondos-direktor-mod-blogger-jp-journalist\/#respond"]}]},{"@type":"WebPage","@id":"https:\/\/www.overskrift.dk\/blog\/2007\/09\/23\/mondos-direktor-mod-blogger-jp-journalist\/","url":"https:\/\/www.overskrift.dk\/blog\/2007\/09\/23\/mondos-direktor-mod-blogger-jp-journalist\/","name":"Mondos direkt\u00f8r mod-blogger JP journalist - Overskrifts blog","isPartOf":{"@id":"https:\/\/www.overskrift.dk\/blog\/#website"},"datePublished":"2007-09-23T16:52:59+00:00","dateModified":"2017-04-18T11:56:50+00:00","breadcrumb":{"@id":"https:\/\/www.overskrift.dk\/blog\/2007\/09\/23\/mondos-direktor-mod-blogger-jp-journalist\/#breadcrumb"},"inLanguage":"da-DK","potentialAction":[{"@type":"ReadAction","target":["https:\/\/www.overskrift.dk\/blog\/2007\/09\/23\/mondos-direktor-mod-blogger-jp-journalist\/"]}]},{"@type":"BreadcrumbList","@id":"https:\/\/www.overskrift.dk\/blog\/2007\/09\/23\/mondos-direktor-mod-blogger-jp-journalist\/#breadcrumb","itemListElement":[{"@type":"ListItem","position":1,"name":"Hjem","item":"https:\/\/www.overskrift.dk\/blog\/"},{"@type":"ListItem","position":2,"name":"Mondos direkt\u00f8r mod-blogger JP journalist"}]},{"@type":"WebSite","@id":"https:\/\/www.overskrift.dk\/blog\/#website","url":"https:\/\/www.overskrift.dk\/blog\/","name":"Overskrifts blog","description":"Nyeste indl\u00e6g","publisher":{"@id":"https:\/\/www.overskrift.dk\/blog\/#organization"},"potentialAction":[{"@type":"SearchAction","target":{"@type":"EntryPoint","urlTemplate":"https:\/\/www.overskrift.dk\/blog\/?s={search_term_string}"},"query-input":{"@type":"PropertyValueSpecification","valueRequired":true,"valueName":"search_term_string"}}],"inLanguage":"da-DK"},{"@type":"Organization","@id":"https:\/\/www.overskrift.dk\/blog\/#organization","name":"Overskrift ApS","url":"https:\/\/www.overskrift.dk\/blog\/","logo":{"@type":"ImageObject","inLanguage":"da-DK","@id":"https:\/\/www.overskrift.dk\/blog\/#\/schema\/logo\/image\/","url":"https:\/\/blog.overskrift.dk\/wp-content\/uploads\/Just-the-dots-1.png","contentUrl":"https:\/\/blog.overskrift.dk\/wp-content\/uploads\/Just-the-dots-1.png","width":258,"height":257,"caption":"Overskrift ApS"},"image":{"@id":"https:\/\/www.overskrift.dk\/blog\/#\/schema\/logo\/image\/"},"sameAs":["https:\/\/www.facebook.com\/overskrift","https:\/\/x.com\/overskrift","https:\/\/www.instagram.com\/overskrift\/","https:\/\/www.linkedin.com\/company\/10153434"]},{"@type":"Person","@id":"https:\/\/www.overskrift.dk\/blog\/#\/schema\/person\/b78220010603ce4384fa7758a6eabaf3","name":"Stefan B\u00f8gh-Andersen","image":{"@type":"ImageObject","inLanguage":"da-DK","@id":"https:\/\/secure.gravatar.com\/avatar\/f7eee59b7b5aa69f61ce713b6f85ef24d2faef678f186072e924c71249c2d2d6?s=96&d=mm&r=g","url":"https:\/\/secure.gravatar.com\/avatar\/f7eee59b7b5aa69f61ce713b6f85ef24d2faef678f186072e924c71249c2d2d6?s=96&d=mm&r=g","contentUrl":"https:\/\/secure.gravatar.com\/avatar\/f7eee59b7b5aa69f61ce713b6f85ef24d2faef678f186072e924c71249c2d2d6?s=96&d=mm&r=g","caption":"Stefan B\u00f8gh-Andersen"},"description":"Indl\u00e6gget er skrevet af Stefan, der er direkt\u00f8r i og stifter af Overskrift. Stefan er en skarp analytiker og har mange \u00e5rs erfaring med r\u00e5dgivning inden for sociale medier og nyhedssites.","url":"https:\/\/www.overskrift.dk\/blog\/author\/stefan\/"}]}},"_links":{"self":[{"href":"https:\/\/www.overskrift.dk\/blog\/wp-json\/wp\/v2\/posts\/465","targetHints":{"allow":["GET"]}}],"collection":[{"href":"https:\/\/www.overskrift.dk\/blog\/wp-json\/wp\/v2\/posts"}],"about":[{"href":"https:\/\/www.overskrift.dk\/blog\/wp-json\/wp\/v2\/types\/post"}],"author":[{"embeddable":true,"href":"https:\/\/www.overskrift.dk\/blog\/wp-json\/wp\/v2\/users\/4"}],"replies":[{"embeddable":true,"href":"https:\/\/www.overskrift.dk\/blog\/wp-json\/wp\/v2\/comments?post=465"}],"version-history":[{"count":1,"href":"https:\/\/www.overskrift.dk\/blog\/wp-json\/wp\/v2\/posts\/465\/revisions"}],"predecessor-version":[{"id":6769,"href":"https:\/\/www.overskrift.dk\/blog\/wp-json\/wp\/v2\/posts\/465\/revisions\/6769"}],"wp:attachment":[{"href":"https:\/\/www.overskrift.dk\/blog\/wp-json\/wp\/v2\/media?parent=465"}],"wp:term":[{"taxonomy":"category","embeddable":true,"href":"https:\/\/www.overskrift.dk\/blog\/wp-json\/wp\/v2\/categories?post=465"},{"taxonomy":"post_tag","embeddable":true,"href":"https:\/\/www.overskrift.dk\/blog\/wp-json\/wp\/v2\/tags?post=465"}],"curies":[{"name":"wp","href":"https:\/\/api.w.org\/{rel}","templated":true}]}}