{"id":552,"date":"2007-10-29T12:37:08","date_gmt":"2007-10-29T11:37:08","guid":{"rendered":"http:\/\/blog.overskrift.dk\/2007\/10\/29\/geo-information-anvendes-i-valgkampen\/"},"modified":"2017-04-18T14:38:32","modified_gmt":"2017-04-18T12:38:32","slug":"geo-information-anvendes-i-valgkampen","status":"publish","type":"post","link":"https:\/\/www.overskrift.dk\/blog\/2007\/10\/29\/geo-information-anvendes-i-valgkampen\/","title":{"rendered":"Geo-information anvendes i valgkampen"},"content":{"rendered":"<p>Journalisten Jesper Ish\u00f8j interesserer sig for hvorledes geografisk information, GIS og data kan anvendes i journalistik. Faktisk s\u00e5 meget at han for nogle f\u00e5 uger siden oprettede siden egen blog, <a href=\"http:\/\/www.geojournalistik.dk\">GeoJournalistik<\/a>, udelukkende om koblingen mellem geo-information og journalistik.<\/p>\n<p>Jeg synes selv det m\u00e5 v\u00e6re oplagt i valgkampen at anvende online interaktive kort til at illustrere forskellige aspekter ved valget. <a href=\"http:\/\/www.geojournalistik.dk\/2007\/10\/25\/se-hvor-politikerne-far-flest-stemmer\/#more-62\">Og det er netop har Jesper har gjort<\/a> p\u00e5 <a href=\"http:\/\/www.tv2fyn.dk\/valg\">TV2 \/ Fyns valgsektion<\/a>, hvor det er muligt bl.a. at se hvor de fynske politkere er popul\u00e6re og hvor de fik personlige stemmer ved valget i 2005.<\/p>\n<p>Her f.eks. et udsnit fra <a href=\"http:\/\/www.tv2fyn.dk\/article\/136163\">Niels Helveg Petersens profil<\/a>:<\/p>\n<p><a href=\"http:\/\/www.tv2fyn.dk\/article\/136163\" \/><\/p>\n<div style=\"text-align: center\"><a href=\"http:\/\/www.tv2fyn.dk\/article\/136163\"><img decoding=\"async\" alt=\"valg-geo-fyn-helveg-2.png\" id=\"image553\" src=\"http:\/\/blog.overskrift.dk\/wp-content\/uploads\/2007\/10\/valg-geo-fyn-helveg-2.jpg\" \/><\/a><\/div>\n<p>Der er endda mulighed for at zoome ind og ud, og k\u00f8re musen over kommuner og omr\u00e5der for at g\u00e5 i detalje, som det ogs\u00e5 kendes fra Google Maps.<br \/>\nEller mulighed for at dykke ned i information om hvor partierne var st\u00f8rst ved sidste valg:<\/p>\n<p style=\"text-align: center\"><a href=\"http:\/\/www.tv2fyn.dk\/article\/141649\"><img decoding=\"async\" id=\"image554\" alt=\"valg-geo-fyn-2.png\" src=\"http:\/\/blog.overskrift.dk\/wp-content\/uploads\/2007\/10\/valg-geo-fyn-2.jpg\" \/><\/a><\/p>\n<p>Tak til S\u00f8ren Johannessen, <a href=\"http:\/\/www.microformats.dk\/\">Microformats.dk<\/a> for tip.<\/p>\n<p>Og, husk man p\u00e5 <a href=\"http:\/\/overskrift.dk\/politik\">overskrift.dk\/politik<\/a> bl.a. kan f\u00f8lge hvad politikerne siger s\u00e5&#8217;n n\u00e6sten LIGE NU via deres weblogs.<\/p>\n","protected":false},"excerpt":{"rendered":"<p>Journalisten Jesper Ish\u00f8j interesserer sig for hvorledes geografisk information, GIS og data kan anvendes i journalistik. Faktisk s\u00e5 meget at han for nogle f\u00e5 uger siden oprettede siden&hellip;<\/p>\n","protected":false},"author":4,"featured_media":0,"comment_status":"open","ping_status":"open","sticky":false,"template":"","format":"standard","meta":{"cybocfi_hide_featured_image":"","footnotes":""},"categories":[305],"tags":[403,404,312,381],"class_list":["post-552","post","type-post","status-publish","format-standard","hentry","category-trends","tag-google-maps","tag-mashup","tag-medier","tag-valgkamp"],"yoast_head":"<!-- This site is optimized with the Yoast SEO plugin v27.5 - https:\/\/yoast.com\/product\/yoast-seo-wordpress\/ -->\n<title>Geo-information anvendes i valgkampen - Overskrifts blog<\/title>\n<meta name=\"robots\" content=\"index, follow, max-snippet:-1, max-image-preview:large, max-video-preview:-1\" \/>\n<link rel=\"canonical\" href=\"https:\/\/www.overskrift.dk\/blog\/2007\/10\/29\/geo-information-anvendes-i-valgkampen\/\" \/>\n<meta property=\"og:locale\" content=\"da_DK\" \/>\n<meta property=\"og:type\" content=\"article\" \/>\n<meta property=\"og:title\" content=\"Geo-information anvendes i valgkampen - Overskrifts blog\" \/>\n<meta property=\"og:description\" content=\"Journalisten Jesper Ish\u00f8j interesserer sig for hvorledes geografisk information, GIS og data kan anvendes i journalistik. Faktisk s\u00e5 meget at han for nogle f\u00e5 uger siden oprettede siden&hellip;\" \/>\n<meta property=\"og:url\" content=\"https:\/\/www.overskrift.dk\/blog\/2007\/10\/29\/geo-information-anvendes-i-valgkampen\/\" \/>\n<meta property=\"og:site_name\" content=\"Overskrifts blog\" \/>\n<meta property=\"article:publisher\" content=\"https:\/\/www.facebook.com\/overskrift\" \/>\n<meta property=\"article:published_time\" content=\"2007-10-29T11:37:08+00:00\" \/>\n<meta property=\"article:modified_time\" content=\"2017-04-18T12:38:32+00:00\" \/>\n<meta property=\"og:image\" content=\"http:\/\/blog.overskrift.dk\/wp-content\/uploads\/2007\/10\/valg-geo-fyn-helveg-2.jpg\" \/>\n<meta name=\"author\" content=\"Stefan B\u00f8gh-Andersen\" \/>\n<meta name=\"twitter:card\" content=\"summary_large_image\" \/>\n<meta name=\"twitter:creator\" content=\"@overskrift\" \/>\n<meta name=\"twitter:site\" content=\"@overskrift\" \/>\n<script type=\"application\/ld+json\" class=\"yoast-schema-graph\">{\"@context\":\"https:\\\/\\\/schema.org\",\"@graph\":[{\"@type\":\"Article\",\"@id\":\"https:\\\/\\\/www.overskrift.dk\\\/blog\\\/2007\\\/10\\\/29\\\/geo-information-anvendes-i-valgkampen\\\/#article\",\"isPartOf\":{\"@id\":\"https:\\\/\\\/www.overskrift.dk\\\/blog\\\/2007\\\/10\\\/29\\\/geo-information-anvendes-i-valgkampen\\\/\"},\"author\":{\"name\":\"Stefan B\u00f8gh-Andersen\",\"@id\":\"https:\\\/\\\/www.overskrift.dk\\\/blog\\\/#\\\/schema\\\/person\\\/b78220010603ce4384fa7758a6eabaf3\"},\"headline\":\"Geo-information anvendes i valgkampen\",\"datePublished\":\"2007-10-29T11:37:08+00:00\",\"dateModified\":\"2017-04-18T12:38:32+00:00\",\"mainEntityOfPage\":{\"@id\":\"https:\\\/\\\/www.overskrift.dk\\\/blog\\\/2007\\\/10\\\/29\\\/geo-information-anvendes-i-valgkampen\\\/\"},\"wordCount\":192,\"commentCount\":1,\"publisher\":{\"@id\":\"https:\\\/\\\/www.overskrift.dk\\\/blog\\\/#organization\"},\"image\":{\"@id\":\"https:\\\/\\\/www.overskrift.dk\\\/blog\\\/2007\\\/10\\\/29\\\/geo-information-anvendes-i-valgkampen\\\/#primaryimage\"},\"thumbnailUrl\":\"http:\\\/\\\/blog.overskrift.dk\\\/wp-content\\\/uploads\\\/2007\\\/10\\\/valg-geo-fyn-helveg-2.jpg\",\"keywords\":[\"Google Maps\",\"Mashup\",\"Medier\",\"valgkamp\"],\"articleSection\":[\"Trends\"],\"inLanguage\":\"da-DK\",\"potentialAction\":[{\"@type\":\"CommentAction\",\"name\":\"Comment\",\"target\":[\"https:\\\/\\\/www.overskrift.dk\\\/blog\\\/2007\\\/10\\\/29\\\/geo-information-anvendes-i-valgkampen\\\/#respond\"]}]},{\"@type\":\"WebPage\",\"@id\":\"https:\\\/\\\/www.overskrift.dk\\\/blog\\\/2007\\\/10\\\/29\\\/geo-information-anvendes-i-valgkampen\\\/\",\"url\":\"https:\\\/\\\/www.overskrift.dk\\\/blog\\\/2007\\\/10\\\/29\\\/geo-information-anvendes-i-valgkampen\\\/\",\"name\":\"Geo-information anvendes i valgkampen - Overskrifts blog\",\"isPartOf\":{\"@id\":\"https:\\\/\\\/www.overskrift.dk\\\/blog\\\/#website\"},\"primaryImageOfPage\":{\"@id\":\"https:\\\/\\\/www.overskrift.dk\\\/blog\\\/2007\\\/10\\\/29\\\/geo-information-anvendes-i-valgkampen\\\/#primaryimage\"},\"image\":{\"@id\":\"https:\\\/\\\/www.overskrift.dk\\\/blog\\\/2007\\\/10\\\/29\\\/geo-information-anvendes-i-valgkampen\\\/#primaryimage\"},\"thumbnailUrl\":\"http:\\\/\\\/blog.overskrift.dk\\\/wp-content\\\/uploads\\\/2007\\\/10\\\/valg-geo-fyn-helveg-2.jpg\",\"datePublished\":\"2007-10-29T11:37:08+00:00\",\"dateModified\":\"2017-04-18T12:38:32+00:00\",\"breadcrumb\":{\"@id\":\"https:\\\/\\\/www.overskrift.dk\\\/blog\\\/2007\\\/10\\\/29\\\/geo-information-anvendes-i-valgkampen\\\/#breadcrumb\"},\"inLanguage\":\"da-DK\",\"potentialAction\":[{\"@type\":\"ReadAction\",\"target\":[\"https:\\\/\\\/www.overskrift.dk\\\/blog\\\/2007\\\/10\\\/29\\\/geo-information-anvendes-i-valgkampen\\\/\"]}]},{\"@type\":\"ImageObject\",\"inLanguage\":\"da-DK\",\"@id\":\"https:\\\/\\\/www.overskrift.dk\\\/blog\\\/2007\\\/10\\\/29\\\/geo-information-anvendes-i-valgkampen\\\/#primaryimage\",\"url\":\"http:\\\/\\\/blog.overskrift.dk\\\/wp-content\\\/uploads\\\/2007\\\/10\\\/valg-geo-fyn-helveg-2.jpg\",\"contentUrl\":\"http:\\\/\\\/blog.overskrift.dk\\\/wp-content\\\/uploads\\\/2007\\\/10\\\/valg-geo-fyn-helveg-2.jpg\"},{\"@type\":\"BreadcrumbList\",\"@id\":\"https:\\\/\\\/www.overskrift.dk\\\/blog\\\/2007\\\/10\\\/29\\\/geo-information-anvendes-i-valgkampen\\\/#breadcrumb\",\"itemListElement\":[{\"@type\":\"ListItem\",\"position\":1,\"name\":\"Hjem\",\"item\":\"https:\\\/\\\/www.overskrift.dk\\\/blog\\\/\"},{\"@type\":\"ListItem\",\"position\":2,\"name\":\"Geo-information anvendes i valgkampen\"}]},{\"@type\":\"WebSite\",\"@id\":\"https:\\\/\\\/www.overskrift.dk\\\/blog\\\/#website\",\"url\":\"https:\\\/\\\/www.overskrift.dk\\\/blog\\\/\",\"name\":\"Overskrifts blog\",\"description\":\"Nyeste indl\u00e6g\",\"publisher\":{\"@id\":\"https:\\\/\\\/www.overskrift.dk\\\/blog\\\/#organization\"},\"potentialAction\":[{\"@type\":\"SearchAction\",\"target\":{\"@type\":\"EntryPoint\",\"urlTemplate\":\"https:\\\/\\\/www.overskrift.dk\\\/blog\\\/?s={search_term_string}\"},\"query-input\":{\"@type\":\"PropertyValueSpecification\",\"valueRequired\":true,\"valueName\":\"search_term_string\"}}],\"inLanguage\":\"da-DK\"},{\"@type\":\"Organization\",\"@id\":\"https:\\\/\\\/www.overskrift.dk\\\/blog\\\/#organization\",\"name\":\"Overskrift ApS\",\"url\":\"https:\\\/\\\/www.overskrift.dk\\\/blog\\\/\",\"logo\":{\"@type\":\"ImageObject\",\"inLanguage\":\"da-DK\",\"@id\":\"https:\\\/\\\/www.overskrift.dk\\\/blog\\\/#\\\/schema\\\/logo\\\/image\\\/\",\"url\":\"https:\\\/\\\/blog.overskrift.dk\\\/wp-content\\\/uploads\\\/Just-the-dots-1.png\",\"contentUrl\":\"https:\\\/\\\/blog.overskrift.dk\\\/wp-content\\\/uploads\\\/Just-the-dots-1.png\",\"width\":258,\"height\":257,\"caption\":\"Overskrift ApS\"},\"image\":{\"@id\":\"https:\\\/\\\/www.overskrift.dk\\\/blog\\\/#\\\/schema\\\/logo\\\/image\\\/\"},\"sameAs\":[\"https:\\\/\\\/www.facebook.com\\\/overskrift\",\"https:\\\/\\\/x.com\\\/overskrift\",\"https:\\\/\\\/www.instagram.com\\\/overskrift\\\/\",\"https:\\\/\\\/www.linkedin.com\\\/company\\\/10153434\"]},{\"@type\":\"Person\",\"@id\":\"https:\\\/\\\/www.overskrift.dk\\\/blog\\\/#\\\/schema\\\/person\\\/b78220010603ce4384fa7758a6eabaf3\",\"name\":\"Stefan B\u00f8gh-Andersen\",\"image\":{\"@type\":\"ImageObject\",\"inLanguage\":\"da-DK\",\"@id\":\"https:\\\/\\\/secure.gravatar.com\\\/avatar\\\/f7eee59b7b5aa69f61ce713b6f85ef24d2faef678f186072e924c71249c2d2d6?s=96&d=mm&r=g\",\"url\":\"https:\\\/\\\/secure.gravatar.com\\\/avatar\\\/f7eee59b7b5aa69f61ce713b6f85ef24d2faef678f186072e924c71249c2d2d6?s=96&d=mm&r=g\",\"contentUrl\":\"https:\\\/\\\/secure.gravatar.com\\\/avatar\\\/f7eee59b7b5aa69f61ce713b6f85ef24d2faef678f186072e924c71249c2d2d6?s=96&d=mm&r=g\",\"caption\":\"Stefan B\u00f8gh-Andersen\"},\"description\":\"Indl\u00e6gget er skrevet af Stefan, der er direkt\u00f8r i og stifter af Overskrift. Stefan er en skarp analytiker og har mange \u00e5rs erfaring med r\u00e5dgivning inden for sociale medier og nyhedssites.\",\"url\":\"https:\\\/\\\/www.overskrift.dk\\\/blog\\\/author\\\/stefan\\\/\"}]}<\/script>\n<!-- \/ Yoast SEO plugin. -->","yoast_head_json":{"title":"Geo-information anvendes i valgkampen - Overskrifts blog","robots":{"index":"index","follow":"follow","max-snippet":"max-snippet:-1","max-image-preview":"max-image-preview:large","max-video-preview":"max-video-preview:-1"},"canonical":"https:\/\/www.overskrift.dk\/blog\/2007\/10\/29\/geo-information-anvendes-i-valgkampen\/","og_locale":"da_DK","og_type":"article","og_title":"Geo-information anvendes i valgkampen - Overskrifts blog","og_description":"Journalisten Jesper Ish\u00f8j interesserer sig for hvorledes geografisk information, GIS og data kan anvendes i journalistik. Faktisk s\u00e5 meget at han for nogle f\u00e5 uger siden oprettede siden&hellip;","og_url":"https:\/\/www.overskrift.dk\/blog\/2007\/10\/29\/geo-information-anvendes-i-valgkampen\/","og_site_name":"Overskrifts blog","article_publisher":"https:\/\/www.facebook.com\/overskrift","article_published_time":"2007-10-29T11:37:08+00:00","article_modified_time":"2017-04-18T12:38:32+00:00","og_image":[{"url":"http:\/\/blog.overskrift.dk\/wp-content\/uploads\/2007\/10\/valg-geo-fyn-helveg-2.jpg","type":"","width":"","height":""}],"author":"Stefan B\u00f8gh-Andersen","twitter_card":"summary_large_image","twitter_creator":"@overskrift","twitter_site":"@overskrift","schema":{"@context":"https:\/\/schema.org","@graph":[{"@type":"Article","@id":"https:\/\/www.overskrift.dk\/blog\/2007\/10\/29\/geo-information-anvendes-i-valgkampen\/#article","isPartOf":{"@id":"https:\/\/www.overskrift.dk\/blog\/2007\/10\/29\/geo-information-anvendes-i-valgkampen\/"},"author":{"name":"Stefan B\u00f8gh-Andersen","@id":"https:\/\/www.overskrift.dk\/blog\/#\/schema\/person\/b78220010603ce4384fa7758a6eabaf3"},"headline":"Geo-information anvendes i valgkampen","datePublished":"2007-10-29T11:37:08+00:00","dateModified":"2017-04-18T12:38:32+00:00","mainEntityOfPage":{"@id":"https:\/\/www.overskrift.dk\/blog\/2007\/10\/29\/geo-information-anvendes-i-valgkampen\/"},"wordCount":192,"commentCount":1,"publisher":{"@id":"https:\/\/www.overskrift.dk\/blog\/#organization"},"image":{"@id":"https:\/\/www.overskrift.dk\/blog\/2007\/10\/29\/geo-information-anvendes-i-valgkampen\/#primaryimage"},"thumbnailUrl":"http:\/\/blog.overskrift.dk\/wp-content\/uploads\/2007\/10\/valg-geo-fyn-helveg-2.jpg","keywords":["Google Maps","Mashup","Medier","valgkamp"],"articleSection":["Trends"],"inLanguage":"da-DK","potentialAction":[{"@type":"CommentAction","name":"Comment","target":["https:\/\/www.overskrift.dk\/blog\/2007\/10\/29\/geo-information-anvendes-i-valgkampen\/#respond"]}]},{"@type":"WebPage","@id":"https:\/\/www.overskrift.dk\/blog\/2007\/10\/29\/geo-information-anvendes-i-valgkampen\/","url":"https:\/\/www.overskrift.dk\/blog\/2007\/10\/29\/geo-information-anvendes-i-valgkampen\/","name":"Geo-information anvendes i valgkampen - Overskrifts blog","isPartOf":{"@id":"https:\/\/www.overskrift.dk\/blog\/#website"},"primaryImageOfPage":{"@id":"https:\/\/www.overskrift.dk\/blog\/2007\/10\/29\/geo-information-anvendes-i-valgkampen\/#primaryimage"},"image":{"@id":"https:\/\/www.overskrift.dk\/blog\/2007\/10\/29\/geo-information-anvendes-i-valgkampen\/#primaryimage"},"thumbnailUrl":"http:\/\/blog.overskrift.dk\/wp-content\/uploads\/2007\/10\/valg-geo-fyn-helveg-2.jpg","datePublished":"2007-10-29T11:37:08+00:00","dateModified":"2017-04-18T12:38:32+00:00","breadcrumb":{"@id":"https:\/\/www.overskrift.dk\/blog\/2007\/10\/29\/geo-information-anvendes-i-valgkampen\/#breadcrumb"},"inLanguage":"da-DK","potentialAction":[{"@type":"ReadAction","target":["https:\/\/www.overskrift.dk\/blog\/2007\/10\/29\/geo-information-anvendes-i-valgkampen\/"]}]},{"@type":"ImageObject","inLanguage":"da-DK","@id":"https:\/\/www.overskrift.dk\/blog\/2007\/10\/29\/geo-information-anvendes-i-valgkampen\/#primaryimage","url":"http:\/\/blog.overskrift.dk\/wp-content\/uploads\/2007\/10\/valg-geo-fyn-helveg-2.jpg","contentUrl":"http:\/\/blog.overskrift.dk\/wp-content\/uploads\/2007\/10\/valg-geo-fyn-helveg-2.jpg"},{"@type":"BreadcrumbList","@id":"https:\/\/www.overskrift.dk\/blog\/2007\/10\/29\/geo-information-anvendes-i-valgkampen\/#breadcrumb","itemListElement":[{"@type":"ListItem","position":1,"name":"Hjem","item":"https:\/\/www.overskrift.dk\/blog\/"},{"@type":"ListItem","position":2,"name":"Geo-information anvendes i valgkampen"}]},{"@type":"WebSite","@id":"https:\/\/www.overskrift.dk\/blog\/#website","url":"https:\/\/www.overskrift.dk\/blog\/","name":"Overskrifts blog","description":"Nyeste indl\u00e6g","publisher":{"@id":"https:\/\/www.overskrift.dk\/blog\/#organization"},"potentialAction":[{"@type":"SearchAction","target":{"@type":"EntryPoint","urlTemplate":"https:\/\/www.overskrift.dk\/blog\/?s={search_term_string}"},"query-input":{"@type":"PropertyValueSpecification","valueRequired":true,"valueName":"search_term_string"}}],"inLanguage":"da-DK"},{"@type":"Organization","@id":"https:\/\/www.overskrift.dk\/blog\/#organization","name":"Overskrift ApS","url":"https:\/\/www.overskrift.dk\/blog\/","logo":{"@type":"ImageObject","inLanguage":"da-DK","@id":"https:\/\/www.overskrift.dk\/blog\/#\/schema\/logo\/image\/","url":"https:\/\/blog.overskrift.dk\/wp-content\/uploads\/Just-the-dots-1.png","contentUrl":"https:\/\/blog.overskrift.dk\/wp-content\/uploads\/Just-the-dots-1.png","width":258,"height":257,"caption":"Overskrift ApS"},"image":{"@id":"https:\/\/www.overskrift.dk\/blog\/#\/schema\/logo\/image\/"},"sameAs":["https:\/\/www.facebook.com\/overskrift","https:\/\/x.com\/overskrift","https:\/\/www.instagram.com\/overskrift\/","https:\/\/www.linkedin.com\/company\/10153434"]},{"@type":"Person","@id":"https:\/\/www.overskrift.dk\/blog\/#\/schema\/person\/b78220010603ce4384fa7758a6eabaf3","name":"Stefan B\u00f8gh-Andersen","image":{"@type":"ImageObject","inLanguage":"da-DK","@id":"https:\/\/secure.gravatar.com\/avatar\/f7eee59b7b5aa69f61ce713b6f85ef24d2faef678f186072e924c71249c2d2d6?s=96&d=mm&r=g","url":"https:\/\/secure.gravatar.com\/avatar\/f7eee59b7b5aa69f61ce713b6f85ef24d2faef678f186072e924c71249c2d2d6?s=96&d=mm&r=g","contentUrl":"https:\/\/secure.gravatar.com\/avatar\/f7eee59b7b5aa69f61ce713b6f85ef24d2faef678f186072e924c71249c2d2d6?s=96&d=mm&r=g","caption":"Stefan B\u00f8gh-Andersen"},"description":"Indl\u00e6gget er skrevet af Stefan, der er direkt\u00f8r i og stifter af Overskrift. Stefan er en skarp analytiker og har mange \u00e5rs erfaring med r\u00e5dgivning inden for sociale medier og nyhedssites.","url":"https:\/\/www.overskrift.dk\/blog\/author\/stefan\/"}]}},"_links":{"self":[{"href":"https:\/\/www.overskrift.dk\/blog\/wp-json\/wp\/v2\/posts\/552","targetHints":{"allow":["GET"]}}],"collection":[{"href":"https:\/\/www.overskrift.dk\/blog\/wp-json\/wp\/v2\/posts"}],"about":[{"href":"https:\/\/www.overskrift.dk\/blog\/wp-json\/wp\/v2\/types\/post"}],"author":[{"embeddable":true,"href":"https:\/\/www.overskrift.dk\/blog\/wp-json\/wp\/v2\/users\/4"}],"replies":[{"embeddable":true,"href":"https:\/\/www.overskrift.dk\/blog\/wp-json\/wp\/v2\/comments?post=552"}],"version-history":[{"count":1,"href":"https:\/\/www.overskrift.dk\/blog\/wp-json\/wp\/v2\/posts\/552\/revisions"}],"predecessor-version":[{"id":6962,"href":"https:\/\/www.overskrift.dk\/blog\/wp-json\/wp\/v2\/posts\/552\/revisions\/6962"}],"wp:attachment":[{"href":"https:\/\/www.overskrift.dk\/blog\/wp-json\/wp\/v2\/media?parent=552"}],"wp:term":[{"taxonomy":"category","embeddable":true,"href":"https:\/\/www.overskrift.dk\/blog\/wp-json\/wp\/v2\/categories?post=552"},{"taxonomy":"post_tag","embeddable":true,"href":"https:\/\/www.overskrift.dk\/blog\/wp-json\/wp\/v2\/tags?post=552"}],"curies":[{"name":"wp","href":"https:\/\/api.w.org\/{rel}","templated":true}]}}