{"id":6004,"date":"2016-06-14T10:56:06","date_gmt":"2016-06-14T08:56:06","guid":{"rendered":"http:\/\/blog.overskrift.dk\/?p=6004"},"modified":"2017-04-26T14:44:33","modified_gmt":"2017-04-26T12:44:33","slug":"region-hovedstaden-aktiverer-ledelsen-digitalt-paa-folkemoedet","status":"publish","type":"post","link":"https:\/\/www.overskrift.dk\/blog\/2016\/06\/14\/region-hovedstaden-aktiverer-ledelsen-digitalt-paa-folkemoedet\/","title":{"rendered":"Region Hovedstaden aktiverer ledelsen digitalt p\u00e5 folkem\u00f8det"},"content":{"rendered":"<p><strong><a href=\"http:\/\/blog.overskrift.dk\/wp-content\/uploads\/thildevesterby.png\"><img loading=\"lazy\" decoding=\"async\" class=\"alignright size-full wp-image-5925\" src=\"http:\/\/blog.overskrift.dk\/wp-content\/uploads\/thildevesterby.png\" alt=\"Thilde Vesterby\" width=\"200\" height=\"200\" srcset=\"https:\/\/www.overskrift.dk\/blog\/wp-content\/uploads\/thildevesterby.png 200w, https:\/\/www.overskrift.dk\/blog\/wp-content\/uploads\/thildevesterby-120x120.png 120w\" sizes=\"auto, (max-width: 200px) 100vw, 200px\" \/><\/a>Under folkem\u00f8det i 2015, blev der sendt godt 22.000 tweets og retweets med #fmdk-hashtagget.\u00a0En af Thilde Vesterby&#8217;s k\u00e6pheste er, at tweets skal suppleres med mere emnespecifikke hashtags, for ikke at drukne i str\u00f8mmen af #fmdk-tweets. I serien af indl\u00e6g fra Overskrift&#8217;s #lytgodt-morgenm\u00f8der,\u00a0fort\u00e6ller Thilde hvordan Region Hovedstaden\u00a0forbereder og afvikler folkem\u00f8det i 2016.<\/strong><\/p>\n<p>Facebook profilen\u00a0har en\u00a0250-500.000 views om m\u00e5neden, hvor\u00a0Twitter-profilen er lidt mindre, men publikum\u00a0er til geng\u00e6ld i m\u00e5lgruppen som Region Hovedstaden gerne vil n\u00e5 under folkem\u00f8det; journalister, politikere, meningsdannere og kommunikationsfolk. Facebook kommer ogs\u00e5 i brug under folkem\u00f8det, men til mere\u00a0billedb\u00e5rne og borgervendte historier.<\/p>\n<p><em>&#8220;Vi bruger Twitter p\u00e5 folkem\u00f8det, fordi vi ogs\u00e5 gerne vil n\u00e5 ud til dem, der ikke er til stede p\u00e5 Bornholm&#8221;<\/em>, siger Thilde Vesterby. Det er eksempelvis &#8220;kun&#8221; halvdelen af regionsr\u00e5det, der er til stede p\u00e5 Bornholm under folkem\u00f8det, og man vil ligeledes gerne sikre synlighed for den anden halvdel. Dels anvendes Twitter til at g\u00f8re opm\u00e6rksom p\u00e5 arrangementerne hos RegionH p\u00e5 Bornholm, men\u00a0man vil ligeledes gerne f\u00f8lge\u00a0hashtags, og\u00a0regionen skal s\u00e6tte sit aftryk p\u00e5 alle relevante samtaler. Det kan v\u00e6re Regionens profil, der tr\u00e6der ind i samtaler, men man kan ogs\u00e5 opfordre form\u00e6nd eller udvalgsform\u00e6ndende til at\u00a0tr\u00e6de ind, og det skal selvf\u00f8lgelig stadig ske under selve folkem\u00f8det.<\/p>\n<h2>Pressekontakt<\/h2>\n<figure id=\"attachment_6023\" aria-describedby=\"caption-attachment-6023\" style=\"width: 400px\" class=\"wp-caption alignleft\"><a href=\"http:\/\/blog.overskrift.dk\/wp-content\/uploads\/CkVQatGXAAAs-yX.jpg\"><img loading=\"lazy\" decoding=\"async\" class=\"wp-image-6023\" src=\"http:\/\/blog.overskrift.dk\/wp-content\/uploads\/CkVQatGXAAAs-yX-700x525.jpg\" alt=\"Foto: Jimmy Damsg\u00e5rd \/ Dansk Selskab for Patientsikkerhed\" width=\"400\" height=\"300\" srcset=\"https:\/\/www.overskrift.dk\/blog\/wp-content\/uploads\/CkVQatGXAAAs-yX-700x525.jpg 700w, https:\/\/www.overskrift.dk\/blog\/wp-content\/uploads\/CkVQatGXAAAs-yX-768x576.jpg 768w, https:\/\/www.overskrift.dk\/blog\/wp-content\/uploads\/CkVQatGXAAAs-yX-1600x1200.jpg 1600w, https:\/\/www.overskrift.dk\/blog\/wp-content\/uploads\/CkVQatGXAAAs-yX.jpg 2048w\" sizes=\"auto, (max-width: 400px) 100vw, 400px\" \/><\/a><figcaption id=\"caption-attachment-6023\" class=\"wp-caption-text\">Foto: Jimmy Damsg\u00e5rd \/ Dansk Selskab for Patientsikkerhed<\/figcaption><\/figure>\n<p>RegionH\u00a0bruger ogs\u00e5 indimellem Twitter til kontakt med pressen. Der er sj\u00e6ldent <em>Breaking News<\/em> i folkem\u00f8det, men oftest noget man har forberedt gennem l\u00e6ngere tid, og kan pr\u00e6sentere under folkem\u00f8det. Man ved at nyhederne ikke n\u00f8dvendigvis bliver videregivet fra redaktionschefen p\u00e5 de forskellige redaktioner, og her viser Twitter sig som\u00a0en st\u00e6rk kanal til at n\u00e5 de relevante journalister. Ligeledes bruges det til at korrigere faktuelt forkerte omtaler af regionen.<\/p>\n<p>Thilde har aldrig v\u00e6ret p\u00e5 folkem\u00f8de,\u00a0selvom hun har arbejdet 4 \u00e5r i regionen, men hidtil har hun styret slagets gang &#8220;hjemmefra&#8221; i Hiller\u00f8d, hvilket i perioder har v\u00e6ret\u00a0udfordret p\u00e5 grund af manglende mobil-d\u00e6kning i Allinge &#8211; et\u00a0problem der skulle v\u00e6re meget mindre i 2016, s\u00e5 man faktisk godt kan forvente at live-tweete fra Folkem\u00f8det.\u00a0Region Hovedstaden koordinerer sin indsats med <a href=\"http:\/\/www.greatercph.dk\/\">Greater Copenhagen, som Region Hovedstaden er en del af<\/a>,\u00a0og forskellige andre interessenter undervejs.<\/p>\n<h2>Forberedelsen<\/h2>\n<p>Regionen har, forud for folkem\u00f8det, internt arrangeret 3 workshops til\u00a0at kl\u00e6de lederne fra Center for Regional Udvikling, Politikere i Region Hovedstaden og Kommunikationsmedarbejderne i Center for Kommunikation ordentligt p\u00e5. Nogen bruger m\u00e5ske alene Twitter under folkem\u00f8det, og hopper derefter af igen, mens andre h\u00e6nger ved. Det h\u00e6nger ogs\u00e5 sammen med en holdning\u00a0blandt nogle, om at et l\u00e6serbrev i avisen har st\u00f8rst effekt.\u00a0Man finder niveauet for deltagerne p\u00e5\u00a0de 3 workshops, og hvis behovet er der, kan det starte s\u00e5 lavpraktisk, som hvordan man installerer\u00a0Twitter-app&#8217;en p\u00e5 telefonen.<\/p>\n<p>Derudover er tweets en del af den pakke kommunikationsmateriale, der sendes til\u00a0<a href=\"https:\/\/twitter.com\/SophieHAndersen\">formanden, Sophie H\u00e6storp Andersen<\/a>. Thilde indr\u00f8mmer, at formanden er ret skarp p\u00e5 sociale medier, og at hun ofte finder p\u00e5 bedre tweets end kommunikationsafdelingen inkluderer i pakken.<\/p>\n<h2>Hvad deler Region Hovedstaden?<\/h2>\n<p>Undervejs deles remindere om kommende arrangementer i teltene, og ikke mindst st\u00f8rre sp\u00f8rgsm\u00e5l, der f.eks. indrammer igangv\u00e6rende debatter\u00a0og citater fra debatterne.<\/p>\n<figure id=\"attachment_6010\" aria-describedby=\"caption-attachment-6010\" style=\"width: 595px\" class=\"wp-caption aligncenter\"><a href=\"http:\/\/blog.overskrift.dk\/wp-content\/uploads\/Region_Hovedstaden_p\u00e5__FMDK_by_Thilde_Vesterby_on_Prezi.jpg\"><img loading=\"lazy\" decoding=\"async\" class=\"size-full wp-image-6010\" src=\"http:\/\/blog.overskrift.dk\/wp-content\/uploads\/Region_Hovedstaden_p\u00e5__FMDK_by_Thilde_Vesterby_on_Prezi.jpg\" alt=\"Eksempel p\u00e5 et debat-tweet fra RegionH under folkem\u00f8det\" width=\"595\" height=\"263\" \/><\/a><figcaption id=\"caption-attachment-6010\" class=\"wp-caption-text\">Eksempel p\u00e5 et debat-tweet fra RegionH under folkem\u00f8det<\/figcaption><\/figure>\n<p>Budskaberne og spredningen n\u00e5r altid bredest akkompagneret af\u00a0fotos, og det er vigtigt at fotos rent faktisk viser ansigter og eksempelvis\u00a0hovedtalerne.<\/p>\n<h2>Fotos med liv<\/h2>\n<p>Selvom det kan v\u00e6re gr\u00e6nseoverskridende for ikke-professionelle fotografer, er det alts\u00e5 vigtigt at f\u00e5 gode billeder &#8211; hvilket ikke omfatter folk der st\u00e5r med ryggen til, eller billeder taget p\u00e5 et tidspunkt, hvor der ikke er s\u00e5\u00a0mange mennesker til stede. Fotografen skal v\u00e6re klar til at tiltr\u00e6kke sig personernes opm\u00e6rksomhed, for at f\u00e5 nogle gode fotos.<\/p>\n<p>Thilde\u00a0st\u00e5r\u00a0ogs\u00e5 for at holde \u00f8je med online-omtaler undervejs, og blander sig gerne i\u00a0samtalerne under folkem\u00f8det, og holder alts\u00e5 ogs\u00e5 \u00f8je med en r\u00e6kke hashtags, som de ogs\u00e5 selv benytter:<\/p>\n<ul>\n<li><a href=\"http:\/\/www.overskrift.dk\/hashtag\/bedretrafik\">#bedretrafik<\/a><\/li>\n<li><a href=\"http:\/\/www.overskrift.dk\/hashtag\/dkpol\">#dkpol<\/a><\/li>\n<li><a href=\"http:\/\/www.overskrift.dk\/hashtag\/sundpol\">#sundpol<\/a> og<\/li>\n<li><a href=\"http:\/\/www.overskrift.dk\/hashtag\/greatercph\">#greatercph<\/a><\/li>\n<\/ul>\n<p><em>Se desuden\u00a0Overskrift&#8217;s\u00a0<a href=\"http:\/\/blog.overskrift.dk\/2015\/06\/16\/folkemoedet-2015-paa-online-medier\/\">opsummering fra Folkem\u00f8det 2015<\/a>\u00a0og se hvilke hashtags der i\u00f8vrigt blev brugt med sammen med #fmdk.<\/em><\/p>\n<p>Det er vigtigt, bl.a. med tanke p\u00e5 at der blev tweetet og retweetet ca. 22.000 gange\u00a0undervejs p\u00e5 folkem\u00f8det i 2015\u00a0med et #fmdk-hashtag, er man n\u00f8dt til at supplere\u00a0sin aktivitet lidt med\u00a0andre hashtags,\u00a0for ikke at drukne i str\u00f8mmen.<\/p>\n<figure id=\"attachment_6007\" aria-describedby=\"caption-attachment-6007\" style=\"width: 700px\" class=\"wp-caption aligncenter\"><a href=\"http:\/\/blog.overskrift.dk\/wp-content\/uploads\/Screenshot_13_06_16_10_51.jpg\"><img loading=\"lazy\" decoding=\"async\" class=\"wp-image-6007 size-medium\" src=\"http:\/\/blog.overskrift.dk\/wp-content\/uploads\/Screenshot_13_06_16_10_51-700x353.jpg\" alt=\"Hvad RegionH skriver om under folkem\u00f8det\" width=\"700\" height=\"353\" srcset=\"https:\/\/www.overskrift.dk\/blog\/wp-content\/uploads\/Screenshot_13_06_16_10_51-700x353.jpg 700w, https:\/\/www.overskrift.dk\/blog\/wp-content\/uploads\/Screenshot_13_06_16_10_51-768x387.jpg 768w, https:\/\/www.overskrift.dk\/blog\/wp-content\/uploads\/Screenshot_13_06_16_10_51-1600x807.jpg 1600w\" sizes=\"auto, (max-width: 700px) 100vw, 700px\" \/><\/a><figcaption id=\"caption-attachment-6007\" class=\"wp-caption-text\">Hvad Region Hovedstaden deler p\u00e5 folkem\u00f8det<\/figcaption><\/figure>\n<p>N\u00e5r man holder \u00f8je med\u00a0omtaler og relevante samtaler &#8220;hjemmefra&#8221;, har de 4 folk, der er i marken mulighed for at fokusere p\u00e5 at live-tweete. Ligeledes kan folk i marken, som m\u00e5ske har sv\u00e6rt ved at f\u00e5 formuleret et tweet, men m\u00e5ske har et billede, sende det til Thilde\u00a0hvorefter hun kan sammens\u00e6tte det endelige tweet. De afsluttende gode r\u00e5d fra Thilde:<\/p>\n<ul>\n<li>Tal med p\u00e5 hashtags &#8211; ikke kun #fmdk.<\/li>\n<li>Forbered dig\u00a0hjemmefra, is\u00e6r hvis du ikke er Twitter-vant. M\u00e5ske et par tweets, der kan sendes afsted p\u00e5 nogle planlagte tidspunkter.<\/li>\n<li>V\u00e6r til stede og klar til at hoppe ind i samtalerne, og tag et billede n\u00e5r\u00a0tingene sker.<\/li>\n<li>L\u00e6r fra dig, og v\u00e6r flere om ansvaret og opgaven. Arbejd p\u00e5 at udbrede det videre, s\u00e5 f.eks. lederne i organisationen kan f\u00e5 en st\u00e6rkere online profil, og RegionH fremst\u00e5r som mennesker og ikke bare et logo.<\/li>\n<\/ul>\n<p>Man har \u00e5bnet op for at der, via Twitter, kunne stilles sp\u00f8rgsm\u00e5l til igangv\u00e6rende debatter, men interessen for deltagelse har ikke\u00a0oversteget hvad en enkelt person kunne h\u00e5ndtere &#8211; der sker, med andre ord, meget mere debat-relevant i teltet end der g\u00f8r p\u00e5 Twitter.<\/p>\n<p>I forhold til at inddrage personer i folkem\u00f8det, som ikke er til stede, er Thilde meget opm\u00e6rksom p\u00e5 at\u00a0Twitter er velegnet til det, men at et fors\u00f8g p\u00e5 at inddrage for via f.eks. Facebook mere vil v\u00e6re at betragte som st\u00f8j. Pr\u00e6missen passer simpelthen bedre til samtaler\u00a0p\u00e5 Twitter.<\/p>\n<hr \/>\n<p><em>Den 7. juni afholdt Overskrift det andet #lytgodt-morgenm\u00f8de, der\u00a0denne gang fokuserede p\u00e5 folkem\u00f8det. Udover Thilde Vesterby fra Region Hovedstaden, kunne du opleve\u00a0<a href=\"http:\/\/blog.overskrift.dk\/2016\/06\/08\/folkemoede-aktive-ida-deler-pro-tips-forud-for-aarets-politiske-festival\/\">Kim Elmose fra Ingeni\u00f8rforeningen IDA<\/a> og Benjamin Rud Elberth fra <a href=\"http:\/\/digitaltaktik.dk\/\">Digital Taktik<\/a>.<\/em><\/p>\n<p><em>Hold \u00f8je med denne blog og Overskrift&#8217;s Facebook-side, for at holde dig underrettet om det n\u00e6ste #lytgodt-m\u00f8de.<\/em><\/p>\n","protected":false},"excerpt":{"rendered":"<p>Under folkem\u00f8det i 2015, blev der sendt godt 22.000 tweets og retweets med #fmdk-hashtagget.\u00a0En af Thilde Vesterby&#8217;s k\u00e6pheste er, at tweets skal suppleres med mere emnespecifikke hashtags, for&hellip;<\/p>\n","protected":false},"author":5,"featured_media":5925,"comment_status":"open","ping_status":"open","sticky":false,"template":"","format":"standard","meta":{"cybocfi_hide_featured_image":"","footnotes":""},"categories":[299],"tags":[256,253,251,257,325,255,239,240,254],"class_list":["post-6004","post","type-post","status-publish","format-standard","has-post-thumbnail","hentry","category-inspiration","tag-bedretrafik","tag-dkpol","tag-fmdk","tag-folkemoede","tag-folkemoedet","tag-greatercph","tag-lytgodt","tag-somedk","tag-sundpol"],"yoast_head":"<!-- This site is optimized with the Yoast SEO plugin v27.5 - https:\/\/yoast.com\/product\/yoast-seo-wordpress\/ -->\n<title>Region Hovedstaden aktiverer ledelsen digitalt p\u00e5 folkem\u00f8det - Overskrifts blog<\/title>\n<meta name=\"robots\" content=\"index, follow, max-snippet:-1, max-image-preview:large, max-video-preview:-1\" \/>\n<link rel=\"canonical\" href=\"https:\/\/www.overskrift.dk\/blog\/2016\/06\/14\/region-hovedstaden-aktiverer-ledelsen-digitalt-paa-folkemoedet\/\" \/>\n<meta property=\"og:locale\" content=\"da_DK\" \/>\n<meta property=\"og:type\" content=\"article\" \/>\n<meta property=\"og:title\" content=\"Region Hovedstaden aktiverer ledelsen digitalt p\u00e5 folkem\u00f8det - Overskrifts blog\" \/>\n<meta property=\"og:description\" content=\"Under folkem\u00f8det i 2015, blev der sendt godt 22.000 tweets og retweets med #fmdk-hashtagget.\u00a0En af Thilde Vesterby&#8217;s k\u00e6pheste er, at tweets skal suppleres med mere emnespecifikke hashtags, for&hellip;\" \/>\n<meta property=\"og:url\" content=\"https:\/\/www.overskrift.dk\/blog\/2016\/06\/14\/region-hovedstaden-aktiverer-ledelsen-digitalt-paa-folkemoedet\/\" \/>\n<meta property=\"og:site_name\" content=\"Overskrifts blog\" \/>\n<meta property=\"article:publisher\" content=\"https:\/\/www.facebook.com\/overskrift\" \/>\n<meta property=\"article:published_time\" content=\"2016-06-14T08:56:06+00:00\" \/>\n<meta property=\"article:modified_time\" content=\"2017-04-26T12:44:33+00:00\" \/>\n<meta property=\"og:image\" content=\"https:\/\/www.overskrift.dk\/blog\/wp-content\/uploads\/thildevesterby.png\" \/>\n\t<meta property=\"og:image:width\" content=\"200\" \/>\n\t<meta property=\"og:image:height\" content=\"200\" \/>\n\t<meta property=\"og:image:type\" content=\"image\/png\" \/>\n<meta name=\"author\" content=\"Jens Ulrik Lange\" \/>\n<meta name=\"twitter:card\" content=\"summary_large_image\" \/>\n<meta name=\"twitter:creator\" content=\"@overskrift\" \/>\n<meta name=\"twitter:site\" content=\"@overskrift\" \/>\n<script type=\"application\/ld+json\" class=\"yoast-schema-graph\">{\"@context\":\"https:\\\/\\\/schema.org\",\"@graph\":[{\"@type\":\"Article\",\"@id\":\"https:\\\/\\\/www.overskrift.dk\\\/blog\\\/2016\\\/06\\\/14\\\/region-hovedstaden-aktiverer-ledelsen-digitalt-paa-folkemoedet\\\/#article\",\"isPartOf\":{\"@id\":\"https:\\\/\\\/www.overskrift.dk\\\/blog\\\/2016\\\/06\\\/14\\\/region-hovedstaden-aktiverer-ledelsen-digitalt-paa-folkemoedet\\\/\"},\"author\":{\"name\":\"Jens Ulrik Lange\",\"@id\":\"https:\\\/\\\/www.overskrift.dk\\\/blog\\\/#\\\/schema\\\/person\\\/3d7f3e6f67bdbd0ac5a54f2e0636d425\"},\"headline\":\"Region Hovedstaden aktiverer ledelsen digitalt p\u00e5 folkem\u00f8det\",\"datePublished\":\"2016-06-14T08:56:06+00:00\",\"dateModified\":\"2017-04-26T12:44:33+00:00\",\"mainEntityOfPage\":{\"@id\":\"https:\\\/\\\/www.overskrift.dk\\\/blog\\\/2016\\\/06\\\/14\\\/region-hovedstaden-aktiverer-ledelsen-digitalt-paa-folkemoedet\\\/\"},\"wordCount\":1133,\"commentCount\":0,\"publisher\":{\"@id\":\"https:\\\/\\\/www.overskrift.dk\\\/blog\\\/#organization\"},\"image\":{\"@id\":\"https:\\\/\\\/www.overskrift.dk\\\/blog\\\/2016\\\/06\\\/14\\\/region-hovedstaden-aktiverer-ledelsen-digitalt-paa-folkemoedet\\\/#primaryimage\"},\"thumbnailUrl\":\"https:\\\/\\\/www.overskrift.dk\\\/blog\\\/wp-content\\\/uploads\\\/thildevesterby.png\",\"keywords\":[\"bedretrafik\",\"dkpol\",\"fmdk\",\"folkem\u00f8de\",\"folkem\u00f8det\",\"greatercph\",\"lytgodt\",\"somedk\",\"sundpol\"],\"articleSection\":[\"Inspiration\"],\"inLanguage\":\"da-DK\",\"potentialAction\":[{\"@type\":\"CommentAction\",\"name\":\"Comment\",\"target\":[\"https:\\\/\\\/www.overskrift.dk\\\/blog\\\/2016\\\/06\\\/14\\\/region-hovedstaden-aktiverer-ledelsen-digitalt-paa-folkemoedet\\\/#respond\"]}]},{\"@type\":\"WebPage\",\"@id\":\"https:\\\/\\\/www.overskrift.dk\\\/blog\\\/2016\\\/06\\\/14\\\/region-hovedstaden-aktiverer-ledelsen-digitalt-paa-folkemoedet\\\/\",\"url\":\"https:\\\/\\\/www.overskrift.dk\\\/blog\\\/2016\\\/06\\\/14\\\/region-hovedstaden-aktiverer-ledelsen-digitalt-paa-folkemoedet\\\/\",\"name\":\"Region Hovedstaden aktiverer ledelsen digitalt p\u00e5 folkem\u00f8det - Overskrifts blog\",\"isPartOf\":{\"@id\":\"https:\\\/\\\/www.overskrift.dk\\\/blog\\\/#website\"},\"primaryImageOfPage\":{\"@id\":\"https:\\\/\\\/www.overskrift.dk\\\/blog\\\/2016\\\/06\\\/14\\\/region-hovedstaden-aktiverer-ledelsen-digitalt-paa-folkemoedet\\\/#primaryimage\"},\"image\":{\"@id\":\"https:\\\/\\\/www.overskrift.dk\\\/blog\\\/2016\\\/06\\\/14\\\/region-hovedstaden-aktiverer-ledelsen-digitalt-paa-folkemoedet\\\/#primaryimage\"},\"thumbnailUrl\":\"https:\\\/\\\/www.overskrift.dk\\\/blog\\\/wp-content\\\/uploads\\\/thildevesterby.png\",\"datePublished\":\"2016-06-14T08:56:06+00:00\",\"dateModified\":\"2017-04-26T12:44:33+00:00\",\"breadcrumb\":{\"@id\":\"https:\\\/\\\/www.overskrift.dk\\\/blog\\\/2016\\\/06\\\/14\\\/region-hovedstaden-aktiverer-ledelsen-digitalt-paa-folkemoedet\\\/#breadcrumb\"},\"inLanguage\":\"da-DK\",\"potentialAction\":[{\"@type\":\"ReadAction\",\"target\":[\"https:\\\/\\\/www.overskrift.dk\\\/blog\\\/2016\\\/06\\\/14\\\/region-hovedstaden-aktiverer-ledelsen-digitalt-paa-folkemoedet\\\/\"]}]},{\"@type\":\"ImageObject\",\"inLanguage\":\"da-DK\",\"@id\":\"https:\\\/\\\/www.overskrift.dk\\\/blog\\\/2016\\\/06\\\/14\\\/region-hovedstaden-aktiverer-ledelsen-digitalt-paa-folkemoedet\\\/#primaryimage\",\"url\":\"https:\\\/\\\/www.overskrift.dk\\\/blog\\\/wp-content\\\/uploads\\\/thildevesterby.png\",\"contentUrl\":\"https:\\\/\\\/www.overskrift.dk\\\/blog\\\/wp-content\\\/uploads\\\/thildevesterby.png\",\"width\":200,\"height\":200},{\"@type\":\"BreadcrumbList\",\"@id\":\"https:\\\/\\\/www.overskrift.dk\\\/blog\\\/2016\\\/06\\\/14\\\/region-hovedstaden-aktiverer-ledelsen-digitalt-paa-folkemoedet\\\/#breadcrumb\",\"itemListElement\":[{\"@type\":\"ListItem\",\"position\":1,\"name\":\"Hjem\",\"item\":\"https:\\\/\\\/www.overskrift.dk\\\/blog\\\/\"},{\"@type\":\"ListItem\",\"position\":2,\"name\":\"Region Hovedstaden aktiverer ledelsen digitalt p\u00e5 folkem\u00f8det\"}]},{\"@type\":\"WebSite\",\"@id\":\"https:\\\/\\\/www.overskrift.dk\\\/blog\\\/#website\",\"url\":\"https:\\\/\\\/www.overskrift.dk\\\/blog\\\/\",\"name\":\"Overskrifts blog\",\"description\":\"Nyeste indl\u00e6g\",\"publisher\":{\"@id\":\"https:\\\/\\\/www.overskrift.dk\\\/blog\\\/#organization\"},\"potentialAction\":[{\"@type\":\"SearchAction\",\"target\":{\"@type\":\"EntryPoint\",\"urlTemplate\":\"https:\\\/\\\/www.overskrift.dk\\\/blog\\\/?s={search_term_string}\"},\"query-input\":{\"@type\":\"PropertyValueSpecification\",\"valueRequired\":true,\"valueName\":\"search_term_string\"}}],\"inLanguage\":\"da-DK\"},{\"@type\":\"Organization\",\"@id\":\"https:\\\/\\\/www.overskrift.dk\\\/blog\\\/#organization\",\"name\":\"Overskrift ApS\",\"url\":\"https:\\\/\\\/www.overskrift.dk\\\/blog\\\/\",\"logo\":{\"@type\":\"ImageObject\",\"inLanguage\":\"da-DK\",\"@id\":\"https:\\\/\\\/www.overskrift.dk\\\/blog\\\/#\\\/schema\\\/logo\\\/image\\\/\",\"url\":\"https:\\\/\\\/blog.overskrift.dk\\\/wp-content\\\/uploads\\\/Just-the-dots-1.png\",\"contentUrl\":\"https:\\\/\\\/blog.overskrift.dk\\\/wp-content\\\/uploads\\\/Just-the-dots-1.png\",\"width\":258,\"height\":257,\"caption\":\"Overskrift ApS\"},\"image\":{\"@id\":\"https:\\\/\\\/www.overskrift.dk\\\/blog\\\/#\\\/schema\\\/logo\\\/image\\\/\"},\"sameAs\":[\"https:\\\/\\\/www.facebook.com\\\/overskrift\",\"https:\\\/\\\/x.com\\\/overskrift\",\"https:\\\/\\\/www.instagram.com\\\/overskrift\\\/\",\"https:\\\/\\\/www.linkedin.com\\\/company\\\/10153434\"]},{\"@type\":\"Person\",\"@id\":\"https:\\\/\\\/www.overskrift.dk\\\/blog\\\/#\\\/schema\\\/person\\\/3d7f3e6f67bdbd0ac5a54f2e0636d425\",\"name\":\"Jens Ulrik Lange\",\"image\":{\"@type\":\"ImageObject\",\"inLanguage\":\"da-DK\",\"@id\":\"https:\\\/\\\/secure.gravatar.com\\\/avatar\\\/1a6a5e80737c0601b8636b4f5d44bbb6784206b176e34a44cb735e4516b70777?s=96&d=mm&r=g\",\"url\":\"https:\\\/\\\/secure.gravatar.com\\\/avatar\\\/1a6a5e80737c0601b8636b4f5d44bbb6784206b176e34a44cb735e4516b70777?s=96&d=mm&r=g\",\"contentUrl\":\"https:\\\/\\\/secure.gravatar.com\\\/avatar\\\/1a6a5e80737c0601b8636b4f5d44bbb6784206b176e34a44cb735e4516b70777?s=96&d=mm&r=g\",\"caption\":\"Jens Ulrik Lange\"},\"description\":\"Indl\u00e6gget er skrevet af Jens Ulrik, der er partner i og medstifter af Overskrift. Jens Ulrik er Overskrifts tekniske geni, og han har desuden mange \u00e5rs erfaring med r\u00e5dgivning inden for sociale medier og nyhedssites.\",\"url\":\"https:\\\/\\\/www.overskrift.dk\\\/blog\\\/author\\\/jensulrik\\\/\"}]}<\/script>\n<!-- \/ Yoast SEO plugin. -->","yoast_head_json":{"title":"Region Hovedstaden aktiverer ledelsen digitalt p\u00e5 folkem\u00f8det - Overskrifts blog","robots":{"index":"index","follow":"follow","max-snippet":"max-snippet:-1","max-image-preview":"max-image-preview:large","max-video-preview":"max-video-preview:-1"},"canonical":"https:\/\/www.overskrift.dk\/blog\/2016\/06\/14\/region-hovedstaden-aktiverer-ledelsen-digitalt-paa-folkemoedet\/","og_locale":"da_DK","og_type":"article","og_title":"Region Hovedstaden aktiverer ledelsen digitalt p\u00e5 folkem\u00f8det - Overskrifts blog","og_description":"Under folkem\u00f8det i 2015, blev der sendt godt 22.000 tweets og retweets med #fmdk-hashtagget.\u00a0En af Thilde Vesterby&#8217;s k\u00e6pheste er, at tweets skal suppleres med mere emnespecifikke hashtags, for&hellip;","og_url":"https:\/\/www.overskrift.dk\/blog\/2016\/06\/14\/region-hovedstaden-aktiverer-ledelsen-digitalt-paa-folkemoedet\/","og_site_name":"Overskrifts blog","article_publisher":"https:\/\/www.facebook.com\/overskrift","article_published_time":"2016-06-14T08:56:06+00:00","article_modified_time":"2017-04-26T12:44:33+00:00","og_image":[{"width":200,"height":200,"url":"https:\/\/www.overskrift.dk\/blog\/wp-content\/uploads\/thildevesterby.png","type":"image\/png"}],"author":"Jens Ulrik Lange","twitter_card":"summary_large_image","twitter_creator":"@overskrift","twitter_site":"@overskrift","schema":{"@context":"https:\/\/schema.org","@graph":[{"@type":"Article","@id":"https:\/\/www.overskrift.dk\/blog\/2016\/06\/14\/region-hovedstaden-aktiverer-ledelsen-digitalt-paa-folkemoedet\/#article","isPartOf":{"@id":"https:\/\/www.overskrift.dk\/blog\/2016\/06\/14\/region-hovedstaden-aktiverer-ledelsen-digitalt-paa-folkemoedet\/"},"author":{"name":"Jens Ulrik Lange","@id":"https:\/\/www.overskrift.dk\/blog\/#\/schema\/person\/3d7f3e6f67bdbd0ac5a54f2e0636d425"},"headline":"Region Hovedstaden aktiverer ledelsen digitalt p\u00e5 folkem\u00f8det","datePublished":"2016-06-14T08:56:06+00:00","dateModified":"2017-04-26T12:44:33+00:00","mainEntityOfPage":{"@id":"https:\/\/www.overskrift.dk\/blog\/2016\/06\/14\/region-hovedstaden-aktiverer-ledelsen-digitalt-paa-folkemoedet\/"},"wordCount":1133,"commentCount":0,"publisher":{"@id":"https:\/\/www.overskrift.dk\/blog\/#organization"},"image":{"@id":"https:\/\/www.overskrift.dk\/blog\/2016\/06\/14\/region-hovedstaden-aktiverer-ledelsen-digitalt-paa-folkemoedet\/#primaryimage"},"thumbnailUrl":"https:\/\/www.overskrift.dk\/blog\/wp-content\/uploads\/thildevesterby.png","keywords":["bedretrafik","dkpol","fmdk","folkem\u00f8de","folkem\u00f8det","greatercph","lytgodt","somedk","sundpol"],"articleSection":["Inspiration"],"inLanguage":"da-DK","potentialAction":[{"@type":"CommentAction","name":"Comment","target":["https:\/\/www.overskrift.dk\/blog\/2016\/06\/14\/region-hovedstaden-aktiverer-ledelsen-digitalt-paa-folkemoedet\/#respond"]}]},{"@type":"WebPage","@id":"https:\/\/www.overskrift.dk\/blog\/2016\/06\/14\/region-hovedstaden-aktiverer-ledelsen-digitalt-paa-folkemoedet\/","url":"https:\/\/www.overskrift.dk\/blog\/2016\/06\/14\/region-hovedstaden-aktiverer-ledelsen-digitalt-paa-folkemoedet\/","name":"Region Hovedstaden aktiverer ledelsen digitalt p\u00e5 folkem\u00f8det - Overskrifts blog","isPartOf":{"@id":"https:\/\/www.overskrift.dk\/blog\/#website"},"primaryImageOfPage":{"@id":"https:\/\/www.overskrift.dk\/blog\/2016\/06\/14\/region-hovedstaden-aktiverer-ledelsen-digitalt-paa-folkemoedet\/#primaryimage"},"image":{"@id":"https:\/\/www.overskrift.dk\/blog\/2016\/06\/14\/region-hovedstaden-aktiverer-ledelsen-digitalt-paa-folkemoedet\/#primaryimage"},"thumbnailUrl":"https:\/\/www.overskrift.dk\/blog\/wp-content\/uploads\/thildevesterby.png","datePublished":"2016-06-14T08:56:06+00:00","dateModified":"2017-04-26T12:44:33+00:00","breadcrumb":{"@id":"https:\/\/www.overskrift.dk\/blog\/2016\/06\/14\/region-hovedstaden-aktiverer-ledelsen-digitalt-paa-folkemoedet\/#breadcrumb"},"inLanguage":"da-DK","potentialAction":[{"@type":"ReadAction","target":["https:\/\/www.overskrift.dk\/blog\/2016\/06\/14\/region-hovedstaden-aktiverer-ledelsen-digitalt-paa-folkemoedet\/"]}]},{"@type":"ImageObject","inLanguage":"da-DK","@id":"https:\/\/www.overskrift.dk\/blog\/2016\/06\/14\/region-hovedstaden-aktiverer-ledelsen-digitalt-paa-folkemoedet\/#primaryimage","url":"https:\/\/www.overskrift.dk\/blog\/wp-content\/uploads\/thildevesterby.png","contentUrl":"https:\/\/www.overskrift.dk\/blog\/wp-content\/uploads\/thildevesterby.png","width":200,"height":200},{"@type":"BreadcrumbList","@id":"https:\/\/www.overskrift.dk\/blog\/2016\/06\/14\/region-hovedstaden-aktiverer-ledelsen-digitalt-paa-folkemoedet\/#breadcrumb","itemListElement":[{"@type":"ListItem","position":1,"name":"Hjem","item":"https:\/\/www.overskrift.dk\/blog\/"},{"@type":"ListItem","position":2,"name":"Region Hovedstaden aktiverer ledelsen digitalt p\u00e5 folkem\u00f8det"}]},{"@type":"WebSite","@id":"https:\/\/www.overskrift.dk\/blog\/#website","url":"https:\/\/www.overskrift.dk\/blog\/","name":"Overskrifts blog","description":"Nyeste indl\u00e6g","publisher":{"@id":"https:\/\/www.overskrift.dk\/blog\/#organization"},"potentialAction":[{"@type":"SearchAction","target":{"@type":"EntryPoint","urlTemplate":"https:\/\/www.overskrift.dk\/blog\/?s={search_term_string}"},"query-input":{"@type":"PropertyValueSpecification","valueRequired":true,"valueName":"search_term_string"}}],"inLanguage":"da-DK"},{"@type":"Organization","@id":"https:\/\/www.overskrift.dk\/blog\/#organization","name":"Overskrift ApS","url":"https:\/\/www.overskrift.dk\/blog\/","logo":{"@type":"ImageObject","inLanguage":"da-DK","@id":"https:\/\/www.overskrift.dk\/blog\/#\/schema\/logo\/image\/","url":"https:\/\/blog.overskrift.dk\/wp-content\/uploads\/Just-the-dots-1.png","contentUrl":"https:\/\/blog.overskrift.dk\/wp-content\/uploads\/Just-the-dots-1.png","width":258,"height":257,"caption":"Overskrift ApS"},"image":{"@id":"https:\/\/www.overskrift.dk\/blog\/#\/schema\/logo\/image\/"},"sameAs":["https:\/\/www.facebook.com\/overskrift","https:\/\/x.com\/overskrift","https:\/\/www.instagram.com\/overskrift\/","https:\/\/www.linkedin.com\/company\/10153434"]},{"@type":"Person","@id":"https:\/\/www.overskrift.dk\/blog\/#\/schema\/person\/3d7f3e6f67bdbd0ac5a54f2e0636d425","name":"Jens Ulrik Lange","image":{"@type":"ImageObject","inLanguage":"da-DK","@id":"https:\/\/secure.gravatar.com\/avatar\/1a6a5e80737c0601b8636b4f5d44bbb6784206b176e34a44cb735e4516b70777?s=96&d=mm&r=g","url":"https:\/\/secure.gravatar.com\/avatar\/1a6a5e80737c0601b8636b4f5d44bbb6784206b176e34a44cb735e4516b70777?s=96&d=mm&r=g","contentUrl":"https:\/\/secure.gravatar.com\/avatar\/1a6a5e80737c0601b8636b4f5d44bbb6784206b176e34a44cb735e4516b70777?s=96&d=mm&r=g","caption":"Jens Ulrik Lange"},"description":"Indl\u00e6gget er skrevet af Jens Ulrik, der er partner i og medstifter af Overskrift. Jens Ulrik er Overskrifts tekniske geni, og han har desuden mange \u00e5rs erfaring med r\u00e5dgivning inden for sociale medier og nyhedssites.","url":"https:\/\/www.overskrift.dk\/blog\/author\/jensulrik\/"}]}},"_links":{"self":[{"href":"https:\/\/www.overskrift.dk\/blog\/wp-json\/wp\/v2\/posts\/6004","targetHints":{"allow":["GET"]}}],"collection":[{"href":"https:\/\/www.overskrift.dk\/blog\/wp-json\/wp\/v2\/posts"}],"about":[{"href":"https:\/\/www.overskrift.dk\/blog\/wp-json\/wp\/v2\/types\/post"}],"author":[{"embeddable":true,"href":"https:\/\/www.overskrift.dk\/blog\/wp-json\/wp\/v2\/users\/5"}],"replies":[{"embeddable":true,"href":"https:\/\/www.overskrift.dk\/blog\/wp-json\/wp\/v2\/comments?post=6004"}],"version-history":[{"count":18,"href":"https:\/\/www.overskrift.dk\/blog\/wp-json\/wp\/v2\/posts\/6004\/revisions"}],"predecessor-version":[{"id":6027,"href":"https:\/\/www.overskrift.dk\/blog\/wp-json\/wp\/v2\/posts\/6004\/revisions\/6027"}],"wp:featuredmedia":[{"embeddable":true,"href":"https:\/\/www.overskrift.dk\/blog\/wp-json\/wp\/v2\/media\/5925"}],"wp:attachment":[{"href":"https:\/\/www.overskrift.dk\/blog\/wp-json\/wp\/v2\/media?parent=6004"}],"wp:term":[{"taxonomy":"category","embeddable":true,"href":"https:\/\/www.overskrift.dk\/blog\/wp-json\/wp\/v2\/categories?post=6004"},{"taxonomy":"post_tag","embeddable":true,"href":"https:\/\/www.overskrift.dk\/blog\/wp-json\/wp\/v2\/tags?post=6004"}],"curies":[{"name":"wp","href":"https:\/\/api.w.org\/{rel}","templated":true}]}}