{"id":6245,"date":"2016-11-07T13:42:45","date_gmt":"2016-11-07T12:42:45","guid":{"rendered":"http:\/\/blog.overskrift.dk\/?p=6245"},"modified":"2017-04-18T13:24:51","modified_gmt":"2017-04-18T11:24:51","slug":"oekologisk-landsforening-fokuserer-paa-maalrettet-online-kommunikation","status":"publish","type":"post","link":"https:\/\/www.overskrift.dk\/blog\/2016\/11\/07\/oekologisk-landsforening-fokuserer-paa-maalrettet-online-kommunikation\/","title":{"rendered":"\u00d8kologisk Landsforening fokuserer p\u00e5 m\u00e5lrettet online kommunikation"},"content":{"rendered":"<p><strong>Som Social Media Manager hos <a href=\"http:\/\/okologi.dk\" target=\"_blank\">\u00d8kologisk Landsforening<\/a>, administrerer\u00a0<a href=\"https:\/\/twitter.com\/egmose\" target=\"_blank\">Tobias Egmose<\/a>\u00a0til dagligt organisationens mange online platforme.\u00a0Til det fuldt booket #lytgodt morgenm\u00f8de om st\u00e6rke online kampagner, gav\u00a0han v\u00e6rdifulde r\u00e5d om, hvordan man opn\u00e5r interaktion og en engageret\u00a0m\u00e5lgruppe.<img loading=\"lazy\" decoding=\"async\" class=\"alignnone size-full wp-image-6168 alignright\" src=\"http:\/\/blog.overskrift.dk\/wp-content\/uploads\/Sk\u00e6rmbillede-2016-10-04-kl.-11.13.23.png\" alt=\"skaermbillede-2016-10-04-kl-11-13-23\" width=\"211\" height=\"222\" \/><\/strong><\/p>\n<p style=\"text-align: left;\"><em>I Love \u00d8ko<\/em> er Danmarks st\u00f8rste \u00f8ko f\u00e6llesskab, med over 73.000 f\u00f8lgere p\u00e5 <a href=\"https:\/\/www.facebook.com\/iloveoko\/?fref=ts\" target=\"_blank\">Facebook<\/a> og 10.600 p\u00e5 <a href=\"https:\/\/www.instagram.com\/iloveoko\/\" target=\"_blank\">Instagram<\/a> &#8211; bag dette f\u00e6llesskab st\u00e5r \u00d8kologisk Landsforening. Form\u00e5let med f\u00e6llesskabet er at starte debatter omkring \u00f8kologi, for at fremme viden og forst\u00e5elsen herom. Interessen for dette\u00a0f\u00e6llesskab vokser meget, og successen bag dette skal findes i den m\u00e5lrettede kommunikation til m\u00e5lgruppen.<\/p>\n<p>&nbsp;<\/p>\n<blockquote><p>Vores opslag kommer gennemsnitligt ud til 50.000 personer, og interessen vokser stadig. Vi\u00a0er gode til at servere m\u00e5lrettet budskaber\u00a0og historier til den m\u00e5lgruppe, som vi har besluttet os for&#8221;\u00a0understreger Tobias Egmose.<\/p><\/blockquote>\n<p><strong>Generation \u00d8 &#8211; kommunikation fra m\u00e5lgruppen til m\u00e5lgruppen \u00a0<\/strong><\/p>\n<p>\u00d8kologi er de seneste \u00e5r blevet mere udbredt i Danmark. Og unders\u00f8gelser viser, at de vaner vi\u00a0till\u00e6gger os, n\u00e5r vi\u00a0flytter hjemmefra, ofte varer resten af livet. Derfor har \u00d8kologisk Landsforening startet kampagnen Generation \u00d8, for\u00a0at styrke unges forst\u00e5else for \u00f8kologi og fremme positive holdninger.\u00a0Kampagnen er bygget op om 10 unge frivillige, som skal g\u00e5 all in p\u00e5 at leve \u00f8kologisk i en uge, med r\u00e5d og vejledning fra et hold af eksperter. Kampagnen foreg\u00e5r udelukkende p\u00e5\u00a0<a href=\"https:\/\/www.facebook.com\/generationokologi\/?fref=ts\" target=\"_blank\">Facebook<\/a> og <a href=\"https:\/\/www.instagram.com\/generationokologi\/\" target=\"_blank\">Instagram<\/a>, hvor der hver uge er fokus p\u00e5 et nyt emne. Der er tale om lavpraktisk deling af viden fra m\u00e5lgruppen til m\u00e5lgruppen &#8211; \u00a0og if\u00f8lge Tobias Egmose, er det her succesen bag kampagnen skal findes.<\/p>\n<blockquote><p>Ved at vi lader m\u00e5lgruppen tale selv, er det nemmere at forholde og relatere sig til det. Vi bruger Instagram fordi det fungerer &#8211; Facebook er meget sjovt, og der er stor spredning. Men Instagram er et mere dedikeret univers, hvor der er st\u00f8rre og bedre interaktion med m\u00e5lgruppen. S\u00e6rligt efter Instagram Stories er kommet, er det nemt for de frivillige at dele noget hurtigt&#8221; forts\u00e6tter Tobias Egmose.<\/p><\/blockquote>\n<p>Generation \u00d8 har v\u00e6sentlig f\u00e6rre f\u00f8lgere end I Love \u00d8ko, og er et mindre\u00a0f\u00e6llesskab med 4.000 f\u00f8lgere p\u00e5 Facebook og sm\u00e5 600 p\u00e5 Instagram. Men det er ikke ensbetydende med, at der er mindre aktivitet, idet\u00a0kommunikation er meget m\u00e5lrettet. Ved at bruge selve m\u00e5lgruppen som taler\u00f8r,\u00a0opst\u00e5r der sm\u00e5 hverdags debatter hvor m\u00e5lgruppen engagere\u00a0sig.<\/p>\n<blockquote class=\"instagram-media\" style=\"background: #FFF; border: 0; border-radius: 3px; box-shadow: 0 0 1px 0 rgba(0,0,0,0.5),0 1px 10px 0 rgba(0,0,0,0.15); margin: 1px; max-width: 658px; padding: 0; width: calc(100% - 2px);\" data-instgrm-version=\"7\">\n<div style=\"padding: 8px;\">\n<div style=\"background: #F8F8F8; line-height: 0; margin-top: 40px; padding: 62.4537037037% 0; text-align: center; width: 100%;\"><\/div>\n<p style=\"color: #c9c8cd; font-family: Arial,sans-serif; font-size: 14px; line-height: 17px; margin-bottom: 0; margin-top: 8px; overflow: hidden; padding: 8px 0 7px; text-align: center; text-overflow: ellipsis; white-space: nowrap;\"><a style=\"color: #c9c8cd; font-family: Arial,sans-serif; font-size: 14px; font-style: normal; font-weight: normal; line-height: 17px; text-decoration: none;\" href=\"https:\/\/www.instagram.com\/p\/BLJEQ1oDRvV\/\" target=\"_blank\">Et billede sl\u00e5et op af Generation \u00d8 (@generationokologi)<\/a> den <time style=\"font-family: Arial,sans-serif; font-size: 14px; line-height: 17px;\" datetime=\"2016-10-04T12:52:00+00:00\">4. Okt 2016 kl. 5:52 PDT<\/time><\/p>\n<\/div>\n<\/blockquote>\n<p><script async defer src=\"\/\/platform.instagram.com\/en_US\/embeds.js\"><\/script><\/p>\n<blockquote class=\"instagram-media\" style=\"background: #FFF; border: 0; border-radius: 3px; box-shadow: 0 0 1px 0 rgba(0,0,0,0.5),0 1px 10px 0 rgba(0,0,0,0.15); margin: 1px; max-width: 658px; padding: 0; width: calc(100% - 2px);\" data-instgrm-version=\"7\">\n<div style=\"padding: 8px;\">\n<div style=\"background: #F8F8F8; line-height: 0; margin-top: 40px; padding: 50.0% 0; text-align: center; width: 100%;\"><\/div>\n<p style=\"color: #c9c8cd; font-family: Arial,sans-serif; font-size: 14px; line-height: 17px; margin-bottom: 0; margin-top: 8px; overflow: hidden; padding: 8px 0 7px; text-align: center; text-overflow: ellipsis; white-space: nowrap;\"><a style=\"color: #c9c8cd; font-family: Arial,sans-serif; font-size: 14px; font-style: normal; font-weight: normal; line-height: 17px; text-decoration: none;\" href=\"https:\/\/www.instagram.com\/p\/BLOnVLkDBiA\/\" target=\"_blank\">Et billede sl\u00e5et op af Generation \u00d8 (@generationokologi)<\/a> den <time style=\"font-family: Arial,sans-serif; font-size: 14px; line-height: 17px;\" datetime=\"2016-10-06T16:34:38+00:00\">6. Okt 2016 kl. 9:34 PDT<\/time><\/p>\n<\/div>\n<\/blockquote>\n<p><script async defer src=\"\/\/platform.instagram.com\/en_US\/embeds.js\"><\/script><\/p>\n<blockquote class=\"instagram-media\" style=\"background: #FFF; border: 0; border-radius: 3px; box-shadow: 0 0 1px 0 rgba(0,0,0,0.5),0 1px 10px 0 rgba(0,0,0,0.15); margin: 1px; max-width: 658px; padding: 0; width: calc(100% - 2px);\" data-instgrm-version=\"7\">\n<div style=\"padding: 8px;\">\n<div style=\"background: #F8F8F8; line-height: 0; margin-top: 40px; padding: 50.0% 0; text-align: center; width: 100%;\"><\/div>\n<p style=\"color: #c9c8cd; font-family: Arial,sans-serif; font-size: 14px; line-height: 17px; margin-bottom: 0; margin-top: 8px; overflow: hidden; padding: 8px 0 7px; text-align: center; text-overflow: ellipsis; white-space: nowrap;\"><a style=\"color: #c9c8cd; font-family: Arial,sans-serif; font-size: 14px; font-style: normal; font-weight: normal; line-height: 17px; text-decoration: none;\" href=\"https:\/\/www.instagram.com\/p\/BL87_jWDv1w\/\" target=\"_blank\">En video sl\u00e5et op af Generation \u00d8 (@generationokologi)<\/a> den <time style=\"font-family: Arial,sans-serif; font-size: 14px; line-height: 17px;\" datetime=\"2016-10-24T16:20:14+00:00\">24. Okt 2016 kl. 9:20 PDT<\/time><\/p>\n<\/div>\n<\/blockquote>\n<p><script async defer src=\"\/\/platform.instagram.com\/en_US\/embeds.js\"><\/script><\/p>\n<hr \/>\n<p>Tobias Egmose er siden morgenm\u00f8det begyndt som Head og Social Media hos Gaest.com.<\/p>\n<p>#lytgodt morgenm\u00f8der bliver afholdt hos Overskrift ca. \u00e9n gang i kvartalet &#8211; kommende events bliver offentliggjorte p\u00e5 vores <a href=\"https:\/\/www.facebook.com\/overskrift\/?fref=ts\" target=\"_blank\">Facebook<\/a> side.<\/p>\n","protected":false},"excerpt":{"rendered":"<p>Som Social Media Manager hos \u00d8kologisk Landsforening, administrerer\u00a0Tobias Egmose\u00a0til dagligt organisationens mange online platforme.\u00a0Til det fuldt booket #lytgodt morgenm\u00f8de om st\u00e6rke online kampagner, gav\u00a0han v\u00e6rdifulde r\u00e5d om, hvordan&hellip;<\/p>\n","protected":false},"author":12,"featured_media":6168,"comment_status":"open","ping_status":"open","sticky":false,"template":"","format":"standard","meta":{"cybocfi_hide_featured_image":"","footnotes":""},"categories":[299],"tags":[242,243,274,273,239,272,261],"class_list":["post-6245","post","type-post","status-publish","format-standard","has-post-thumbnail","hentry","category-inspiration","tag-facebook","tag-instagram","tag-kampagner","tag-kommunikation","tag-lytgodt","tag-morgen","tag-online-monitorering"],"yoast_head":"<!-- This site is optimized with the Yoast SEO plugin v27.5 - https:\/\/yoast.com\/product\/yoast-seo-wordpress\/ -->\n<title>\u00d8kologisk Landsforening fokuserer p\u00e5 m\u00e5lrettet online kommunikation - Overskrifts blog<\/title>\n<meta name=\"robots\" content=\"index, follow, max-snippet:-1, max-image-preview:large, max-video-preview:-1\" \/>\n<link rel=\"canonical\" href=\"https:\/\/www.overskrift.dk\/blog\/2016\/11\/07\/oekologisk-landsforening-fokuserer-paa-maalrettet-online-kommunikation\/\" \/>\n<meta property=\"og:locale\" content=\"da_DK\" \/>\n<meta property=\"og:type\" content=\"article\" \/>\n<meta property=\"og:title\" content=\"\u00d8kologisk Landsforening fokuserer p\u00e5 m\u00e5lrettet online kommunikation - Overskrifts blog\" \/>\n<meta property=\"og:description\" content=\"Som Social Media Manager hos \u00d8kologisk Landsforening, administrerer\u00a0Tobias Egmose\u00a0til dagligt organisationens mange online platforme.\u00a0Til det fuldt booket #lytgodt morgenm\u00f8de om st\u00e6rke online kampagner, gav\u00a0han v\u00e6rdifulde r\u00e5d om, hvordan&hellip;\" \/>\n<meta property=\"og:url\" content=\"https:\/\/www.overskrift.dk\/blog\/2016\/11\/07\/oekologisk-landsforening-fokuserer-paa-maalrettet-online-kommunikation\/\" \/>\n<meta property=\"og:site_name\" content=\"Overskrifts blog\" \/>\n<meta property=\"article:publisher\" content=\"https:\/\/www.facebook.com\/overskrift\" \/>\n<meta property=\"article:published_time\" content=\"2016-11-07T12:42:45+00:00\" \/>\n<meta property=\"article:modified_time\" content=\"2017-04-18T11:24:51+00:00\" \/>\n<meta property=\"og:image\" content=\"https:\/\/www.overskrift.dk\/blog\/wp-content\/uploads\/Sk\u00e6rmbillede-2016-10-04-kl.-11.13.23.png\" \/>\n\t<meta property=\"og:image:width\" content=\"211\" \/>\n\t<meta property=\"og:image:height\" content=\"222\" \/>\n\t<meta property=\"og:image:type\" content=\"image\/png\" \/>\n<meta name=\"author\" content=\"Pernille Abildgaard Frank\" \/>\n<meta name=\"twitter:card\" content=\"summary_large_image\" \/>\n<meta name=\"twitter:creator\" content=\"@overskrift\" \/>\n<meta name=\"twitter:site\" content=\"@overskrift\" \/>\n<script type=\"application\/ld+json\" class=\"yoast-schema-graph\">{\"@context\":\"https:\\\/\\\/schema.org\",\"@graph\":[{\"@type\":\"Article\",\"@id\":\"https:\\\/\\\/www.overskrift.dk\\\/blog\\\/2016\\\/11\\\/07\\\/oekologisk-landsforening-fokuserer-paa-maalrettet-online-kommunikation\\\/#article\",\"isPartOf\":{\"@id\":\"https:\\\/\\\/www.overskrift.dk\\\/blog\\\/2016\\\/11\\\/07\\\/oekologisk-landsforening-fokuserer-paa-maalrettet-online-kommunikation\\\/\"},\"author\":{\"name\":\"Pernille Abildgaard Frank\",\"@id\":\"https:\\\/\\\/www.overskrift.dk\\\/blog\\\/#\\\/schema\\\/person\\\/bab6fcd27dafdb58013fc610b8b3bc1e\"},\"headline\":\"\u00d8kologisk Landsforening fokuserer p\u00e5 m\u00e5lrettet online kommunikation\",\"datePublished\":\"2016-11-07T12:42:45+00:00\",\"dateModified\":\"2017-04-18T11:24:51+00:00\",\"mainEntityOfPage\":{\"@id\":\"https:\\\/\\\/www.overskrift.dk\\\/blog\\\/2016\\\/11\\\/07\\\/oekologisk-landsforening-fokuserer-paa-maalrettet-online-kommunikation\\\/\"},\"wordCount\":500,\"commentCount\":0,\"publisher\":{\"@id\":\"https:\\\/\\\/www.overskrift.dk\\\/blog\\\/#organization\"},\"image\":{\"@id\":\"https:\\\/\\\/www.overskrift.dk\\\/blog\\\/2016\\\/11\\\/07\\\/oekologisk-landsforening-fokuserer-paa-maalrettet-online-kommunikation\\\/#primaryimage\"},\"thumbnailUrl\":\"https:\\\/\\\/www.overskrift.dk\\\/blog\\\/wp-content\\\/uploads\\\/Sk\u00e6rmbillede-2016-10-04-kl.-11.13.23.png\",\"keywords\":[\"facebook\",\"instagram\",\"kampagner\",\"kommunikation\",\"lytgodt\",\"Morgen\",\"online monitorering\"],\"articleSection\":[\"Inspiration\"],\"inLanguage\":\"da-DK\",\"potentialAction\":[{\"@type\":\"CommentAction\",\"name\":\"Comment\",\"target\":[\"https:\\\/\\\/www.overskrift.dk\\\/blog\\\/2016\\\/11\\\/07\\\/oekologisk-landsforening-fokuserer-paa-maalrettet-online-kommunikation\\\/#respond\"]}]},{\"@type\":\"WebPage\",\"@id\":\"https:\\\/\\\/www.overskrift.dk\\\/blog\\\/2016\\\/11\\\/07\\\/oekologisk-landsforening-fokuserer-paa-maalrettet-online-kommunikation\\\/\",\"url\":\"https:\\\/\\\/www.overskrift.dk\\\/blog\\\/2016\\\/11\\\/07\\\/oekologisk-landsforening-fokuserer-paa-maalrettet-online-kommunikation\\\/\",\"name\":\"\u00d8kologisk Landsforening fokuserer p\u00e5 m\u00e5lrettet online kommunikation - Overskrifts blog\",\"isPartOf\":{\"@id\":\"https:\\\/\\\/www.overskrift.dk\\\/blog\\\/#website\"},\"primaryImageOfPage\":{\"@id\":\"https:\\\/\\\/www.overskrift.dk\\\/blog\\\/2016\\\/11\\\/07\\\/oekologisk-landsforening-fokuserer-paa-maalrettet-online-kommunikation\\\/#primaryimage\"},\"image\":{\"@id\":\"https:\\\/\\\/www.overskrift.dk\\\/blog\\\/2016\\\/11\\\/07\\\/oekologisk-landsforening-fokuserer-paa-maalrettet-online-kommunikation\\\/#primaryimage\"},\"thumbnailUrl\":\"https:\\\/\\\/www.overskrift.dk\\\/blog\\\/wp-content\\\/uploads\\\/Sk\u00e6rmbillede-2016-10-04-kl.-11.13.23.png\",\"datePublished\":\"2016-11-07T12:42:45+00:00\",\"dateModified\":\"2017-04-18T11:24:51+00:00\",\"breadcrumb\":{\"@id\":\"https:\\\/\\\/www.overskrift.dk\\\/blog\\\/2016\\\/11\\\/07\\\/oekologisk-landsforening-fokuserer-paa-maalrettet-online-kommunikation\\\/#breadcrumb\"},\"inLanguage\":\"da-DK\",\"potentialAction\":[{\"@type\":\"ReadAction\",\"target\":[\"https:\\\/\\\/www.overskrift.dk\\\/blog\\\/2016\\\/11\\\/07\\\/oekologisk-landsforening-fokuserer-paa-maalrettet-online-kommunikation\\\/\"]}]},{\"@type\":\"ImageObject\",\"inLanguage\":\"da-DK\",\"@id\":\"https:\\\/\\\/www.overskrift.dk\\\/blog\\\/2016\\\/11\\\/07\\\/oekologisk-landsforening-fokuserer-paa-maalrettet-online-kommunikation\\\/#primaryimage\",\"url\":\"https:\\\/\\\/www.overskrift.dk\\\/blog\\\/wp-content\\\/uploads\\\/Sk\u00e6rmbillede-2016-10-04-kl.-11.13.23.png\",\"contentUrl\":\"https:\\\/\\\/www.overskrift.dk\\\/blog\\\/wp-content\\\/uploads\\\/Sk\u00e6rmbillede-2016-10-04-kl.-11.13.23.png\",\"width\":211,\"height\":222},{\"@type\":\"BreadcrumbList\",\"@id\":\"https:\\\/\\\/www.overskrift.dk\\\/blog\\\/2016\\\/11\\\/07\\\/oekologisk-landsforening-fokuserer-paa-maalrettet-online-kommunikation\\\/#breadcrumb\",\"itemListElement\":[{\"@type\":\"ListItem\",\"position\":1,\"name\":\"Hjem\",\"item\":\"https:\\\/\\\/www.overskrift.dk\\\/blog\\\/\"},{\"@type\":\"ListItem\",\"position\":2,\"name\":\"\u00d8kologisk Landsforening fokuserer p\u00e5 m\u00e5lrettet online kommunikation\"}]},{\"@type\":\"WebSite\",\"@id\":\"https:\\\/\\\/www.overskrift.dk\\\/blog\\\/#website\",\"url\":\"https:\\\/\\\/www.overskrift.dk\\\/blog\\\/\",\"name\":\"Overskrifts blog\",\"description\":\"Nyeste indl\u00e6g\",\"publisher\":{\"@id\":\"https:\\\/\\\/www.overskrift.dk\\\/blog\\\/#organization\"},\"potentialAction\":[{\"@type\":\"SearchAction\",\"target\":{\"@type\":\"EntryPoint\",\"urlTemplate\":\"https:\\\/\\\/www.overskrift.dk\\\/blog\\\/?s={search_term_string}\"},\"query-input\":{\"@type\":\"PropertyValueSpecification\",\"valueRequired\":true,\"valueName\":\"search_term_string\"}}],\"inLanguage\":\"da-DK\"},{\"@type\":\"Organization\",\"@id\":\"https:\\\/\\\/www.overskrift.dk\\\/blog\\\/#organization\",\"name\":\"Overskrift ApS\",\"url\":\"https:\\\/\\\/www.overskrift.dk\\\/blog\\\/\",\"logo\":{\"@type\":\"ImageObject\",\"inLanguage\":\"da-DK\",\"@id\":\"https:\\\/\\\/www.overskrift.dk\\\/blog\\\/#\\\/schema\\\/logo\\\/image\\\/\",\"url\":\"https:\\\/\\\/blog.overskrift.dk\\\/wp-content\\\/uploads\\\/Just-the-dots-1.png\",\"contentUrl\":\"https:\\\/\\\/blog.overskrift.dk\\\/wp-content\\\/uploads\\\/Just-the-dots-1.png\",\"width\":258,\"height\":257,\"caption\":\"Overskrift ApS\"},\"image\":{\"@id\":\"https:\\\/\\\/www.overskrift.dk\\\/blog\\\/#\\\/schema\\\/logo\\\/image\\\/\"},\"sameAs\":[\"https:\\\/\\\/www.facebook.com\\\/overskrift\",\"https:\\\/\\\/x.com\\\/overskrift\",\"https:\\\/\\\/www.instagram.com\\\/overskrift\\\/\",\"https:\\\/\\\/www.linkedin.com\\\/company\\\/10153434\"]},{\"@type\":\"Person\",\"@id\":\"https:\\\/\\\/www.overskrift.dk\\\/blog\\\/#\\\/schema\\\/person\\\/bab6fcd27dafdb58013fc610b8b3bc1e\",\"name\":\"Pernille Abildgaard Frank\",\"image\":{\"@type\":\"ImageObject\",\"inLanguage\":\"da-DK\",\"@id\":\"https:\\\/\\\/secure.gravatar.com\\\/avatar\\\/d7d78fd963c899e88c79ce28e7ede608174fd3557c5ce7e6fb4536d933602b36?s=96&d=mm&r=g\",\"url\":\"https:\\\/\\\/secure.gravatar.com\\\/avatar\\\/d7d78fd963c899e88c79ce28e7ede608174fd3557c5ce7e6fb4536d933602b36?s=96&d=mm&r=g\",\"contentUrl\":\"https:\\\/\\\/secure.gravatar.com\\\/avatar\\\/d7d78fd963c899e88c79ce28e7ede608174fd3557c5ce7e6fb4536d933602b36?s=96&d=mm&r=g\",\"caption\":\"Pernille Abildgaard Frank\"},\"description\":\"Pernille er marketingassistent i Overskrift\",\"url\":\"https:\\\/\\\/www.overskrift.dk\\\/blog\\\/author\\\/pernille\\\/\"}]}<\/script>\n<!-- \/ Yoast SEO plugin. -->","yoast_head_json":{"title":"\u00d8kologisk Landsforening fokuserer p\u00e5 m\u00e5lrettet online kommunikation - Overskrifts blog","robots":{"index":"index","follow":"follow","max-snippet":"max-snippet:-1","max-image-preview":"max-image-preview:large","max-video-preview":"max-video-preview:-1"},"canonical":"https:\/\/www.overskrift.dk\/blog\/2016\/11\/07\/oekologisk-landsforening-fokuserer-paa-maalrettet-online-kommunikation\/","og_locale":"da_DK","og_type":"article","og_title":"\u00d8kologisk Landsforening fokuserer p\u00e5 m\u00e5lrettet online kommunikation - Overskrifts blog","og_description":"Som Social Media Manager hos \u00d8kologisk Landsforening, administrerer\u00a0Tobias Egmose\u00a0til dagligt organisationens mange online platforme.\u00a0Til det fuldt booket #lytgodt morgenm\u00f8de om st\u00e6rke online kampagner, gav\u00a0han v\u00e6rdifulde r\u00e5d om, hvordan&hellip;","og_url":"https:\/\/www.overskrift.dk\/blog\/2016\/11\/07\/oekologisk-landsforening-fokuserer-paa-maalrettet-online-kommunikation\/","og_site_name":"Overskrifts blog","article_publisher":"https:\/\/www.facebook.com\/overskrift","article_published_time":"2016-11-07T12:42:45+00:00","article_modified_time":"2017-04-18T11:24:51+00:00","og_image":[{"width":211,"height":222,"url":"https:\/\/www.overskrift.dk\/blog\/wp-content\/uploads\/Sk\u00e6rmbillede-2016-10-04-kl.-11.13.23.png","type":"image\/png"}],"author":"Pernille Abildgaard Frank","twitter_card":"summary_large_image","twitter_creator":"@overskrift","twitter_site":"@overskrift","schema":{"@context":"https:\/\/schema.org","@graph":[{"@type":"Article","@id":"https:\/\/www.overskrift.dk\/blog\/2016\/11\/07\/oekologisk-landsforening-fokuserer-paa-maalrettet-online-kommunikation\/#article","isPartOf":{"@id":"https:\/\/www.overskrift.dk\/blog\/2016\/11\/07\/oekologisk-landsforening-fokuserer-paa-maalrettet-online-kommunikation\/"},"author":{"name":"Pernille Abildgaard Frank","@id":"https:\/\/www.overskrift.dk\/blog\/#\/schema\/person\/bab6fcd27dafdb58013fc610b8b3bc1e"},"headline":"\u00d8kologisk Landsforening fokuserer p\u00e5 m\u00e5lrettet online kommunikation","datePublished":"2016-11-07T12:42:45+00:00","dateModified":"2017-04-18T11:24:51+00:00","mainEntityOfPage":{"@id":"https:\/\/www.overskrift.dk\/blog\/2016\/11\/07\/oekologisk-landsforening-fokuserer-paa-maalrettet-online-kommunikation\/"},"wordCount":500,"commentCount":0,"publisher":{"@id":"https:\/\/www.overskrift.dk\/blog\/#organization"},"image":{"@id":"https:\/\/www.overskrift.dk\/blog\/2016\/11\/07\/oekologisk-landsforening-fokuserer-paa-maalrettet-online-kommunikation\/#primaryimage"},"thumbnailUrl":"https:\/\/www.overskrift.dk\/blog\/wp-content\/uploads\/Sk\u00e6rmbillede-2016-10-04-kl.-11.13.23.png","keywords":["facebook","instagram","kampagner","kommunikation","lytgodt","Morgen","online monitorering"],"articleSection":["Inspiration"],"inLanguage":"da-DK","potentialAction":[{"@type":"CommentAction","name":"Comment","target":["https:\/\/www.overskrift.dk\/blog\/2016\/11\/07\/oekologisk-landsforening-fokuserer-paa-maalrettet-online-kommunikation\/#respond"]}]},{"@type":"WebPage","@id":"https:\/\/www.overskrift.dk\/blog\/2016\/11\/07\/oekologisk-landsforening-fokuserer-paa-maalrettet-online-kommunikation\/","url":"https:\/\/www.overskrift.dk\/blog\/2016\/11\/07\/oekologisk-landsforening-fokuserer-paa-maalrettet-online-kommunikation\/","name":"\u00d8kologisk Landsforening fokuserer p\u00e5 m\u00e5lrettet online kommunikation - Overskrifts blog","isPartOf":{"@id":"https:\/\/www.overskrift.dk\/blog\/#website"},"primaryImageOfPage":{"@id":"https:\/\/www.overskrift.dk\/blog\/2016\/11\/07\/oekologisk-landsforening-fokuserer-paa-maalrettet-online-kommunikation\/#primaryimage"},"image":{"@id":"https:\/\/www.overskrift.dk\/blog\/2016\/11\/07\/oekologisk-landsforening-fokuserer-paa-maalrettet-online-kommunikation\/#primaryimage"},"thumbnailUrl":"https:\/\/www.overskrift.dk\/blog\/wp-content\/uploads\/Sk\u00e6rmbillede-2016-10-04-kl.-11.13.23.png","datePublished":"2016-11-07T12:42:45+00:00","dateModified":"2017-04-18T11:24:51+00:00","breadcrumb":{"@id":"https:\/\/www.overskrift.dk\/blog\/2016\/11\/07\/oekologisk-landsforening-fokuserer-paa-maalrettet-online-kommunikation\/#breadcrumb"},"inLanguage":"da-DK","potentialAction":[{"@type":"ReadAction","target":["https:\/\/www.overskrift.dk\/blog\/2016\/11\/07\/oekologisk-landsforening-fokuserer-paa-maalrettet-online-kommunikation\/"]}]},{"@type":"ImageObject","inLanguage":"da-DK","@id":"https:\/\/www.overskrift.dk\/blog\/2016\/11\/07\/oekologisk-landsforening-fokuserer-paa-maalrettet-online-kommunikation\/#primaryimage","url":"https:\/\/www.overskrift.dk\/blog\/wp-content\/uploads\/Sk\u00e6rmbillede-2016-10-04-kl.-11.13.23.png","contentUrl":"https:\/\/www.overskrift.dk\/blog\/wp-content\/uploads\/Sk\u00e6rmbillede-2016-10-04-kl.-11.13.23.png","width":211,"height":222},{"@type":"BreadcrumbList","@id":"https:\/\/www.overskrift.dk\/blog\/2016\/11\/07\/oekologisk-landsforening-fokuserer-paa-maalrettet-online-kommunikation\/#breadcrumb","itemListElement":[{"@type":"ListItem","position":1,"name":"Hjem","item":"https:\/\/www.overskrift.dk\/blog\/"},{"@type":"ListItem","position":2,"name":"\u00d8kologisk Landsforening fokuserer p\u00e5 m\u00e5lrettet online kommunikation"}]},{"@type":"WebSite","@id":"https:\/\/www.overskrift.dk\/blog\/#website","url":"https:\/\/www.overskrift.dk\/blog\/","name":"Overskrifts blog","description":"Nyeste indl\u00e6g","publisher":{"@id":"https:\/\/www.overskrift.dk\/blog\/#organization"},"potentialAction":[{"@type":"SearchAction","target":{"@type":"EntryPoint","urlTemplate":"https:\/\/www.overskrift.dk\/blog\/?s={search_term_string}"},"query-input":{"@type":"PropertyValueSpecification","valueRequired":true,"valueName":"search_term_string"}}],"inLanguage":"da-DK"},{"@type":"Organization","@id":"https:\/\/www.overskrift.dk\/blog\/#organization","name":"Overskrift ApS","url":"https:\/\/www.overskrift.dk\/blog\/","logo":{"@type":"ImageObject","inLanguage":"da-DK","@id":"https:\/\/www.overskrift.dk\/blog\/#\/schema\/logo\/image\/","url":"https:\/\/blog.overskrift.dk\/wp-content\/uploads\/Just-the-dots-1.png","contentUrl":"https:\/\/blog.overskrift.dk\/wp-content\/uploads\/Just-the-dots-1.png","width":258,"height":257,"caption":"Overskrift ApS"},"image":{"@id":"https:\/\/www.overskrift.dk\/blog\/#\/schema\/logo\/image\/"},"sameAs":["https:\/\/www.facebook.com\/overskrift","https:\/\/x.com\/overskrift","https:\/\/www.instagram.com\/overskrift\/","https:\/\/www.linkedin.com\/company\/10153434"]},{"@type":"Person","@id":"https:\/\/www.overskrift.dk\/blog\/#\/schema\/person\/bab6fcd27dafdb58013fc610b8b3bc1e","name":"Pernille Abildgaard Frank","image":{"@type":"ImageObject","inLanguage":"da-DK","@id":"https:\/\/secure.gravatar.com\/avatar\/d7d78fd963c899e88c79ce28e7ede608174fd3557c5ce7e6fb4536d933602b36?s=96&d=mm&r=g","url":"https:\/\/secure.gravatar.com\/avatar\/d7d78fd963c899e88c79ce28e7ede608174fd3557c5ce7e6fb4536d933602b36?s=96&d=mm&r=g","contentUrl":"https:\/\/secure.gravatar.com\/avatar\/d7d78fd963c899e88c79ce28e7ede608174fd3557c5ce7e6fb4536d933602b36?s=96&d=mm&r=g","caption":"Pernille Abildgaard Frank"},"description":"Pernille er marketingassistent i Overskrift","url":"https:\/\/www.overskrift.dk\/blog\/author\/pernille\/"}]}},"_links":{"self":[{"href":"https:\/\/www.overskrift.dk\/blog\/wp-json\/wp\/v2\/posts\/6245","targetHints":{"allow":["GET"]}}],"collection":[{"href":"https:\/\/www.overskrift.dk\/blog\/wp-json\/wp\/v2\/posts"}],"about":[{"href":"https:\/\/www.overskrift.dk\/blog\/wp-json\/wp\/v2\/types\/post"}],"author":[{"embeddable":true,"href":"https:\/\/www.overskrift.dk\/blog\/wp-json\/wp\/v2\/users\/12"}],"replies":[{"embeddable":true,"href":"https:\/\/www.overskrift.dk\/blog\/wp-json\/wp\/v2\/comments?post=6245"}],"version-history":[{"count":40,"href":"https:\/\/www.overskrift.dk\/blog\/wp-json\/wp\/v2\/posts\/6245\/revisions"}],"predecessor-version":[{"id":6288,"href":"https:\/\/www.overskrift.dk\/blog\/wp-json\/wp\/v2\/posts\/6245\/revisions\/6288"}],"wp:featuredmedia":[{"embeddable":true,"href":"https:\/\/www.overskrift.dk\/blog\/wp-json\/wp\/v2\/media\/6168"}],"wp:attachment":[{"href":"https:\/\/www.overskrift.dk\/blog\/wp-json\/wp\/v2\/media?parent=6245"}],"wp:term":[{"taxonomy":"category","embeddable":true,"href":"https:\/\/www.overskrift.dk\/blog\/wp-json\/wp\/v2\/categories?post=6245"},{"taxonomy":"post_tag","embeddable":true,"href":"https:\/\/www.overskrift.dk\/blog\/wp-json\/wp\/v2\/tags?post=6245"}],"curies":[{"name":"wp","href":"https:\/\/api.w.org\/{rel}","templated":true}]}}