{"id":6408,"date":"2016-12-28T12:57:46","date_gmt":"2016-12-28T11:57:46","guid":{"rendered":"http:\/\/blog.overskrift.dk\/?p=6408"},"modified":"2017-04-18T13:15:57","modified_gmt":"2017-04-18T11:15:57","slug":"noegletal-twitter-danmark-2016","status":"publish","type":"post","link":"https:\/\/www.overskrift.dk\/blog\/2016\/12\/28\/noegletal-twitter-danmark-2016\/","title":{"rendered":"N\u00f8gletal for Twitter i Danmark 2016"},"content":{"rendered":"<p><strong>Som en del af mediemonitorerings-tjenesten Overblik, f\u00f8lges alt indhold fra online og sociale medier i Danmark.\u00a0Ligesom tidligere \u00e5r, vil vi her igen g\u00f8re status over hvordan de forskellige online og sociale medier anvendes &#8211; specifikt Twitter i Danmark 2016.<\/strong><\/p>\n<p>Der eksisterer ved udgangen af 2016 ca. 355.000 danske Twitter profiler, hvilket er en stigning p\u00e5 ca. 18% i forhold til udgangen af 2015. Ca. 30\u00a0% af disse danske Twitter profiler har i \u00e5rets l\u00f8b tweetet &#8211; eller re-tweetet &#8211; mindst en gang, og antallet af afsendte tweets ligger st\u00f8t omkring 21 millioner tweets ligesom i 2015.<\/p>\n<p>Antallet af aktive danske twitter profiler ligger dog nogenlunde stabilit p\u00e5 ca. 65.000 danske tweeps, som den ogs\u00e5 har v\u00e6ret de seneste \u00e5r. Man kan derfor roligt sige at Twitter i Danmark er et mikro-medie i forhold til antal danske bruger p\u00e5 andre sociale platforme s\u00e5 Facebook, Instagram, Snapchat etc.<\/p>\n<h2>Begivenheder p\u00e5 Twitter i Danmark i 2016<\/h2>\n<p>Twitter har da ogs\u00e5 l\u00e6nge v\u00e6ret kendt som det udvalgt sociale medie platform for s\u00e6rligt politikere, politisk interesserede, kommunikations- og marketingsfolk samt folk i (politiske) interesseorganisationer.<\/p>\n<p>Det ses da ogs\u00e5 tydeligt p\u00e5 grafen over antal af tweets pr. dag, fra danske tweeps:<\/p>\n<figure id=\"attachment_6479\" aria-describedby=\"caption-attachment-6479\" style=\"width: 700px\" class=\"wp-caption aligncenter\"><a href=\"http:\/\/blog.overskrift.dk\/wp-content\/uploads\/Pasted_Image_28_12_2016__12_41.jpg\"><img loading=\"lazy\" decoding=\"async\" class=\"size-medium wp-image-6479\" src=\"http:\/\/blog.overskrift.dk\/wp-content\/uploads\/Pasted_Image_28_12_2016__12_41-700x322.jpg\" alt=\"Twitter-aktiviteten p\u00e5 Twitter i Danmark 2016\" width=\"700\" height=\"322\" srcset=\"https:\/\/www.overskrift.dk\/blog\/wp-content\/uploads\/Pasted_Image_28_12_2016__12_41-700x322.jpg 700w, https:\/\/www.overskrift.dk\/blog\/wp-content\/uploads\/Pasted_Image_28_12_2016__12_41-768x353.jpg 768w, https:\/\/www.overskrift.dk\/blog\/wp-content\/uploads\/Pasted_Image_28_12_2016__12_41-1600x736.jpg 1600w\" sizes=\"auto, (max-width: 700px) 100vw, 700px\" \/><\/a><figcaption id=\"caption-attachment-6479\" class=\"wp-caption-text\">Twitter-aktiviteten p\u00e5 Twitter i Danmark 2016<\/figcaption><\/figure>\n<p>Her er s\u00e6rligt et antal dato&#8217;er hvor der blev tweetet mere end normalt:<\/p>\n<ul>\n<li><strong>23.\u00a0og 24. februar 2016<\/strong>, da det st\u00e5r klart at Statsminister Lars L\u00f8kke Rasmussen ikke har opbakning fra sine st\u00f8ttepartier til sin f\u00f8devare- og milj\u00f8minister Eva Kjer Hansen, som det bl.a. fremgik ved Konservative&#8217;s pressem\u00f8de om aftenen den 23. februar. Kort efter\u00a0spillede Lars L\u00f8kke &#8220;bolden tilbage&#8221; p\u00e5 Twitter:<br \/>\n<blockquote class=\"twitter-tweet\" data-lang=\"da\">\n<p dir=\"ltr\" lang=\"da\">Har indkaldt lederne af de bl\u00e5 partier til m\u00f8de i aften kl 21. S\u00e5 m\u00e5 vi se om regeringen fortsat har flertal til at v\u00e6re regering&#8230; <a href=\"https:\/\/twitter.com\/hashtag\/dkpol?src=hash\">#dkpol<\/a><\/p>\n<p>\u2014 Lars L\u00f8kke Rasmussen (@larsloekke) <a href=\"https:\/\/twitter.com\/larsloekke\/status\/702207541867110400\">23. februar 2016<\/a><\/p><\/blockquote>\n<\/li>\n<li><strong>24. juni 2016<\/strong>\u00a0v\u00e6lger\u00a0engl\u00e6nderne at tr\u00e6kke sig ud af EU, i det s\u00e5kaldte BREXIT.<\/li>\n<li><strong>9. november 2016<\/strong>: Amerikanerne har valgt Donald Trump som den n\u00e6ste amerikanske pr\u00e6sident.<\/li>\n<\/ul>\n<p>De tre mest aktive twitter-dage er alts\u00e5 alle sammen politik-relaterede.<\/p>\n<p>N\u00e5r man ser p\u00e5 listen over de mest anvendte hashtags i danske tweets, bliver det endnu mere tydeligt at Twitter i Danmark er for den politiske samtale. Top-10 listen\u00a0ser s\u00e5ledes ud:<\/p>\n<figure id=\"attachment_6472\" aria-describedby=\"caption-attachment-6472\" style=\"width: 489px\" class=\"wp-caption aligncenter\"><a href=\"http:\/\/blog.overskrift.dk\/wp-content\/uploads\/hashtag-graph-1.jpg\"><img loading=\"lazy\" decoding=\"async\" class=\"wp-image-6472 size-full\" src=\"http:\/\/blog.overskrift.dk\/wp-content\/uploads\/hashtag-graph-1.jpg\" alt=\"Det mest popul\u00e6re hashtag p\u00e5 Twitter i Danmark er #dkpol - mere end 7 gange s\u00e5 brugt som nr. 3 #sldk\" width=\"489\" height=\"368\" \/><\/a><figcaption id=\"caption-attachment-6472\" class=\"wp-caption-text\">Det mest popul\u00e6re hashtag p\u00e5 Twitter i Danmark er #dkpol &#8211; mere end 7 gange s\u00e5 brugt som nr. 3 #sldk<\/figcaption><\/figure>\n<p>Som det ses &#8211; og ligesom tidligere \u00e5r &#8211; anvendes #dkpol klart mest, og mere end 700% mere end nr. 2 p\u00e5 listen #sldk. L\u00e6ngere nede ad listen:<\/p>\n<table style=\"border-collapse: collapse; width: 437px; height: 338px;\" border=\"0\" width=\"176\" cellspacing=\"0\" cellpadding=\"0\">\n<tbody>\n<tr style=\"height: 16.0pt;\">\n<th style=\"height: 16.0pt; width: 66pt;\" align=\"right\" width=\"88\" height=\"21\"><strong>Placering<\/strong><\/th>\n<th style=\"width: 66pt;\" width=\"88\"><strong>Hashtag<\/strong><\/th>\n<\/tr>\n<tr style=\"height: 16.0pt;\">\n<td style=\"height: 16.0pt; width: 66pt;\" align=\"right\" width=\"88\" height=\"21\">17<\/td>\n<td style=\"width: 66pt;\" width=\"88\">#brexit<\/td>\n<\/tr>\n<tr style=\"height: 16.0pt;\">\n<td style=\"height: 16.0pt;\" align=\"right\" height=\"21\">19<\/td>\n<td>#uddpol<\/td>\n<\/tr>\n<tr style=\"height: 16.0pt;\">\n<td style=\"height: 16.0pt;\" align=\"right\" height=\"21\">20<\/td>\n<td>#syria<\/td>\n<\/tr>\n<tr style=\"height: 16.0pt;\">\n<td style=\"height: 16.0pt;\" align=\"right\" height=\"21\">65<\/td>\n<td>#aleppo<\/td>\n<\/tr>\n<tr style=\"height: 16.0pt;\">\n<td style=\"height: 16.0pt;\" align=\"right\" height=\"21\">66<\/td>\n<td>#xfactordk (49 i 2015)<\/td>\n<\/tr>\n<tr style=\"height: 16.0pt;\">\n<td style=\"height: 16.0pt;\" align=\"right\" height=\"21\">71<\/td>\n<td>#PanamaPapers<\/td>\n<\/tr>\n<tr style=\"height: 16.0pt;\">\n<td style=\"height: 16.0pt;\" align=\"right\" height=\"21\">90<\/td>\n<td>#Trump<\/td>\n<\/tr>\n<tr style=\"height: 16.0pt;\">\n<td style=\"height: 16.0pt;\" align=\"right\" height=\"21\">91<\/td>\n<td>#usavalg<\/td>\n<\/tr>\n<\/tbody>\n<\/table>\n<h2>Hvem f\u00f8lges mest\u00a0p\u00e5 Twitter i Danmark<\/h2>\n<figure id=\"attachment_6456\" aria-describedby=\"caption-attachment-6456\" style=\"width: 300px\" class=\"wp-caption alignright\"><a href=\"http:\/\/www.overskrift.dk\/ranking\"><img loading=\"lazy\" decoding=\"async\" class=\"wp-image-6456\" src=\"http:\/\/blog.overskrift.dk\/wp-content\/uploads\/Mest_fulgte_Twitter_brugere_nr__1-25___Overskrift-700x905.jpg\" alt=\"Mest fulgte Twitter brugere baseret p\u00e5 antal f\u00f8lgere\" width=\"300\" height=\"388\" srcset=\"https:\/\/www.overskrift.dk\/blog\/wp-content\/uploads\/Mest_fulgte_Twitter_brugere_nr__1-25___Overskrift-700x905.jpg 700w, https:\/\/www.overskrift.dk\/blog\/wp-content\/uploads\/Mest_fulgte_Twitter_brugere_nr__1-25___Overskrift-768x993.jpg 768w, https:\/\/www.overskrift.dk\/blog\/wp-content\/uploads\/Mest_fulgte_Twitter_brugere_nr__1-25___Overskrift.jpg 1306w\" sizes=\"auto, (max-width: 300px) 100vw, 300px\" \/><\/a><figcaption id=\"caption-attachment-6456\" class=\"wp-caption-text\">Mest fulgte Twitter brugere baseret p\u00e5 f\u00f8lgere<\/figcaption><\/figure>\n<p>Overskrift\u00a0indhenter ikke kun indhold, men ogs\u00e5 meta-data om kilderne &#8211; i dette tilf\u00e6lde alts\u00e5 data om de konti, der\u00a0tweeter og retweeter og som har en relation til Danmark. Det kan v\u00e6re herboende danskere, danskere bosiddende\u00a0udlandet eller udl\u00e6ndinge der bor, arbejder eller angiver en eller anden form for danske relation.<\/p>\n<p><a href=\"http:\/\/www.overskrift.dk\/ranking\">Top-listen finder du her<\/a>, og ved at indtaste dit eget Twitter-brugernavn kan du finde din egen placering p\u00e5 listen. Listen rangerer\u00a0brugerne efter antallet af f\u00f8lgere (eller <a href=\"http:\/\/www.overskrift.dk\/ranking\/klout\">Klout-score<\/a>), uden at skele til om\u00a0alle disse f\u00f8lgere er \u00e6gte eller om de er oprettet til lejligheden. Der findes flere forskellige <a href=\"https:\/\/fakers.statuspeople.com\/\">slags<\/a>\u00a0<a href=\"https:\/\/www.twitteraudit.com\/\">v\u00e6rkt\u00f8jer<\/a> til at unders\u00f8ge \u00e6gtheden af f\u00f8lgerskaren, og en stikpr\u00f8ve i toppen peger da ogs\u00e5 p\u00e5 en h\u00f8jere andel af tvivlsomme f\u00f8lgere, end hvis man hopper l\u00e6ngere ned ad listen &#8211; dog ikke nok til at \u00e6ndre p\u00e5 r\u00e6kkef\u00f8lgen (Twitter <a href=\"https:\/\/support.twitter.com\/articles\/20171870\">frar\u00e5der selvf\u00f8lgelig al brug af falske f\u00f8lgere<\/a> til at forl\u00e6nge r\u00e6kkevidden for en Twitter-konto).<\/p>\n<h2>Popul\u00e6re tweets fra 2016<\/h2>\n<p>Et tweet n\u00e5r l\u00e6ngere og l\u00e6ngere ud for hvert retweet. Danskere med en international karriere, og som m\u00e5ske endda skriver p\u00e5 engelsk, vil have langt flere retweets end danskere der tweeter p\u00e5 dansk. Herunder lister vi 3 popul\u00e6re tweets, der alle har f\u00e5et mange retweets &#8211; b\u00e5de i Danmark og internationalt, men listen er alts\u00e5 baseret p\u00e5 antallet af reweets fra danske Twitter-konti, og derfor\u00a0er Daniel Aggers tweet heller ikke at finde p\u00e5 f\u00f8rstepladsen:<\/p>\n<h3>Morten Bruun, kommentator p\u00e5 6&#8217;eren, nu uden 1992-EM medalje<\/h3>\n<blockquote class=\"twitter-tweet\" data-lang=\"da\">\n<p dir=\"ltr\" lang=\"da\">Til dig, der br\u00f8d ind i mit hus, mens jeg kommenterede landskamp: Vil du ikke levere min EM-medalje fra 1992 tilbage? Du kender jo adressen.<\/p>\n<p>\u2014 Morten Bruun (@Bruun6eren) <a href=\"https:\/\/twitter.com\/Bruun6eren\/status\/713264360202878976\">25. marts 2016<\/a><\/p><\/blockquote>\n<h3>Anders Lund Madsen<\/h3>\n<blockquote class=\"twitter-tweet\" data-lang=\"da\">\n<p dir=\"ltr\" lang=\"da\">Det indsamlede kn\u00e6k-cancerbel\u00f8b svarer til 1% af de 14 milliarder, SKAT mistede pga uduelighed. Og som stadig ikke f\u00e5r opm\u00e6rksomhed.<\/p>\n<p>\u2014 Anders Lund Madsen (@Fedeabe) <a href=\"https:\/\/twitter.com\/Fedeabe\/status\/792676722202124288\">30. oktober 2016<\/a><\/p><\/blockquote>\n<h3>Daniel Agger stopper karrieren<\/h3>\n<blockquote class=\"twitter-tweet\" data-lang=\"da\">\n<p dir=\"ltr\" lang=\"en\">Thank you for your support.A great experience.It&#8217;s sad,but it is the right decision to stop. I&#8217;m proud of my career. <a href=\"https:\/\/t.co\/Geu9y47vnN\">pic.twitter.com\/Geu9y47vnN<\/a><\/p>\n<p>\u2014 Daniel Agger (@DanielAgger) <a href=\"https:\/\/twitter.com\/DanielAgger\/status\/740837967300792320\">9. juni 2016<\/a><\/p><\/blockquote>\n<p><script async src=\"\/\/platform.twitter.com\/widgets.js\" charset=\"utf-8\"><\/script><\/p>\n","protected":false},"excerpt":{"rendered":"<p>Som en del af mediemonitorerings-tjenesten Overblik, f\u00f8lges alt indhold fra online og sociale medier i Danmark.\u00a0Ligesom tidligere \u00e5r, vil vi her igen g\u00f8re status over hvordan de forskellige&hellip;<\/p>\n","protected":false},"author":4,"featured_media":6463,"comment_status":"open","ping_status":"open","sticky":false,"template":"","format":"standard","meta":{"cybocfi_hide_featured_image":"","footnotes":""},"categories":[298],"tags":[297,261,279,277,237,263],"class_list":["post-6408","post","type-post","status-publish","format-standard","has-post-thumbnail","hentry","category-noegletal","tag-noegletal","tag-online-monitorering","tag-social-listening","tag-social-media-marketing","tag-sociale-medier","tag-twitter"],"yoast_head":"<!-- This site is optimized with the Yoast SEO plugin v27.5 - https:\/\/yoast.com\/product\/yoast-seo-wordpress\/ -->\n<title>N\u00f8gletal for Twitter i Danmark 2016 - Overskrifts blog<\/title>\n<meta name=\"description\" content=\"Den \u00e5rlige opsamling, hvor Overskrift m\u00e5ler p\u00e5 Twitter i Danmark 2016 og deler f.eks. tal om fulgte Twitter-brugere samt hvilke hashtags vi brugte.\" \/>\n<meta name=\"robots\" content=\"index, follow, max-snippet:-1, max-image-preview:large, max-video-preview:-1\" \/>\n<link rel=\"canonical\" href=\"https:\/\/www.overskrift.dk\/blog\/2016\/12\/28\/noegletal-twitter-danmark-2016\/\" \/>\n<meta property=\"og:locale\" content=\"da_DK\" \/>\n<meta property=\"og:type\" content=\"article\" \/>\n<meta property=\"og:title\" content=\"N\u00f8gletal for Twitter i Danmark 2016 - Overskrifts blog\" \/>\n<meta property=\"og:description\" content=\"Den \u00e5rlige opsamling, hvor Overskrift m\u00e5ler p\u00e5 Twitter i Danmark 2016 og deler f.eks. tal om fulgte Twitter-brugere samt hvilke hashtags vi brugte.\" \/>\n<meta property=\"og:url\" content=\"https:\/\/www.overskrift.dk\/blog\/2016\/12\/28\/noegletal-twitter-danmark-2016\/\" \/>\n<meta property=\"og:site_name\" content=\"Overskrifts blog\" \/>\n<meta property=\"article:publisher\" content=\"https:\/\/www.facebook.com\/overskrift\" \/>\n<meta property=\"article:published_time\" content=\"2016-12-28T11:57:46+00:00\" \/>\n<meta property=\"article:modified_time\" content=\"2017-04-18T11:15:57+00:00\" \/>\n<meta property=\"og:image\" content=\"https:\/\/www.overskrift.dk\/blog\/wp-content\/uploads\/twitter2016.jpg\" \/>\n\t<meta property=\"og:image:width\" content=\"1200\" \/>\n\t<meta property=\"og:image:height\" content=\"630\" \/>\n\t<meta property=\"og:image:type\" content=\"image\/jpeg\" \/>\n<meta name=\"author\" content=\"Stefan B\u00f8gh-Andersen\" \/>\n<meta name=\"twitter:card\" content=\"summary_large_image\" \/>\n<meta name=\"twitter:creator\" content=\"@overskrift\" \/>\n<meta name=\"twitter:site\" content=\"@overskrift\" \/>\n<script type=\"application\/ld+json\" class=\"yoast-schema-graph\">{\"@context\":\"https:\\\/\\\/schema.org\",\"@graph\":[{\"@type\":\"Article\",\"@id\":\"https:\\\/\\\/www.overskrift.dk\\\/blog\\\/2016\\\/12\\\/28\\\/noegletal-twitter-danmark-2016\\\/#article\",\"isPartOf\":{\"@id\":\"https:\\\/\\\/www.overskrift.dk\\\/blog\\\/2016\\\/12\\\/28\\\/noegletal-twitter-danmark-2016\\\/\"},\"author\":{\"name\":\"Stefan B\u00f8gh-Andersen\",\"@id\":\"https:\\\/\\\/www.overskrift.dk\\\/blog\\\/#\\\/schema\\\/person\\\/b78220010603ce4384fa7758a6eabaf3\"},\"headline\":\"N\u00f8gletal for Twitter i Danmark 2016\",\"datePublished\":\"2016-12-28T11:57:46+00:00\",\"dateModified\":\"2017-04-18T11:15:57+00:00\",\"mainEntityOfPage\":{\"@id\":\"https:\\\/\\\/www.overskrift.dk\\\/blog\\\/2016\\\/12\\\/28\\\/noegletal-twitter-danmark-2016\\\/\"},\"wordCount\":843,\"commentCount\":11,\"publisher\":{\"@id\":\"https:\\\/\\\/www.overskrift.dk\\\/blog\\\/#organization\"},\"image\":{\"@id\":\"https:\\\/\\\/www.overskrift.dk\\\/blog\\\/2016\\\/12\\\/28\\\/noegletal-twitter-danmark-2016\\\/#primaryimage\"},\"thumbnailUrl\":\"https:\\\/\\\/www.overskrift.dk\\\/blog\\\/wp-content\\\/uploads\\\/twitter2016.jpg\",\"keywords\":[\"n\u00f8gletal\",\"online monitorering\",\"social listening\",\"social media marketing\",\"sociale medier\",\"twitter\"],\"articleSection\":[\"N\u00f8gletal\"],\"inLanguage\":\"da-DK\",\"potentialAction\":[{\"@type\":\"CommentAction\",\"name\":\"Comment\",\"target\":[\"https:\\\/\\\/www.overskrift.dk\\\/blog\\\/2016\\\/12\\\/28\\\/noegletal-twitter-danmark-2016\\\/#respond\"]}]},{\"@type\":\"WebPage\",\"@id\":\"https:\\\/\\\/www.overskrift.dk\\\/blog\\\/2016\\\/12\\\/28\\\/noegletal-twitter-danmark-2016\\\/\",\"url\":\"https:\\\/\\\/www.overskrift.dk\\\/blog\\\/2016\\\/12\\\/28\\\/noegletal-twitter-danmark-2016\\\/\",\"name\":\"N\u00f8gletal for Twitter i Danmark 2016 - Overskrifts blog\",\"isPartOf\":{\"@id\":\"https:\\\/\\\/www.overskrift.dk\\\/blog\\\/#website\"},\"primaryImageOfPage\":{\"@id\":\"https:\\\/\\\/www.overskrift.dk\\\/blog\\\/2016\\\/12\\\/28\\\/noegletal-twitter-danmark-2016\\\/#primaryimage\"},\"image\":{\"@id\":\"https:\\\/\\\/www.overskrift.dk\\\/blog\\\/2016\\\/12\\\/28\\\/noegletal-twitter-danmark-2016\\\/#primaryimage\"},\"thumbnailUrl\":\"https:\\\/\\\/www.overskrift.dk\\\/blog\\\/wp-content\\\/uploads\\\/twitter2016.jpg\",\"datePublished\":\"2016-12-28T11:57:46+00:00\",\"dateModified\":\"2017-04-18T11:15:57+00:00\",\"description\":\"Den \u00e5rlige opsamling, hvor Overskrift m\u00e5ler p\u00e5 Twitter i Danmark 2016 og deler f.eks. tal om fulgte Twitter-brugere samt hvilke hashtags vi brugte.\",\"breadcrumb\":{\"@id\":\"https:\\\/\\\/www.overskrift.dk\\\/blog\\\/2016\\\/12\\\/28\\\/noegletal-twitter-danmark-2016\\\/#breadcrumb\"},\"inLanguage\":\"da-DK\",\"potentialAction\":[{\"@type\":\"ReadAction\",\"target\":[\"https:\\\/\\\/www.overskrift.dk\\\/blog\\\/2016\\\/12\\\/28\\\/noegletal-twitter-danmark-2016\\\/\"]}]},{\"@type\":\"ImageObject\",\"inLanguage\":\"da-DK\",\"@id\":\"https:\\\/\\\/www.overskrift.dk\\\/blog\\\/2016\\\/12\\\/28\\\/noegletal-twitter-danmark-2016\\\/#primaryimage\",\"url\":\"https:\\\/\\\/www.overskrift.dk\\\/blog\\\/wp-content\\\/uploads\\\/twitter2016.jpg\",\"contentUrl\":\"https:\\\/\\\/www.overskrift.dk\\\/blog\\\/wp-content\\\/uploads\\\/twitter2016.jpg\",\"width\":1200,\"height\":630},{\"@type\":\"BreadcrumbList\",\"@id\":\"https:\\\/\\\/www.overskrift.dk\\\/blog\\\/2016\\\/12\\\/28\\\/noegletal-twitter-danmark-2016\\\/#breadcrumb\",\"itemListElement\":[{\"@type\":\"ListItem\",\"position\":1,\"name\":\"Hjem\",\"item\":\"https:\\\/\\\/www.overskrift.dk\\\/blog\\\/\"},{\"@type\":\"ListItem\",\"position\":2,\"name\":\"N\u00f8gletal for Twitter i Danmark 2016\"}]},{\"@type\":\"WebSite\",\"@id\":\"https:\\\/\\\/www.overskrift.dk\\\/blog\\\/#website\",\"url\":\"https:\\\/\\\/www.overskrift.dk\\\/blog\\\/\",\"name\":\"Overskrifts blog\",\"description\":\"Nyeste indl\u00e6g\",\"publisher\":{\"@id\":\"https:\\\/\\\/www.overskrift.dk\\\/blog\\\/#organization\"},\"potentialAction\":[{\"@type\":\"SearchAction\",\"target\":{\"@type\":\"EntryPoint\",\"urlTemplate\":\"https:\\\/\\\/www.overskrift.dk\\\/blog\\\/?s={search_term_string}\"},\"query-input\":{\"@type\":\"PropertyValueSpecification\",\"valueRequired\":true,\"valueName\":\"search_term_string\"}}],\"inLanguage\":\"da-DK\"},{\"@type\":\"Organization\",\"@id\":\"https:\\\/\\\/www.overskrift.dk\\\/blog\\\/#organization\",\"name\":\"Overskrift ApS\",\"url\":\"https:\\\/\\\/www.overskrift.dk\\\/blog\\\/\",\"logo\":{\"@type\":\"ImageObject\",\"inLanguage\":\"da-DK\",\"@id\":\"https:\\\/\\\/www.overskrift.dk\\\/blog\\\/#\\\/schema\\\/logo\\\/image\\\/\",\"url\":\"https:\\\/\\\/blog.overskrift.dk\\\/wp-content\\\/uploads\\\/Just-the-dots-1.png\",\"contentUrl\":\"https:\\\/\\\/blog.overskrift.dk\\\/wp-content\\\/uploads\\\/Just-the-dots-1.png\",\"width\":258,\"height\":257,\"caption\":\"Overskrift ApS\"},\"image\":{\"@id\":\"https:\\\/\\\/www.overskrift.dk\\\/blog\\\/#\\\/schema\\\/logo\\\/image\\\/\"},\"sameAs\":[\"https:\\\/\\\/www.facebook.com\\\/overskrift\",\"https:\\\/\\\/x.com\\\/overskrift\",\"https:\\\/\\\/www.instagram.com\\\/overskrift\\\/\",\"https:\\\/\\\/www.linkedin.com\\\/company\\\/10153434\"]},{\"@type\":\"Person\",\"@id\":\"https:\\\/\\\/www.overskrift.dk\\\/blog\\\/#\\\/schema\\\/person\\\/b78220010603ce4384fa7758a6eabaf3\",\"name\":\"Stefan B\u00f8gh-Andersen\",\"image\":{\"@type\":\"ImageObject\",\"inLanguage\":\"da-DK\",\"@id\":\"https:\\\/\\\/secure.gravatar.com\\\/avatar\\\/f7eee59b7b5aa69f61ce713b6f85ef24d2faef678f186072e924c71249c2d2d6?s=96&d=mm&r=g\",\"url\":\"https:\\\/\\\/secure.gravatar.com\\\/avatar\\\/f7eee59b7b5aa69f61ce713b6f85ef24d2faef678f186072e924c71249c2d2d6?s=96&d=mm&r=g\",\"contentUrl\":\"https:\\\/\\\/secure.gravatar.com\\\/avatar\\\/f7eee59b7b5aa69f61ce713b6f85ef24d2faef678f186072e924c71249c2d2d6?s=96&d=mm&r=g\",\"caption\":\"Stefan B\u00f8gh-Andersen\"},\"description\":\"Indl\u00e6gget er skrevet af Stefan, der er direkt\u00f8r i og stifter af Overskrift. Stefan er en skarp analytiker og har mange \u00e5rs erfaring med r\u00e5dgivning inden for sociale medier og nyhedssites.\",\"url\":\"https:\\\/\\\/www.overskrift.dk\\\/blog\\\/author\\\/stefan\\\/\"}]}<\/script>\n<!-- \/ Yoast SEO plugin. -->","yoast_head_json":{"title":"N\u00f8gletal for Twitter i Danmark 2016 - Overskrifts blog","description":"Den \u00e5rlige opsamling, hvor Overskrift m\u00e5ler p\u00e5 Twitter i Danmark 2016 og deler f.eks. tal om fulgte Twitter-brugere samt hvilke hashtags vi brugte.","robots":{"index":"index","follow":"follow","max-snippet":"max-snippet:-1","max-image-preview":"max-image-preview:large","max-video-preview":"max-video-preview:-1"},"canonical":"https:\/\/www.overskrift.dk\/blog\/2016\/12\/28\/noegletal-twitter-danmark-2016\/","og_locale":"da_DK","og_type":"article","og_title":"N\u00f8gletal for Twitter i Danmark 2016 - Overskrifts blog","og_description":"Den \u00e5rlige opsamling, hvor Overskrift m\u00e5ler p\u00e5 Twitter i Danmark 2016 og deler f.eks. tal om fulgte Twitter-brugere samt hvilke hashtags vi brugte.","og_url":"https:\/\/www.overskrift.dk\/blog\/2016\/12\/28\/noegletal-twitter-danmark-2016\/","og_site_name":"Overskrifts blog","article_publisher":"https:\/\/www.facebook.com\/overskrift","article_published_time":"2016-12-28T11:57:46+00:00","article_modified_time":"2017-04-18T11:15:57+00:00","og_image":[{"width":1200,"height":630,"url":"https:\/\/www.overskrift.dk\/blog\/wp-content\/uploads\/twitter2016.jpg","type":"image\/jpeg"}],"author":"Stefan B\u00f8gh-Andersen","twitter_card":"summary_large_image","twitter_creator":"@overskrift","twitter_site":"@overskrift","schema":{"@context":"https:\/\/schema.org","@graph":[{"@type":"Article","@id":"https:\/\/www.overskrift.dk\/blog\/2016\/12\/28\/noegletal-twitter-danmark-2016\/#article","isPartOf":{"@id":"https:\/\/www.overskrift.dk\/blog\/2016\/12\/28\/noegletal-twitter-danmark-2016\/"},"author":{"name":"Stefan B\u00f8gh-Andersen","@id":"https:\/\/www.overskrift.dk\/blog\/#\/schema\/person\/b78220010603ce4384fa7758a6eabaf3"},"headline":"N\u00f8gletal for Twitter i Danmark 2016","datePublished":"2016-12-28T11:57:46+00:00","dateModified":"2017-04-18T11:15:57+00:00","mainEntityOfPage":{"@id":"https:\/\/www.overskrift.dk\/blog\/2016\/12\/28\/noegletal-twitter-danmark-2016\/"},"wordCount":843,"commentCount":11,"publisher":{"@id":"https:\/\/www.overskrift.dk\/blog\/#organization"},"image":{"@id":"https:\/\/www.overskrift.dk\/blog\/2016\/12\/28\/noegletal-twitter-danmark-2016\/#primaryimage"},"thumbnailUrl":"https:\/\/www.overskrift.dk\/blog\/wp-content\/uploads\/twitter2016.jpg","keywords":["n\u00f8gletal","online monitorering","social listening","social media marketing","sociale medier","twitter"],"articleSection":["N\u00f8gletal"],"inLanguage":"da-DK","potentialAction":[{"@type":"CommentAction","name":"Comment","target":["https:\/\/www.overskrift.dk\/blog\/2016\/12\/28\/noegletal-twitter-danmark-2016\/#respond"]}]},{"@type":"WebPage","@id":"https:\/\/www.overskrift.dk\/blog\/2016\/12\/28\/noegletal-twitter-danmark-2016\/","url":"https:\/\/www.overskrift.dk\/blog\/2016\/12\/28\/noegletal-twitter-danmark-2016\/","name":"N\u00f8gletal for Twitter i Danmark 2016 - Overskrifts blog","isPartOf":{"@id":"https:\/\/www.overskrift.dk\/blog\/#website"},"primaryImageOfPage":{"@id":"https:\/\/www.overskrift.dk\/blog\/2016\/12\/28\/noegletal-twitter-danmark-2016\/#primaryimage"},"image":{"@id":"https:\/\/www.overskrift.dk\/blog\/2016\/12\/28\/noegletal-twitter-danmark-2016\/#primaryimage"},"thumbnailUrl":"https:\/\/www.overskrift.dk\/blog\/wp-content\/uploads\/twitter2016.jpg","datePublished":"2016-12-28T11:57:46+00:00","dateModified":"2017-04-18T11:15:57+00:00","description":"Den \u00e5rlige opsamling, hvor Overskrift m\u00e5ler p\u00e5 Twitter i Danmark 2016 og deler f.eks. tal om fulgte Twitter-brugere samt hvilke hashtags vi brugte.","breadcrumb":{"@id":"https:\/\/www.overskrift.dk\/blog\/2016\/12\/28\/noegletal-twitter-danmark-2016\/#breadcrumb"},"inLanguage":"da-DK","potentialAction":[{"@type":"ReadAction","target":["https:\/\/www.overskrift.dk\/blog\/2016\/12\/28\/noegletal-twitter-danmark-2016\/"]}]},{"@type":"ImageObject","inLanguage":"da-DK","@id":"https:\/\/www.overskrift.dk\/blog\/2016\/12\/28\/noegletal-twitter-danmark-2016\/#primaryimage","url":"https:\/\/www.overskrift.dk\/blog\/wp-content\/uploads\/twitter2016.jpg","contentUrl":"https:\/\/www.overskrift.dk\/blog\/wp-content\/uploads\/twitter2016.jpg","width":1200,"height":630},{"@type":"BreadcrumbList","@id":"https:\/\/www.overskrift.dk\/blog\/2016\/12\/28\/noegletal-twitter-danmark-2016\/#breadcrumb","itemListElement":[{"@type":"ListItem","position":1,"name":"Hjem","item":"https:\/\/www.overskrift.dk\/blog\/"},{"@type":"ListItem","position":2,"name":"N\u00f8gletal for Twitter i Danmark 2016"}]},{"@type":"WebSite","@id":"https:\/\/www.overskrift.dk\/blog\/#website","url":"https:\/\/www.overskrift.dk\/blog\/","name":"Overskrifts blog","description":"Nyeste indl\u00e6g","publisher":{"@id":"https:\/\/www.overskrift.dk\/blog\/#organization"},"potentialAction":[{"@type":"SearchAction","target":{"@type":"EntryPoint","urlTemplate":"https:\/\/www.overskrift.dk\/blog\/?s={search_term_string}"},"query-input":{"@type":"PropertyValueSpecification","valueRequired":true,"valueName":"search_term_string"}}],"inLanguage":"da-DK"},{"@type":"Organization","@id":"https:\/\/www.overskrift.dk\/blog\/#organization","name":"Overskrift ApS","url":"https:\/\/www.overskrift.dk\/blog\/","logo":{"@type":"ImageObject","inLanguage":"da-DK","@id":"https:\/\/www.overskrift.dk\/blog\/#\/schema\/logo\/image\/","url":"https:\/\/blog.overskrift.dk\/wp-content\/uploads\/Just-the-dots-1.png","contentUrl":"https:\/\/blog.overskrift.dk\/wp-content\/uploads\/Just-the-dots-1.png","width":258,"height":257,"caption":"Overskrift ApS"},"image":{"@id":"https:\/\/www.overskrift.dk\/blog\/#\/schema\/logo\/image\/"},"sameAs":["https:\/\/www.facebook.com\/overskrift","https:\/\/x.com\/overskrift","https:\/\/www.instagram.com\/overskrift\/","https:\/\/www.linkedin.com\/company\/10153434"]},{"@type":"Person","@id":"https:\/\/www.overskrift.dk\/blog\/#\/schema\/person\/b78220010603ce4384fa7758a6eabaf3","name":"Stefan B\u00f8gh-Andersen","image":{"@type":"ImageObject","inLanguage":"da-DK","@id":"https:\/\/secure.gravatar.com\/avatar\/f7eee59b7b5aa69f61ce713b6f85ef24d2faef678f186072e924c71249c2d2d6?s=96&d=mm&r=g","url":"https:\/\/secure.gravatar.com\/avatar\/f7eee59b7b5aa69f61ce713b6f85ef24d2faef678f186072e924c71249c2d2d6?s=96&d=mm&r=g","contentUrl":"https:\/\/secure.gravatar.com\/avatar\/f7eee59b7b5aa69f61ce713b6f85ef24d2faef678f186072e924c71249c2d2d6?s=96&d=mm&r=g","caption":"Stefan B\u00f8gh-Andersen"},"description":"Indl\u00e6gget er skrevet af Stefan, der er direkt\u00f8r i og stifter af Overskrift. Stefan er en skarp analytiker og har mange \u00e5rs erfaring med r\u00e5dgivning inden for sociale medier og nyhedssites.","url":"https:\/\/www.overskrift.dk\/blog\/author\/stefan\/"}]}},"_links":{"self":[{"href":"https:\/\/www.overskrift.dk\/blog\/wp-json\/wp\/v2\/posts\/6408","targetHints":{"allow":["GET"]}}],"collection":[{"href":"https:\/\/www.overskrift.dk\/blog\/wp-json\/wp\/v2\/posts"}],"about":[{"href":"https:\/\/www.overskrift.dk\/blog\/wp-json\/wp\/v2\/types\/post"}],"author":[{"embeddable":true,"href":"https:\/\/www.overskrift.dk\/blog\/wp-json\/wp\/v2\/users\/4"}],"replies":[{"embeddable":true,"href":"https:\/\/www.overskrift.dk\/blog\/wp-json\/wp\/v2\/comments?post=6408"}],"version-history":[{"count":27,"href":"https:\/\/www.overskrift.dk\/blog\/wp-json\/wp\/v2\/posts\/6408\/revisions"}],"predecessor-version":[{"id":6480,"href":"https:\/\/www.overskrift.dk\/blog\/wp-json\/wp\/v2\/posts\/6408\/revisions\/6480"}],"wp:featuredmedia":[{"embeddable":true,"href":"https:\/\/www.overskrift.dk\/blog\/wp-json\/wp\/v2\/media\/6463"}],"wp:attachment":[{"href":"https:\/\/www.overskrift.dk\/blog\/wp-json\/wp\/v2\/media?parent=6408"}],"wp:term":[{"taxonomy":"category","embeddable":true,"href":"https:\/\/www.overskrift.dk\/blog\/wp-json\/wp\/v2\/categories?post=6408"},{"taxonomy":"post_tag","embeddable":true,"href":"https:\/\/www.overskrift.dk\/blog\/wp-json\/wp\/v2\/tags?post=6408"}],"curies":[{"name":"wp","href":"https:\/\/api.w.org\/{rel}","templated":true}]}}