{"id":645,"date":"2007-11-13T13:59:22","date_gmt":"2007-11-13T12:59:22","guid":{"rendered":"http:\/\/blog.overskrift.dk\/2007\/11\/13\/sf-de-mest-bloggende-politikere-i-valgkampen\/"},"modified":"2017-04-18T14:36:38","modified_gmt":"2017-04-18T12:36:38","slug":"sf-de-mest-bloggende-politikere-i-valgkampen","status":"publish","type":"post","link":"https:\/\/www.overskrift.dk\/blog\/2007\/11\/13\/sf-de-mest-bloggende-politikere-i-valgkampen\/","title":{"rendered":"SF de mest bloggende politikere i valgkampen"},"content":{"rendered":"<p>Her p\u00e5 valgdagen efter en hektisk og kort 3-ugers valgkamp kan vi nu s\u00e5 opg\u00f8re hvilke partier der har v\u00e6ret mest aktive p\u00e5 bloggen.<\/p>\n<p>Og der m\u00e5 man sige, at SF er kommet stormende ind i det 21. \u00e5rhundrede med en stor tilstedev\u00e6relse p\u00e5 nettet  &#8211; bl.a. ogs\u00e5 &#8220;<a href=\"http:\/\/blog.overskrift.dk\/2007\/11\/01\/mashup-i-valgkampen-find-villy\/\">Find Villy<\/a>&#8221; &#8211; og er blevet det mest bloggende parti p\u00e5 nettet i denne valgkamp:<\/p>\n<div style=\"text-align: center\"><a href=\"http:\/\/blog.overskrift.dk\/wp-content\/uploads\/2007\/11\/Pol-Blogposts-ialt-stor.png\"><img decoding=\"async\" alt=\"Pol-Blogposts-ialt-small.png\" id=\"image648\" src=\"http:\/\/blog.overskrift.dk\/wp-content\/uploads\/2007\/11\/Pol-Blogposts-ialt-small.jpg\" \/><br \/>\n<\/a><\/div>\n<p align=\"center\"><em>(Klik p\u00e5 grafen for at se en stor udgave) <\/em><br \/>\nGrafen viser antallet af blog-indl\u00e6g fra <a href=\"http:\/\/overskrift.dk\/politik\/politiker-liste.php\">politikere<\/a> (og politiske organisationer, s\u00e5 som ungdomspolitikerne) i valgkampsperioden fra d. 24 oktober til og med i g\u00e5r d. 12. november.<br \/>\nSF&#8217;erne har alts\u00e5 blogget omkring 800 blogindl\u00e6g i valgkampen, mens de Radikale som jo ogs\u00e5 er meget aktive online kommer ind p\u00e5 en andenplads med ca. 600 blogindl\u00e6g. Mindst bloggende er Dansk Folkeparti med under 100 blogindl\u00e6g.<\/p>\n<p>Antallet af indl\u00e6g passer ogs\u00e5 nogenlunde overens med antallet af enkelt-politikere som blogger ved dette valg. If\u00f8lge <a href=\"http:\/\/www.klastrup.dk\/walgblog\/2007\/11\/mange-flere-politikere-blogger-ved.html\">opg\u00f8relsen vi har lavet sammen med Lisbeth Klastrup<\/a>, er det igen Socialistisk Folkeparti der ligger sig spidsen med 59 bloggende politikere efterfulgt af Socialdemokraterne med 38 bloggende politikere, mens Dansk Folkeparti og Enhedslisten er mindst repr\u00e6senteret med kun 8 bloggende politikere hver.<\/p>\n<p>Forleden lavede vi p\u00e5 Overskrift.dk en analyse over de <a href=\"http:\/\/blog.overskrift.dk\/2007\/11\/07\/analyse-af-omtale-af-politikere-i-weblogs\/\">mest omtalte parti-form\u00e6nd i alle danske blogs<\/a>. En analyse som viste at Anders Fogh var den mest diskuterede i blogosf\u00e6ren, og med en fordeling som ligner form\u00e6nds-omtale i traditionelle (trykte) medier. Ogs\u00e5 lidt sjovt at medierne tog historien op som &#8220;Fogh styrer blogosf\u00e6ren&#8221; (<a href=\"http:\/\/www.dr.dk\/Nyheder\/Temaer\/Politik+temaer\/2007\/Valg\/2007\/11\/08\/142436.htm\">DR<\/a>, <a href=\"http:\/\/jp.dk\/indland\/indland_politik\/article1160966.ece\">JP<\/a>, <a href=\"http:\/\/comon.dk\/index.php\/news\/show\/id=33482\">ComOn<\/a>, <a href=\"http:\/\/ekstrabladet.dk\/nyheder\/politik\/valg07\/article356580.ece\">EB<\/a> ..) &#8211; n\u00e5r nu analysen ikke fortalte noget om det var god eller d\u00e5rlig omtale Fogh fik i blog-indl\u00e6ggene!<\/p>\n<p>Men mht. bloggende politikere er det alts\u00e5 SF som har v\u00e6ret mest aktive. Lisbeth Klastrup har ogs\u00e5 en <a href=\"http:\/\/www.klastrup.dk\/walgblog\/2007\/11\/parti-supportertilgang-p-facebook.html\">opg\u00f8relse af Facebook tilh\u00e6ngere<\/a>, hvor SF langt distancerer alle de andre partier!<!--10134b5897034dbcbea6198369073759--><\/p>\n","protected":false},"excerpt":{"rendered":"<p>Her p\u00e5 valgdagen efter en hektisk og kort 3-ugers valgkamp kan vi nu s\u00e5 opg\u00f8re hvilke partier der har v\u00e6ret mest aktive p\u00e5 bloggen. Og der m\u00e5 man&hellip;<\/p>\n","protected":false},"author":4,"featured_media":0,"comment_status":"open","ping_status":"open","sticky":false,"template":"","format":"standard","meta":{"cybocfi_hide_featured_image":"","footnotes":""},"categories":[305],"tags":[322,307,396,378,381],"class_list":["post-645","post","type-post","status-publish","format-standard","hentry","category-trends","tag-blogosfaere","tag-blogs","tag-blogstatus","tag-sf","tag-valgkamp"],"yoast_head":"<!-- This site is optimized with the Yoast SEO plugin v27.5 - https:\/\/yoast.com\/product\/yoast-seo-wordpress\/ -->\n<title>SF de mest bloggende politikere i valgkampen - Overskrifts blog<\/title>\n<meta name=\"robots\" content=\"index, follow, max-snippet:-1, max-image-preview:large, max-video-preview:-1\" \/>\n<link rel=\"canonical\" href=\"https:\/\/www.overskrift.dk\/blog\/2007\/11\/13\/sf-de-mest-bloggende-politikere-i-valgkampen\/\" \/>\n<meta property=\"og:locale\" content=\"da_DK\" \/>\n<meta property=\"og:type\" content=\"article\" \/>\n<meta property=\"og:title\" content=\"SF de mest bloggende politikere i valgkampen - Overskrifts blog\" \/>\n<meta property=\"og:description\" content=\"Her p\u00e5 valgdagen efter en hektisk og kort 3-ugers valgkamp kan vi nu s\u00e5 opg\u00f8re hvilke partier der har v\u00e6ret mest aktive p\u00e5 bloggen. Og der m\u00e5 man&hellip;\" \/>\n<meta property=\"og:url\" content=\"https:\/\/www.overskrift.dk\/blog\/2007\/11\/13\/sf-de-mest-bloggende-politikere-i-valgkampen\/\" \/>\n<meta property=\"og:site_name\" content=\"Overskrifts blog\" \/>\n<meta property=\"article:publisher\" content=\"https:\/\/www.facebook.com\/overskrift\" \/>\n<meta property=\"article:published_time\" content=\"2007-11-13T12:59:22+00:00\" \/>\n<meta property=\"article:modified_time\" content=\"2017-04-18T12:36:38+00:00\" \/>\n<meta property=\"og:image\" content=\"http:\/\/blog.overskrift.dk\/wp-content\/uploads\/2007\/11\/Pol-Blogposts-ialt-small.jpg\" \/>\n<meta name=\"author\" content=\"Stefan B\u00f8gh-Andersen\" \/>\n<meta name=\"twitter:card\" content=\"summary_large_image\" \/>\n<meta name=\"twitter:creator\" content=\"@overskrift\" \/>\n<meta name=\"twitter:site\" content=\"@overskrift\" \/>\n<script type=\"application\/ld+json\" class=\"yoast-schema-graph\">{\"@context\":\"https:\\\/\\\/schema.org\",\"@graph\":[{\"@type\":\"Article\",\"@id\":\"https:\\\/\\\/www.overskrift.dk\\\/blog\\\/2007\\\/11\\\/13\\\/sf-de-mest-bloggende-politikere-i-valgkampen\\\/#article\",\"isPartOf\":{\"@id\":\"https:\\\/\\\/www.overskrift.dk\\\/blog\\\/2007\\\/11\\\/13\\\/sf-de-mest-bloggende-politikere-i-valgkampen\\\/\"},\"author\":{\"name\":\"Stefan B\u00f8gh-Andersen\",\"@id\":\"https:\\\/\\\/www.overskrift.dk\\\/blog\\\/#\\\/schema\\\/person\\\/b78220010603ce4384fa7758a6eabaf3\"},\"headline\":\"SF de mest bloggende politikere i valgkampen\",\"datePublished\":\"2007-11-13T12:59:22+00:00\",\"dateModified\":\"2017-04-18T12:36:38+00:00\",\"mainEntityOfPage\":{\"@id\":\"https:\\\/\\\/www.overskrift.dk\\\/blog\\\/2007\\\/11\\\/13\\\/sf-de-mest-bloggende-politikere-i-valgkampen\\\/\"},\"wordCount\":321,\"commentCount\":5,\"publisher\":{\"@id\":\"https:\\\/\\\/www.overskrift.dk\\\/blog\\\/#organization\"},\"image\":{\"@id\":\"https:\\\/\\\/www.overskrift.dk\\\/blog\\\/2007\\\/11\\\/13\\\/sf-de-mest-bloggende-politikere-i-valgkampen\\\/#primaryimage\"},\"thumbnailUrl\":\"http:\\\/\\\/blog.overskrift.dk\\\/wp-content\\\/uploads\\\/2007\\\/11\\\/Pol-Blogposts-ialt-small.jpg\",\"keywords\":[\"Blogosf\u00e6re\",\"Blogs\",\"blogstatus\",\"SF\",\"valgkamp\"],\"articleSection\":[\"Trends\"],\"inLanguage\":\"da-DK\",\"potentialAction\":[{\"@type\":\"CommentAction\",\"name\":\"Comment\",\"target\":[\"https:\\\/\\\/www.overskrift.dk\\\/blog\\\/2007\\\/11\\\/13\\\/sf-de-mest-bloggende-politikere-i-valgkampen\\\/#respond\"]}]},{\"@type\":\"WebPage\",\"@id\":\"https:\\\/\\\/www.overskrift.dk\\\/blog\\\/2007\\\/11\\\/13\\\/sf-de-mest-bloggende-politikere-i-valgkampen\\\/\",\"url\":\"https:\\\/\\\/www.overskrift.dk\\\/blog\\\/2007\\\/11\\\/13\\\/sf-de-mest-bloggende-politikere-i-valgkampen\\\/\",\"name\":\"SF de mest bloggende politikere i valgkampen - Overskrifts blog\",\"isPartOf\":{\"@id\":\"https:\\\/\\\/www.overskrift.dk\\\/blog\\\/#website\"},\"primaryImageOfPage\":{\"@id\":\"https:\\\/\\\/www.overskrift.dk\\\/blog\\\/2007\\\/11\\\/13\\\/sf-de-mest-bloggende-politikere-i-valgkampen\\\/#primaryimage\"},\"image\":{\"@id\":\"https:\\\/\\\/www.overskrift.dk\\\/blog\\\/2007\\\/11\\\/13\\\/sf-de-mest-bloggende-politikere-i-valgkampen\\\/#primaryimage\"},\"thumbnailUrl\":\"http:\\\/\\\/blog.overskrift.dk\\\/wp-content\\\/uploads\\\/2007\\\/11\\\/Pol-Blogposts-ialt-small.jpg\",\"datePublished\":\"2007-11-13T12:59:22+00:00\",\"dateModified\":\"2017-04-18T12:36:38+00:00\",\"breadcrumb\":{\"@id\":\"https:\\\/\\\/www.overskrift.dk\\\/blog\\\/2007\\\/11\\\/13\\\/sf-de-mest-bloggende-politikere-i-valgkampen\\\/#breadcrumb\"},\"inLanguage\":\"da-DK\",\"potentialAction\":[{\"@type\":\"ReadAction\",\"target\":[\"https:\\\/\\\/www.overskrift.dk\\\/blog\\\/2007\\\/11\\\/13\\\/sf-de-mest-bloggende-politikere-i-valgkampen\\\/\"]}]},{\"@type\":\"ImageObject\",\"inLanguage\":\"da-DK\",\"@id\":\"https:\\\/\\\/www.overskrift.dk\\\/blog\\\/2007\\\/11\\\/13\\\/sf-de-mest-bloggende-politikere-i-valgkampen\\\/#primaryimage\",\"url\":\"http:\\\/\\\/blog.overskrift.dk\\\/wp-content\\\/uploads\\\/2007\\\/11\\\/Pol-Blogposts-ialt-small.jpg\",\"contentUrl\":\"http:\\\/\\\/blog.overskrift.dk\\\/wp-content\\\/uploads\\\/2007\\\/11\\\/Pol-Blogposts-ialt-small.jpg\"},{\"@type\":\"BreadcrumbList\",\"@id\":\"https:\\\/\\\/www.overskrift.dk\\\/blog\\\/2007\\\/11\\\/13\\\/sf-de-mest-bloggende-politikere-i-valgkampen\\\/#breadcrumb\",\"itemListElement\":[{\"@type\":\"ListItem\",\"position\":1,\"name\":\"Hjem\",\"item\":\"https:\\\/\\\/www.overskrift.dk\\\/blog\\\/\"},{\"@type\":\"ListItem\",\"position\":2,\"name\":\"SF de mest bloggende politikere i valgkampen\"}]},{\"@type\":\"WebSite\",\"@id\":\"https:\\\/\\\/www.overskrift.dk\\\/blog\\\/#website\",\"url\":\"https:\\\/\\\/www.overskrift.dk\\\/blog\\\/\",\"name\":\"Overskrifts blog\",\"description\":\"Nyeste indl\u00e6g\",\"publisher\":{\"@id\":\"https:\\\/\\\/www.overskrift.dk\\\/blog\\\/#organization\"},\"potentialAction\":[{\"@type\":\"SearchAction\",\"target\":{\"@type\":\"EntryPoint\",\"urlTemplate\":\"https:\\\/\\\/www.overskrift.dk\\\/blog\\\/?s={search_term_string}\"},\"query-input\":{\"@type\":\"PropertyValueSpecification\",\"valueRequired\":true,\"valueName\":\"search_term_string\"}}],\"inLanguage\":\"da-DK\"},{\"@type\":\"Organization\",\"@id\":\"https:\\\/\\\/www.overskrift.dk\\\/blog\\\/#organization\",\"name\":\"Overskrift ApS\",\"url\":\"https:\\\/\\\/www.overskrift.dk\\\/blog\\\/\",\"logo\":{\"@type\":\"ImageObject\",\"inLanguage\":\"da-DK\",\"@id\":\"https:\\\/\\\/www.overskrift.dk\\\/blog\\\/#\\\/schema\\\/logo\\\/image\\\/\",\"url\":\"https:\\\/\\\/blog.overskrift.dk\\\/wp-content\\\/uploads\\\/Just-the-dots-1.png\",\"contentUrl\":\"https:\\\/\\\/blog.overskrift.dk\\\/wp-content\\\/uploads\\\/Just-the-dots-1.png\",\"width\":258,\"height\":257,\"caption\":\"Overskrift ApS\"},\"image\":{\"@id\":\"https:\\\/\\\/www.overskrift.dk\\\/blog\\\/#\\\/schema\\\/logo\\\/image\\\/\"},\"sameAs\":[\"https:\\\/\\\/www.facebook.com\\\/overskrift\",\"https:\\\/\\\/x.com\\\/overskrift\",\"https:\\\/\\\/www.instagram.com\\\/overskrift\\\/\",\"https:\\\/\\\/www.linkedin.com\\\/company\\\/10153434\"]},{\"@type\":\"Person\",\"@id\":\"https:\\\/\\\/www.overskrift.dk\\\/blog\\\/#\\\/schema\\\/person\\\/b78220010603ce4384fa7758a6eabaf3\",\"name\":\"Stefan B\u00f8gh-Andersen\",\"image\":{\"@type\":\"ImageObject\",\"inLanguage\":\"da-DK\",\"@id\":\"https:\\\/\\\/secure.gravatar.com\\\/avatar\\\/f7eee59b7b5aa69f61ce713b6f85ef24d2faef678f186072e924c71249c2d2d6?s=96&d=mm&r=g\",\"url\":\"https:\\\/\\\/secure.gravatar.com\\\/avatar\\\/f7eee59b7b5aa69f61ce713b6f85ef24d2faef678f186072e924c71249c2d2d6?s=96&d=mm&r=g\",\"contentUrl\":\"https:\\\/\\\/secure.gravatar.com\\\/avatar\\\/f7eee59b7b5aa69f61ce713b6f85ef24d2faef678f186072e924c71249c2d2d6?s=96&d=mm&r=g\",\"caption\":\"Stefan B\u00f8gh-Andersen\"},\"description\":\"Indl\u00e6gget er skrevet af Stefan, der er direkt\u00f8r i og stifter af Overskrift. Stefan er en skarp analytiker og har mange \u00e5rs erfaring med r\u00e5dgivning inden for sociale medier og nyhedssites.\",\"url\":\"https:\\\/\\\/www.overskrift.dk\\\/blog\\\/author\\\/stefan\\\/\"}]}<\/script>\n<!-- \/ Yoast SEO plugin. -->","yoast_head_json":{"title":"SF de mest bloggende politikere i valgkampen - Overskrifts blog","robots":{"index":"index","follow":"follow","max-snippet":"max-snippet:-1","max-image-preview":"max-image-preview:large","max-video-preview":"max-video-preview:-1"},"canonical":"https:\/\/www.overskrift.dk\/blog\/2007\/11\/13\/sf-de-mest-bloggende-politikere-i-valgkampen\/","og_locale":"da_DK","og_type":"article","og_title":"SF de mest bloggende politikere i valgkampen - Overskrifts blog","og_description":"Her p\u00e5 valgdagen efter en hektisk og kort 3-ugers valgkamp kan vi nu s\u00e5 opg\u00f8re hvilke partier der har v\u00e6ret mest aktive p\u00e5 bloggen. Og der m\u00e5 man&hellip;","og_url":"https:\/\/www.overskrift.dk\/blog\/2007\/11\/13\/sf-de-mest-bloggende-politikere-i-valgkampen\/","og_site_name":"Overskrifts blog","article_publisher":"https:\/\/www.facebook.com\/overskrift","article_published_time":"2007-11-13T12:59:22+00:00","article_modified_time":"2017-04-18T12:36:38+00:00","og_image":[{"url":"http:\/\/blog.overskrift.dk\/wp-content\/uploads\/2007\/11\/Pol-Blogposts-ialt-small.jpg","type":"","width":"","height":""}],"author":"Stefan B\u00f8gh-Andersen","twitter_card":"summary_large_image","twitter_creator":"@overskrift","twitter_site":"@overskrift","schema":{"@context":"https:\/\/schema.org","@graph":[{"@type":"Article","@id":"https:\/\/www.overskrift.dk\/blog\/2007\/11\/13\/sf-de-mest-bloggende-politikere-i-valgkampen\/#article","isPartOf":{"@id":"https:\/\/www.overskrift.dk\/blog\/2007\/11\/13\/sf-de-mest-bloggende-politikere-i-valgkampen\/"},"author":{"name":"Stefan B\u00f8gh-Andersen","@id":"https:\/\/www.overskrift.dk\/blog\/#\/schema\/person\/b78220010603ce4384fa7758a6eabaf3"},"headline":"SF de mest bloggende politikere i valgkampen","datePublished":"2007-11-13T12:59:22+00:00","dateModified":"2017-04-18T12:36:38+00:00","mainEntityOfPage":{"@id":"https:\/\/www.overskrift.dk\/blog\/2007\/11\/13\/sf-de-mest-bloggende-politikere-i-valgkampen\/"},"wordCount":321,"commentCount":5,"publisher":{"@id":"https:\/\/www.overskrift.dk\/blog\/#organization"},"image":{"@id":"https:\/\/www.overskrift.dk\/blog\/2007\/11\/13\/sf-de-mest-bloggende-politikere-i-valgkampen\/#primaryimage"},"thumbnailUrl":"http:\/\/blog.overskrift.dk\/wp-content\/uploads\/2007\/11\/Pol-Blogposts-ialt-small.jpg","keywords":["Blogosf\u00e6re","Blogs","blogstatus","SF","valgkamp"],"articleSection":["Trends"],"inLanguage":"da-DK","potentialAction":[{"@type":"CommentAction","name":"Comment","target":["https:\/\/www.overskrift.dk\/blog\/2007\/11\/13\/sf-de-mest-bloggende-politikere-i-valgkampen\/#respond"]}]},{"@type":"WebPage","@id":"https:\/\/www.overskrift.dk\/blog\/2007\/11\/13\/sf-de-mest-bloggende-politikere-i-valgkampen\/","url":"https:\/\/www.overskrift.dk\/blog\/2007\/11\/13\/sf-de-mest-bloggende-politikere-i-valgkampen\/","name":"SF de mest bloggende politikere i valgkampen - Overskrifts blog","isPartOf":{"@id":"https:\/\/www.overskrift.dk\/blog\/#website"},"primaryImageOfPage":{"@id":"https:\/\/www.overskrift.dk\/blog\/2007\/11\/13\/sf-de-mest-bloggende-politikere-i-valgkampen\/#primaryimage"},"image":{"@id":"https:\/\/www.overskrift.dk\/blog\/2007\/11\/13\/sf-de-mest-bloggende-politikere-i-valgkampen\/#primaryimage"},"thumbnailUrl":"http:\/\/blog.overskrift.dk\/wp-content\/uploads\/2007\/11\/Pol-Blogposts-ialt-small.jpg","datePublished":"2007-11-13T12:59:22+00:00","dateModified":"2017-04-18T12:36:38+00:00","breadcrumb":{"@id":"https:\/\/www.overskrift.dk\/blog\/2007\/11\/13\/sf-de-mest-bloggende-politikere-i-valgkampen\/#breadcrumb"},"inLanguage":"da-DK","potentialAction":[{"@type":"ReadAction","target":["https:\/\/www.overskrift.dk\/blog\/2007\/11\/13\/sf-de-mest-bloggende-politikere-i-valgkampen\/"]}]},{"@type":"ImageObject","inLanguage":"da-DK","@id":"https:\/\/www.overskrift.dk\/blog\/2007\/11\/13\/sf-de-mest-bloggende-politikere-i-valgkampen\/#primaryimage","url":"http:\/\/blog.overskrift.dk\/wp-content\/uploads\/2007\/11\/Pol-Blogposts-ialt-small.jpg","contentUrl":"http:\/\/blog.overskrift.dk\/wp-content\/uploads\/2007\/11\/Pol-Blogposts-ialt-small.jpg"},{"@type":"BreadcrumbList","@id":"https:\/\/www.overskrift.dk\/blog\/2007\/11\/13\/sf-de-mest-bloggende-politikere-i-valgkampen\/#breadcrumb","itemListElement":[{"@type":"ListItem","position":1,"name":"Hjem","item":"https:\/\/www.overskrift.dk\/blog\/"},{"@type":"ListItem","position":2,"name":"SF de mest bloggende politikere i valgkampen"}]},{"@type":"WebSite","@id":"https:\/\/www.overskrift.dk\/blog\/#website","url":"https:\/\/www.overskrift.dk\/blog\/","name":"Overskrifts blog","description":"Nyeste indl\u00e6g","publisher":{"@id":"https:\/\/www.overskrift.dk\/blog\/#organization"},"potentialAction":[{"@type":"SearchAction","target":{"@type":"EntryPoint","urlTemplate":"https:\/\/www.overskrift.dk\/blog\/?s={search_term_string}"},"query-input":{"@type":"PropertyValueSpecification","valueRequired":true,"valueName":"search_term_string"}}],"inLanguage":"da-DK"},{"@type":"Organization","@id":"https:\/\/www.overskrift.dk\/blog\/#organization","name":"Overskrift ApS","url":"https:\/\/www.overskrift.dk\/blog\/","logo":{"@type":"ImageObject","inLanguage":"da-DK","@id":"https:\/\/www.overskrift.dk\/blog\/#\/schema\/logo\/image\/","url":"https:\/\/blog.overskrift.dk\/wp-content\/uploads\/Just-the-dots-1.png","contentUrl":"https:\/\/blog.overskrift.dk\/wp-content\/uploads\/Just-the-dots-1.png","width":258,"height":257,"caption":"Overskrift ApS"},"image":{"@id":"https:\/\/www.overskrift.dk\/blog\/#\/schema\/logo\/image\/"},"sameAs":["https:\/\/www.facebook.com\/overskrift","https:\/\/x.com\/overskrift","https:\/\/www.instagram.com\/overskrift\/","https:\/\/www.linkedin.com\/company\/10153434"]},{"@type":"Person","@id":"https:\/\/www.overskrift.dk\/blog\/#\/schema\/person\/b78220010603ce4384fa7758a6eabaf3","name":"Stefan B\u00f8gh-Andersen","image":{"@type":"ImageObject","inLanguage":"da-DK","@id":"https:\/\/secure.gravatar.com\/avatar\/f7eee59b7b5aa69f61ce713b6f85ef24d2faef678f186072e924c71249c2d2d6?s=96&d=mm&r=g","url":"https:\/\/secure.gravatar.com\/avatar\/f7eee59b7b5aa69f61ce713b6f85ef24d2faef678f186072e924c71249c2d2d6?s=96&d=mm&r=g","contentUrl":"https:\/\/secure.gravatar.com\/avatar\/f7eee59b7b5aa69f61ce713b6f85ef24d2faef678f186072e924c71249c2d2d6?s=96&d=mm&r=g","caption":"Stefan B\u00f8gh-Andersen"},"description":"Indl\u00e6gget er skrevet af Stefan, der er direkt\u00f8r i og stifter af Overskrift. Stefan er en skarp analytiker og har mange \u00e5rs erfaring med r\u00e5dgivning inden for sociale medier og nyhedssites.","url":"https:\/\/www.overskrift.dk\/blog\/author\/stefan\/"}]}},"_links":{"self":[{"href":"https:\/\/www.overskrift.dk\/blog\/wp-json\/wp\/v2\/posts\/645","targetHints":{"allow":["GET"]}}],"collection":[{"href":"https:\/\/www.overskrift.dk\/blog\/wp-json\/wp\/v2\/posts"}],"about":[{"href":"https:\/\/www.overskrift.dk\/blog\/wp-json\/wp\/v2\/types\/post"}],"author":[{"embeddable":true,"href":"https:\/\/www.overskrift.dk\/blog\/wp-json\/wp\/v2\/users\/4"}],"replies":[{"embeddable":true,"href":"https:\/\/www.overskrift.dk\/blog\/wp-json\/wp\/v2\/comments?post=645"}],"version-history":[{"count":1,"href":"https:\/\/www.overskrift.dk\/blog\/wp-json\/wp\/v2\/posts\/645\/revisions"}],"predecessor-version":[{"id":6949,"href":"https:\/\/www.overskrift.dk\/blog\/wp-json\/wp\/v2\/posts\/645\/revisions\/6949"}],"wp:attachment":[{"href":"https:\/\/www.overskrift.dk\/blog\/wp-json\/wp\/v2\/media?parent=645"}],"wp:term":[{"taxonomy":"category","embeddable":true,"href":"https:\/\/www.overskrift.dk\/blog\/wp-json\/wp\/v2\/categories?post=645"},{"taxonomy":"post_tag","embeddable":true,"href":"https:\/\/www.overskrift.dk\/blog\/wp-json\/wp\/v2\/tags?post=645"}],"curies":[{"name":"wp","href":"https:\/\/api.w.org\/{rel}","templated":true}]}}