{"id":669,"date":"2007-11-22T17:02:30","date_gmt":"2007-11-22T16:02:30","guid":{"rendered":"http:\/\/blog.overskrift.dk\/2007\/11\/22\/kobenhavn-gar-web-20-med-kbhdk\/"},"modified":"2017-04-18T14:14:48","modified_gmt":"2017-04-18T12:14:48","slug":"kobenhavn-gar-web-20-med-kbhdk","status":"publish","type":"post","link":"https:\/\/www.overskrift.dk\/blog\/2007\/11\/22\/kobenhavn-gar-web-20-med-kbhdk\/","title":{"rendered":"K\u00f8benhavn g\u00e5r Web 2.0 med Kbh.dk"},"content":{"rendered":"<p>K\u00f8benhavns Kommune er nu parat til at g\u00e5 Web 2.0 vejen med et st\u00f8rre <a href=\"http:\/\/www.kbh.dk\/\">kbh.dk<\/a> initiativ undervejs som \u00e5bner n\u00e6ste \u00e5r, 2008.<\/p>\n<blockquote><p><strong><em> Et byskabt socialt digitalt netv\u00e6rk for k\u00f8benhavnerne<\/em><\/strong><\/p><\/blockquote>\n<blockquote><p>Det bliver reklamefrit, ikke-kommercielt og gratis at bruge<\/p><\/blockquote>\n<p>KommunikationsForum har <a href=\"http:\/\/www.kommunikationsforum.dk\/default.asp?articleid=12922\">interviewet projekt-teamet bag Kbh.dk<\/a>, bl.a.:<\/p>\n<blockquote><p><em> Kbh.dk er en infrastruktur, hvor brugerne selv skaber og redigerer indholdet. Et lille produktionsteam bag kbh.dk skal udvikle sitet sammen med brugerne og skal i ekstreme tilf\u00e6lde kunne gribe ind, eks. i tilf\u00e6lde af brud p\u00e5 ophavsrettigheder. Men bestr\u00e6belsen er, at kbh.dk er k\u00f8benhavnernes, ikke K\u00f8benhavns Kommunes. Det er derfor heller ikke tanken, at kbh.dk skal v\u00e6re et kommunalt borgerh\u00f8ringsforum.<\/em><\/p><\/blockquote>\n<p>Det er alts\u00e5 i bedste Web 2.0 stil borgerne og brugerne selv som bidrager med blogs, videoer, fotos, invitere andre til grupper etc.<\/p>\n<div style=\"text-align: center\"><a href=\"http:\/\/www.kbh.dk\"><img decoding=\"async\" id=\"image671\" alt=\"KbhDK.png\" src=\"http:\/\/blog.overskrift.dk\/wp-content\/uploads\/2007\/11\/KbhDK.jpg\" \/><\/a><\/div>\n<p>Der fokuseres alts\u00e5 p\u00e5 stor \u00e5benhed &#8211; p\u00e5 den tekniske del med bl.a. Open source, openID og open social API, s\u00e5 man kan genbruge sine gene data i andre sammenh\u00e6ng<br \/>\nRasmus Luckow-Nielsen <a href=\"http:\/\/www.poso.dk\/2007\/11\/21\/jeg-skal-lave-kbhdk\/\">afsl\u00f8rede p\u00e5 sin blog poso ig\u00e5r<\/a> at han ogs\u00e5 skal v\u00e6re en del af Kbh.dk projekt-teamet. Rasmus er jo bl.a. en af <a href=\"http:\/\/www.mitkbh.dk\/profile.php?show=reviews&#038;user=1\">bagm\u00e6ndene bag<\/a> byguiden <a href=\"http:\/\/www.mitkbh.dk\">MitKbh<\/a>, s\u00e5 han har jo en masse erfaring at tr\u00e6kke med over i Kbh.dk n\u00e5r det kommet til Google Maps, bruger-deltagelse, user-generated content, sociale netv\u00e6rk, \u00e5bne API&#8217;er etc.<\/p>\n<p>Overskrift.dk s\u00f8gning: <a href=\"http:\/\/overskrift.dk\/searchresult.php?q=%22kbh.dk%22\">kbh.dk<\/a>, <a href=\"http:\/\/overskrift.dk\/searchresult.php?q=%2Bsociale+%2Bnetv%E6rk\">sociale netv\u00e6rk<\/a><\/p>\n","protected":false},"excerpt":{"rendered":"<p>K\u00f8benhavns Kommune er nu parat til at g\u00e5 Web 2.0 vejen med et st\u00f8rre kbh.dk initiativ undervejs som \u00e5bner n\u00e6ste \u00e5r, 2008. Et byskabt socialt digitalt netv\u00e6rk for&hellip;<\/p>\n","protected":false},"author":4,"featured_media":0,"comment_status":"open","ping_status":"open","sticky":false,"template":"","format":"standard","meta":{"cybocfi_hide_featured_image":"","footnotes":""},"categories":[305],"tags":[327,330,336],"class_list":["post-669","post","type-post","status-publish","format-standard","hentry","category-trends","tag-koebenhavn","tag-sociale-netvaerk","tag-web-2-0"],"yoast_head":"<!-- This site is optimized with the Yoast SEO plugin v27.4 - https:\/\/yoast.com\/product\/yoast-seo-wordpress\/ -->\n<title>K\u00f8benhavn g\u00e5r Web 2.0 med Kbh.dk - Overskrifts blog<\/title>\n<meta name=\"robots\" content=\"index, follow, max-snippet:-1, max-image-preview:large, max-video-preview:-1\" \/>\n<link rel=\"canonical\" href=\"https:\/\/www.overskrift.dk\/blog\/2007\/11\/22\/kobenhavn-gar-web-20-med-kbhdk\/\" \/>\n<meta property=\"og:locale\" content=\"da_DK\" \/>\n<meta property=\"og:type\" content=\"article\" \/>\n<meta property=\"og:title\" content=\"K\u00f8benhavn g\u00e5r Web 2.0 med Kbh.dk - Overskrifts blog\" \/>\n<meta property=\"og:description\" content=\"K\u00f8benhavns Kommune er nu parat til at g\u00e5 Web 2.0 vejen med et st\u00f8rre kbh.dk initiativ undervejs som \u00e5bner n\u00e6ste \u00e5r, 2008. Et byskabt socialt digitalt netv\u00e6rk for&hellip;\" \/>\n<meta property=\"og:url\" content=\"https:\/\/www.overskrift.dk\/blog\/2007\/11\/22\/kobenhavn-gar-web-20-med-kbhdk\/\" \/>\n<meta property=\"og:site_name\" content=\"Overskrifts blog\" \/>\n<meta property=\"article:publisher\" content=\"https:\/\/www.facebook.com\/overskrift\" \/>\n<meta property=\"article:published_time\" content=\"2007-11-22T16:02:30+00:00\" \/>\n<meta property=\"article:modified_time\" content=\"2017-04-18T12:14:48+00:00\" \/>\n<meta property=\"og:image\" content=\"http:\/\/blog.overskrift.dk\/wp-content\/uploads\/2007\/11\/KbhDK.jpg\" \/>\n<meta name=\"author\" content=\"Stefan B\u00f8gh-Andersen\" \/>\n<meta name=\"twitter:card\" content=\"summary_large_image\" \/>\n<meta name=\"twitter:creator\" content=\"@overskrift\" \/>\n<meta name=\"twitter:site\" content=\"@overskrift\" \/>\n<script type=\"application\/ld+json\" class=\"yoast-schema-graph\">{\"@context\":\"https:\\\/\\\/schema.org\",\"@graph\":[{\"@type\":\"Article\",\"@id\":\"https:\\\/\\\/www.overskrift.dk\\\/blog\\\/2007\\\/11\\\/22\\\/kobenhavn-gar-web-20-med-kbhdk\\\/#article\",\"isPartOf\":{\"@id\":\"https:\\\/\\\/www.overskrift.dk\\\/blog\\\/2007\\\/11\\\/22\\\/kobenhavn-gar-web-20-med-kbhdk\\\/\"},\"author\":{\"name\":\"Stefan B\u00f8gh-Andersen\",\"@id\":\"https:\\\/\\\/www.overskrift.dk\\\/blog\\\/#\\\/schema\\\/person\\\/b78220010603ce4384fa7758a6eabaf3\"},\"headline\":\"K\u00f8benhavn g\u00e5r Web 2.0 med Kbh.dk\",\"datePublished\":\"2007-11-22T16:02:30+00:00\",\"dateModified\":\"2017-04-18T12:14:48+00:00\",\"mainEntityOfPage\":{\"@id\":\"https:\\\/\\\/www.overskrift.dk\\\/blog\\\/2007\\\/11\\\/22\\\/kobenhavn-gar-web-20-med-kbhdk\\\/\"},\"wordCount\":257,\"commentCount\":6,\"publisher\":{\"@id\":\"https:\\\/\\\/www.overskrift.dk\\\/blog\\\/#organization\"},\"image\":{\"@id\":\"https:\\\/\\\/www.overskrift.dk\\\/blog\\\/2007\\\/11\\\/22\\\/kobenhavn-gar-web-20-med-kbhdk\\\/#primaryimage\"},\"thumbnailUrl\":\"http:\\\/\\\/blog.overskrift.dk\\\/wp-content\\\/uploads\\\/2007\\\/11\\\/KbhDK.jpg\",\"keywords\":[\"K\u00f8benhavn\",\"Sociale Netv\u00e6rk\",\"Web 2.0\"],\"articleSection\":[\"Trends\"],\"inLanguage\":\"da-DK\",\"potentialAction\":[{\"@type\":\"CommentAction\",\"name\":\"Comment\",\"target\":[\"https:\\\/\\\/www.overskrift.dk\\\/blog\\\/2007\\\/11\\\/22\\\/kobenhavn-gar-web-20-med-kbhdk\\\/#respond\"]}]},{\"@type\":\"WebPage\",\"@id\":\"https:\\\/\\\/www.overskrift.dk\\\/blog\\\/2007\\\/11\\\/22\\\/kobenhavn-gar-web-20-med-kbhdk\\\/\",\"url\":\"https:\\\/\\\/www.overskrift.dk\\\/blog\\\/2007\\\/11\\\/22\\\/kobenhavn-gar-web-20-med-kbhdk\\\/\",\"name\":\"K\u00f8benhavn g\u00e5r Web 2.0 med Kbh.dk - Overskrifts blog\",\"isPartOf\":{\"@id\":\"https:\\\/\\\/www.overskrift.dk\\\/blog\\\/#website\"},\"primaryImageOfPage\":{\"@id\":\"https:\\\/\\\/www.overskrift.dk\\\/blog\\\/2007\\\/11\\\/22\\\/kobenhavn-gar-web-20-med-kbhdk\\\/#primaryimage\"},\"image\":{\"@id\":\"https:\\\/\\\/www.overskrift.dk\\\/blog\\\/2007\\\/11\\\/22\\\/kobenhavn-gar-web-20-med-kbhdk\\\/#primaryimage\"},\"thumbnailUrl\":\"http:\\\/\\\/blog.overskrift.dk\\\/wp-content\\\/uploads\\\/2007\\\/11\\\/KbhDK.jpg\",\"datePublished\":\"2007-11-22T16:02:30+00:00\",\"dateModified\":\"2017-04-18T12:14:48+00:00\",\"breadcrumb\":{\"@id\":\"https:\\\/\\\/www.overskrift.dk\\\/blog\\\/2007\\\/11\\\/22\\\/kobenhavn-gar-web-20-med-kbhdk\\\/#breadcrumb\"},\"inLanguage\":\"da-DK\",\"potentialAction\":[{\"@type\":\"ReadAction\",\"target\":[\"https:\\\/\\\/www.overskrift.dk\\\/blog\\\/2007\\\/11\\\/22\\\/kobenhavn-gar-web-20-med-kbhdk\\\/\"]}]},{\"@type\":\"ImageObject\",\"inLanguage\":\"da-DK\",\"@id\":\"https:\\\/\\\/www.overskrift.dk\\\/blog\\\/2007\\\/11\\\/22\\\/kobenhavn-gar-web-20-med-kbhdk\\\/#primaryimage\",\"url\":\"http:\\\/\\\/blog.overskrift.dk\\\/wp-content\\\/uploads\\\/2007\\\/11\\\/KbhDK.jpg\",\"contentUrl\":\"http:\\\/\\\/blog.overskrift.dk\\\/wp-content\\\/uploads\\\/2007\\\/11\\\/KbhDK.jpg\"},{\"@type\":\"BreadcrumbList\",\"@id\":\"https:\\\/\\\/www.overskrift.dk\\\/blog\\\/2007\\\/11\\\/22\\\/kobenhavn-gar-web-20-med-kbhdk\\\/#breadcrumb\",\"itemListElement\":[{\"@type\":\"ListItem\",\"position\":1,\"name\":\"Hjem\",\"item\":\"https:\\\/\\\/www.overskrift.dk\\\/blog\\\/\"},{\"@type\":\"ListItem\",\"position\":2,\"name\":\"K\u00f8benhavn g\u00e5r Web 2.0 med Kbh.dk\"}]},{\"@type\":\"WebSite\",\"@id\":\"https:\\\/\\\/www.overskrift.dk\\\/blog\\\/#website\",\"url\":\"https:\\\/\\\/www.overskrift.dk\\\/blog\\\/\",\"name\":\"Overskrifts blog\",\"description\":\"Nyeste indl\u00e6g\",\"publisher\":{\"@id\":\"https:\\\/\\\/www.overskrift.dk\\\/blog\\\/#organization\"},\"potentialAction\":[{\"@type\":\"SearchAction\",\"target\":{\"@type\":\"EntryPoint\",\"urlTemplate\":\"https:\\\/\\\/www.overskrift.dk\\\/blog\\\/?s={search_term_string}\"},\"query-input\":{\"@type\":\"PropertyValueSpecification\",\"valueRequired\":true,\"valueName\":\"search_term_string\"}}],\"inLanguage\":\"da-DK\"},{\"@type\":\"Organization\",\"@id\":\"https:\\\/\\\/www.overskrift.dk\\\/blog\\\/#organization\",\"name\":\"Overskrift ApS\",\"url\":\"https:\\\/\\\/www.overskrift.dk\\\/blog\\\/\",\"logo\":{\"@type\":\"ImageObject\",\"inLanguage\":\"da-DK\",\"@id\":\"https:\\\/\\\/www.overskrift.dk\\\/blog\\\/#\\\/schema\\\/logo\\\/image\\\/\",\"url\":\"https:\\\/\\\/blog.overskrift.dk\\\/wp-content\\\/uploads\\\/Just-the-dots-1.png\",\"contentUrl\":\"https:\\\/\\\/blog.overskrift.dk\\\/wp-content\\\/uploads\\\/Just-the-dots-1.png\",\"width\":258,\"height\":257,\"caption\":\"Overskrift ApS\"},\"image\":{\"@id\":\"https:\\\/\\\/www.overskrift.dk\\\/blog\\\/#\\\/schema\\\/logo\\\/image\\\/\"},\"sameAs\":[\"https:\\\/\\\/www.facebook.com\\\/overskrift\",\"https:\\\/\\\/x.com\\\/overskrift\",\"https:\\\/\\\/www.instagram.com\\\/overskrift\\\/\",\"https:\\\/\\\/www.linkedin.com\\\/company\\\/10153434\"]},{\"@type\":\"Person\",\"@id\":\"https:\\\/\\\/www.overskrift.dk\\\/blog\\\/#\\\/schema\\\/person\\\/b78220010603ce4384fa7758a6eabaf3\",\"name\":\"Stefan B\u00f8gh-Andersen\",\"image\":{\"@type\":\"ImageObject\",\"inLanguage\":\"da-DK\",\"@id\":\"https:\\\/\\\/secure.gravatar.com\\\/avatar\\\/f7eee59b7b5aa69f61ce713b6f85ef24d2faef678f186072e924c71249c2d2d6?s=96&d=mm&r=g\",\"url\":\"https:\\\/\\\/secure.gravatar.com\\\/avatar\\\/f7eee59b7b5aa69f61ce713b6f85ef24d2faef678f186072e924c71249c2d2d6?s=96&d=mm&r=g\",\"contentUrl\":\"https:\\\/\\\/secure.gravatar.com\\\/avatar\\\/f7eee59b7b5aa69f61ce713b6f85ef24d2faef678f186072e924c71249c2d2d6?s=96&d=mm&r=g\",\"caption\":\"Stefan B\u00f8gh-Andersen\"},\"description\":\"Indl\u00e6gget er skrevet af Stefan, der er direkt\u00f8r i og stifter af Overskrift. Stefan er en skarp analytiker og har mange \u00e5rs erfaring med r\u00e5dgivning inden for sociale medier og nyhedssites.\",\"url\":\"https:\\\/\\\/www.overskrift.dk\\\/blog\\\/author\\\/stefan\\\/\"}]}<\/script>\n<!-- \/ Yoast SEO plugin. -->","yoast_head_json":{"title":"K\u00f8benhavn g\u00e5r Web 2.0 med Kbh.dk - Overskrifts blog","robots":{"index":"index","follow":"follow","max-snippet":"max-snippet:-1","max-image-preview":"max-image-preview:large","max-video-preview":"max-video-preview:-1"},"canonical":"https:\/\/www.overskrift.dk\/blog\/2007\/11\/22\/kobenhavn-gar-web-20-med-kbhdk\/","og_locale":"da_DK","og_type":"article","og_title":"K\u00f8benhavn g\u00e5r Web 2.0 med Kbh.dk - Overskrifts blog","og_description":"K\u00f8benhavns Kommune er nu parat til at g\u00e5 Web 2.0 vejen med et st\u00f8rre kbh.dk initiativ undervejs som \u00e5bner n\u00e6ste \u00e5r, 2008. Et byskabt socialt digitalt netv\u00e6rk for&hellip;","og_url":"https:\/\/www.overskrift.dk\/blog\/2007\/11\/22\/kobenhavn-gar-web-20-med-kbhdk\/","og_site_name":"Overskrifts blog","article_publisher":"https:\/\/www.facebook.com\/overskrift","article_published_time":"2007-11-22T16:02:30+00:00","article_modified_time":"2017-04-18T12:14:48+00:00","og_image":[{"url":"http:\/\/blog.overskrift.dk\/wp-content\/uploads\/2007\/11\/KbhDK.jpg","type":"","width":"","height":""}],"author":"Stefan B\u00f8gh-Andersen","twitter_card":"summary_large_image","twitter_creator":"@overskrift","twitter_site":"@overskrift","schema":{"@context":"https:\/\/schema.org","@graph":[{"@type":"Article","@id":"https:\/\/www.overskrift.dk\/blog\/2007\/11\/22\/kobenhavn-gar-web-20-med-kbhdk\/#article","isPartOf":{"@id":"https:\/\/www.overskrift.dk\/blog\/2007\/11\/22\/kobenhavn-gar-web-20-med-kbhdk\/"},"author":{"name":"Stefan B\u00f8gh-Andersen","@id":"https:\/\/www.overskrift.dk\/blog\/#\/schema\/person\/b78220010603ce4384fa7758a6eabaf3"},"headline":"K\u00f8benhavn g\u00e5r Web 2.0 med Kbh.dk","datePublished":"2007-11-22T16:02:30+00:00","dateModified":"2017-04-18T12:14:48+00:00","mainEntityOfPage":{"@id":"https:\/\/www.overskrift.dk\/blog\/2007\/11\/22\/kobenhavn-gar-web-20-med-kbhdk\/"},"wordCount":257,"commentCount":6,"publisher":{"@id":"https:\/\/www.overskrift.dk\/blog\/#organization"},"image":{"@id":"https:\/\/www.overskrift.dk\/blog\/2007\/11\/22\/kobenhavn-gar-web-20-med-kbhdk\/#primaryimage"},"thumbnailUrl":"http:\/\/blog.overskrift.dk\/wp-content\/uploads\/2007\/11\/KbhDK.jpg","keywords":["K\u00f8benhavn","Sociale Netv\u00e6rk","Web 2.0"],"articleSection":["Trends"],"inLanguage":"da-DK","potentialAction":[{"@type":"CommentAction","name":"Comment","target":["https:\/\/www.overskrift.dk\/blog\/2007\/11\/22\/kobenhavn-gar-web-20-med-kbhdk\/#respond"]}]},{"@type":"WebPage","@id":"https:\/\/www.overskrift.dk\/blog\/2007\/11\/22\/kobenhavn-gar-web-20-med-kbhdk\/","url":"https:\/\/www.overskrift.dk\/blog\/2007\/11\/22\/kobenhavn-gar-web-20-med-kbhdk\/","name":"K\u00f8benhavn g\u00e5r Web 2.0 med Kbh.dk - Overskrifts blog","isPartOf":{"@id":"https:\/\/www.overskrift.dk\/blog\/#website"},"primaryImageOfPage":{"@id":"https:\/\/www.overskrift.dk\/blog\/2007\/11\/22\/kobenhavn-gar-web-20-med-kbhdk\/#primaryimage"},"image":{"@id":"https:\/\/www.overskrift.dk\/blog\/2007\/11\/22\/kobenhavn-gar-web-20-med-kbhdk\/#primaryimage"},"thumbnailUrl":"http:\/\/blog.overskrift.dk\/wp-content\/uploads\/2007\/11\/KbhDK.jpg","datePublished":"2007-11-22T16:02:30+00:00","dateModified":"2017-04-18T12:14:48+00:00","breadcrumb":{"@id":"https:\/\/www.overskrift.dk\/blog\/2007\/11\/22\/kobenhavn-gar-web-20-med-kbhdk\/#breadcrumb"},"inLanguage":"da-DK","potentialAction":[{"@type":"ReadAction","target":["https:\/\/www.overskrift.dk\/blog\/2007\/11\/22\/kobenhavn-gar-web-20-med-kbhdk\/"]}]},{"@type":"ImageObject","inLanguage":"da-DK","@id":"https:\/\/www.overskrift.dk\/blog\/2007\/11\/22\/kobenhavn-gar-web-20-med-kbhdk\/#primaryimage","url":"http:\/\/blog.overskrift.dk\/wp-content\/uploads\/2007\/11\/KbhDK.jpg","contentUrl":"http:\/\/blog.overskrift.dk\/wp-content\/uploads\/2007\/11\/KbhDK.jpg"},{"@type":"BreadcrumbList","@id":"https:\/\/www.overskrift.dk\/blog\/2007\/11\/22\/kobenhavn-gar-web-20-med-kbhdk\/#breadcrumb","itemListElement":[{"@type":"ListItem","position":1,"name":"Hjem","item":"https:\/\/www.overskrift.dk\/blog\/"},{"@type":"ListItem","position":2,"name":"K\u00f8benhavn g\u00e5r Web 2.0 med Kbh.dk"}]},{"@type":"WebSite","@id":"https:\/\/www.overskrift.dk\/blog\/#website","url":"https:\/\/www.overskrift.dk\/blog\/","name":"Overskrifts blog","description":"Nyeste indl\u00e6g","publisher":{"@id":"https:\/\/www.overskrift.dk\/blog\/#organization"},"potentialAction":[{"@type":"SearchAction","target":{"@type":"EntryPoint","urlTemplate":"https:\/\/www.overskrift.dk\/blog\/?s={search_term_string}"},"query-input":{"@type":"PropertyValueSpecification","valueRequired":true,"valueName":"search_term_string"}}],"inLanguage":"da-DK"},{"@type":"Organization","@id":"https:\/\/www.overskrift.dk\/blog\/#organization","name":"Overskrift ApS","url":"https:\/\/www.overskrift.dk\/blog\/","logo":{"@type":"ImageObject","inLanguage":"da-DK","@id":"https:\/\/www.overskrift.dk\/blog\/#\/schema\/logo\/image\/","url":"https:\/\/blog.overskrift.dk\/wp-content\/uploads\/Just-the-dots-1.png","contentUrl":"https:\/\/blog.overskrift.dk\/wp-content\/uploads\/Just-the-dots-1.png","width":258,"height":257,"caption":"Overskrift ApS"},"image":{"@id":"https:\/\/www.overskrift.dk\/blog\/#\/schema\/logo\/image\/"},"sameAs":["https:\/\/www.facebook.com\/overskrift","https:\/\/x.com\/overskrift","https:\/\/www.instagram.com\/overskrift\/","https:\/\/www.linkedin.com\/company\/10153434"]},{"@type":"Person","@id":"https:\/\/www.overskrift.dk\/blog\/#\/schema\/person\/b78220010603ce4384fa7758a6eabaf3","name":"Stefan B\u00f8gh-Andersen","image":{"@type":"ImageObject","inLanguage":"da-DK","@id":"https:\/\/secure.gravatar.com\/avatar\/f7eee59b7b5aa69f61ce713b6f85ef24d2faef678f186072e924c71249c2d2d6?s=96&d=mm&r=g","url":"https:\/\/secure.gravatar.com\/avatar\/f7eee59b7b5aa69f61ce713b6f85ef24d2faef678f186072e924c71249c2d2d6?s=96&d=mm&r=g","contentUrl":"https:\/\/secure.gravatar.com\/avatar\/f7eee59b7b5aa69f61ce713b6f85ef24d2faef678f186072e924c71249c2d2d6?s=96&d=mm&r=g","caption":"Stefan B\u00f8gh-Andersen"},"description":"Indl\u00e6gget er skrevet af Stefan, der er direkt\u00f8r i og stifter af Overskrift. Stefan er en skarp analytiker og har mange \u00e5rs erfaring med r\u00e5dgivning inden for sociale medier og nyhedssites.","url":"https:\/\/www.overskrift.dk\/blog\/author\/stefan\/"}]}},"_links":{"self":[{"href":"https:\/\/www.overskrift.dk\/blog\/wp-json\/wp\/v2\/posts\/669","targetHints":{"allow":["GET"]}}],"collection":[{"href":"https:\/\/www.overskrift.dk\/blog\/wp-json\/wp\/v2\/posts"}],"about":[{"href":"https:\/\/www.overskrift.dk\/blog\/wp-json\/wp\/v2\/types\/post"}],"author":[{"embeddable":true,"href":"https:\/\/www.overskrift.dk\/blog\/wp-json\/wp\/v2\/users\/4"}],"replies":[{"embeddable":true,"href":"https:\/\/www.overskrift.dk\/blog\/wp-json\/wp\/v2\/comments?post=669"}],"version-history":[{"count":1,"href":"https:\/\/www.overskrift.dk\/blog\/wp-json\/wp\/v2\/posts\/669\/revisions"}],"predecessor-version":[{"id":6889,"href":"https:\/\/www.overskrift.dk\/blog\/wp-json\/wp\/v2\/posts\/669\/revisions\/6889"}],"wp:attachment":[{"href":"https:\/\/www.overskrift.dk\/blog\/wp-json\/wp\/v2\/media?parent=669"}],"wp:term":[{"taxonomy":"category","embeddable":true,"href":"https:\/\/www.overskrift.dk\/blog\/wp-json\/wp\/v2\/categories?post=669"},{"taxonomy":"post_tag","embeddable":true,"href":"https:\/\/www.overskrift.dk\/blog\/wp-json\/wp\/v2\/tags?post=669"}],"curies":[{"name":"wp","href":"https:\/\/api.w.org\/{rel}","templated":true}]}}