{"id":694,"date":"2007-12-10T21:41:14","date_gmt":"2007-12-10T20:41:14","guid":{"rendered":"http:\/\/blog.overskrift.dk\/2007\/12\/10\/ballade-i-blog-land\/"},"modified":"2017-04-18T14:14:37","modified_gmt":"2017-04-18T12:14:37","slug":"ballade-i-blog-land","status":"publish","type":"post","link":"https:\/\/www.overskrift.dk\/blog\/2007\/12\/10\/ballade-i-blog-land\/","title":{"rendered":"Ballade i Blog-land"},"content":{"rendered":"<p>I morgen begynder 2-dages konferencen <a href=\"http:\/\/www.leweb3.com\/\">Le Web 3<\/a> i Paris &#8211; en konference om Web 2.0 ting med folk som Kevin Rose (Digg), Tariq Krim (Netvibes), Joi Ito, Evan Williams (Twitter, Obvious, Odeo, Blogspot \/ Pyra Labs &#8230;.), den kendte designer Philippe Starck (&#8220;What is social about design&#8221;), Dave Winer, Doc Searls, Jason Calacanis (WeblogsInc, Mahalo) samt danskerne <a href=\"http:\/\/mortenlund.wordpress.com\/2007\/11\/26\/who-is-who-and-who-is-something\/\">Morten Lund<\/a> (om investering) og Janus Friis (om Joost).<\/p>\n<p>Der er ikke en helt lille konference idet der nu er mere end 1700 tilmeldte deltagere. P\u00e5 deltagerlisten er der vist kun dusin danskere, men det kan jo v\u00e6re nogle af dem blogger nede fra Le Web konferencen.<\/p>\n<p>P\u00e5 deltagerlisten, er der ogs\u00e5 en del folk fra noget der hedder blognation. <a href=\"http:\/\/blognation.com\">Blognation<\/a> er et firma med tone-angivende blog-redakt\u00f8rer fra mange forskellige lande, som blogger om web 2.0, start-ups, social software, teknologi osv. Et emne som jo er meget oppe i tiden og som der derfor er mange l\u00e6sere til.<\/p>\n<p>MEN MEN, der er ulmende ballade i blognation.<\/p>\n<p>Det viser sig at bagmanden bag blognation, Sam Sethi, l\u00e6nge har lovet at betale blogredakt\u00f8rerne, men at det ind til videre kun er blevet ved l\u00f8fterne. Sjovt nok h\u00f8rte jeg de samme rygter allerede i tilbage i sommer, hvor folk kom med advarsler mod at blive en del af hans blognation. Han har \u00e5benbart et d\u00e5rligt ry med at stikke folk usandheder og l\u00f8gne, is\u00e6r n\u00e5r det kommer til udbetaling af l\u00f8n: &#8220;pengene er snart p\u00e5 vej, jeg er lige p\u00e5 vej ned i banken, du f\u00e5r dem i morgen&#8221; osv.<\/p>\n<p>Nu har en af de amerikanske blogredakt\u00f8rer, Oliver Starr, s\u00e5 trukket sig fra projektet &#8211; og i den grad <a href=\"http:\/\/owstarr.com\/2007\/12\/05\/an-open-letter-to-sam-sethi\/\">sm\u00e6kket med d\u00f8ren i et langt blog-indl\u00e6g<\/a>, hvor han lufter en lang r\u00e6kke  gange hvor Sam Sethi har l\u00f8jet over for ham. Starrs oprindelige blog-posts p\u00e5 blognation blev hurtigt taget ned, men gengivet andre steder, bl.a. hos <a href=\"http:\/\/blog.oflaherty.dk\/2007\/12\/05\/blognation-in-serious-trouble\/\">Paul O&#8217;Flaherty<\/a>, som jo er kendt i den danske blogosf\u00e6re (bl.a. som ham der fik KRAK-sagen til at rulle samt for hans <a href=\"http:\/\/www.bloomer.dk\/\">Bloomer<\/a>-initiativ).<\/p>\n<p>Sagen er ogs\u00e5 <a href=\"http:\/\/www.techcrunch.com\/2007\/12\/05\/blognation-meltdown-writers-never-paid-promises-not-kept\/\">kraftigt diskuteret p\u00e5 TechCrunch<\/a> med nu mere end 150 kommentarer. Det sjove er at Sam Sethi <a href=\"http:\/\/benmetcalfe.com\/blog\/index.php\/2006\/12\/13\/sam-sethi-fired-by-techcrunch\/\">blev fyret<\/a> fra den engelske afdeling af TechCrunch af <a href=\"http:\/\/www.techcrunch.com\/about-techcrunch\/\">grundl\u00e6ggeren<\/a> Michael Arrington sidste \u00e5r p\u00e5 denne tid i forbindelse med sidste \u00e5rs Le Web. Hvorfor? Jo, fordi Sethi ikke ville slette en kommentar p\u00e5 TechCrunch UK, hvor franske Loic Le meur kaldte Sehti &#8220;an asshole&#8221;. Og hvem er s\u00e5 Loic Le Meur? Han er da med-arrang\u00f8r af Le Web konferencen.. Og s\u00e5dan er ringet sluttet i det internationale blog-land. Hold da op som der bliver kastet med mudder!!!<\/p>\n<p>Man m\u00e5 da h\u00e5be at der bliver blogget nede fra dette \u00e5rs Le Web &#8211; det er ihvertfald ikke kedeligt!!!<!--7dfa773193732c4e0a86225bc9fbb9b8--><!--ade5c37882cead755b4094830acdda43--><\/p>\n","protected":false},"excerpt":{"rendered":"<p>I morgen begynder 2-dages konferencen Le Web 3 i Paris &#8211; en konference om Web 2.0 ting med folk som Kevin Rose (Digg), Tariq Krim (Netvibes), Joi Ito,&hellip;<\/p>\n","protected":false},"author":4,"featured_media":0,"comment_status":"open","ping_status":"open","sticky":false,"template":"","format":"standard","meta":{"cybocfi_hide_featured_image":"","footnotes":""},"categories":[305],"tags":[322,353,391,263,336],"class_list":["post-694","post","type-post","status-publish","format-standard","hentry","category-trends","tag-blogosfaere","tag-event","tag-social-software","tag-twitter","tag-web-2-0"],"yoast_head":"<!-- This site is optimized with the Yoast SEO plugin v27.5 - https:\/\/yoast.com\/product\/yoast-seo-wordpress\/ -->\n<title>Ballade i Blog-land - Overskrifts blog<\/title>\n<meta name=\"robots\" content=\"index, follow, max-snippet:-1, max-image-preview:large, max-video-preview:-1\" \/>\n<link rel=\"canonical\" href=\"https:\/\/www.overskrift.dk\/blog\/2007\/12\/10\/ballade-i-blog-land\/\" \/>\n<meta property=\"og:locale\" content=\"da_DK\" \/>\n<meta property=\"og:type\" content=\"article\" \/>\n<meta property=\"og:title\" content=\"Ballade i Blog-land - Overskrifts blog\" \/>\n<meta property=\"og:description\" content=\"I morgen begynder 2-dages konferencen Le Web 3 i Paris &#8211; en konference om Web 2.0 ting med folk som Kevin Rose (Digg), Tariq Krim (Netvibes), Joi Ito,&hellip;\" \/>\n<meta property=\"og:url\" content=\"https:\/\/www.overskrift.dk\/blog\/2007\/12\/10\/ballade-i-blog-land\/\" \/>\n<meta property=\"og:site_name\" content=\"Overskrifts blog\" \/>\n<meta property=\"article:publisher\" content=\"https:\/\/www.facebook.com\/overskrift\" \/>\n<meta property=\"article:published_time\" content=\"2007-12-10T20:41:14+00:00\" \/>\n<meta property=\"article:modified_time\" content=\"2017-04-18T12:14:37+00:00\" \/>\n<meta property=\"og:image\" content=\"https:\/\/www.overskrift.dk\/blog\/wp-content\/uploads\/butterfly-effect-2808334_1920.jpg\" \/>\n\t<meta property=\"og:image:width\" content=\"1920\" \/>\n\t<meta property=\"og:image:height\" content=\"689\" \/>\n\t<meta property=\"og:image:type\" content=\"image\/jpeg\" \/>\n<meta name=\"author\" content=\"Stefan B\u00f8gh-Andersen\" \/>\n<meta name=\"twitter:card\" content=\"summary_large_image\" \/>\n<meta name=\"twitter:creator\" content=\"@overskrift\" \/>\n<meta name=\"twitter:site\" content=\"@overskrift\" \/>\n<script type=\"application\/ld+json\" class=\"yoast-schema-graph\">{\"@context\":\"https:\\\/\\\/schema.org\",\"@graph\":[{\"@type\":\"Article\",\"@id\":\"https:\\\/\\\/www.overskrift.dk\\\/blog\\\/2007\\\/12\\\/10\\\/ballade-i-blog-land\\\/#article\",\"isPartOf\":{\"@id\":\"https:\\\/\\\/www.overskrift.dk\\\/blog\\\/2007\\\/12\\\/10\\\/ballade-i-blog-land\\\/\"},\"author\":{\"name\":\"Stefan B\u00f8gh-Andersen\",\"@id\":\"https:\\\/\\\/www.overskrift.dk\\\/blog\\\/#\\\/schema\\\/person\\\/b78220010603ce4384fa7758a6eabaf3\"},\"headline\":\"Ballade i Blog-land\",\"datePublished\":\"2007-12-10T20:41:14+00:00\",\"dateModified\":\"2017-04-18T12:14:37+00:00\",\"mainEntityOfPage\":{\"@id\":\"https:\\\/\\\/www.overskrift.dk\\\/blog\\\/2007\\\/12\\\/10\\\/ballade-i-blog-land\\\/\"},\"wordCount\":473,\"commentCount\":1,\"publisher\":{\"@id\":\"https:\\\/\\\/www.overskrift.dk\\\/blog\\\/#organization\"},\"keywords\":[\"Blogosf\u00e6re\",\"Event\",\"Social Software\",\"twitter\",\"Web 2.0\"],\"articleSection\":[\"Trends\"],\"inLanguage\":\"da-DK\",\"potentialAction\":[{\"@type\":\"CommentAction\",\"name\":\"Comment\",\"target\":[\"https:\\\/\\\/www.overskrift.dk\\\/blog\\\/2007\\\/12\\\/10\\\/ballade-i-blog-land\\\/#respond\"]}]},{\"@type\":\"WebPage\",\"@id\":\"https:\\\/\\\/www.overskrift.dk\\\/blog\\\/2007\\\/12\\\/10\\\/ballade-i-blog-land\\\/\",\"url\":\"https:\\\/\\\/www.overskrift.dk\\\/blog\\\/2007\\\/12\\\/10\\\/ballade-i-blog-land\\\/\",\"name\":\"Ballade i Blog-land - Overskrifts blog\",\"isPartOf\":{\"@id\":\"https:\\\/\\\/www.overskrift.dk\\\/blog\\\/#website\"},\"datePublished\":\"2007-12-10T20:41:14+00:00\",\"dateModified\":\"2017-04-18T12:14:37+00:00\",\"breadcrumb\":{\"@id\":\"https:\\\/\\\/www.overskrift.dk\\\/blog\\\/2007\\\/12\\\/10\\\/ballade-i-blog-land\\\/#breadcrumb\"},\"inLanguage\":\"da-DK\",\"potentialAction\":[{\"@type\":\"ReadAction\",\"target\":[\"https:\\\/\\\/www.overskrift.dk\\\/blog\\\/2007\\\/12\\\/10\\\/ballade-i-blog-land\\\/\"]}]},{\"@type\":\"BreadcrumbList\",\"@id\":\"https:\\\/\\\/www.overskrift.dk\\\/blog\\\/2007\\\/12\\\/10\\\/ballade-i-blog-land\\\/#breadcrumb\",\"itemListElement\":[{\"@type\":\"ListItem\",\"position\":1,\"name\":\"Hjem\",\"item\":\"https:\\\/\\\/www.overskrift.dk\\\/blog\\\/\"},{\"@type\":\"ListItem\",\"position\":2,\"name\":\"Ballade i Blog-land\"}]},{\"@type\":\"WebSite\",\"@id\":\"https:\\\/\\\/www.overskrift.dk\\\/blog\\\/#website\",\"url\":\"https:\\\/\\\/www.overskrift.dk\\\/blog\\\/\",\"name\":\"Overskrifts blog\",\"description\":\"Nyeste indl\u00e6g\",\"publisher\":{\"@id\":\"https:\\\/\\\/www.overskrift.dk\\\/blog\\\/#organization\"},\"potentialAction\":[{\"@type\":\"SearchAction\",\"target\":{\"@type\":\"EntryPoint\",\"urlTemplate\":\"https:\\\/\\\/www.overskrift.dk\\\/blog\\\/?s={search_term_string}\"},\"query-input\":{\"@type\":\"PropertyValueSpecification\",\"valueRequired\":true,\"valueName\":\"search_term_string\"}}],\"inLanguage\":\"da-DK\"},{\"@type\":\"Organization\",\"@id\":\"https:\\\/\\\/www.overskrift.dk\\\/blog\\\/#organization\",\"name\":\"Overskrift ApS\",\"url\":\"https:\\\/\\\/www.overskrift.dk\\\/blog\\\/\",\"logo\":{\"@type\":\"ImageObject\",\"inLanguage\":\"da-DK\",\"@id\":\"https:\\\/\\\/www.overskrift.dk\\\/blog\\\/#\\\/schema\\\/logo\\\/image\\\/\",\"url\":\"https:\\\/\\\/blog.overskrift.dk\\\/wp-content\\\/uploads\\\/Just-the-dots-1.png\",\"contentUrl\":\"https:\\\/\\\/blog.overskrift.dk\\\/wp-content\\\/uploads\\\/Just-the-dots-1.png\",\"width\":258,\"height\":257,\"caption\":\"Overskrift ApS\"},\"image\":{\"@id\":\"https:\\\/\\\/www.overskrift.dk\\\/blog\\\/#\\\/schema\\\/logo\\\/image\\\/\"},\"sameAs\":[\"https:\\\/\\\/www.facebook.com\\\/overskrift\",\"https:\\\/\\\/x.com\\\/overskrift\",\"https:\\\/\\\/www.instagram.com\\\/overskrift\\\/\",\"https:\\\/\\\/www.linkedin.com\\\/company\\\/10153434\"]},{\"@type\":\"Person\",\"@id\":\"https:\\\/\\\/www.overskrift.dk\\\/blog\\\/#\\\/schema\\\/person\\\/b78220010603ce4384fa7758a6eabaf3\",\"name\":\"Stefan B\u00f8gh-Andersen\",\"image\":{\"@type\":\"ImageObject\",\"inLanguage\":\"da-DK\",\"@id\":\"https:\\\/\\\/secure.gravatar.com\\\/avatar\\\/f7eee59b7b5aa69f61ce713b6f85ef24d2faef678f186072e924c71249c2d2d6?s=96&d=mm&r=g\",\"url\":\"https:\\\/\\\/secure.gravatar.com\\\/avatar\\\/f7eee59b7b5aa69f61ce713b6f85ef24d2faef678f186072e924c71249c2d2d6?s=96&d=mm&r=g\",\"contentUrl\":\"https:\\\/\\\/secure.gravatar.com\\\/avatar\\\/f7eee59b7b5aa69f61ce713b6f85ef24d2faef678f186072e924c71249c2d2d6?s=96&d=mm&r=g\",\"caption\":\"Stefan B\u00f8gh-Andersen\"},\"description\":\"Indl\u00e6gget er skrevet af Stefan, der er direkt\u00f8r i og stifter af Overskrift. Stefan er en skarp analytiker og har mange \u00e5rs erfaring med r\u00e5dgivning inden for sociale medier og nyhedssites.\",\"url\":\"https:\\\/\\\/www.overskrift.dk\\\/blog\\\/author\\\/stefan\\\/\"}]}<\/script>\n<!-- \/ Yoast SEO plugin. -->","yoast_head_json":{"title":"Ballade i Blog-land - Overskrifts blog","robots":{"index":"index","follow":"follow","max-snippet":"max-snippet:-1","max-image-preview":"max-image-preview:large","max-video-preview":"max-video-preview:-1"},"canonical":"https:\/\/www.overskrift.dk\/blog\/2007\/12\/10\/ballade-i-blog-land\/","og_locale":"da_DK","og_type":"article","og_title":"Ballade i Blog-land - Overskrifts blog","og_description":"I morgen begynder 2-dages konferencen Le Web 3 i Paris &#8211; en konference om Web 2.0 ting med folk som Kevin Rose (Digg), Tariq Krim (Netvibes), Joi Ito,&hellip;","og_url":"https:\/\/www.overskrift.dk\/blog\/2007\/12\/10\/ballade-i-blog-land\/","og_site_name":"Overskrifts blog","article_publisher":"https:\/\/www.facebook.com\/overskrift","article_published_time":"2007-12-10T20:41:14+00:00","article_modified_time":"2017-04-18T12:14:37+00:00","og_image":[{"width":1920,"height":689,"url":"https:\/\/www.overskrift.dk\/blog\/wp-content\/uploads\/butterfly-effect-2808334_1920.jpg","type":"image\/jpeg"}],"author":"Stefan B\u00f8gh-Andersen","twitter_card":"summary_large_image","twitter_creator":"@overskrift","twitter_site":"@overskrift","schema":{"@context":"https:\/\/schema.org","@graph":[{"@type":"Article","@id":"https:\/\/www.overskrift.dk\/blog\/2007\/12\/10\/ballade-i-blog-land\/#article","isPartOf":{"@id":"https:\/\/www.overskrift.dk\/blog\/2007\/12\/10\/ballade-i-blog-land\/"},"author":{"name":"Stefan B\u00f8gh-Andersen","@id":"https:\/\/www.overskrift.dk\/blog\/#\/schema\/person\/b78220010603ce4384fa7758a6eabaf3"},"headline":"Ballade i Blog-land","datePublished":"2007-12-10T20:41:14+00:00","dateModified":"2017-04-18T12:14:37+00:00","mainEntityOfPage":{"@id":"https:\/\/www.overskrift.dk\/blog\/2007\/12\/10\/ballade-i-blog-land\/"},"wordCount":473,"commentCount":1,"publisher":{"@id":"https:\/\/www.overskrift.dk\/blog\/#organization"},"keywords":["Blogosf\u00e6re","Event","Social Software","twitter","Web 2.0"],"articleSection":["Trends"],"inLanguage":"da-DK","potentialAction":[{"@type":"CommentAction","name":"Comment","target":["https:\/\/www.overskrift.dk\/blog\/2007\/12\/10\/ballade-i-blog-land\/#respond"]}]},{"@type":"WebPage","@id":"https:\/\/www.overskrift.dk\/blog\/2007\/12\/10\/ballade-i-blog-land\/","url":"https:\/\/www.overskrift.dk\/blog\/2007\/12\/10\/ballade-i-blog-land\/","name":"Ballade i Blog-land - Overskrifts blog","isPartOf":{"@id":"https:\/\/www.overskrift.dk\/blog\/#website"},"datePublished":"2007-12-10T20:41:14+00:00","dateModified":"2017-04-18T12:14:37+00:00","breadcrumb":{"@id":"https:\/\/www.overskrift.dk\/blog\/2007\/12\/10\/ballade-i-blog-land\/#breadcrumb"},"inLanguage":"da-DK","potentialAction":[{"@type":"ReadAction","target":["https:\/\/www.overskrift.dk\/blog\/2007\/12\/10\/ballade-i-blog-land\/"]}]},{"@type":"BreadcrumbList","@id":"https:\/\/www.overskrift.dk\/blog\/2007\/12\/10\/ballade-i-blog-land\/#breadcrumb","itemListElement":[{"@type":"ListItem","position":1,"name":"Hjem","item":"https:\/\/www.overskrift.dk\/blog\/"},{"@type":"ListItem","position":2,"name":"Ballade i Blog-land"}]},{"@type":"WebSite","@id":"https:\/\/www.overskrift.dk\/blog\/#website","url":"https:\/\/www.overskrift.dk\/blog\/","name":"Overskrifts blog","description":"Nyeste indl\u00e6g","publisher":{"@id":"https:\/\/www.overskrift.dk\/blog\/#organization"},"potentialAction":[{"@type":"SearchAction","target":{"@type":"EntryPoint","urlTemplate":"https:\/\/www.overskrift.dk\/blog\/?s={search_term_string}"},"query-input":{"@type":"PropertyValueSpecification","valueRequired":true,"valueName":"search_term_string"}}],"inLanguage":"da-DK"},{"@type":"Organization","@id":"https:\/\/www.overskrift.dk\/blog\/#organization","name":"Overskrift ApS","url":"https:\/\/www.overskrift.dk\/blog\/","logo":{"@type":"ImageObject","inLanguage":"da-DK","@id":"https:\/\/www.overskrift.dk\/blog\/#\/schema\/logo\/image\/","url":"https:\/\/blog.overskrift.dk\/wp-content\/uploads\/Just-the-dots-1.png","contentUrl":"https:\/\/blog.overskrift.dk\/wp-content\/uploads\/Just-the-dots-1.png","width":258,"height":257,"caption":"Overskrift ApS"},"image":{"@id":"https:\/\/www.overskrift.dk\/blog\/#\/schema\/logo\/image\/"},"sameAs":["https:\/\/www.facebook.com\/overskrift","https:\/\/x.com\/overskrift","https:\/\/www.instagram.com\/overskrift\/","https:\/\/www.linkedin.com\/company\/10153434"]},{"@type":"Person","@id":"https:\/\/www.overskrift.dk\/blog\/#\/schema\/person\/b78220010603ce4384fa7758a6eabaf3","name":"Stefan B\u00f8gh-Andersen","image":{"@type":"ImageObject","inLanguage":"da-DK","@id":"https:\/\/secure.gravatar.com\/avatar\/f7eee59b7b5aa69f61ce713b6f85ef24d2faef678f186072e924c71249c2d2d6?s=96&d=mm&r=g","url":"https:\/\/secure.gravatar.com\/avatar\/f7eee59b7b5aa69f61ce713b6f85ef24d2faef678f186072e924c71249c2d2d6?s=96&d=mm&r=g","contentUrl":"https:\/\/secure.gravatar.com\/avatar\/f7eee59b7b5aa69f61ce713b6f85ef24d2faef678f186072e924c71249c2d2d6?s=96&d=mm&r=g","caption":"Stefan B\u00f8gh-Andersen"},"description":"Indl\u00e6gget er skrevet af Stefan, der er direkt\u00f8r i og stifter af Overskrift. Stefan er en skarp analytiker og har mange \u00e5rs erfaring med r\u00e5dgivning inden for sociale medier og nyhedssites.","url":"https:\/\/www.overskrift.dk\/blog\/author\/stefan\/"}]}},"_links":{"self":[{"href":"https:\/\/www.overskrift.dk\/blog\/wp-json\/wp\/v2\/posts\/694","targetHints":{"allow":["GET"]}}],"collection":[{"href":"https:\/\/www.overskrift.dk\/blog\/wp-json\/wp\/v2\/posts"}],"about":[{"href":"https:\/\/www.overskrift.dk\/blog\/wp-json\/wp\/v2\/types\/post"}],"author":[{"embeddable":true,"href":"https:\/\/www.overskrift.dk\/blog\/wp-json\/wp\/v2\/users\/4"}],"replies":[{"embeddable":true,"href":"https:\/\/www.overskrift.dk\/blog\/wp-json\/wp\/v2\/comments?post=694"}],"version-history":[{"count":1,"href":"https:\/\/www.overskrift.dk\/blog\/wp-json\/wp\/v2\/posts\/694\/revisions"}],"predecessor-version":[{"id":6887,"href":"https:\/\/www.overskrift.dk\/blog\/wp-json\/wp\/v2\/posts\/694\/revisions\/6887"}],"wp:attachment":[{"href":"https:\/\/www.overskrift.dk\/blog\/wp-json\/wp\/v2\/media?parent=694"}],"wp:term":[{"taxonomy":"category","embeddable":true,"href":"https:\/\/www.overskrift.dk\/blog\/wp-json\/wp\/v2\/categories?post=694"},{"taxonomy":"post_tag","embeddable":true,"href":"https:\/\/www.overskrift.dk\/blog\/wp-json\/wp\/v2\/tags?post=694"}],"curies":[{"name":"wp","href":"https:\/\/api.w.org\/{rel}","templated":true}]}}