{"id":7269,"date":"2017-05-10T09:31:57","date_gmt":"2017-05-10T07:31:57","guid":{"rendered":"http:\/\/blog.overskrift.dk\/?p=7269"},"modified":"2023-05-17T15:16:58","modified_gmt":"2023-05-17T13:16:58","slug":"folkemoedet-2017-skab-vaerdi-aaret-rundt","status":"publish","type":"post","link":"https:\/\/www.overskrift.dk\/blog\/2017\/05\/10\/folkemoedet-2017-skab-vaerdi-aaret-rundt\/","title":{"rendered":"Folkem\u00f8det 2017: Skab v\u00e6rdi \u00e5ret rundt"},"content":{"rendered":"<h4>Morgenm\u00f8det er afholdt. Ville du gerne have v\u00e6ret med? S\u00e5 kan du l\u00e6se de tre blogindl\u00e6g, hvor vi opsamler pointerne fra de tre opl\u00e6gsholdere:\u00a0<a href=\"http:\/\/blog.overskrift.dk\/2017\/06\/08\/saadan-saa-sociale-medier-folkemoedet-2016\/\">Stefan B\u00f8gh-Andersen<\/a>, <a href=\"http:\/\/blog.overskrift.dk\/2017\/06\/12\/kraeftens-bekaempelse-har-en-klar-strategi-for-folkemoedet-2017\/\">Lars \u00d8stergaard<\/a> og <a href=\"http:\/\/blog.overskrift.dk\/2017\/06\/13\/4-raad-folkemoede-ekspert\/\">Karne Lykkebo<\/a>.<\/h4>\n<hr \/>\n<p><strong>Folkem\u00f8det 2017 n\u00e6rmer sig og om kort tid er Bornholm igen v\u00e6rt for adskillige politiske debatter. Tilmeld dig Overskrifts morgenm\u00f8de onsdag d. 7. juni 2017 og bliv klogere p\u00e5, hvordan du f\u00e5r mest v\u00e6rdi ud af din digitale indsats p\u00e5 Folkem\u00f8det hele \u00e5ret rundt. Vores opl\u00e6gsholdere vil komme ind p\u00e5, hvordan du f\u00e5r de bedste foruds\u00e6tninger for at s\u00e6tte dagsordenen de rigtige steder b\u00e5de f\u00f8r, under og efter Folkem\u00f8det 2017. \u00a0<\/strong><\/p>\n<hr \/>\n<p>Update 29. maj 2017: Alle pladser er besat, men du har mulighed for at komme p\u00e5 venteliste ved at indtaste dine oplysninger l\u00e6ngere nede p\u00e5 siden.<\/p>\n<hr \/>\n<p>Vi starter morgenen med et gensyn med Folkm\u00f8det 2016. Vi har gravet ned i arkivet og fundet frem til de bedste tweets og posts p\u00e5 de sociale medier, og vil g\u00f8re dig klogere p\u00e5, hvad du kan l\u00e6re af sidste \u00e5rs digitale indsatser.<\/p>\n<p>Herefter vil du blive kl\u00e6dt p\u00e5 af nogle garvede Folkem\u00f8de-deltagere, der vil give dig tips til, hvordan du forbereder og planl\u00e6gger din indsats, s\u00e5 du f\u00e5r mest v\u00e6rdi ud af dine aktiviteter f\u00f8r og under Folkem\u00f8det 2017, men de l\u00f8fter ogs\u00e5 sl\u00f8ret for, hvordan du f\u00e5r den maksimale v\u00e6rdi ud af dine aktiviteter hele \u00e5ret rundt.<\/p>\n<p><strong>Du m\u00f8der:<\/strong><\/p>\n<div class=\"mceTemp\"><\/div>\n<div class=\"mceTemp\"><\/div>\n<figure id=\"attachment_7420\" aria-describedby=\"caption-attachment-7420\" style=\"width: 147px\" class=\"wp-caption alignleft\"><img loading=\"lazy\" decoding=\"async\" class=\"wp-image-7420 size-full\" src=\"http:\/\/blog.overskrift.dk\/wp-content\/uploads\/Lars-\u00f8strgaard.jpg\" alt=\"Lars \u00d8stergaard, social media manager i Kr\u00e6ftens Bek\u00e6mpelse. Opl\u00e6gsholder til morgenm\u00f8de om Folkem\u00f8det 2017\" width=\"147\" height=\"220\" \/><figcaption id=\"caption-attachment-7420\" class=\"wp-caption-text\">Lars \u00d8stergaard, \u00a0 \u00a0 \u00a0 \u00a0 \u00a0 Social media manager i Kr\u00e6ftens Bek\u00e6mpelse<\/figcaption><\/figure>\n<div class=\"mceTemp\"><\/div>\n<figure id=\"attachment_7402\" aria-describedby=\"caption-attachment-7402\" style=\"width: 147px\" class=\"wp-caption alignleft\"><img loading=\"lazy\" decoding=\"async\" class=\"wp-image-7402 size-full\" src=\"http:\/\/blog.overskrift.dk\/wp-content\/uploads\/KARNE-LYKKEBO.jpg\" alt=\"Karen Lykkebo, Strategisk direkt\u00f8r og partner i Geelmuyden Kiese. Opl\u00e6gsholder til morgenm\u00f8de om Folkem\u00f8det 2017\" width=\"147\" height=\"220\" \/><figcaption id=\"caption-attachment-7402\" class=\"wp-caption-text\">Karne Lykkebo, \u00a0 \u00a0 \u00a0 Strategisk direkt\u00f8r &amp; Partner i Geelmuyden Kiese<\/figcaption><\/figure>\n<figure id=\"attachment_7278\" aria-describedby=\"caption-attachment-7278\" style=\"width: 147px\" class=\"wp-caption alignleft\"><img loading=\"lazy\" decoding=\"async\" class=\"wp-image-7278 size-full\" src=\"http:\/\/blog.overskrift.dk\/wp-content\/uploads\/Stefan147x200px.jpg\" alt=\"Stefan B\u00f8gh-Andersen, Direkt\u00f8r og partner i Overskrift. Opl\u00e6gsholder til morgenm\u00f8de om Folkem\u00f8det 2017\" width=\"147\" height=\"220\" \/><figcaption id=\"caption-attachment-7278\" class=\"wp-caption-text\">Stefan B\u00f8gh-Andersen, Direkt\u00f8r og Partner i Overskrift<\/figcaption><\/figure>\n<p>&nbsp;<\/p>\n<p>&nbsp;<\/p>\n<p>&nbsp;<\/p>\n<p>&nbsp;<\/p>\n<p>&nbsp;<\/p>\n<p>&nbsp;<\/p>\n<p>&nbsp;<\/p>\n<p>&nbsp;<\/p>\n<hr \/>\n<p><strong>Tid<\/strong>: 7. juni kl. 09.00 \u2013 10.00. Der er kaffe og croissanter fra kl. 08.45<\/p>\n<p><strong>Sted<\/strong>: Jorcks Passage 1A, 3. sal, 1162 K\u00f8benhavn K, Tlf. 2215 8228<\/p>\n<p><strong>Pris:<\/strong>\u00a0Gratis &#8211; Skulle du v\u00e6re forhindret i at deltage, bedes du give svar fem dage f\u00f8r, s\u00e5 andre interesserede kan f\u00e5 pladsen. No-show fee p\u00e5 kr. 200,-<\/p>\n<p><strong>Er du studerende<\/strong>: Der er eksklusivt forbeholdt syv pladser til studerende. Tilf\u00f8j &#8220;Studerende&#8221; ved titel.<\/p>\n<p><strong>Hashtag:<\/strong>\u00a0<a href=\"https:\/\/twitter.com\/hashtag\/lytgodt\">#lytgodt<\/a><\/p>\n<p><strong>Tilmelding: <\/strong>Senest 31. maj 2017.<\/p>\n<h2>S\u00e6t mig p\u00e5 ventelisten<\/h2>\n<div class=\"wpforms-container wpforms-container-full\" id=\"wpforms-7287\"><form id=\"wpforms-form-7287\" class=\"wpforms-validate wpforms-form\" data-formid=\"7287\" method=\"post\" enctype=\"multipart\/form-data\" action=\"\/blog\/wp-json\/wp\/v2\/posts\/7269\" data-token=\"40aa879cb789edb427d718b6d9b00740\" data-token-time=\"1777591233\"><noscript class=\"wpforms-error-noscript\">Please enable JavaScript in your browser to complete this form.<\/noscript><div class=\"wpforms-field-container\"><div id=\"wpforms-7287-field_0-container\" class=\"wpforms-field wpforms-field-name\" data-field-id=\"0\"><label class=\"wpforms-field-label\" for=\"wpforms-7287-field_0\">Navn <span class=\"wpforms-required-label\">*<\/span><\/label><input type=\"text\" id=\"wpforms-7287-field_0\" class=\"wpforms-field-medium wpforms-field-required\" name=\"wpforms[fields][0]\" required><\/div><div id=\"wpforms-7287-field_4-container\" class=\"wpforms-field wpforms-field-name\" data-field-id=\"4\"><label class=\"wpforms-field-label\" for=\"wpforms-7287-field_4\">Virksomhed <span class=\"wpforms-required-label\">*<\/span><\/label><input type=\"text\" id=\"wpforms-7287-field_4\" class=\"wpforms-field-medium wpforms-field-required\" name=\"wpforms[fields][4]\" required><\/div><div id=\"wpforms-7287-field_1-container\" class=\"wpforms-field wpforms-field-email\" data-field-id=\"1\"><label class=\"wpforms-field-label\" for=\"wpforms-7287-field_1\">E-mail <span class=\"wpforms-required-label\">*<\/span><\/label><input type=\"email\" id=\"wpforms-7287-field_1\" class=\"wpforms-field-medium wpforms-field-required\" name=\"wpforms[fields][1]\" spellcheck=\"false\" required><\/div><div id=\"wpforms-7287-field_5-container\" class=\"wpforms-field wpforms-field-name\" data-field-id=\"5\"><label class=\"wpforms-field-label\" for=\"wpforms-7287-field_5\">Titel<\/label><input type=\"text\" id=\"wpforms-7287-field_5\" class=\"wpforms-field-medium\" name=\"wpforms[fields][5]\" ><\/div><div id=\"wpforms-7287-field_7-container\" class=\"wpforms-field wpforms-field-name\" data-field-id=\"7\"><label class=\"wpforms-field-label\" for=\"wpforms-7287-field_7\">Telefonnummer<\/label><input type=\"text\" id=\"wpforms-7287-field_7\" class=\"wpforms-field-medium\" name=\"wpforms[fields][7]\" ><\/div><div id=\"wpforms-7287-field_9-container\" class=\"wpforms-field wpforms-field-checkbox wpforms-list-2-columns\" data-field-id=\"9\"><label class=\"wpforms-field-label\">Tilmeld mig ogs\u00e5 nyhedsbrevet, s\u00e5 jeg altid opdateret om n\u00e6ste morgenm\u00f8der samt nyeste digitale og sociale trends.<\/label><ul id=\"wpforms-7287-field_9\"><li class=\"choice-1 depth-1\"><input type=\"checkbox\" id=\"wpforms-7287-field_9_1\" name=\"wpforms[fields][9][]\" value=\"Ja tak!\"  ><label class=\"wpforms-field-label-inline\" for=\"wpforms-7287-field_9_1\">Ja tak!<\/label><\/li><\/ul><\/div><\/div><!-- .wpforms-field-container --><div class=\"wpforms-field wpforms-field-hp\"><label for=\"wpforms-7287-field-hp\" class=\"wpforms-field-label\">Email<\/label><input type=\"text\" name=\"wpforms[hp]\" id=\"wpforms-7287-field-hp\" class=\"wpforms-field-medium\"><\/div><div class=\"wpforms-submit-container\" ><input type=\"hidden\" name=\"wpforms[id]\" value=\"7287\"><input type=\"hidden\" name=\"page_title\" value=\"\"><input type=\"hidden\" name=\"page_url\" value=\"https:\/\/www.overskrift.dk\/blog\/wp-json\/wp\/v2\/posts\/7269\"><input type=\"hidden\" name=\"url_referer\" value=\"\"><button type=\"submit\" name=\"wpforms[submit]\" id=\"wpforms-submit-7287\" class=\"wpforms-submit\" data-alt-text=\"Sending...\" data-submit-text=\"Tilmeld mig!\" aria-live=\"assertive\" value=\"wpforms-submit\">Tilmeld mig!<\/button><\/div><\/form><\/div>  <!-- .wpforms-container -->\n<p>&nbsp;<\/p>\n","protected":false},"excerpt":{"rendered":"<p>Morgenm\u00f8det er afholdt. Ville du gerne have v\u00e6ret med? S\u00e5 kan du l\u00e6se de tre blogindl\u00e6g, hvor vi opsamler pointerne fra de tre opl\u00e6gsholdere:\u00a0Stefan B\u00f8gh-Andersen, Lars \u00d8stergaard og&hellip;<\/p>\n","protected":false},"author":13,"featured_media":7448,"comment_status":"open","ping_status":"open","sticky":false,"template":"","format":"standard","meta":{"cybocfi_hide_featured_image":"","footnotes":""},"categories":[304],"tags":[251,470,257,471,325,465],"class_list":["post-7269","post","type-post","status-publish","format-standard","has-post-thumbnail","hentry","category-arrangementer","tag-fmdk","tag-fmdk17","tag-folkemoede","tag-folkemoede-2017","tag-folkemoedet","tag-folkemoedet-2017"],"yoast_head":"<!-- This site is optimized with the Yoast SEO plugin v27.5 - https:\/\/yoast.com\/product\/yoast-seo-wordpress\/ -->\n<title>F\u00e5 v\u00e6rdi ud af din digitale indsats til Folkem\u00f8det 2017 | Overskrift.dk<\/title>\n<meta name=\"description\" content=\"Hvordan f\u00e5r du mest v\u00e6rdi ud af din digitale indsats til Folkem\u00f8det 2017? Bliv klogere d. 7. juni 2017 til vores morgenm\u00f8de.\" \/>\n<meta name=\"robots\" content=\"index, follow, max-snippet:-1, max-image-preview:large, max-video-preview:-1\" \/>\n<link rel=\"canonical\" href=\"https:\/\/www.overskrift.dk\/blog\/2017\/05\/10\/folkemoedet-2017-skab-vaerdi-aaret-rundt\/\" \/>\n<meta property=\"og:locale\" content=\"da_DK\" \/>\n<meta property=\"og:type\" content=\"article\" \/>\n<meta property=\"og:title\" content=\"F\u00e5 v\u00e6rdi ud af din digitale indsats til Folkem\u00f8det 2017 | Overskrift.dk\" \/>\n<meta property=\"og:description\" content=\"Hvordan f\u00e5r du mest v\u00e6rdi ud af din digitale indsats til Folkem\u00f8det 2017? Bliv klogere d. 7. juni 2017 til vores morgenm\u00f8de.\" \/>\n<meta property=\"og:url\" content=\"https:\/\/www.overskrift.dk\/blog\/2017\/05\/10\/folkemoedet-2017-skab-vaerdi-aaret-rundt\/\" \/>\n<meta property=\"og:site_name\" content=\"Overskrifts blog\" \/>\n<meta property=\"article:publisher\" content=\"https:\/\/www.facebook.com\/overskrift\" \/>\n<meta property=\"article:published_time\" content=\"2017-05-10T07:31:57+00:00\" \/>\n<meta property=\"article:modified_time\" content=\"2023-05-17T13:16:58+00:00\" \/>\n<meta property=\"og:image\" content=\"https:\/\/www.overskrift.dk\/blog\/wp-content\/uploads\/nyhedsbrev-264x250.jpg\" \/>\n\t<meta property=\"og:image:width\" content=\"564\" \/>\n\t<meta property=\"og:image:height\" content=\"250\" \/>\n\t<meta property=\"og:image:type\" content=\"image\/jpeg\" \/>\n<meta name=\"author\" content=\"Sarah Vangsgaard Winge\" \/>\n<meta name=\"twitter:card\" content=\"summary_large_image\" \/>\n<meta name=\"twitter:creator\" content=\"@overskrift\" \/>\n<meta name=\"twitter:site\" content=\"@overskrift\" \/>\n<script type=\"application\/ld+json\" class=\"yoast-schema-graph\">{\"@context\":\"https:\\\/\\\/schema.org\",\"@graph\":[{\"@type\":\"Article\",\"@id\":\"https:\\\/\\\/www.overskrift.dk\\\/blog\\\/2017\\\/05\\\/10\\\/folkemoedet-2017-skab-vaerdi-aaret-rundt\\\/#article\",\"isPartOf\":{\"@id\":\"https:\\\/\\\/www.overskrift.dk\\\/blog\\\/2017\\\/05\\\/10\\\/folkemoedet-2017-skab-vaerdi-aaret-rundt\\\/\"},\"author\":{\"name\":\"Sarah Vangsgaard Winge\",\"@id\":\"https:\\\/\\\/www.overskrift.dk\\\/blog\\\/#\\\/schema\\\/person\\\/0f6300587350486960a4e2b43eafd369\"},\"headline\":\"Folkem\u00f8det 2017: Skab v\u00e6rdi \u00e5ret rundt\",\"datePublished\":\"2017-05-10T07:31:57+00:00\",\"dateModified\":\"2023-05-17T13:16:58+00:00\",\"mainEntityOfPage\":{\"@id\":\"https:\\\/\\\/www.overskrift.dk\\\/blog\\\/2017\\\/05\\\/10\\\/folkemoedet-2017-skab-vaerdi-aaret-rundt\\\/\"},\"wordCount\":399,\"commentCount\":3,\"publisher\":{\"@id\":\"https:\\\/\\\/www.overskrift.dk\\\/blog\\\/#organization\"},\"image\":{\"@id\":\"https:\\\/\\\/www.overskrift.dk\\\/blog\\\/2017\\\/05\\\/10\\\/folkemoedet-2017-skab-vaerdi-aaret-rundt\\\/#primaryimage\"},\"thumbnailUrl\":\"https:\\\/\\\/www.overskrift.dk\\\/blog\\\/wp-content\\\/uploads\\\/nyhedsbrev-264x250.jpg\",\"keywords\":[\"fmdk\",\"fmdk17\",\"folkem\u00f8de\",\"folkem\u00f8de 2017\",\"folkem\u00f8det\",\"folkem\u00f8det 2017\"],\"articleSection\":[\"Arrangementer\"],\"inLanguage\":\"da-DK\",\"potentialAction\":[{\"@type\":\"CommentAction\",\"name\":\"Comment\",\"target\":[\"https:\\\/\\\/www.overskrift.dk\\\/blog\\\/2017\\\/05\\\/10\\\/folkemoedet-2017-skab-vaerdi-aaret-rundt\\\/#respond\"]}]},{\"@type\":\"WebPage\",\"@id\":\"https:\\\/\\\/www.overskrift.dk\\\/blog\\\/2017\\\/05\\\/10\\\/folkemoedet-2017-skab-vaerdi-aaret-rundt\\\/\",\"url\":\"https:\\\/\\\/www.overskrift.dk\\\/blog\\\/2017\\\/05\\\/10\\\/folkemoedet-2017-skab-vaerdi-aaret-rundt\\\/\",\"name\":\"F\u00e5 v\u00e6rdi ud af din digitale indsats til Folkem\u00f8det 2017 | Overskrift.dk\",\"isPartOf\":{\"@id\":\"https:\\\/\\\/www.overskrift.dk\\\/blog\\\/#website\"},\"primaryImageOfPage\":{\"@id\":\"https:\\\/\\\/www.overskrift.dk\\\/blog\\\/2017\\\/05\\\/10\\\/folkemoedet-2017-skab-vaerdi-aaret-rundt\\\/#primaryimage\"},\"image\":{\"@id\":\"https:\\\/\\\/www.overskrift.dk\\\/blog\\\/2017\\\/05\\\/10\\\/folkemoedet-2017-skab-vaerdi-aaret-rundt\\\/#primaryimage\"},\"thumbnailUrl\":\"https:\\\/\\\/www.overskrift.dk\\\/blog\\\/wp-content\\\/uploads\\\/nyhedsbrev-264x250.jpg\",\"datePublished\":\"2017-05-10T07:31:57+00:00\",\"dateModified\":\"2023-05-17T13:16:58+00:00\",\"description\":\"Hvordan f\u00e5r du mest v\u00e6rdi ud af din digitale indsats til Folkem\u00f8det 2017? Bliv klogere d. 7. juni 2017 til vores morgenm\u00f8de.\",\"breadcrumb\":{\"@id\":\"https:\\\/\\\/www.overskrift.dk\\\/blog\\\/2017\\\/05\\\/10\\\/folkemoedet-2017-skab-vaerdi-aaret-rundt\\\/#breadcrumb\"},\"inLanguage\":\"da-DK\",\"potentialAction\":[{\"@type\":\"ReadAction\",\"target\":[\"https:\\\/\\\/www.overskrift.dk\\\/blog\\\/2017\\\/05\\\/10\\\/folkemoedet-2017-skab-vaerdi-aaret-rundt\\\/\"]}]},{\"@type\":\"ImageObject\",\"inLanguage\":\"da-DK\",\"@id\":\"https:\\\/\\\/www.overskrift.dk\\\/blog\\\/2017\\\/05\\\/10\\\/folkemoedet-2017-skab-vaerdi-aaret-rundt\\\/#primaryimage\",\"url\":\"https:\\\/\\\/www.overskrift.dk\\\/blog\\\/wp-content\\\/uploads\\\/nyhedsbrev-264x250.jpg\",\"contentUrl\":\"https:\\\/\\\/www.overskrift.dk\\\/blog\\\/wp-content\\\/uploads\\\/nyhedsbrev-264x250.jpg\",\"width\":564,\"height\":250,\"caption\":\"Folkem\u00f8det 2017\"},{\"@type\":\"BreadcrumbList\",\"@id\":\"https:\\\/\\\/www.overskrift.dk\\\/blog\\\/2017\\\/05\\\/10\\\/folkemoedet-2017-skab-vaerdi-aaret-rundt\\\/#breadcrumb\",\"itemListElement\":[{\"@type\":\"ListItem\",\"position\":1,\"name\":\"Hjem\",\"item\":\"https:\\\/\\\/www.overskrift.dk\\\/blog\\\/\"},{\"@type\":\"ListItem\",\"position\":2,\"name\":\"Folkem\u00f8det 2017: Skab v\u00e6rdi \u00e5ret rundt\"}]},{\"@type\":\"WebSite\",\"@id\":\"https:\\\/\\\/www.overskrift.dk\\\/blog\\\/#website\",\"url\":\"https:\\\/\\\/www.overskrift.dk\\\/blog\\\/\",\"name\":\"Overskrifts blog\",\"description\":\"Nyeste indl\u00e6g\",\"publisher\":{\"@id\":\"https:\\\/\\\/www.overskrift.dk\\\/blog\\\/#organization\"},\"potentialAction\":[{\"@type\":\"SearchAction\",\"target\":{\"@type\":\"EntryPoint\",\"urlTemplate\":\"https:\\\/\\\/www.overskrift.dk\\\/blog\\\/?s={search_term_string}\"},\"query-input\":{\"@type\":\"PropertyValueSpecification\",\"valueRequired\":true,\"valueName\":\"search_term_string\"}}],\"inLanguage\":\"da-DK\"},{\"@type\":\"Organization\",\"@id\":\"https:\\\/\\\/www.overskrift.dk\\\/blog\\\/#organization\",\"name\":\"Overskrift ApS\",\"url\":\"https:\\\/\\\/www.overskrift.dk\\\/blog\\\/\",\"logo\":{\"@type\":\"ImageObject\",\"inLanguage\":\"da-DK\",\"@id\":\"https:\\\/\\\/www.overskrift.dk\\\/blog\\\/#\\\/schema\\\/logo\\\/image\\\/\",\"url\":\"https:\\\/\\\/blog.overskrift.dk\\\/wp-content\\\/uploads\\\/Just-the-dots-1.png\",\"contentUrl\":\"https:\\\/\\\/blog.overskrift.dk\\\/wp-content\\\/uploads\\\/Just-the-dots-1.png\",\"width\":258,\"height\":257,\"caption\":\"Overskrift ApS\"},\"image\":{\"@id\":\"https:\\\/\\\/www.overskrift.dk\\\/blog\\\/#\\\/schema\\\/logo\\\/image\\\/\"},\"sameAs\":[\"https:\\\/\\\/www.facebook.com\\\/overskrift\",\"https:\\\/\\\/x.com\\\/overskrift\",\"https:\\\/\\\/www.instagram.com\\\/overskrift\\\/\",\"https:\\\/\\\/www.linkedin.com\\\/company\\\/10153434\"]},{\"@type\":\"Person\",\"@id\":\"https:\\\/\\\/www.overskrift.dk\\\/blog\\\/#\\\/schema\\\/person\\\/0f6300587350486960a4e2b43eafd369\",\"name\":\"Sarah Vangsgaard Winge\",\"image\":{\"@type\":\"ImageObject\",\"inLanguage\":\"da-DK\",\"@id\":\"https:\\\/\\\/secure.gravatar.com\\\/avatar\\\/0cbd349b59233150de9042b8b7ad32ee9729bb9e4fefa402ca61f1612d107bcf?s=96&d=mm&r=g\",\"url\":\"https:\\\/\\\/secure.gravatar.com\\\/avatar\\\/0cbd349b59233150de9042b8b7ad32ee9729bb9e4fefa402ca61f1612d107bcf?s=96&d=mm&r=g\",\"contentUrl\":\"https:\\\/\\\/secure.gravatar.com\\\/avatar\\\/0cbd349b59233150de9042b8b7ad32ee9729bb9e4fefa402ca61f1612d107bcf?s=96&d=mm&r=g\",\"caption\":\"Sarah Vangsgaard Winge\"},\"description\":\"Indl\u00e6gget er skrevet af Sarah, der er marketingansvarlig i Overskrift. Sarah har en stor passion for sociale medier og deler ud af sin erfaring her p\u00e5 bloggen.\",\"url\":\"https:\\\/\\\/www.overskrift.dk\\\/blog\\\/author\\\/sarah\\\/\"}]}<\/script>\n<!-- \/ Yoast SEO plugin. -->","yoast_head_json":{"title":"F\u00e5 v\u00e6rdi ud af din digitale indsats til Folkem\u00f8det 2017 | Overskrift.dk","description":"Hvordan f\u00e5r du mest v\u00e6rdi ud af din digitale indsats til Folkem\u00f8det 2017? Bliv klogere d. 7. juni 2017 til vores morgenm\u00f8de.","robots":{"index":"index","follow":"follow","max-snippet":"max-snippet:-1","max-image-preview":"max-image-preview:large","max-video-preview":"max-video-preview:-1"},"canonical":"https:\/\/www.overskrift.dk\/blog\/2017\/05\/10\/folkemoedet-2017-skab-vaerdi-aaret-rundt\/","og_locale":"da_DK","og_type":"article","og_title":"F\u00e5 v\u00e6rdi ud af din digitale indsats til Folkem\u00f8det 2017 | Overskrift.dk","og_description":"Hvordan f\u00e5r du mest v\u00e6rdi ud af din digitale indsats til Folkem\u00f8det 2017? Bliv klogere d. 7. juni 2017 til vores morgenm\u00f8de.","og_url":"https:\/\/www.overskrift.dk\/blog\/2017\/05\/10\/folkemoedet-2017-skab-vaerdi-aaret-rundt\/","og_site_name":"Overskrifts blog","article_publisher":"https:\/\/www.facebook.com\/overskrift","article_published_time":"2017-05-10T07:31:57+00:00","article_modified_time":"2023-05-17T13:16:58+00:00","og_image":[{"width":564,"height":250,"url":"https:\/\/www.overskrift.dk\/blog\/wp-content\/uploads\/nyhedsbrev-264x250.jpg","type":"image\/jpeg"}],"author":"Sarah Vangsgaard Winge","twitter_card":"summary_large_image","twitter_creator":"@overskrift","twitter_site":"@overskrift","schema":{"@context":"https:\/\/schema.org","@graph":[{"@type":"Article","@id":"https:\/\/www.overskrift.dk\/blog\/2017\/05\/10\/folkemoedet-2017-skab-vaerdi-aaret-rundt\/#article","isPartOf":{"@id":"https:\/\/www.overskrift.dk\/blog\/2017\/05\/10\/folkemoedet-2017-skab-vaerdi-aaret-rundt\/"},"author":{"name":"Sarah Vangsgaard Winge","@id":"https:\/\/www.overskrift.dk\/blog\/#\/schema\/person\/0f6300587350486960a4e2b43eafd369"},"headline":"Folkem\u00f8det 2017: Skab v\u00e6rdi \u00e5ret rundt","datePublished":"2017-05-10T07:31:57+00:00","dateModified":"2023-05-17T13:16:58+00:00","mainEntityOfPage":{"@id":"https:\/\/www.overskrift.dk\/blog\/2017\/05\/10\/folkemoedet-2017-skab-vaerdi-aaret-rundt\/"},"wordCount":399,"commentCount":3,"publisher":{"@id":"https:\/\/www.overskrift.dk\/blog\/#organization"},"image":{"@id":"https:\/\/www.overskrift.dk\/blog\/2017\/05\/10\/folkemoedet-2017-skab-vaerdi-aaret-rundt\/#primaryimage"},"thumbnailUrl":"https:\/\/www.overskrift.dk\/blog\/wp-content\/uploads\/nyhedsbrev-264x250.jpg","keywords":["fmdk","fmdk17","folkem\u00f8de","folkem\u00f8de 2017","folkem\u00f8det","folkem\u00f8det 2017"],"articleSection":["Arrangementer"],"inLanguage":"da-DK","potentialAction":[{"@type":"CommentAction","name":"Comment","target":["https:\/\/www.overskrift.dk\/blog\/2017\/05\/10\/folkemoedet-2017-skab-vaerdi-aaret-rundt\/#respond"]}]},{"@type":"WebPage","@id":"https:\/\/www.overskrift.dk\/blog\/2017\/05\/10\/folkemoedet-2017-skab-vaerdi-aaret-rundt\/","url":"https:\/\/www.overskrift.dk\/blog\/2017\/05\/10\/folkemoedet-2017-skab-vaerdi-aaret-rundt\/","name":"F\u00e5 v\u00e6rdi ud af din digitale indsats til Folkem\u00f8det 2017 | Overskrift.dk","isPartOf":{"@id":"https:\/\/www.overskrift.dk\/blog\/#website"},"primaryImageOfPage":{"@id":"https:\/\/www.overskrift.dk\/blog\/2017\/05\/10\/folkemoedet-2017-skab-vaerdi-aaret-rundt\/#primaryimage"},"image":{"@id":"https:\/\/www.overskrift.dk\/blog\/2017\/05\/10\/folkemoedet-2017-skab-vaerdi-aaret-rundt\/#primaryimage"},"thumbnailUrl":"https:\/\/www.overskrift.dk\/blog\/wp-content\/uploads\/nyhedsbrev-264x250.jpg","datePublished":"2017-05-10T07:31:57+00:00","dateModified":"2023-05-17T13:16:58+00:00","description":"Hvordan f\u00e5r du mest v\u00e6rdi ud af din digitale indsats til Folkem\u00f8det 2017? Bliv klogere d. 7. juni 2017 til vores morgenm\u00f8de.","breadcrumb":{"@id":"https:\/\/www.overskrift.dk\/blog\/2017\/05\/10\/folkemoedet-2017-skab-vaerdi-aaret-rundt\/#breadcrumb"},"inLanguage":"da-DK","potentialAction":[{"@type":"ReadAction","target":["https:\/\/www.overskrift.dk\/blog\/2017\/05\/10\/folkemoedet-2017-skab-vaerdi-aaret-rundt\/"]}]},{"@type":"ImageObject","inLanguage":"da-DK","@id":"https:\/\/www.overskrift.dk\/blog\/2017\/05\/10\/folkemoedet-2017-skab-vaerdi-aaret-rundt\/#primaryimage","url":"https:\/\/www.overskrift.dk\/blog\/wp-content\/uploads\/nyhedsbrev-264x250.jpg","contentUrl":"https:\/\/www.overskrift.dk\/blog\/wp-content\/uploads\/nyhedsbrev-264x250.jpg","width":564,"height":250,"caption":"Folkem\u00f8det 2017"},{"@type":"BreadcrumbList","@id":"https:\/\/www.overskrift.dk\/blog\/2017\/05\/10\/folkemoedet-2017-skab-vaerdi-aaret-rundt\/#breadcrumb","itemListElement":[{"@type":"ListItem","position":1,"name":"Hjem","item":"https:\/\/www.overskrift.dk\/blog\/"},{"@type":"ListItem","position":2,"name":"Folkem\u00f8det 2017: Skab v\u00e6rdi \u00e5ret rundt"}]},{"@type":"WebSite","@id":"https:\/\/www.overskrift.dk\/blog\/#website","url":"https:\/\/www.overskrift.dk\/blog\/","name":"Overskrifts blog","description":"Nyeste indl\u00e6g","publisher":{"@id":"https:\/\/www.overskrift.dk\/blog\/#organization"},"potentialAction":[{"@type":"SearchAction","target":{"@type":"EntryPoint","urlTemplate":"https:\/\/www.overskrift.dk\/blog\/?s={search_term_string}"},"query-input":{"@type":"PropertyValueSpecification","valueRequired":true,"valueName":"search_term_string"}}],"inLanguage":"da-DK"},{"@type":"Organization","@id":"https:\/\/www.overskrift.dk\/blog\/#organization","name":"Overskrift ApS","url":"https:\/\/www.overskrift.dk\/blog\/","logo":{"@type":"ImageObject","inLanguage":"da-DK","@id":"https:\/\/www.overskrift.dk\/blog\/#\/schema\/logo\/image\/","url":"https:\/\/blog.overskrift.dk\/wp-content\/uploads\/Just-the-dots-1.png","contentUrl":"https:\/\/blog.overskrift.dk\/wp-content\/uploads\/Just-the-dots-1.png","width":258,"height":257,"caption":"Overskrift ApS"},"image":{"@id":"https:\/\/www.overskrift.dk\/blog\/#\/schema\/logo\/image\/"},"sameAs":["https:\/\/www.facebook.com\/overskrift","https:\/\/x.com\/overskrift","https:\/\/www.instagram.com\/overskrift\/","https:\/\/www.linkedin.com\/company\/10153434"]},{"@type":"Person","@id":"https:\/\/www.overskrift.dk\/blog\/#\/schema\/person\/0f6300587350486960a4e2b43eafd369","name":"Sarah Vangsgaard Winge","image":{"@type":"ImageObject","inLanguage":"da-DK","@id":"https:\/\/secure.gravatar.com\/avatar\/0cbd349b59233150de9042b8b7ad32ee9729bb9e4fefa402ca61f1612d107bcf?s=96&d=mm&r=g","url":"https:\/\/secure.gravatar.com\/avatar\/0cbd349b59233150de9042b8b7ad32ee9729bb9e4fefa402ca61f1612d107bcf?s=96&d=mm&r=g","contentUrl":"https:\/\/secure.gravatar.com\/avatar\/0cbd349b59233150de9042b8b7ad32ee9729bb9e4fefa402ca61f1612d107bcf?s=96&d=mm&r=g","caption":"Sarah Vangsgaard Winge"},"description":"Indl\u00e6gget er skrevet af Sarah, der er marketingansvarlig i Overskrift. Sarah har en stor passion for sociale medier og deler ud af sin erfaring her p\u00e5 bloggen.","url":"https:\/\/www.overskrift.dk\/blog\/author\/sarah\/"}]}},"_links":{"self":[{"href":"https:\/\/www.overskrift.dk\/blog\/wp-json\/wp\/v2\/posts\/7269","targetHints":{"allow":["GET"]}}],"collection":[{"href":"https:\/\/www.overskrift.dk\/blog\/wp-json\/wp\/v2\/posts"}],"about":[{"href":"https:\/\/www.overskrift.dk\/blog\/wp-json\/wp\/v2\/types\/post"}],"author":[{"embeddable":true,"href":"https:\/\/www.overskrift.dk\/blog\/wp-json\/wp\/v2\/users\/13"}],"replies":[{"embeddable":true,"href":"https:\/\/www.overskrift.dk\/blog\/wp-json\/wp\/v2\/comments?post=7269"}],"version-history":[{"count":51,"href":"https:\/\/www.overskrift.dk\/blog\/wp-json\/wp\/v2\/posts\/7269\/revisions"}],"predecessor-version":[{"id":7779,"href":"https:\/\/www.overskrift.dk\/blog\/wp-json\/wp\/v2\/posts\/7269\/revisions\/7779"}],"wp:featuredmedia":[{"embeddable":true,"href":"https:\/\/www.overskrift.dk\/blog\/wp-json\/wp\/v2\/media\/7448"}],"wp:attachment":[{"href":"https:\/\/www.overskrift.dk\/blog\/wp-json\/wp\/v2\/media?parent=7269"}],"wp:term":[{"taxonomy":"category","embeddable":true,"href":"https:\/\/www.overskrift.dk\/blog\/wp-json\/wp\/v2\/categories?post=7269"},{"taxonomy":"post_tag","embeddable":true,"href":"https:\/\/www.overskrift.dk\/blog\/wp-json\/wp\/v2\/tags?post=7269"}],"curies":[{"name":"wp","href":"https:\/\/api.w.org\/{rel}","templated":true}]}}