{"id":749,"date":"2008-01-10T09:56:26","date_gmt":"2008-01-10T08:56:26","guid":{"rendered":"http:\/\/blog.overskrift.dk\/2008\/01\/10\/martin-von-haller-med-i-danske-creative-commons-cc\/"},"modified":"2008-01-10T09:56:26","modified_gmt":"2008-01-10T08:56:26","slug":"martin-von-haller-med-i-danske-creative-commons-cc","status":"publish","type":"post","link":"https:\/\/www.overskrift.dk\/blog\/2008\/01\/10\/martin-von-haller-med-i-danske-creative-commons-cc\/","title":{"rendered":"Martin von Haller med i danske Creative Commons (CC)"},"content":{"rendered":"<p>Internet-juristen Martin von Haller Gr\u00f8nb\u00e6k <a href=\"http:\/\/suse.groenbaek.net\/openlife\/2008\/01\/10\/officially-part-of-the-creative-commons-team\/\">skriver p\u00e5 sin blog<\/a> i dag at han nu officielt er indtr\u00e6dt i den <a href=\"http:\/\/creativecommons.dk\/\">danske afdeling<\/a> af <a href=\"http:\/\/creativecommons.org\/international\/dk\/\">Creative Commons<\/a> (CC).<br \/>\nIdeen med Creative Commons er <a href=\"http:\/\/da.wikipedia.org\/wiki\/Creative_Commons\">if\u00f8lge Wikipedia<\/a>:<\/p>\n<blockquote><p><em>at udvide spektret af <span class=\"new\">fri kultur<\/span> ved at g\u00f8re flere kunstneriske v\u00e6rker legalt tilg\u00e6ngelige til deling og modifikation.<\/em><\/p>\n<p><em>Creative Commons har blandt andet stillet en r\u00e6kke copyleft-licenser til r\u00e5dighed, der fors\u00f8ger at definere spektret mellem traditionel ophavsret og <\/em><em>public domain (fri benyttelse).<\/em><\/p><\/blockquote>\n<p>I \u00f8vrigt lidt sjovt at se, at navnet &#8220;Creative Commons&#8221; er angivet som et registreret varem\u00e6rke \u00ae i <a href=\"http:\/\/www.creativecommons.dk\/faq.html\">FAQ<\/a>&#8216;en.<!--b4d437fa01eb2af93e9f33c7268fb266--><!--d14ddd2256113672ccf25edfaa6cb351--><\/p>\n","protected":false},"excerpt":{"rendered":"<p>Internet-juristen Martin von Haller Gr\u00f8nb\u00e6k skriver p\u00e5 sin blog i dag at han nu officielt er indtr\u00e6dt i den danske afdeling af Creative Commons (CC). Ideen med Creative&hellip;<\/p>\n","protected":false},"author":4,"featured_media":0,"comment_status":"open","ping_status":"open","sticky":false,"template":"","format":"standard","meta":{"cybocfi_hide_featured_image":"","footnotes":""},"categories":[305],"tags":[],"class_list":["post-749","post","type-post","status-publish","format-standard","hentry","category-trends"],"yoast_head":"<!-- This site is optimized with the Yoast SEO plugin v27.5 - https:\/\/yoast.com\/product\/yoast-seo-wordpress\/ -->\n<title>Martin von Haller med i danske Creative Commons (CC) - Overskrifts blog<\/title>\n<meta name=\"robots\" content=\"index, follow, max-snippet:-1, max-image-preview:large, max-video-preview:-1\" \/>\n<link rel=\"canonical\" href=\"https:\/\/www.overskrift.dk\/blog\/2008\/01\/10\/martin-von-haller-med-i-danske-creative-commons-cc\/\" \/>\n<meta property=\"og:locale\" content=\"da_DK\" \/>\n<meta property=\"og:type\" content=\"article\" \/>\n<meta property=\"og:title\" content=\"Martin von Haller med i danske Creative Commons (CC) - Overskrifts blog\" \/>\n<meta property=\"og:description\" content=\"Internet-juristen Martin von Haller Gr\u00f8nb\u00e6k skriver p\u00e5 sin blog i dag at han nu officielt er indtr\u00e6dt i den danske afdeling af Creative Commons (CC). Ideen med Creative&hellip;\" \/>\n<meta property=\"og:url\" content=\"https:\/\/www.overskrift.dk\/blog\/2008\/01\/10\/martin-von-haller-med-i-danske-creative-commons-cc\/\" \/>\n<meta property=\"og:site_name\" content=\"Overskrifts blog\" \/>\n<meta property=\"article:publisher\" content=\"https:\/\/www.facebook.com\/overskrift\" \/>\n<meta property=\"article:published_time\" content=\"2008-01-10T08:56:26+00:00\" \/>\n<meta property=\"og:image\" content=\"https:\/\/www.overskrift.dk\/blog\/wp-content\/uploads\/butterfly-effect-2808334_1920.jpg\" \/>\n\t<meta property=\"og:image:width\" content=\"1920\" \/>\n\t<meta property=\"og:image:height\" content=\"689\" \/>\n\t<meta property=\"og:image:type\" content=\"image\/jpeg\" \/>\n<meta name=\"author\" content=\"Stefan B\u00f8gh-Andersen\" \/>\n<meta name=\"twitter:card\" content=\"summary_large_image\" \/>\n<meta name=\"twitter:creator\" content=\"@overskrift\" \/>\n<meta name=\"twitter:site\" content=\"@overskrift\" \/>\n<script type=\"application\/ld+json\" class=\"yoast-schema-graph\">{\"@context\":\"https:\\\/\\\/schema.org\",\"@graph\":[{\"@type\":\"Article\",\"@id\":\"https:\\\/\\\/www.overskrift.dk\\\/blog\\\/2008\\\/01\\\/10\\\/martin-von-haller-med-i-danske-creative-commons-cc\\\/#article\",\"isPartOf\":{\"@id\":\"https:\\\/\\\/www.overskrift.dk\\\/blog\\\/2008\\\/01\\\/10\\\/martin-von-haller-med-i-danske-creative-commons-cc\\\/\"},\"author\":{\"name\":\"Stefan B\u00f8gh-Andersen\",\"@id\":\"https:\\\/\\\/www.overskrift.dk\\\/blog\\\/#\\\/schema\\\/person\\\/b78220010603ce4384fa7758a6eabaf3\"},\"headline\":\"Martin von Haller med i danske Creative Commons (CC)\",\"datePublished\":\"2008-01-10T08:56:26+00:00\",\"mainEntityOfPage\":{\"@id\":\"https:\\\/\\\/www.overskrift.dk\\\/blog\\\/2008\\\/01\\\/10\\\/martin-von-haller-med-i-danske-creative-commons-cc\\\/\"},\"wordCount\":112,\"commentCount\":1,\"publisher\":{\"@id\":\"https:\\\/\\\/www.overskrift.dk\\\/blog\\\/#organization\"},\"articleSection\":[\"Trends\"],\"inLanguage\":\"da-DK\",\"potentialAction\":[{\"@type\":\"CommentAction\",\"name\":\"Comment\",\"target\":[\"https:\\\/\\\/www.overskrift.dk\\\/blog\\\/2008\\\/01\\\/10\\\/martin-von-haller-med-i-danske-creative-commons-cc\\\/#respond\"]}]},{\"@type\":\"WebPage\",\"@id\":\"https:\\\/\\\/www.overskrift.dk\\\/blog\\\/2008\\\/01\\\/10\\\/martin-von-haller-med-i-danske-creative-commons-cc\\\/\",\"url\":\"https:\\\/\\\/www.overskrift.dk\\\/blog\\\/2008\\\/01\\\/10\\\/martin-von-haller-med-i-danske-creative-commons-cc\\\/\",\"name\":\"Martin von Haller med i danske Creative Commons (CC) - Overskrifts blog\",\"isPartOf\":{\"@id\":\"https:\\\/\\\/www.overskrift.dk\\\/blog\\\/#website\"},\"datePublished\":\"2008-01-10T08:56:26+00:00\",\"breadcrumb\":{\"@id\":\"https:\\\/\\\/www.overskrift.dk\\\/blog\\\/2008\\\/01\\\/10\\\/martin-von-haller-med-i-danske-creative-commons-cc\\\/#breadcrumb\"},\"inLanguage\":\"da-DK\",\"potentialAction\":[{\"@type\":\"ReadAction\",\"target\":[\"https:\\\/\\\/www.overskrift.dk\\\/blog\\\/2008\\\/01\\\/10\\\/martin-von-haller-med-i-danske-creative-commons-cc\\\/\"]}]},{\"@type\":\"BreadcrumbList\",\"@id\":\"https:\\\/\\\/www.overskrift.dk\\\/blog\\\/2008\\\/01\\\/10\\\/martin-von-haller-med-i-danske-creative-commons-cc\\\/#breadcrumb\",\"itemListElement\":[{\"@type\":\"ListItem\",\"position\":1,\"name\":\"Hjem\",\"item\":\"https:\\\/\\\/www.overskrift.dk\\\/blog\\\/\"},{\"@type\":\"ListItem\",\"position\":2,\"name\":\"Martin von Haller med i danske Creative Commons (CC)\"}]},{\"@type\":\"WebSite\",\"@id\":\"https:\\\/\\\/www.overskrift.dk\\\/blog\\\/#website\",\"url\":\"https:\\\/\\\/www.overskrift.dk\\\/blog\\\/\",\"name\":\"Overskrifts blog\",\"description\":\"Nyeste indl\u00e6g\",\"publisher\":{\"@id\":\"https:\\\/\\\/www.overskrift.dk\\\/blog\\\/#organization\"},\"potentialAction\":[{\"@type\":\"SearchAction\",\"target\":{\"@type\":\"EntryPoint\",\"urlTemplate\":\"https:\\\/\\\/www.overskrift.dk\\\/blog\\\/?s={search_term_string}\"},\"query-input\":{\"@type\":\"PropertyValueSpecification\",\"valueRequired\":true,\"valueName\":\"search_term_string\"}}],\"inLanguage\":\"da-DK\"},{\"@type\":\"Organization\",\"@id\":\"https:\\\/\\\/www.overskrift.dk\\\/blog\\\/#organization\",\"name\":\"Overskrift ApS\",\"url\":\"https:\\\/\\\/www.overskrift.dk\\\/blog\\\/\",\"logo\":{\"@type\":\"ImageObject\",\"inLanguage\":\"da-DK\",\"@id\":\"https:\\\/\\\/www.overskrift.dk\\\/blog\\\/#\\\/schema\\\/logo\\\/image\\\/\",\"url\":\"https:\\\/\\\/blog.overskrift.dk\\\/wp-content\\\/uploads\\\/Just-the-dots-1.png\",\"contentUrl\":\"https:\\\/\\\/blog.overskrift.dk\\\/wp-content\\\/uploads\\\/Just-the-dots-1.png\",\"width\":258,\"height\":257,\"caption\":\"Overskrift ApS\"},\"image\":{\"@id\":\"https:\\\/\\\/www.overskrift.dk\\\/blog\\\/#\\\/schema\\\/logo\\\/image\\\/\"},\"sameAs\":[\"https:\\\/\\\/www.facebook.com\\\/overskrift\",\"https:\\\/\\\/x.com\\\/overskrift\",\"https:\\\/\\\/www.instagram.com\\\/overskrift\\\/\",\"https:\\\/\\\/www.linkedin.com\\\/company\\\/10153434\"]},{\"@type\":\"Person\",\"@id\":\"https:\\\/\\\/www.overskrift.dk\\\/blog\\\/#\\\/schema\\\/person\\\/b78220010603ce4384fa7758a6eabaf3\",\"name\":\"Stefan B\u00f8gh-Andersen\",\"image\":{\"@type\":\"ImageObject\",\"inLanguage\":\"da-DK\",\"@id\":\"https:\\\/\\\/secure.gravatar.com\\\/avatar\\\/f7eee59b7b5aa69f61ce713b6f85ef24d2faef678f186072e924c71249c2d2d6?s=96&d=mm&r=g\",\"url\":\"https:\\\/\\\/secure.gravatar.com\\\/avatar\\\/f7eee59b7b5aa69f61ce713b6f85ef24d2faef678f186072e924c71249c2d2d6?s=96&d=mm&r=g\",\"contentUrl\":\"https:\\\/\\\/secure.gravatar.com\\\/avatar\\\/f7eee59b7b5aa69f61ce713b6f85ef24d2faef678f186072e924c71249c2d2d6?s=96&d=mm&r=g\",\"caption\":\"Stefan B\u00f8gh-Andersen\"},\"description\":\"Indl\u00e6gget er skrevet af Stefan, der er direkt\u00f8r i og stifter af Overskrift. Stefan er en skarp analytiker og har mange \u00e5rs erfaring med r\u00e5dgivning inden for sociale medier og nyhedssites.\",\"url\":\"https:\\\/\\\/www.overskrift.dk\\\/blog\\\/author\\\/stefan\\\/\"}]}<\/script>\n<!-- \/ Yoast SEO plugin. -->","yoast_head_json":{"title":"Martin von Haller med i danske Creative Commons (CC) - Overskrifts blog","robots":{"index":"index","follow":"follow","max-snippet":"max-snippet:-1","max-image-preview":"max-image-preview:large","max-video-preview":"max-video-preview:-1"},"canonical":"https:\/\/www.overskrift.dk\/blog\/2008\/01\/10\/martin-von-haller-med-i-danske-creative-commons-cc\/","og_locale":"da_DK","og_type":"article","og_title":"Martin von Haller med i danske Creative Commons (CC) - Overskrifts blog","og_description":"Internet-juristen Martin von Haller Gr\u00f8nb\u00e6k skriver p\u00e5 sin blog i dag at han nu officielt er indtr\u00e6dt i den danske afdeling af Creative Commons (CC). Ideen med Creative&hellip;","og_url":"https:\/\/www.overskrift.dk\/blog\/2008\/01\/10\/martin-von-haller-med-i-danske-creative-commons-cc\/","og_site_name":"Overskrifts blog","article_publisher":"https:\/\/www.facebook.com\/overskrift","article_published_time":"2008-01-10T08:56:26+00:00","og_image":[{"width":1920,"height":689,"url":"https:\/\/www.overskrift.dk\/blog\/wp-content\/uploads\/butterfly-effect-2808334_1920.jpg","type":"image\/jpeg"}],"author":"Stefan B\u00f8gh-Andersen","twitter_card":"summary_large_image","twitter_creator":"@overskrift","twitter_site":"@overskrift","schema":{"@context":"https:\/\/schema.org","@graph":[{"@type":"Article","@id":"https:\/\/www.overskrift.dk\/blog\/2008\/01\/10\/martin-von-haller-med-i-danske-creative-commons-cc\/#article","isPartOf":{"@id":"https:\/\/www.overskrift.dk\/blog\/2008\/01\/10\/martin-von-haller-med-i-danske-creative-commons-cc\/"},"author":{"name":"Stefan B\u00f8gh-Andersen","@id":"https:\/\/www.overskrift.dk\/blog\/#\/schema\/person\/b78220010603ce4384fa7758a6eabaf3"},"headline":"Martin von Haller med i danske Creative Commons (CC)","datePublished":"2008-01-10T08:56:26+00:00","mainEntityOfPage":{"@id":"https:\/\/www.overskrift.dk\/blog\/2008\/01\/10\/martin-von-haller-med-i-danske-creative-commons-cc\/"},"wordCount":112,"commentCount":1,"publisher":{"@id":"https:\/\/www.overskrift.dk\/blog\/#organization"},"articleSection":["Trends"],"inLanguage":"da-DK","potentialAction":[{"@type":"CommentAction","name":"Comment","target":["https:\/\/www.overskrift.dk\/blog\/2008\/01\/10\/martin-von-haller-med-i-danske-creative-commons-cc\/#respond"]}]},{"@type":"WebPage","@id":"https:\/\/www.overskrift.dk\/blog\/2008\/01\/10\/martin-von-haller-med-i-danske-creative-commons-cc\/","url":"https:\/\/www.overskrift.dk\/blog\/2008\/01\/10\/martin-von-haller-med-i-danske-creative-commons-cc\/","name":"Martin von Haller med i danske Creative Commons (CC) - Overskrifts blog","isPartOf":{"@id":"https:\/\/www.overskrift.dk\/blog\/#website"},"datePublished":"2008-01-10T08:56:26+00:00","breadcrumb":{"@id":"https:\/\/www.overskrift.dk\/blog\/2008\/01\/10\/martin-von-haller-med-i-danske-creative-commons-cc\/#breadcrumb"},"inLanguage":"da-DK","potentialAction":[{"@type":"ReadAction","target":["https:\/\/www.overskrift.dk\/blog\/2008\/01\/10\/martin-von-haller-med-i-danske-creative-commons-cc\/"]}]},{"@type":"BreadcrumbList","@id":"https:\/\/www.overskrift.dk\/blog\/2008\/01\/10\/martin-von-haller-med-i-danske-creative-commons-cc\/#breadcrumb","itemListElement":[{"@type":"ListItem","position":1,"name":"Hjem","item":"https:\/\/www.overskrift.dk\/blog\/"},{"@type":"ListItem","position":2,"name":"Martin von Haller med i danske Creative Commons (CC)"}]},{"@type":"WebSite","@id":"https:\/\/www.overskrift.dk\/blog\/#website","url":"https:\/\/www.overskrift.dk\/blog\/","name":"Overskrifts blog","description":"Nyeste indl\u00e6g","publisher":{"@id":"https:\/\/www.overskrift.dk\/blog\/#organization"},"potentialAction":[{"@type":"SearchAction","target":{"@type":"EntryPoint","urlTemplate":"https:\/\/www.overskrift.dk\/blog\/?s={search_term_string}"},"query-input":{"@type":"PropertyValueSpecification","valueRequired":true,"valueName":"search_term_string"}}],"inLanguage":"da-DK"},{"@type":"Organization","@id":"https:\/\/www.overskrift.dk\/blog\/#organization","name":"Overskrift ApS","url":"https:\/\/www.overskrift.dk\/blog\/","logo":{"@type":"ImageObject","inLanguage":"da-DK","@id":"https:\/\/www.overskrift.dk\/blog\/#\/schema\/logo\/image\/","url":"https:\/\/blog.overskrift.dk\/wp-content\/uploads\/Just-the-dots-1.png","contentUrl":"https:\/\/blog.overskrift.dk\/wp-content\/uploads\/Just-the-dots-1.png","width":258,"height":257,"caption":"Overskrift ApS"},"image":{"@id":"https:\/\/www.overskrift.dk\/blog\/#\/schema\/logo\/image\/"},"sameAs":["https:\/\/www.facebook.com\/overskrift","https:\/\/x.com\/overskrift","https:\/\/www.instagram.com\/overskrift\/","https:\/\/www.linkedin.com\/company\/10153434"]},{"@type":"Person","@id":"https:\/\/www.overskrift.dk\/blog\/#\/schema\/person\/b78220010603ce4384fa7758a6eabaf3","name":"Stefan B\u00f8gh-Andersen","image":{"@type":"ImageObject","inLanguage":"da-DK","@id":"https:\/\/secure.gravatar.com\/avatar\/f7eee59b7b5aa69f61ce713b6f85ef24d2faef678f186072e924c71249c2d2d6?s=96&d=mm&r=g","url":"https:\/\/secure.gravatar.com\/avatar\/f7eee59b7b5aa69f61ce713b6f85ef24d2faef678f186072e924c71249c2d2d6?s=96&d=mm&r=g","contentUrl":"https:\/\/secure.gravatar.com\/avatar\/f7eee59b7b5aa69f61ce713b6f85ef24d2faef678f186072e924c71249c2d2d6?s=96&d=mm&r=g","caption":"Stefan B\u00f8gh-Andersen"},"description":"Indl\u00e6gget er skrevet af Stefan, der er direkt\u00f8r i og stifter af Overskrift. Stefan er en skarp analytiker og har mange \u00e5rs erfaring med r\u00e5dgivning inden for sociale medier og nyhedssites.","url":"https:\/\/www.overskrift.dk\/blog\/author\/stefan\/"}]}},"_links":{"self":[{"href":"https:\/\/www.overskrift.dk\/blog\/wp-json\/wp\/v2\/posts\/749","targetHints":{"allow":["GET"]}}],"collection":[{"href":"https:\/\/www.overskrift.dk\/blog\/wp-json\/wp\/v2\/posts"}],"about":[{"href":"https:\/\/www.overskrift.dk\/blog\/wp-json\/wp\/v2\/types\/post"}],"author":[{"embeddable":true,"href":"https:\/\/www.overskrift.dk\/blog\/wp-json\/wp\/v2\/users\/4"}],"replies":[{"embeddable":true,"href":"https:\/\/www.overskrift.dk\/blog\/wp-json\/wp\/v2\/comments?post=749"}],"version-history":[{"count":0,"href":"https:\/\/www.overskrift.dk\/blog\/wp-json\/wp\/v2\/posts\/749\/revisions"}],"wp:attachment":[{"href":"https:\/\/www.overskrift.dk\/blog\/wp-json\/wp\/v2\/media?parent=749"}],"wp:term":[{"taxonomy":"category","embeddable":true,"href":"https:\/\/www.overskrift.dk\/blog\/wp-json\/wp\/v2\/categories?post=749"},{"taxonomy":"post_tag","embeddable":true,"href":"https:\/\/www.overskrift.dk\/blog\/wp-json\/wp\/v2\/tags?post=749"}],"curies":[{"name":"wp","href":"https:\/\/api.w.org\/{rel}","templated":true}]}}