{"id":755,"date":"2008-01-16T20:51:19","date_gmt":"2008-01-16T19:51:19","guid":{"rendered":"http:\/\/blog.overskrift.dk\/2008\/01\/16\/online-godt-med-pa-magtfulde-mediefolk-listen\/"},"modified":"2017-04-19T11:02:47","modified_gmt":"2017-04-19T09:02:47","slug":"online-godt-med-pa-magtfulde-mediefolk-listen","status":"publish","type":"post","link":"https:\/\/www.overskrift.dk\/blog\/2008\/01\/16\/online-godt-med-pa-magtfulde-mediefolk-listen\/","title":{"rendered":"Online godt med p\u00e5 &#8220;magtfulde mediefolk&#8221; listen"},"content":{"rendered":"<p>Journalisten udsendte i g\u00e5r aftes &#8220;<a href=\"http:\/\/journalisten.dk\/her-er-danmarks-mest-magtfulde-mediefolk\">den f\u00f8rste danske rangliste over magthavere i medierne<\/a>&#8221; udf\u00f8rt af <a href=\"http:\/\/www.kaasogmulvad.dk\/\">Kaas &#038; Mulvad<\/a> samt et panel best\u00e5ende af bl.a. Lone K\u00fchlmann, Christian Nissen og Niels Lunde.<\/p>\n<p>Der er en del som allerede har bem\u00e6rket at den allermest magtfulde <a href=\"http:\/\/www.dr.dk\/Nyheder\/Penge\/Jobliv\/2008\/01\/16\/111847.htm?rss=true\">ikke engang er dansker, men irer<\/a>!<br \/>\nP\u00e5 listen findes naturligvis mange fra TV og aviser-medierne, men online-folk presser sig ogs\u00e5 p\u00e5 , f.eks.<\/p>\n<ul>\n<li>Nr. 12 <a href=\"http:\/\/www.janusfriis.net\/\">Janus Friis<\/a> (serial entrepeneur!), Skype, <a href=\"http:\/\/www.joost.com\/\">Joost<\/a><\/li>\n<li>Nr. 21 Peter Friis, <a href=\"http:\/\/google.dk\">Google Danmark<\/a><\/li>\n<li>Nr. 25 Morten Wagner, <a href=\"http:\/\/www.freeway.dk\">Freeway<\/a> (Dating.dk, Arto etc)<\/li>\n<li>Nr. 36 <a href=\"http:\/\/www.useit.com\/\">Jakob Nielsen<\/a> (webguru!), NNgroup<\/li>\n<li>Nr. 49 Troels Behrendt J\u00f8rgensen, online-chef , <a href=\"http:\/\/berlingske.dk\">Berlingske<\/a><\/li>\n<li>Nr. 62 Christian Peytz, formand, <a href=\"http:\/\/fdim.dk\">FDIM<\/a><\/li>\n<li>Nr. 71 Birgitte Bollerup Jacobsen, Dir. nye medier <a href=\"http:\/\/bt.dk\">BT.dk<\/a><\/li>\n<li>Nr. 84 Henrik T\u00fcchsen, redakt\u00f8r, <a href=\"http:\/\/business.dk\">Business.dk<\/a><\/li>\n<li>Nr. 84 Erling Tind Larsen, redakt\u00f8r, <a href=\"http:\/\/ekstrabladet.dk\">EkstraBladet.dk<\/a><\/li>\n<li>Nr. 98 Karen Westman Hertz, programchef, <a href=\"http:\/\/dr.dk\">Dr.dk<\/a><\/li>\n<li>Nr. 98 <a href=\"http:\/\/newmediatrends.fdim.dk\">Jon Lund<\/a>, Direkt\u00f8r, <a href=\"http:\/\/fdim.dk\">FDIM<\/a><\/li>\n<li>Nr. 110 Carsten Folke M\u00f8ller, portalchef, <a href=\"http:\/\/tv2.dk\">TV2.dk<\/a><\/li>\n<li>Nr. 121 Rasmus Nielsen, direkt\u00f8r, <a href=\"http:\/\/altinget.dk\">Altinget.dk<\/a><\/li>\n<li>Nr. 134 Ole N\u00f8rskov, direkt\u00f8r, <a href=\"http:\/\/mediawatch.dk\">MediaWatch.dk<\/a><\/li>\n<li>Nr. 148 Ole Birk Olesen, redakt\u00f8r, <a href=\"http:\/\/www.180grader.dk\">180grader<\/a><\/li>\n<li>Nr. 161 <a href=\"http:\/\/luftskibet.information.dk\/radar\/\">Nikolai Thyssen<\/a>, redakt\u00f8r nye medier, <a href=\"http:\/\/information.dk\">Information<\/a><\/li>\n<li>Nr. 171 Eva Rymann, redaktionschef, <a href=\"http:\/\/tv2.dk\">TV2.dk<\/a><\/li>\n<li>Nr. 179 <a href=\"http:\/\/www.borge.dk\/\">B\u00f8rge Kristensen<\/a>, formand <a href=\"http:\/\/dona.dk\">DONA<\/a><\/li>\n<li>Nr. 179 Claus S\u00f8lvsteen, <a href=\"http:\/\/peytz.dk\/\">Peytz &#038; Co<\/a><\/li>\n<li>Nr. 188 <a href=\"http:\/\/www.kommunikationsforum.dk\/Timme-bisgaard-munk\">Timme Bisgaard<\/a> Munk, <a href=\"http:\/\/www.kommunikationsforum.dk\/\">Kommunikationsforum<\/a><\/li>\n<li>Nr. 188 <a href=\"http:\/\/blog.findvej.dk\/\">Peter Brodersen<\/a>, udvikler, <a href=\"http:\/\/findvej.dk\/\">FindVej.dk<\/a><\/li>\n<li>Nr. 194 <a href=\"http:\/\/mondofunza.com\/\">Henrik F\u00f8hns<\/a>, Harddisken <a href=\"http:\/\/dr.dk\/P1\/harddisken\/\">DR P1<\/a><\/li>\n<li>Nr. 199 Michael Arreboe, digital mediechef,  <a href=\"http:\/\/pol.dk\">Politiken<\/a><\/li>\n<li>Nr. 207 Kim M\u00f8ller, blogger, <a href=\"http:\/\/uriasposten.dk\">Uriasposten<\/a><\/li>\n<li>Nr. 213 <a href=\"http:\/\/www.hovedetpaabloggen.dk\/\">Trine-Maria Kristensen<\/a>, stifter og blogger, <a href=\"http:\/\/socialsquare.dk\/\">Social Square<\/a><\/li>\n<li>Nr. 213 Steven Snedker, partner, <a href=\"http:\/\/vertikal.dk\/\">Vertikal<\/a><\/li>\n<\/ul>\n<p>(Har jeg glemt nogen?)<\/p>\n<p>Ja, endda nogle kendte bloggere sidst p\u00e5 listen, som ogs\u00e5 kommenteret hos <a href=\"http:\/\/mitkbh.wordpress.com\/2008\/01\/16\/peter-brodersen-er-danmarks-188-mest-magtfulde-mediemenneske\/\">Morten<\/a> og <a href=\"http:\/\/feeds.feedburner.com\/~r\/webmercial\/jqlJ\/~3\/217654123\/danmarks-mest-magtfulde-mediefolk.htm\">Jesper<\/a>.<br \/>\nI\u00f8vrigt sjovt at se, at  Nils Mulvad fra Kaas Mulvad er med p\u00e5 listen, men ikke stakkels Kaas, tsk.<!--099a9e0eb44cb10297bd49487ae2aafe--><\/p>\n","protected":false},"excerpt":{"rendered":"<p>Journalisten udsendte i g\u00e5r aftes &#8220;den f\u00f8rste danske rangliste over magthavere i medierne&#8221; udf\u00f8rt af Kaas &#038; Mulvad samt et panel best\u00e5ende af bl.a. Lone K\u00fchlmann, Christian Nissen&hellip;<\/p>\n","protected":false},"author":4,"featured_media":0,"comment_status":"open","ping_status":"open","sticky":false,"template":"","format":"standard","meta":{"cybocfi_hide_featured_image":"","footnotes":""},"categories":[302,305],"tags":[333,334,312],"class_list":["post-755","post","type-post","status-publish","format-standard","hentry","category-analyser","category-trends","tag-aviser","tag-blogging","tag-medier"],"yoast_head":"<!-- This site is optimized with the Yoast SEO plugin v27.5 - https:\/\/yoast.com\/product\/yoast-seo-wordpress\/ -->\n<title>Online godt med p\u00e5 &quot;magtfulde mediefolk&quot; listen - Overskrifts blog<\/title>\n<meta name=\"robots\" content=\"index, follow, max-snippet:-1, max-image-preview:large, max-video-preview:-1\" \/>\n<link rel=\"canonical\" href=\"https:\/\/www.overskrift.dk\/blog\/2008\/01\/16\/online-godt-med-pa-magtfulde-mediefolk-listen\/\" \/>\n<meta property=\"og:locale\" content=\"da_DK\" \/>\n<meta property=\"og:type\" content=\"article\" \/>\n<meta property=\"og:title\" content=\"Online godt med p\u00e5 &quot;magtfulde mediefolk&quot; listen - Overskrifts blog\" \/>\n<meta property=\"og:description\" content=\"Journalisten udsendte i g\u00e5r aftes &#8220;den f\u00f8rste danske rangliste over magthavere i medierne&#8221; udf\u00f8rt af Kaas &#038; Mulvad samt et panel best\u00e5ende af bl.a. Lone K\u00fchlmann, Christian Nissen&hellip;\" \/>\n<meta property=\"og:url\" content=\"https:\/\/www.overskrift.dk\/blog\/2008\/01\/16\/online-godt-med-pa-magtfulde-mediefolk-listen\/\" \/>\n<meta property=\"og:site_name\" content=\"Overskrifts blog\" \/>\n<meta property=\"article:publisher\" content=\"https:\/\/www.facebook.com\/overskrift\" \/>\n<meta property=\"article:published_time\" content=\"2008-01-16T19:51:19+00:00\" \/>\n<meta property=\"article:modified_time\" content=\"2017-04-19T09:02:47+00:00\" \/>\n<meta property=\"og:image\" content=\"https:\/\/www.overskrift.dk\/blog\/wp-content\/uploads\/butterfly-effect-2808334_1920.jpg\" \/>\n\t<meta property=\"og:image:width\" content=\"1920\" \/>\n\t<meta property=\"og:image:height\" content=\"689\" \/>\n\t<meta property=\"og:image:type\" content=\"image\/jpeg\" \/>\n<meta name=\"author\" content=\"Stefan B\u00f8gh-Andersen\" \/>\n<meta name=\"twitter:card\" content=\"summary_large_image\" \/>\n<meta name=\"twitter:creator\" content=\"@overskrift\" \/>\n<meta name=\"twitter:site\" content=\"@overskrift\" \/>\n<script type=\"application\/ld+json\" class=\"yoast-schema-graph\">{\"@context\":\"https:\\\/\\\/schema.org\",\"@graph\":[{\"@type\":\"Article\",\"@id\":\"https:\\\/\\\/www.overskrift.dk\\\/blog\\\/2008\\\/01\\\/16\\\/online-godt-med-pa-magtfulde-mediefolk-listen\\\/#article\",\"isPartOf\":{\"@id\":\"https:\\\/\\\/www.overskrift.dk\\\/blog\\\/2008\\\/01\\\/16\\\/online-godt-med-pa-magtfulde-mediefolk-listen\\\/\"},\"author\":{\"name\":\"Stefan B\u00f8gh-Andersen\",\"@id\":\"https:\\\/\\\/www.overskrift.dk\\\/blog\\\/#\\\/schema\\\/person\\\/b78220010603ce4384fa7758a6eabaf3\"},\"headline\":\"Online godt med p\u00e5 &#8220;magtfulde mediefolk&#8221; listen\",\"datePublished\":\"2008-01-16T19:51:19+00:00\",\"dateModified\":\"2017-04-19T09:02:47+00:00\",\"mainEntityOfPage\":{\"@id\":\"https:\\\/\\\/www.overskrift.dk\\\/blog\\\/2008\\\/01\\\/16\\\/online-godt-med-pa-magtfulde-mediefolk-listen\\\/\"},\"wordCount\":292,\"commentCount\":8,\"publisher\":{\"@id\":\"https:\\\/\\\/www.overskrift.dk\\\/blog\\\/#organization\"},\"keywords\":[\"Aviser\",\"Blogging\",\"Medier\"],\"articleSection\":[\"Analyser\",\"Trends\"],\"inLanguage\":\"da-DK\",\"potentialAction\":[{\"@type\":\"CommentAction\",\"name\":\"Comment\",\"target\":[\"https:\\\/\\\/www.overskrift.dk\\\/blog\\\/2008\\\/01\\\/16\\\/online-godt-med-pa-magtfulde-mediefolk-listen\\\/#respond\"]}]},{\"@type\":\"WebPage\",\"@id\":\"https:\\\/\\\/www.overskrift.dk\\\/blog\\\/2008\\\/01\\\/16\\\/online-godt-med-pa-magtfulde-mediefolk-listen\\\/\",\"url\":\"https:\\\/\\\/www.overskrift.dk\\\/blog\\\/2008\\\/01\\\/16\\\/online-godt-med-pa-magtfulde-mediefolk-listen\\\/\",\"name\":\"Online godt med p\u00e5 \\\"magtfulde mediefolk\\\" listen - Overskrifts blog\",\"isPartOf\":{\"@id\":\"https:\\\/\\\/www.overskrift.dk\\\/blog\\\/#website\"},\"datePublished\":\"2008-01-16T19:51:19+00:00\",\"dateModified\":\"2017-04-19T09:02:47+00:00\",\"breadcrumb\":{\"@id\":\"https:\\\/\\\/www.overskrift.dk\\\/blog\\\/2008\\\/01\\\/16\\\/online-godt-med-pa-magtfulde-mediefolk-listen\\\/#breadcrumb\"},\"inLanguage\":\"da-DK\",\"potentialAction\":[{\"@type\":\"ReadAction\",\"target\":[\"https:\\\/\\\/www.overskrift.dk\\\/blog\\\/2008\\\/01\\\/16\\\/online-godt-med-pa-magtfulde-mediefolk-listen\\\/\"]}]},{\"@type\":\"BreadcrumbList\",\"@id\":\"https:\\\/\\\/www.overskrift.dk\\\/blog\\\/2008\\\/01\\\/16\\\/online-godt-med-pa-magtfulde-mediefolk-listen\\\/#breadcrumb\",\"itemListElement\":[{\"@type\":\"ListItem\",\"position\":1,\"name\":\"Hjem\",\"item\":\"https:\\\/\\\/www.overskrift.dk\\\/blog\\\/\"},{\"@type\":\"ListItem\",\"position\":2,\"name\":\"Online godt med p\u00e5 &#8220;magtfulde mediefolk&#8221; listen\"}]},{\"@type\":\"WebSite\",\"@id\":\"https:\\\/\\\/www.overskrift.dk\\\/blog\\\/#website\",\"url\":\"https:\\\/\\\/www.overskrift.dk\\\/blog\\\/\",\"name\":\"Overskrifts blog\",\"description\":\"Nyeste indl\u00e6g\",\"publisher\":{\"@id\":\"https:\\\/\\\/www.overskrift.dk\\\/blog\\\/#organization\"},\"potentialAction\":[{\"@type\":\"SearchAction\",\"target\":{\"@type\":\"EntryPoint\",\"urlTemplate\":\"https:\\\/\\\/www.overskrift.dk\\\/blog\\\/?s={search_term_string}\"},\"query-input\":{\"@type\":\"PropertyValueSpecification\",\"valueRequired\":true,\"valueName\":\"search_term_string\"}}],\"inLanguage\":\"da-DK\"},{\"@type\":\"Organization\",\"@id\":\"https:\\\/\\\/www.overskrift.dk\\\/blog\\\/#organization\",\"name\":\"Overskrift ApS\",\"url\":\"https:\\\/\\\/www.overskrift.dk\\\/blog\\\/\",\"logo\":{\"@type\":\"ImageObject\",\"inLanguage\":\"da-DK\",\"@id\":\"https:\\\/\\\/www.overskrift.dk\\\/blog\\\/#\\\/schema\\\/logo\\\/image\\\/\",\"url\":\"https:\\\/\\\/blog.overskrift.dk\\\/wp-content\\\/uploads\\\/Just-the-dots-1.png\",\"contentUrl\":\"https:\\\/\\\/blog.overskrift.dk\\\/wp-content\\\/uploads\\\/Just-the-dots-1.png\",\"width\":258,\"height\":257,\"caption\":\"Overskrift ApS\"},\"image\":{\"@id\":\"https:\\\/\\\/www.overskrift.dk\\\/blog\\\/#\\\/schema\\\/logo\\\/image\\\/\"},\"sameAs\":[\"https:\\\/\\\/www.facebook.com\\\/overskrift\",\"https:\\\/\\\/x.com\\\/overskrift\",\"https:\\\/\\\/www.instagram.com\\\/overskrift\\\/\",\"https:\\\/\\\/www.linkedin.com\\\/company\\\/10153434\"]},{\"@type\":\"Person\",\"@id\":\"https:\\\/\\\/www.overskrift.dk\\\/blog\\\/#\\\/schema\\\/person\\\/b78220010603ce4384fa7758a6eabaf3\",\"name\":\"Stefan B\u00f8gh-Andersen\",\"image\":{\"@type\":\"ImageObject\",\"inLanguage\":\"da-DK\",\"@id\":\"https:\\\/\\\/secure.gravatar.com\\\/avatar\\\/f7eee59b7b5aa69f61ce713b6f85ef24d2faef678f186072e924c71249c2d2d6?s=96&d=mm&r=g\",\"url\":\"https:\\\/\\\/secure.gravatar.com\\\/avatar\\\/f7eee59b7b5aa69f61ce713b6f85ef24d2faef678f186072e924c71249c2d2d6?s=96&d=mm&r=g\",\"contentUrl\":\"https:\\\/\\\/secure.gravatar.com\\\/avatar\\\/f7eee59b7b5aa69f61ce713b6f85ef24d2faef678f186072e924c71249c2d2d6?s=96&d=mm&r=g\",\"caption\":\"Stefan B\u00f8gh-Andersen\"},\"description\":\"Indl\u00e6gget er skrevet af Stefan, der er direkt\u00f8r i og stifter af Overskrift. Stefan er en skarp analytiker og har mange \u00e5rs erfaring med r\u00e5dgivning inden for sociale medier og nyhedssites.\",\"url\":\"https:\\\/\\\/www.overskrift.dk\\\/blog\\\/author\\\/stefan\\\/\"}]}<\/script>\n<!-- \/ Yoast SEO plugin. -->","yoast_head_json":{"title":"Online godt med p\u00e5 \"magtfulde mediefolk\" listen - Overskrifts blog","robots":{"index":"index","follow":"follow","max-snippet":"max-snippet:-1","max-image-preview":"max-image-preview:large","max-video-preview":"max-video-preview:-1"},"canonical":"https:\/\/www.overskrift.dk\/blog\/2008\/01\/16\/online-godt-med-pa-magtfulde-mediefolk-listen\/","og_locale":"da_DK","og_type":"article","og_title":"Online godt med p\u00e5 \"magtfulde mediefolk\" listen - Overskrifts blog","og_description":"Journalisten udsendte i g\u00e5r aftes &#8220;den f\u00f8rste danske rangliste over magthavere i medierne&#8221; udf\u00f8rt af Kaas &#038; Mulvad samt et panel best\u00e5ende af bl.a. Lone K\u00fchlmann, Christian Nissen&hellip;","og_url":"https:\/\/www.overskrift.dk\/blog\/2008\/01\/16\/online-godt-med-pa-magtfulde-mediefolk-listen\/","og_site_name":"Overskrifts blog","article_publisher":"https:\/\/www.facebook.com\/overskrift","article_published_time":"2008-01-16T19:51:19+00:00","article_modified_time":"2017-04-19T09:02:47+00:00","og_image":[{"width":1920,"height":689,"url":"https:\/\/www.overskrift.dk\/blog\/wp-content\/uploads\/butterfly-effect-2808334_1920.jpg","type":"image\/jpeg"}],"author":"Stefan B\u00f8gh-Andersen","twitter_card":"summary_large_image","twitter_creator":"@overskrift","twitter_site":"@overskrift","schema":{"@context":"https:\/\/schema.org","@graph":[{"@type":"Article","@id":"https:\/\/www.overskrift.dk\/blog\/2008\/01\/16\/online-godt-med-pa-magtfulde-mediefolk-listen\/#article","isPartOf":{"@id":"https:\/\/www.overskrift.dk\/blog\/2008\/01\/16\/online-godt-med-pa-magtfulde-mediefolk-listen\/"},"author":{"name":"Stefan B\u00f8gh-Andersen","@id":"https:\/\/www.overskrift.dk\/blog\/#\/schema\/person\/b78220010603ce4384fa7758a6eabaf3"},"headline":"Online godt med p\u00e5 &#8220;magtfulde mediefolk&#8221; listen","datePublished":"2008-01-16T19:51:19+00:00","dateModified":"2017-04-19T09:02:47+00:00","mainEntityOfPage":{"@id":"https:\/\/www.overskrift.dk\/blog\/2008\/01\/16\/online-godt-med-pa-magtfulde-mediefolk-listen\/"},"wordCount":292,"commentCount":8,"publisher":{"@id":"https:\/\/www.overskrift.dk\/blog\/#organization"},"keywords":["Aviser","Blogging","Medier"],"articleSection":["Analyser","Trends"],"inLanguage":"da-DK","potentialAction":[{"@type":"CommentAction","name":"Comment","target":["https:\/\/www.overskrift.dk\/blog\/2008\/01\/16\/online-godt-med-pa-magtfulde-mediefolk-listen\/#respond"]}]},{"@type":"WebPage","@id":"https:\/\/www.overskrift.dk\/blog\/2008\/01\/16\/online-godt-med-pa-magtfulde-mediefolk-listen\/","url":"https:\/\/www.overskrift.dk\/blog\/2008\/01\/16\/online-godt-med-pa-magtfulde-mediefolk-listen\/","name":"Online godt med p\u00e5 \"magtfulde mediefolk\" listen - Overskrifts blog","isPartOf":{"@id":"https:\/\/www.overskrift.dk\/blog\/#website"},"datePublished":"2008-01-16T19:51:19+00:00","dateModified":"2017-04-19T09:02:47+00:00","breadcrumb":{"@id":"https:\/\/www.overskrift.dk\/blog\/2008\/01\/16\/online-godt-med-pa-magtfulde-mediefolk-listen\/#breadcrumb"},"inLanguage":"da-DK","potentialAction":[{"@type":"ReadAction","target":["https:\/\/www.overskrift.dk\/blog\/2008\/01\/16\/online-godt-med-pa-magtfulde-mediefolk-listen\/"]}]},{"@type":"BreadcrumbList","@id":"https:\/\/www.overskrift.dk\/blog\/2008\/01\/16\/online-godt-med-pa-magtfulde-mediefolk-listen\/#breadcrumb","itemListElement":[{"@type":"ListItem","position":1,"name":"Hjem","item":"https:\/\/www.overskrift.dk\/blog\/"},{"@type":"ListItem","position":2,"name":"Online godt med p\u00e5 &#8220;magtfulde mediefolk&#8221; listen"}]},{"@type":"WebSite","@id":"https:\/\/www.overskrift.dk\/blog\/#website","url":"https:\/\/www.overskrift.dk\/blog\/","name":"Overskrifts blog","description":"Nyeste indl\u00e6g","publisher":{"@id":"https:\/\/www.overskrift.dk\/blog\/#organization"},"potentialAction":[{"@type":"SearchAction","target":{"@type":"EntryPoint","urlTemplate":"https:\/\/www.overskrift.dk\/blog\/?s={search_term_string}"},"query-input":{"@type":"PropertyValueSpecification","valueRequired":true,"valueName":"search_term_string"}}],"inLanguage":"da-DK"},{"@type":"Organization","@id":"https:\/\/www.overskrift.dk\/blog\/#organization","name":"Overskrift ApS","url":"https:\/\/www.overskrift.dk\/blog\/","logo":{"@type":"ImageObject","inLanguage":"da-DK","@id":"https:\/\/www.overskrift.dk\/blog\/#\/schema\/logo\/image\/","url":"https:\/\/blog.overskrift.dk\/wp-content\/uploads\/Just-the-dots-1.png","contentUrl":"https:\/\/blog.overskrift.dk\/wp-content\/uploads\/Just-the-dots-1.png","width":258,"height":257,"caption":"Overskrift ApS"},"image":{"@id":"https:\/\/www.overskrift.dk\/blog\/#\/schema\/logo\/image\/"},"sameAs":["https:\/\/www.facebook.com\/overskrift","https:\/\/x.com\/overskrift","https:\/\/www.instagram.com\/overskrift\/","https:\/\/www.linkedin.com\/company\/10153434"]},{"@type":"Person","@id":"https:\/\/www.overskrift.dk\/blog\/#\/schema\/person\/b78220010603ce4384fa7758a6eabaf3","name":"Stefan B\u00f8gh-Andersen","image":{"@type":"ImageObject","inLanguage":"da-DK","@id":"https:\/\/secure.gravatar.com\/avatar\/f7eee59b7b5aa69f61ce713b6f85ef24d2faef678f186072e924c71249c2d2d6?s=96&d=mm&r=g","url":"https:\/\/secure.gravatar.com\/avatar\/f7eee59b7b5aa69f61ce713b6f85ef24d2faef678f186072e924c71249c2d2d6?s=96&d=mm&r=g","contentUrl":"https:\/\/secure.gravatar.com\/avatar\/f7eee59b7b5aa69f61ce713b6f85ef24d2faef678f186072e924c71249c2d2d6?s=96&d=mm&r=g","caption":"Stefan B\u00f8gh-Andersen"},"description":"Indl\u00e6gget er skrevet af Stefan, der er direkt\u00f8r i og stifter af Overskrift. Stefan er en skarp analytiker og har mange \u00e5rs erfaring med r\u00e5dgivning inden for sociale medier og nyhedssites.","url":"https:\/\/www.overskrift.dk\/blog\/author\/stefan\/"}]}},"_links":{"self":[{"href":"https:\/\/www.overskrift.dk\/blog\/wp-json\/wp\/v2\/posts\/755","targetHints":{"allow":["GET"]}}],"collection":[{"href":"https:\/\/www.overskrift.dk\/blog\/wp-json\/wp\/v2\/posts"}],"about":[{"href":"https:\/\/www.overskrift.dk\/blog\/wp-json\/wp\/v2\/types\/post"}],"author":[{"embeddable":true,"href":"https:\/\/www.overskrift.dk\/blog\/wp-json\/wp\/v2\/users\/4"}],"replies":[{"embeddable":true,"href":"https:\/\/www.overskrift.dk\/blog\/wp-json\/wp\/v2\/comments?post=755"}],"version-history":[{"count":1,"href":"https:\/\/www.overskrift.dk\/blog\/wp-json\/wp\/v2\/posts\/755\/revisions"}],"predecessor-version":[{"id":6721,"href":"https:\/\/www.overskrift.dk\/blog\/wp-json\/wp\/v2\/posts\/755\/revisions\/6721"}],"wp:attachment":[{"href":"https:\/\/www.overskrift.dk\/blog\/wp-json\/wp\/v2\/media?parent=755"}],"wp:term":[{"taxonomy":"category","embeddable":true,"href":"https:\/\/www.overskrift.dk\/blog\/wp-json\/wp\/v2\/categories?post=755"},{"taxonomy":"post_tag","embeddable":true,"href":"https:\/\/www.overskrift.dk\/blog\/wp-json\/wp\/v2\/tags?post=755"}],"curies":[{"name":"wp","href":"https:\/\/api.w.org\/{rel}","templated":true}]}}