{"id":77,"date":"2006-09-30T22:41:03","date_gmt":"2006-09-30T20:41:03","guid":{"rendered":"http:\/\/blog.overskrift.dk\/2006\/09\/30\/politiken-vil-i-dialog-med-laeserne-via-weblogs\/"},"modified":"2017-04-19T08:38:19","modified_gmt":"2017-04-19T06:38:19","slug":"politiken-vil-i-dialog-med-laeserne-via-weblogs","status":"publish","type":"post","link":"https:\/\/www.overskrift.dk\/blog\/2006\/09\/30\/politiken-vil-i-dialog-med-laeserne-via-weblogs\/","title":{"rendered":"Politiken vil i dialog med l\u00e6serne via weblogs"},"content":{"rendered":"<p>I morgen s\u00f8ndag udkommer <a title=\"Politiken i et nyt design\" href=\"http:\/\/politiken.dk\/indland\/article180141.ece\">avisen Politiken i et nyt design<\/a> og i en anden artikel forklarer chefredakt\u00f8r T\u00f8ger Seidenfaden <a href=\"http:\/\/politiken.dk\/indland\/article180147.ece\">hvorfor avisen overhovedet skulle laves om<\/a>.<\/p>\n<p>\u00c9n af \u00e5rsagerne er bla. at Politiken vil i t\u00e6ttere dialog med l\u00e6serne:<\/p>\n<blockquote><p><em>Men vi vil gerne \u00e5bne os endnu mere. Vi vil p\u00e5 flere nye <strong>s\u00e5kaldte blogs <\/strong>p\u00e5 nettet g\u00e5 i dialog med jer om b\u00e5de vores journalistik og vores holdninger. Med oml\u00e6gningen f\u00e5r vi ogs\u00e5 mulighed for at bringe langt flere af de utrolig mange l\u00e6serbreve, I sender til os.<\/em><\/p><\/blockquote>\n<p>S\u00e5 vi f\u00e5r m\u00e5ske Politiken blogs at se og m\u00e6rke allerede i morgen?<\/p>\n<p><strong>UPDATE<\/strong> d. 1-10-2006:<\/p>\n<p>I f\u00f8rste omgang kan man f\u00f8lge med i den daglige gang p\u00e5 &#8220;<a href=\"http:\/\/politiken.dk\/politiken\/lederpladsen\/\">Lederpladsen<\/a>&#8220;:<\/p>\n<div style=\"text-align: center\"><img decoding=\"async\" alt=\"Politiken-lederpladsen-small.png\" id=\"image96\" src=\"http:\/\/blog.overskrift.dk\/wp-content\/uploads\/2006\/10\/Politiken-lederpladsen-small.jpg\" \/><\/div>\n<blockquote><p><em>En af os vil hver dag (fra mandag til fredag) skrive et kort referat fra dagens lederm\u00f8de kl. 11.30 og redeg\u00f8re for hvilke emner der blev diskuteret, fort\u00e6lle om baggrunden for det endelige emnevalg og oplyse hvem der skriver lederen.<\/em><\/p><\/blockquote>\n<p>Bare \u00e6rgeligt at der ikke er RSS feed tilknyttet.<!--71a544bb2290795e1130da5c0036ace1--><\/p>\n","protected":false},"excerpt":{"rendered":"<p>I morgen s\u00f8ndag udkommer avisen Politiken i et nyt design og i en anden artikel forklarer chefredakt\u00f8r T\u00f8ger Seidenfaden hvorfor avisen overhovedet skulle laves om. \u00c9n af \u00e5rsagerne&hellip;<\/p>\n","protected":false},"author":4,"featured_media":0,"comment_status":"open","ping_status":"open","sticky":false,"template":"","format":"standard","meta":{"cybocfi_hide_featured_image":"","footnotes":""},"categories":[305],"tags":[307,312],"class_list":["post-77","post","type-post","status-publish","format-standard","hentry","category-trends","tag-blogs","tag-medier"],"yoast_head":"<!-- This site is optimized with the Yoast SEO plugin v27.4 - https:\/\/yoast.com\/product\/yoast-seo-wordpress\/ -->\n<title>Politiken vil i dialog med l\u00e6serne via weblogs - Overskrifts blog<\/title>\n<meta name=\"robots\" content=\"index, follow, max-snippet:-1, max-image-preview:large, max-video-preview:-1\" \/>\n<link rel=\"canonical\" href=\"https:\/\/www.overskrift.dk\/blog\/2006\/09\/30\/politiken-vil-i-dialog-med-laeserne-via-weblogs\/\" \/>\n<meta property=\"og:locale\" content=\"da_DK\" \/>\n<meta property=\"og:type\" content=\"article\" \/>\n<meta property=\"og:title\" content=\"Politiken vil i dialog med l\u00e6serne via weblogs - Overskrifts blog\" \/>\n<meta property=\"og:description\" content=\"I morgen s\u00f8ndag udkommer avisen Politiken i et nyt design og i en anden artikel forklarer chefredakt\u00f8r T\u00f8ger Seidenfaden hvorfor avisen overhovedet skulle laves om. \u00c9n af \u00e5rsagerne&hellip;\" \/>\n<meta property=\"og:url\" content=\"https:\/\/www.overskrift.dk\/blog\/2006\/09\/30\/politiken-vil-i-dialog-med-laeserne-via-weblogs\/\" \/>\n<meta property=\"og:site_name\" content=\"Overskrifts blog\" \/>\n<meta property=\"article:publisher\" content=\"https:\/\/www.facebook.com\/overskrift\" \/>\n<meta property=\"article:published_time\" content=\"2006-09-30T20:41:03+00:00\" \/>\n<meta property=\"article:modified_time\" content=\"2017-04-19T06:38:19+00:00\" \/>\n<meta property=\"og:image\" content=\"http:\/\/blog.overskrift.dk\/wp-content\/uploads\/2006\/10\/Politiken-lederpladsen-small.jpg\" \/>\n<meta name=\"author\" content=\"Stefan B\u00f8gh-Andersen\" \/>\n<meta name=\"twitter:card\" content=\"summary_large_image\" \/>\n<meta name=\"twitter:creator\" content=\"@overskrift\" \/>\n<meta name=\"twitter:site\" content=\"@overskrift\" \/>\n<script type=\"application\/ld+json\" class=\"yoast-schema-graph\">{\"@context\":\"https:\\\/\\\/schema.org\",\"@graph\":[{\"@type\":\"Article\",\"@id\":\"https:\\\/\\\/www.overskrift.dk\\\/blog\\\/2006\\\/09\\\/30\\\/politiken-vil-i-dialog-med-laeserne-via-weblogs\\\/#article\",\"isPartOf\":{\"@id\":\"https:\\\/\\\/www.overskrift.dk\\\/blog\\\/2006\\\/09\\\/30\\\/politiken-vil-i-dialog-med-laeserne-via-weblogs\\\/\"},\"author\":{\"name\":\"Stefan B\u00f8gh-Andersen\",\"@id\":\"https:\\\/\\\/www.overskrift.dk\\\/blog\\\/#\\\/schema\\\/person\\\/b78220010603ce4384fa7758a6eabaf3\"},\"headline\":\"Politiken vil i dialog med l\u00e6serne via weblogs\",\"datePublished\":\"2006-09-30T20:41:03+00:00\",\"dateModified\":\"2017-04-19T06:38:19+00:00\",\"mainEntityOfPage\":{\"@id\":\"https:\\\/\\\/www.overskrift.dk\\\/blog\\\/2006\\\/09\\\/30\\\/politiken-vil-i-dialog-med-laeserne-via-weblogs\\\/\"},\"wordCount\":192,\"commentCount\":0,\"publisher\":{\"@id\":\"https:\\\/\\\/www.overskrift.dk\\\/blog\\\/#organization\"},\"image\":{\"@id\":\"https:\\\/\\\/www.overskrift.dk\\\/blog\\\/2006\\\/09\\\/30\\\/politiken-vil-i-dialog-med-laeserne-via-weblogs\\\/#primaryimage\"},\"thumbnailUrl\":\"http:\\\/\\\/blog.overskrift.dk\\\/wp-content\\\/uploads\\\/2006\\\/10\\\/Politiken-lederpladsen-small.jpg\",\"keywords\":[\"Blogs\",\"Medier\"],\"articleSection\":[\"Trends\"],\"inLanguage\":\"da-DK\",\"potentialAction\":[{\"@type\":\"CommentAction\",\"name\":\"Comment\",\"target\":[\"https:\\\/\\\/www.overskrift.dk\\\/blog\\\/2006\\\/09\\\/30\\\/politiken-vil-i-dialog-med-laeserne-via-weblogs\\\/#respond\"]}]},{\"@type\":\"WebPage\",\"@id\":\"https:\\\/\\\/www.overskrift.dk\\\/blog\\\/2006\\\/09\\\/30\\\/politiken-vil-i-dialog-med-laeserne-via-weblogs\\\/\",\"url\":\"https:\\\/\\\/www.overskrift.dk\\\/blog\\\/2006\\\/09\\\/30\\\/politiken-vil-i-dialog-med-laeserne-via-weblogs\\\/\",\"name\":\"Politiken vil i dialog med l\u00e6serne via weblogs - Overskrifts blog\",\"isPartOf\":{\"@id\":\"https:\\\/\\\/www.overskrift.dk\\\/blog\\\/#website\"},\"primaryImageOfPage\":{\"@id\":\"https:\\\/\\\/www.overskrift.dk\\\/blog\\\/2006\\\/09\\\/30\\\/politiken-vil-i-dialog-med-laeserne-via-weblogs\\\/#primaryimage\"},\"image\":{\"@id\":\"https:\\\/\\\/www.overskrift.dk\\\/blog\\\/2006\\\/09\\\/30\\\/politiken-vil-i-dialog-med-laeserne-via-weblogs\\\/#primaryimage\"},\"thumbnailUrl\":\"http:\\\/\\\/blog.overskrift.dk\\\/wp-content\\\/uploads\\\/2006\\\/10\\\/Politiken-lederpladsen-small.jpg\",\"datePublished\":\"2006-09-30T20:41:03+00:00\",\"dateModified\":\"2017-04-19T06:38:19+00:00\",\"breadcrumb\":{\"@id\":\"https:\\\/\\\/www.overskrift.dk\\\/blog\\\/2006\\\/09\\\/30\\\/politiken-vil-i-dialog-med-laeserne-via-weblogs\\\/#breadcrumb\"},\"inLanguage\":\"da-DK\",\"potentialAction\":[{\"@type\":\"ReadAction\",\"target\":[\"https:\\\/\\\/www.overskrift.dk\\\/blog\\\/2006\\\/09\\\/30\\\/politiken-vil-i-dialog-med-laeserne-via-weblogs\\\/\"]}]},{\"@type\":\"ImageObject\",\"inLanguage\":\"da-DK\",\"@id\":\"https:\\\/\\\/www.overskrift.dk\\\/blog\\\/2006\\\/09\\\/30\\\/politiken-vil-i-dialog-med-laeserne-via-weblogs\\\/#primaryimage\",\"url\":\"http:\\\/\\\/blog.overskrift.dk\\\/wp-content\\\/uploads\\\/2006\\\/10\\\/Politiken-lederpladsen-small.jpg\",\"contentUrl\":\"http:\\\/\\\/blog.overskrift.dk\\\/wp-content\\\/uploads\\\/2006\\\/10\\\/Politiken-lederpladsen-small.jpg\"},{\"@type\":\"BreadcrumbList\",\"@id\":\"https:\\\/\\\/www.overskrift.dk\\\/blog\\\/2006\\\/09\\\/30\\\/politiken-vil-i-dialog-med-laeserne-via-weblogs\\\/#breadcrumb\",\"itemListElement\":[{\"@type\":\"ListItem\",\"position\":1,\"name\":\"Hjem\",\"item\":\"https:\\\/\\\/www.overskrift.dk\\\/blog\\\/\"},{\"@type\":\"ListItem\",\"position\":2,\"name\":\"Politiken vil i dialog med l\u00e6serne via weblogs\"}]},{\"@type\":\"WebSite\",\"@id\":\"https:\\\/\\\/www.overskrift.dk\\\/blog\\\/#website\",\"url\":\"https:\\\/\\\/www.overskrift.dk\\\/blog\\\/\",\"name\":\"Overskrifts blog\",\"description\":\"Nyeste indl\u00e6g\",\"publisher\":{\"@id\":\"https:\\\/\\\/www.overskrift.dk\\\/blog\\\/#organization\"},\"potentialAction\":[{\"@type\":\"SearchAction\",\"target\":{\"@type\":\"EntryPoint\",\"urlTemplate\":\"https:\\\/\\\/www.overskrift.dk\\\/blog\\\/?s={search_term_string}\"},\"query-input\":{\"@type\":\"PropertyValueSpecification\",\"valueRequired\":true,\"valueName\":\"search_term_string\"}}],\"inLanguage\":\"da-DK\"},{\"@type\":\"Organization\",\"@id\":\"https:\\\/\\\/www.overskrift.dk\\\/blog\\\/#organization\",\"name\":\"Overskrift ApS\",\"url\":\"https:\\\/\\\/www.overskrift.dk\\\/blog\\\/\",\"logo\":{\"@type\":\"ImageObject\",\"inLanguage\":\"da-DK\",\"@id\":\"https:\\\/\\\/www.overskrift.dk\\\/blog\\\/#\\\/schema\\\/logo\\\/image\\\/\",\"url\":\"https:\\\/\\\/blog.overskrift.dk\\\/wp-content\\\/uploads\\\/Just-the-dots-1.png\",\"contentUrl\":\"https:\\\/\\\/blog.overskrift.dk\\\/wp-content\\\/uploads\\\/Just-the-dots-1.png\",\"width\":258,\"height\":257,\"caption\":\"Overskrift ApS\"},\"image\":{\"@id\":\"https:\\\/\\\/www.overskrift.dk\\\/blog\\\/#\\\/schema\\\/logo\\\/image\\\/\"},\"sameAs\":[\"https:\\\/\\\/www.facebook.com\\\/overskrift\",\"https:\\\/\\\/x.com\\\/overskrift\",\"https:\\\/\\\/www.instagram.com\\\/overskrift\\\/\",\"https:\\\/\\\/www.linkedin.com\\\/company\\\/10153434\"]},{\"@type\":\"Person\",\"@id\":\"https:\\\/\\\/www.overskrift.dk\\\/blog\\\/#\\\/schema\\\/person\\\/b78220010603ce4384fa7758a6eabaf3\",\"name\":\"Stefan B\u00f8gh-Andersen\",\"image\":{\"@type\":\"ImageObject\",\"inLanguage\":\"da-DK\",\"@id\":\"https:\\\/\\\/secure.gravatar.com\\\/avatar\\\/f7eee59b7b5aa69f61ce713b6f85ef24d2faef678f186072e924c71249c2d2d6?s=96&d=mm&r=g\",\"url\":\"https:\\\/\\\/secure.gravatar.com\\\/avatar\\\/f7eee59b7b5aa69f61ce713b6f85ef24d2faef678f186072e924c71249c2d2d6?s=96&d=mm&r=g\",\"contentUrl\":\"https:\\\/\\\/secure.gravatar.com\\\/avatar\\\/f7eee59b7b5aa69f61ce713b6f85ef24d2faef678f186072e924c71249c2d2d6?s=96&d=mm&r=g\",\"caption\":\"Stefan B\u00f8gh-Andersen\"},\"description\":\"Indl\u00e6gget er skrevet af Stefan, der er direkt\u00f8r i og stifter af Overskrift. Stefan er en skarp analytiker og har mange \u00e5rs erfaring med r\u00e5dgivning inden for sociale medier og nyhedssites.\",\"url\":\"https:\\\/\\\/www.overskrift.dk\\\/blog\\\/author\\\/stefan\\\/\"}]}<\/script>\n<!-- \/ Yoast SEO plugin. -->","yoast_head_json":{"title":"Politiken vil i dialog med l\u00e6serne via weblogs - Overskrifts blog","robots":{"index":"index","follow":"follow","max-snippet":"max-snippet:-1","max-image-preview":"max-image-preview:large","max-video-preview":"max-video-preview:-1"},"canonical":"https:\/\/www.overskrift.dk\/blog\/2006\/09\/30\/politiken-vil-i-dialog-med-laeserne-via-weblogs\/","og_locale":"da_DK","og_type":"article","og_title":"Politiken vil i dialog med l\u00e6serne via weblogs - Overskrifts blog","og_description":"I morgen s\u00f8ndag udkommer avisen Politiken i et nyt design og i en anden artikel forklarer chefredakt\u00f8r T\u00f8ger Seidenfaden hvorfor avisen overhovedet skulle laves om. \u00c9n af \u00e5rsagerne&hellip;","og_url":"https:\/\/www.overskrift.dk\/blog\/2006\/09\/30\/politiken-vil-i-dialog-med-laeserne-via-weblogs\/","og_site_name":"Overskrifts blog","article_publisher":"https:\/\/www.facebook.com\/overskrift","article_published_time":"2006-09-30T20:41:03+00:00","article_modified_time":"2017-04-19T06:38:19+00:00","og_image":[{"url":"http:\/\/blog.overskrift.dk\/wp-content\/uploads\/2006\/10\/Politiken-lederpladsen-small.jpg","type":"","width":"","height":""}],"author":"Stefan B\u00f8gh-Andersen","twitter_card":"summary_large_image","twitter_creator":"@overskrift","twitter_site":"@overskrift","schema":{"@context":"https:\/\/schema.org","@graph":[{"@type":"Article","@id":"https:\/\/www.overskrift.dk\/blog\/2006\/09\/30\/politiken-vil-i-dialog-med-laeserne-via-weblogs\/#article","isPartOf":{"@id":"https:\/\/www.overskrift.dk\/blog\/2006\/09\/30\/politiken-vil-i-dialog-med-laeserne-via-weblogs\/"},"author":{"name":"Stefan B\u00f8gh-Andersen","@id":"https:\/\/www.overskrift.dk\/blog\/#\/schema\/person\/b78220010603ce4384fa7758a6eabaf3"},"headline":"Politiken vil i dialog med l\u00e6serne via weblogs","datePublished":"2006-09-30T20:41:03+00:00","dateModified":"2017-04-19T06:38:19+00:00","mainEntityOfPage":{"@id":"https:\/\/www.overskrift.dk\/blog\/2006\/09\/30\/politiken-vil-i-dialog-med-laeserne-via-weblogs\/"},"wordCount":192,"commentCount":0,"publisher":{"@id":"https:\/\/www.overskrift.dk\/blog\/#organization"},"image":{"@id":"https:\/\/www.overskrift.dk\/blog\/2006\/09\/30\/politiken-vil-i-dialog-med-laeserne-via-weblogs\/#primaryimage"},"thumbnailUrl":"http:\/\/blog.overskrift.dk\/wp-content\/uploads\/2006\/10\/Politiken-lederpladsen-small.jpg","keywords":["Blogs","Medier"],"articleSection":["Trends"],"inLanguage":"da-DK","potentialAction":[{"@type":"CommentAction","name":"Comment","target":["https:\/\/www.overskrift.dk\/blog\/2006\/09\/30\/politiken-vil-i-dialog-med-laeserne-via-weblogs\/#respond"]}]},{"@type":"WebPage","@id":"https:\/\/www.overskrift.dk\/blog\/2006\/09\/30\/politiken-vil-i-dialog-med-laeserne-via-weblogs\/","url":"https:\/\/www.overskrift.dk\/blog\/2006\/09\/30\/politiken-vil-i-dialog-med-laeserne-via-weblogs\/","name":"Politiken vil i dialog med l\u00e6serne via weblogs - Overskrifts blog","isPartOf":{"@id":"https:\/\/www.overskrift.dk\/blog\/#website"},"primaryImageOfPage":{"@id":"https:\/\/www.overskrift.dk\/blog\/2006\/09\/30\/politiken-vil-i-dialog-med-laeserne-via-weblogs\/#primaryimage"},"image":{"@id":"https:\/\/www.overskrift.dk\/blog\/2006\/09\/30\/politiken-vil-i-dialog-med-laeserne-via-weblogs\/#primaryimage"},"thumbnailUrl":"http:\/\/blog.overskrift.dk\/wp-content\/uploads\/2006\/10\/Politiken-lederpladsen-small.jpg","datePublished":"2006-09-30T20:41:03+00:00","dateModified":"2017-04-19T06:38:19+00:00","breadcrumb":{"@id":"https:\/\/www.overskrift.dk\/blog\/2006\/09\/30\/politiken-vil-i-dialog-med-laeserne-via-weblogs\/#breadcrumb"},"inLanguage":"da-DK","potentialAction":[{"@type":"ReadAction","target":["https:\/\/www.overskrift.dk\/blog\/2006\/09\/30\/politiken-vil-i-dialog-med-laeserne-via-weblogs\/"]}]},{"@type":"ImageObject","inLanguage":"da-DK","@id":"https:\/\/www.overskrift.dk\/blog\/2006\/09\/30\/politiken-vil-i-dialog-med-laeserne-via-weblogs\/#primaryimage","url":"http:\/\/blog.overskrift.dk\/wp-content\/uploads\/2006\/10\/Politiken-lederpladsen-small.jpg","contentUrl":"http:\/\/blog.overskrift.dk\/wp-content\/uploads\/2006\/10\/Politiken-lederpladsen-small.jpg"},{"@type":"BreadcrumbList","@id":"https:\/\/www.overskrift.dk\/blog\/2006\/09\/30\/politiken-vil-i-dialog-med-laeserne-via-weblogs\/#breadcrumb","itemListElement":[{"@type":"ListItem","position":1,"name":"Hjem","item":"https:\/\/www.overskrift.dk\/blog\/"},{"@type":"ListItem","position":2,"name":"Politiken vil i dialog med l\u00e6serne via weblogs"}]},{"@type":"WebSite","@id":"https:\/\/www.overskrift.dk\/blog\/#website","url":"https:\/\/www.overskrift.dk\/blog\/","name":"Overskrifts blog","description":"Nyeste indl\u00e6g","publisher":{"@id":"https:\/\/www.overskrift.dk\/blog\/#organization"},"potentialAction":[{"@type":"SearchAction","target":{"@type":"EntryPoint","urlTemplate":"https:\/\/www.overskrift.dk\/blog\/?s={search_term_string}"},"query-input":{"@type":"PropertyValueSpecification","valueRequired":true,"valueName":"search_term_string"}}],"inLanguage":"da-DK"},{"@type":"Organization","@id":"https:\/\/www.overskrift.dk\/blog\/#organization","name":"Overskrift ApS","url":"https:\/\/www.overskrift.dk\/blog\/","logo":{"@type":"ImageObject","inLanguage":"da-DK","@id":"https:\/\/www.overskrift.dk\/blog\/#\/schema\/logo\/image\/","url":"https:\/\/blog.overskrift.dk\/wp-content\/uploads\/Just-the-dots-1.png","contentUrl":"https:\/\/blog.overskrift.dk\/wp-content\/uploads\/Just-the-dots-1.png","width":258,"height":257,"caption":"Overskrift ApS"},"image":{"@id":"https:\/\/www.overskrift.dk\/blog\/#\/schema\/logo\/image\/"},"sameAs":["https:\/\/www.facebook.com\/overskrift","https:\/\/x.com\/overskrift","https:\/\/www.instagram.com\/overskrift\/","https:\/\/www.linkedin.com\/company\/10153434"]},{"@type":"Person","@id":"https:\/\/www.overskrift.dk\/blog\/#\/schema\/person\/b78220010603ce4384fa7758a6eabaf3","name":"Stefan B\u00f8gh-Andersen","image":{"@type":"ImageObject","inLanguage":"da-DK","@id":"https:\/\/secure.gravatar.com\/avatar\/f7eee59b7b5aa69f61ce713b6f85ef24d2faef678f186072e924c71249c2d2d6?s=96&d=mm&r=g","url":"https:\/\/secure.gravatar.com\/avatar\/f7eee59b7b5aa69f61ce713b6f85ef24d2faef678f186072e924c71249c2d2d6?s=96&d=mm&r=g","contentUrl":"https:\/\/secure.gravatar.com\/avatar\/f7eee59b7b5aa69f61ce713b6f85ef24d2faef678f186072e924c71249c2d2d6?s=96&d=mm&r=g","caption":"Stefan B\u00f8gh-Andersen"},"description":"Indl\u00e6gget er skrevet af Stefan, der er direkt\u00f8r i og stifter af Overskrift. Stefan er en skarp analytiker og har mange \u00e5rs erfaring med r\u00e5dgivning inden for sociale medier og nyhedssites.","url":"https:\/\/www.overskrift.dk\/blog\/author\/stefan\/"}]}},"_links":{"self":[{"href":"https:\/\/www.overskrift.dk\/blog\/wp-json\/wp\/v2\/posts\/77","targetHints":{"allow":["GET"]}}],"collection":[{"href":"https:\/\/www.overskrift.dk\/blog\/wp-json\/wp\/v2\/posts"}],"about":[{"href":"https:\/\/www.overskrift.dk\/blog\/wp-json\/wp\/v2\/types\/post"}],"author":[{"embeddable":true,"href":"https:\/\/www.overskrift.dk\/blog\/wp-json\/wp\/v2\/users\/4"}],"replies":[{"embeddable":true,"href":"https:\/\/www.overskrift.dk\/blog\/wp-json\/wp\/v2\/comments?post=77"}],"version-history":[{"count":1,"href":"https:\/\/www.overskrift.dk\/blog\/wp-json\/wp\/v2\/posts\/77\/revisions"}],"predecessor-version":[{"id":7144,"href":"https:\/\/www.overskrift.dk\/blog\/wp-json\/wp\/v2\/posts\/77\/revisions\/7144"}],"wp:attachment":[{"href":"https:\/\/www.overskrift.dk\/blog\/wp-json\/wp\/v2\/media?parent=77"}],"wp:term":[{"taxonomy":"category","embeddable":true,"href":"https:\/\/www.overskrift.dk\/blog\/wp-json\/wp\/v2\/categories?post=77"},{"taxonomy":"post_tag","embeddable":true,"href":"https:\/\/www.overskrift.dk\/blog\/wp-json\/wp\/v2\/tags?post=77"}],"curies":[{"name":"wp","href":"https:\/\/api.w.org\/{rel}","templated":true}]}}