{"id":797,"date":"2008-02-28T20:23:19","date_gmt":"2008-02-28T19:23:19","guid":{"rendered":"http:\/\/blog.overskrift.dk\/2008\/02\/28\/odense-leger-sig-kreative-og-blogger\/"},"modified":"2008-02-28T20:23:19","modified_gmt":"2008-02-28T19:23:19","slug":"odense-leger-sig-kreative-og-blogger","status":"publish","type":"post","link":"https:\/\/www.overskrift.dk\/blog\/2008\/02\/28\/odense-leger-sig-kreative-og-blogger\/","title":{"rendered":"Odense leger sig kreative &#8211; og blogger"},"content":{"rendered":"<p><a href=\"http:\/\/odense.dk\">Odense kommune<\/a> har kastet sig ud i et bruger-drevet kreativt eksperiment under navnet <a href=\"http:\/\/www.visionodense.dk\/\">Vision Odense<\/a>. &#8220;At lege er at leve&#8221; mener Odense byr\u00e5d som har sat kursen for de kommende \u00e5r :<\/p>\n<blockquote><p><em>   Odense vil bruge legen som murbr\u00e6kker til at \u00f8ge alles muligheder for   at f\u00e5 et endnu bedre liv i byen, s\u00e5 vi i \u00e5r 2017 er kendt som den legende   by, hvor vi t\u00f8r eksperimentere.  <\/em><\/p><\/blockquote>\n<p>Ideen er alts\u00e5 bl.a. at borgerne ogs\u00e5 skal inddrages &#8211; samt bidrage til legen og kreativiteten.<br \/>\n<a href=\"http:\/\/visionodense.dk\" \/><\/p>\n<div style=\"text-align: center\"><a href=\"http:\/\/visionodense.dk\"><img decoding=\"async\" id=\"image798\" alt=\"visionodense.png\" src=\"http:\/\/blog.overskrift.dk\/wp-content\/uploads\/2008\/02\/visionodense.jpg\" \/><\/a><\/div>\n<p>I samme forbindelse er der \u00e5bnet et <a href=\"http:\/\/blog.odense.dk\/\">r\u00e6kke blogs<\/a>, bla. en politikerblog hvor Odenses <a href=\"http:\/\/blog.odense.dk\/politikerblog\/?p=11\">borgmester Jan Boye<\/a> og andre politikere blogger.<\/p>\n<p>Hvis du er i Odense eller omegn har du alts\u00e5 ogs\u00e5 mulighed for at kaste dig ud i legen &#8230;<\/p>\n","protected":false},"excerpt":{"rendered":"<p>Odense kommune har kastet sig ud i et bruger-drevet kreativt eksperiment under navnet Vision Odense. &#8220;At lege er at leve&#8221; mener Odense byr\u00e5d som har sat kursen for&hellip;<\/p>\n","protected":false},"author":4,"featured_media":0,"comment_status":"open","ping_status":"open","sticky":false,"template":"","format":"standard","meta":{"cybocfi_hide_featured_image":"","footnotes":""},"categories":[305],"tags":[],"class_list":["post-797","post","type-post","status-publish","format-standard","hentry","category-trends"],"yoast_head":"<!-- This site is optimized with the Yoast SEO plugin v27.5 - https:\/\/yoast.com\/product\/yoast-seo-wordpress\/ -->\n<title>Odense leger sig kreative - og blogger - Overskrifts blog<\/title>\n<meta name=\"robots\" content=\"index, follow, max-snippet:-1, max-image-preview:large, max-video-preview:-1\" \/>\n<link rel=\"canonical\" href=\"https:\/\/www.overskrift.dk\/blog\/2008\/02\/28\/odense-leger-sig-kreative-og-blogger\/\" \/>\n<meta property=\"og:locale\" content=\"da_DK\" \/>\n<meta property=\"og:type\" content=\"article\" \/>\n<meta property=\"og:title\" content=\"Odense leger sig kreative - og blogger - Overskrifts blog\" \/>\n<meta property=\"og:description\" content=\"Odense kommune har kastet sig ud i et bruger-drevet kreativt eksperiment under navnet Vision Odense. &#8220;At lege er at leve&#8221; mener Odense byr\u00e5d som har sat kursen for&hellip;\" \/>\n<meta property=\"og:url\" content=\"https:\/\/www.overskrift.dk\/blog\/2008\/02\/28\/odense-leger-sig-kreative-og-blogger\/\" \/>\n<meta property=\"og:site_name\" content=\"Overskrifts blog\" \/>\n<meta property=\"article:publisher\" content=\"https:\/\/www.facebook.com\/overskrift\" \/>\n<meta property=\"article:published_time\" content=\"2008-02-28T19:23:19+00:00\" \/>\n<meta property=\"og:image\" content=\"http:\/\/blog.overskrift.dk\/wp-content\/uploads\/2008\/02\/visionodense.jpg\" \/>\n<meta name=\"author\" content=\"Stefan B\u00f8gh-Andersen\" \/>\n<meta name=\"twitter:card\" content=\"summary_large_image\" \/>\n<meta name=\"twitter:creator\" content=\"@overskrift\" \/>\n<meta name=\"twitter:site\" content=\"@overskrift\" \/>\n<script type=\"application\/ld+json\" class=\"yoast-schema-graph\">{\"@context\":\"https:\\\/\\\/schema.org\",\"@graph\":[{\"@type\":\"Article\",\"@id\":\"https:\\\/\\\/www.overskrift.dk\\\/blog\\\/2008\\\/02\\\/28\\\/odense-leger-sig-kreative-og-blogger\\\/#article\",\"isPartOf\":{\"@id\":\"https:\\\/\\\/www.overskrift.dk\\\/blog\\\/2008\\\/02\\\/28\\\/odense-leger-sig-kreative-og-blogger\\\/\"},\"author\":{\"name\":\"Stefan B\u00f8gh-Andersen\",\"@id\":\"https:\\\/\\\/www.overskrift.dk\\\/blog\\\/#\\\/schema\\\/person\\\/b78220010603ce4384fa7758a6eabaf3\"},\"headline\":\"Odense leger sig kreative &#8211; og blogger\",\"datePublished\":\"2008-02-28T19:23:19+00:00\",\"mainEntityOfPage\":{\"@id\":\"https:\\\/\\\/www.overskrift.dk\\\/blog\\\/2008\\\/02\\\/28\\\/odense-leger-sig-kreative-og-blogger\\\/\"},\"wordCount\":133,\"commentCount\":0,\"publisher\":{\"@id\":\"https:\\\/\\\/www.overskrift.dk\\\/blog\\\/#organization\"},\"image\":{\"@id\":\"https:\\\/\\\/www.overskrift.dk\\\/blog\\\/2008\\\/02\\\/28\\\/odense-leger-sig-kreative-og-blogger\\\/#primaryimage\"},\"thumbnailUrl\":\"http:\\\/\\\/blog.overskrift.dk\\\/wp-content\\\/uploads\\\/2008\\\/02\\\/visionodense.jpg\",\"articleSection\":[\"Trends\"],\"inLanguage\":\"da-DK\",\"potentialAction\":[{\"@type\":\"CommentAction\",\"name\":\"Comment\",\"target\":[\"https:\\\/\\\/www.overskrift.dk\\\/blog\\\/2008\\\/02\\\/28\\\/odense-leger-sig-kreative-og-blogger\\\/#respond\"]}]},{\"@type\":\"WebPage\",\"@id\":\"https:\\\/\\\/www.overskrift.dk\\\/blog\\\/2008\\\/02\\\/28\\\/odense-leger-sig-kreative-og-blogger\\\/\",\"url\":\"https:\\\/\\\/www.overskrift.dk\\\/blog\\\/2008\\\/02\\\/28\\\/odense-leger-sig-kreative-og-blogger\\\/\",\"name\":\"Odense leger sig kreative - og blogger - Overskrifts blog\",\"isPartOf\":{\"@id\":\"https:\\\/\\\/www.overskrift.dk\\\/blog\\\/#website\"},\"primaryImageOfPage\":{\"@id\":\"https:\\\/\\\/www.overskrift.dk\\\/blog\\\/2008\\\/02\\\/28\\\/odense-leger-sig-kreative-og-blogger\\\/#primaryimage\"},\"image\":{\"@id\":\"https:\\\/\\\/www.overskrift.dk\\\/blog\\\/2008\\\/02\\\/28\\\/odense-leger-sig-kreative-og-blogger\\\/#primaryimage\"},\"thumbnailUrl\":\"http:\\\/\\\/blog.overskrift.dk\\\/wp-content\\\/uploads\\\/2008\\\/02\\\/visionodense.jpg\",\"datePublished\":\"2008-02-28T19:23:19+00:00\",\"breadcrumb\":{\"@id\":\"https:\\\/\\\/www.overskrift.dk\\\/blog\\\/2008\\\/02\\\/28\\\/odense-leger-sig-kreative-og-blogger\\\/#breadcrumb\"},\"inLanguage\":\"da-DK\",\"potentialAction\":[{\"@type\":\"ReadAction\",\"target\":[\"https:\\\/\\\/www.overskrift.dk\\\/blog\\\/2008\\\/02\\\/28\\\/odense-leger-sig-kreative-og-blogger\\\/\"]}]},{\"@type\":\"ImageObject\",\"inLanguage\":\"da-DK\",\"@id\":\"https:\\\/\\\/www.overskrift.dk\\\/blog\\\/2008\\\/02\\\/28\\\/odense-leger-sig-kreative-og-blogger\\\/#primaryimage\",\"url\":\"http:\\\/\\\/blog.overskrift.dk\\\/wp-content\\\/uploads\\\/2008\\\/02\\\/visionodense.jpg\",\"contentUrl\":\"http:\\\/\\\/blog.overskrift.dk\\\/wp-content\\\/uploads\\\/2008\\\/02\\\/visionodense.jpg\"},{\"@type\":\"BreadcrumbList\",\"@id\":\"https:\\\/\\\/www.overskrift.dk\\\/blog\\\/2008\\\/02\\\/28\\\/odense-leger-sig-kreative-og-blogger\\\/#breadcrumb\",\"itemListElement\":[{\"@type\":\"ListItem\",\"position\":1,\"name\":\"Hjem\",\"item\":\"https:\\\/\\\/www.overskrift.dk\\\/blog\\\/\"},{\"@type\":\"ListItem\",\"position\":2,\"name\":\"Odense leger sig kreative &#8211; og blogger\"}]},{\"@type\":\"WebSite\",\"@id\":\"https:\\\/\\\/www.overskrift.dk\\\/blog\\\/#website\",\"url\":\"https:\\\/\\\/www.overskrift.dk\\\/blog\\\/\",\"name\":\"Overskrifts blog\",\"description\":\"Nyeste indl\u00e6g\",\"publisher\":{\"@id\":\"https:\\\/\\\/www.overskrift.dk\\\/blog\\\/#organization\"},\"potentialAction\":[{\"@type\":\"SearchAction\",\"target\":{\"@type\":\"EntryPoint\",\"urlTemplate\":\"https:\\\/\\\/www.overskrift.dk\\\/blog\\\/?s={search_term_string}\"},\"query-input\":{\"@type\":\"PropertyValueSpecification\",\"valueRequired\":true,\"valueName\":\"search_term_string\"}}],\"inLanguage\":\"da-DK\"},{\"@type\":\"Organization\",\"@id\":\"https:\\\/\\\/www.overskrift.dk\\\/blog\\\/#organization\",\"name\":\"Overskrift ApS\",\"url\":\"https:\\\/\\\/www.overskrift.dk\\\/blog\\\/\",\"logo\":{\"@type\":\"ImageObject\",\"inLanguage\":\"da-DK\",\"@id\":\"https:\\\/\\\/www.overskrift.dk\\\/blog\\\/#\\\/schema\\\/logo\\\/image\\\/\",\"url\":\"https:\\\/\\\/blog.overskrift.dk\\\/wp-content\\\/uploads\\\/Just-the-dots-1.png\",\"contentUrl\":\"https:\\\/\\\/blog.overskrift.dk\\\/wp-content\\\/uploads\\\/Just-the-dots-1.png\",\"width\":258,\"height\":257,\"caption\":\"Overskrift ApS\"},\"image\":{\"@id\":\"https:\\\/\\\/www.overskrift.dk\\\/blog\\\/#\\\/schema\\\/logo\\\/image\\\/\"},\"sameAs\":[\"https:\\\/\\\/www.facebook.com\\\/overskrift\",\"https:\\\/\\\/x.com\\\/overskrift\",\"https:\\\/\\\/www.instagram.com\\\/overskrift\\\/\",\"https:\\\/\\\/www.linkedin.com\\\/company\\\/10153434\"]},{\"@type\":\"Person\",\"@id\":\"https:\\\/\\\/www.overskrift.dk\\\/blog\\\/#\\\/schema\\\/person\\\/b78220010603ce4384fa7758a6eabaf3\",\"name\":\"Stefan B\u00f8gh-Andersen\",\"image\":{\"@type\":\"ImageObject\",\"inLanguage\":\"da-DK\",\"@id\":\"https:\\\/\\\/secure.gravatar.com\\\/avatar\\\/f7eee59b7b5aa69f61ce713b6f85ef24d2faef678f186072e924c71249c2d2d6?s=96&d=mm&r=g\",\"url\":\"https:\\\/\\\/secure.gravatar.com\\\/avatar\\\/f7eee59b7b5aa69f61ce713b6f85ef24d2faef678f186072e924c71249c2d2d6?s=96&d=mm&r=g\",\"contentUrl\":\"https:\\\/\\\/secure.gravatar.com\\\/avatar\\\/f7eee59b7b5aa69f61ce713b6f85ef24d2faef678f186072e924c71249c2d2d6?s=96&d=mm&r=g\",\"caption\":\"Stefan B\u00f8gh-Andersen\"},\"description\":\"Indl\u00e6gget er skrevet af Stefan, der er direkt\u00f8r i og stifter af Overskrift. Stefan er en skarp analytiker og har mange \u00e5rs erfaring med r\u00e5dgivning inden for sociale medier og nyhedssites.\",\"url\":\"https:\\\/\\\/www.overskrift.dk\\\/blog\\\/author\\\/stefan\\\/\"}]}<\/script>\n<!-- \/ Yoast SEO plugin. -->","yoast_head_json":{"title":"Odense leger sig kreative - og blogger - Overskrifts blog","robots":{"index":"index","follow":"follow","max-snippet":"max-snippet:-1","max-image-preview":"max-image-preview:large","max-video-preview":"max-video-preview:-1"},"canonical":"https:\/\/www.overskrift.dk\/blog\/2008\/02\/28\/odense-leger-sig-kreative-og-blogger\/","og_locale":"da_DK","og_type":"article","og_title":"Odense leger sig kreative - og blogger - Overskrifts blog","og_description":"Odense kommune har kastet sig ud i et bruger-drevet kreativt eksperiment under navnet Vision Odense. &#8220;At lege er at leve&#8221; mener Odense byr\u00e5d som har sat kursen for&hellip;","og_url":"https:\/\/www.overskrift.dk\/blog\/2008\/02\/28\/odense-leger-sig-kreative-og-blogger\/","og_site_name":"Overskrifts blog","article_publisher":"https:\/\/www.facebook.com\/overskrift","article_published_time":"2008-02-28T19:23:19+00:00","og_image":[{"url":"http:\/\/blog.overskrift.dk\/wp-content\/uploads\/2008\/02\/visionodense.jpg","type":"","width":"","height":""}],"author":"Stefan B\u00f8gh-Andersen","twitter_card":"summary_large_image","twitter_creator":"@overskrift","twitter_site":"@overskrift","schema":{"@context":"https:\/\/schema.org","@graph":[{"@type":"Article","@id":"https:\/\/www.overskrift.dk\/blog\/2008\/02\/28\/odense-leger-sig-kreative-og-blogger\/#article","isPartOf":{"@id":"https:\/\/www.overskrift.dk\/blog\/2008\/02\/28\/odense-leger-sig-kreative-og-blogger\/"},"author":{"name":"Stefan B\u00f8gh-Andersen","@id":"https:\/\/www.overskrift.dk\/blog\/#\/schema\/person\/b78220010603ce4384fa7758a6eabaf3"},"headline":"Odense leger sig kreative &#8211; og blogger","datePublished":"2008-02-28T19:23:19+00:00","mainEntityOfPage":{"@id":"https:\/\/www.overskrift.dk\/blog\/2008\/02\/28\/odense-leger-sig-kreative-og-blogger\/"},"wordCount":133,"commentCount":0,"publisher":{"@id":"https:\/\/www.overskrift.dk\/blog\/#organization"},"image":{"@id":"https:\/\/www.overskrift.dk\/blog\/2008\/02\/28\/odense-leger-sig-kreative-og-blogger\/#primaryimage"},"thumbnailUrl":"http:\/\/blog.overskrift.dk\/wp-content\/uploads\/2008\/02\/visionodense.jpg","articleSection":["Trends"],"inLanguage":"da-DK","potentialAction":[{"@type":"CommentAction","name":"Comment","target":["https:\/\/www.overskrift.dk\/blog\/2008\/02\/28\/odense-leger-sig-kreative-og-blogger\/#respond"]}]},{"@type":"WebPage","@id":"https:\/\/www.overskrift.dk\/blog\/2008\/02\/28\/odense-leger-sig-kreative-og-blogger\/","url":"https:\/\/www.overskrift.dk\/blog\/2008\/02\/28\/odense-leger-sig-kreative-og-blogger\/","name":"Odense leger sig kreative - og blogger - Overskrifts blog","isPartOf":{"@id":"https:\/\/www.overskrift.dk\/blog\/#website"},"primaryImageOfPage":{"@id":"https:\/\/www.overskrift.dk\/blog\/2008\/02\/28\/odense-leger-sig-kreative-og-blogger\/#primaryimage"},"image":{"@id":"https:\/\/www.overskrift.dk\/blog\/2008\/02\/28\/odense-leger-sig-kreative-og-blogger\/#primaryimage"},"thumbnailUrl":"http:\/\/blog.overskrift.dk\/wp-content\/uploads\/2008\/02\/visionodense.jpg","datePublished":"2008-02-28T19:23:19+00:00","breadcrumb":{"@id":"https:\/\/www.overskrift.dk\/blog\/2008\/02\/28\/odense-leger-sig-kreative-og-blogger\/#breadcrumb"},"inLanguage":"da-DK","potentialAction":[{"@type":"ReadAction","target":["https:\/\/www.overskrift.dk\/blog\/2008\/02\/28\/odense-leger-sig-kreative-og-blogger\/"]}]},{"@type":"ImageObject","inLanguage":"da-DK","@id":"https:\/\/www.overskrift.dk\/blog\/2008\/02\/28\/odense-leger-sig-kreative-og-blogger\/#primaryimage","url":"http:\/\/blog.overskrift.dk\/wp-content\/uploads\/2008\/02\/visionodense.jpg","contentUrl":"http:\/\/blog.overskrift.dk\/wp-content\/uploads\/2008\/02\/visionodense.jpg"},{"@type":"BreadcrumbList","@id":"https:\/\/www.overskrift.dk\/blog\/2008\/02\/28\/odense-leger-sig-kreative-og-blogger\/#breadcrumb","itemListElement":[{"@type":"ListItem","position":1,"name":"Hjem","item":"https:\/\/www.overskrift.dk\/blog\/"},{"@type":"ListItem","position":2,"name":"Odense leger sig kreative &#8211; og blogger"}]},{"@type":"WebSite","@id":"https:\/\/www.overskrift.dk\/blog\/#website","url":"https:\/\/www.overskrift.dk\/blog\/","name":"Overskrifts blog","description":"Nyeste indl\u00e6g","publisher":{"@id":"https:\/\/www.overskrift.dk\/blog\/#organization"},"potentialAction":[{"@type":"SearchAction","target":{"@type":"EntryPoint","urlTemplate":"https:\/\/www.overskrift.dk\/blog\/?s={search_term_string}"},"query-input":{"@type":"PropertyValueSpecification","valueRequired":true,"valueName":"search_term_string"}}],"inLanguage":"da-DK"},{"@type":"Organization","@id":"https:\/\/www.overskrift.dk\/blog\/#organization","name":"Overskrift ApS","url":"https:\/\/www.overskrift.dk\/blog\/","logo":{"@type":"ImageObject","inLanguage":"da-DK","@id":"https:\/\/www.overskrift.dk\/blog\/#\/schema\/logo\/image\/","url":"https:\/\/blog.overskrift.dk\/wp-content\/uploads\/Just-the-dots-1.png","contentUrl":"https:\/\/blog.overskrift.dk\/wp-content\/uploads\/Just-the-dots-1.png","width":258,"height":257,"caption":"Overskrift ApS"},"image":{"@id":"https:\/\/www.overskrift.dk\/blog\/#\/schema\/logo\/image\/"},"sameAs":["https:\/\/www.facebook.com\/overskrift","https:\/\/x.com\/overskrift","https:\/\/www.instagram.com\/overskrift\/","https:\/\/www.linkedin.com\/company\/10153434"]},{"@type":"Person","@id":"https:\/\/www.overskrift.dk\/blog\/#\/schema\/person\/b78220010603ce4384fa7758a6eabaf3","name":"Stefan B\u00f8gh-Andersen","image":{"@type":"ImageObject","inLanguage":"da-DK","@id":"https:\/\/secure.gravatar.com\/avatar\/f7eee59b7b5aa69f61ce713b6f85ef24d2faef678f186072e924c71249c2d2d6?s=96&d=mm&r=g","url":"https:\/\/secure.gravatar.com\/avatar\/f7eee59b7b5aa69f61ce713b6f85ef24d2faef678f186072e924c71249c2d2d6?s=96&d=mm&r=g","contentUrl":"https:\/\/secure.gravatar.com\/avatar\/f7eee59b7b5aa69f61ce713b6f85ef24d2faef678f186072e924c71249c2d2d6?s=96&d=mm&r=g","caption":"Stefan B\u00f8gh-Andersen"},"description":"Indl\u00e6gget er skrevet af Stefan, der er direkt\u00f8r i og stifter af Overskrift. Stefan er en skarp analytiker og har mange \u00e5rs erfaring med r\u00e5dgivning inden for sociale medier og nyhedssites.","url":"https:\/\/www.overskrift.dk\/blog\/author\/stefan\/"}]}},"_links":{"self":[{"href":"https:\/\/www.overskrift.dk\/blog\/wp-json\/wp\/v2\/posts\/797","targetHints":{"allow":["GET"]}}],"collection":[{"href":"https:\/\/www.overskrift.dk\/blog\/wp-json\/wp\/v2\/posts"}],"about":[{"href":"https:\/\/www.overskrift.dk\/blog\/wp-json\/wp\/v2\/types\/post"}],"author":[{"embeddable":true,"href":"https:\/\/www.overskrift.dk\/blog\/wp-json\/wp\/v2\/users\/4"}],"replies":[{"embeddable":true,"href":"https:\/\/www.overskrift.dk\/blog\/wp-json\/wp\/v2\/comments?post=797"}],"version-history":[{"count":0,"href":"https:\/\/www.overskrift.dk\/blog\/wp-json\/wp\/v2\/posts\/797\/revisions"}],"wp:attachment":[{"href":"https:\/\/www.overskrift.dk\/blog\/wp-json\/wp\/v2\/media?parent=797"}],"wp:term":[{"taxonomy":"category","embeddable":true,"href":"https:\/\/www.overskrift.dk\/blog\/wp-json\/wp\/v2\/categories?post=797"},{"taxonomy":"post_tag","embeddable":true,"href":"https:\/\/www.overskrift.dk\/blog\/wp-json\/wp\/v2\/tags?post=797"}],"curies":[{"name":"wp","href":"https:\/\/api.w.org\/{rel}","templated":true}]}}