{"id":8252,"date":"2018-01-31T11:30:29","date_gmt":"2018-01-31T10:30:29","guid":{"rendered":"http:\/\/blog.overskrift.dk\/?p=8252"},"modified":"2018-01-31T11:35:21","modified_gmt":"2018-01-31T10:35:21","slug":"aarsanalyse-danskernes-aktivitet-paa-sociale-medier-2017","status":"publish","type":"post","link":"https:\/\/www.overskrift.dk\/blog\/2018\/01\/31\/aarsanalyse-danskernes-aktivitet-paa-sociale-medier-2017\/","title":{"rendered":"\u00c5rsanalyse: Danskernes aktivitet p\u00e5 sociale medier 2017"},"content":{"rendered":"<p><strong>Igen i \u00e5r har Overskrift foretaget en digital analyse af over tendenser p\u00e5 sociale medier.\u00a0 Tendenserne vi har set de senere \u00e5r, bliver endnu mere udtalte; Det kr\u00e6ver flere f\u00f8lgere at f\u00e5 en plads p\u00e5 de forskellige top-lister, og antallet af aktive Twitter-brugere falder, men den samlede aktivitet p\u00e5 Twitter ser et mindre fald.<\/strong><\/p>\n<h2>F\u00e5 Overskrifts analyse af danskernes aktivitet p\u00e5 sociale medier 2017<\/h2>\n<p>Vil du vide mere? Overskrift har analyseret den digitale aktivitet i Danmark i 2017, og den analyse kan blive din.<\/p>\n<p>I analysen kan du blandt andet l\u00e6se om:<\/p>\n<ul>\n<li>De st\u00f8rste influenter<\/li>\n<li>Mest anvendte hashtags<\/li>\n<li>De mest omtalte emner<\/li>\n<li>Hvem, der var mest aktive p\u00e5 de sociale medier<\/li>\n<\/ul>\n<p>F\u00e5 den digitale analyse af danskers adf\u00e6rd 2017 ved at tilmelde dig Overskrifts nyhedsbrev.<\/p>\n<a href=\"http:\/\/www.overskrift.dk\/viden\/socialemedier2017\"><img loading=\"lazy\" decoding=\"async\" class=\"alignnone wp-image-8407 size-full\" src=\"http:\/\/blog.overskrift.dk\/wp-content\/uploads\/Sk\u00e6rmbillede-2017-12-11-kl.-11.24.07.png\" alt=\"analyse af danskernes adf\u00e6rd p\u00e5 sociale medier 2017\" width=\"183\" height=\"54\" srcset=\"https:\/\/www.overskrift.dk\/blog\/wp-content\/uploads\/Sk\u00e6rmbillede-2017-12-11-kl.-11.24.07.png 183w, https:\/\/www.overskrift.dk\/blog\/wp-content\/uploads\/Sk\u00e6rmbillede-2017-12-11-kl.-11.24.07-180x54.png 180w\" sizes=\"auto, (max-width: 183px) 100vw, 183px\" \/><\/a>\n<h2>Den digitale aktivitet 2016<\/h2>\n<p>Vi har tidligere lavet analyser af danskernes aktivitet p\u00e5 de sociale medier.<\/p>\n<ul>\n<li><a href=\"http:\/\/blog.overskrift.dk\/2016\/12\/28\/noegletal-twitter-danmark-2016\/\">Se aktiviteten for Twitter 2016 her<\/a>.<\/li>\n<li><a href=\"http:\/\/blog.overskrift.dk\/2016\/12\/20\/instagram-i-danmark-2016\/\">Se aktiviteten for Instagram 2016 her.\u00a0<\/a><\/li>\n<li><a href=\"http:\/\/blog.overskrift.dk\/category\/noegletal\/\">Du kan finde alle oversigter over analyser her.<\/a><\/li>\n<\/ul>\n<p>&nbsp;<\/p>\n<hr \/>\n<p>Vi har anvendt vores\u00a0<a href=\"http:\/\/www.overskrift.dk\/ydelser\/overvaagning-af-sociale-medier?utm_campaign=monitorering&amp;utm_medium=organic&amp;utm_source=blog&amp;utm_content=facebooklike_onsdagsoverblik\" target=\"_blank\" rel=\"noopener\" data-wpel-link=\"external\">monitoreringtjeneste<\/a>\u00a0til at generere data til analysen.<\/p>\n<p>Vil du monitorere de sociale medier og se, hvordan din virksomhed bliver omtalt?\u00a0<a href=\"http:\/\/www.overskrift.dk\/overblik?utm_campaign=signup&amp;utm_medium=organic&amp;utm_source=blog&amp;utm_content=\u00e5rsanalyse2017\">Pr\u00f8v vores lyttetjeneste gratis i 14 dage<\/a>\u00a0og f\u00e5 den st\u00e6rkeste d\u00e6kning af det danske kildeunivers.<\/p>\n","protected":false},"excerpt":{"rendered":"<p>Igen i \u00e5r har Overskrift foretaget en digital analyse af over tendenser p\u00e5 sociale medier.\u00a0 Tendenserne vi har set de senere \u00e5r, bliver endnu mere udtalte; Det kr\u00e6ver&hellip;<\/p>\n","protected":false},"author":16,"featured_media":8440,"comment_status":"open","ping_status":"open","sticky":false,"template":"","format":"standard","meta":{"cybocfi_hide_featured_image":"","footnotes":""},"categories":[302,298],"tags":[],"class_list":["post-8252","post","type-post","status-publish","format-standard","has-post-thumbnail","hentry","category-analyser","category-noegletal"],"yoast_head":"<!-- This site is optimized with the Yoast SEO plugin v27.5 - https:\/\/yoast.com\/product\/yoast-seo-wordpress\/ -->\n<title>\u00c5rsanalyse: S\u00e5dan var danskernes aktivitet p\u00e5 sociale medier 2017<\/title>\n<meta name=\"description\" content=\"Igen i \u00e5r har Overskrift foretaget en digital analyse af over tendenser p\u00e5 sociale medier 2017.\" \/>\n<meta name=\"robots\" content=\"index, follow, max-snippet:-1, max-image-preview:large, max-video-preview:-1\" \/>\n<link rel=\"canonical\" href=\"https:\/\/www.overskrift.dk\/blog\/2018\/01\/31\/aarsanalyse-danskernes-aktivitet-paa-sociale-medier-2017\/\" \/>\n<meta property=\"og:locale\" content=\"da_DK\" \/>\n<meta property=\"og:type\" content=\"article\" \/>\n<meta property=\"og:title\" content=\"\u00c5rsanalyse: S\u00e5dan var danskernes aktivitet p\u00e5 sociale medier 2017\" \/>\n<meta property=\"og:description\" content=\"Igen i \u00e5r har Overskrift foretaget en digital analyse af over tendenser p\u00e5 sociale medier 2017.\" \/>\n<meta property=\"og:url\" content=\"https:\/\/www.overskrift.dk\/blog\/2018\/01\/31\/aarsanalyse-danskernes-aktivitet-paa-sociale-medier-2017\/\" \/>\n<meta property=\"og:site_name\" content=\"Overskrifts blog\" \/>\n<meta property=\"article:publisher\" content=\"https:\/\/www.facebook.com\/overskrift\" \/>\n<meta property=\"article:published_time\" content=\"2018-01-31T10:30:29+00:00\" \/>\n<meta property=\"article:modified_time\" content=\"2018-01-31T10:35:21+00:00\" \/>\n<meta property=\"og:image\" content=\"https:\/\/www.overskrift.dk\/blog\/wp-content\/uploads\/blogheader-1.jpg\" \/>\n\t<meta property=\"og:image:width\" content=\"1200\" \/>\n\t<meta property=\"og:image:height\" content=\"750\" \/>\n\t<meta property=\"og:image:type\" content=\"image\/jpeg\" \/>\n<meta name=\"author\" content=\"Anders Christian Larsen\" \/>\n<meta name=\"twitter:card\" content=\"summary_large_image\" \/>\n<meta name=\"twitter:creator\" content=\"@overskrift\" \/>\n<meta name=\"twitter:site\" content=\"@overskrift\" \/>\n<script type=\"application\/ld+json\" class=\"yoast-schema-graph\">{\"@context\":\"https:\\\/\\\/schema.org\",\"@graph\":[{\"@type\":\"Article\",\"@id\":\"https:\\\/\\\/www.overskrift.dk\\\/blog\\\/2018\\\/01\\\/31\\\/aarsanalyse-danskernes-aktivitet-paa-sociale-medier-2017\\\/#article\",\"isPartOf\":{\"@id\":\"https:\\\/\\\/www.overskrift.dk\\\/blog\\\/2018\\\/01\\\/31\\\/aarsanalyse-danskernes-aktivitet-paa-sociale-medier-2017\\\/\"},\"author\":{\"name\":\"Anders Christian Larsen\",\"@id\":\"https:\\\/\\\/www.overskrift.dk\\\/blog\\\/#\\\/schema\\\/person\\\/d142fd974ef34acd83859f1e631a9753\"},\"headline\":\"\u00c5rsanalyse: Danskernes aktivitet p\u00e5 sociale medier 2017\",\"datePublished\":\"2018-01-31T10:30:29+00:00\",\"dateModified\":\"2018-01-31T10:35:21+00:00\",\"mainEntityOfPage\":{\"@id\":\"https:\\\/\\\/www.overskrift.dk\\\/blog\\\/2018\\\/01\\\/31\\\/aarsanalyse-danskernes-aktivitet-paa-sociale-medier-2017\\\/\"},\"wordCount\":209,\"commentCount\":0,\"publisher\":{\"@id\":\"https:\\\/\\\/www.overskrift.dk\\\/blog\\\/#organization\"},\"image\":{\"@id\":\"https:\\\/\\\/www.overskrift.dk\\\/blog\\\/2018\\\/01\\\/31\\\/aarsanalyse-danskernes-aktivitet-paa-sociale-medier-2017\\\/#primaryimage\"},\"thumbnailUrl\":\"https:\\\/\\\/www.overskrift.dk\\\/blog\\\/wp-content\\\/uploads\\\/blogheader-1.jpg\",\"articleSection\":[\"Analyser\",\"N\u00f8gletal\"],\"inLanguage\":\"da-DK\",\"potentialAction\":[{\"@type\":\"CommentAction\",\"name\":\"Comment\",\"target\":[\"https:\\\/\\\/www.overskrift.dk\\\/blog\\\/2018\\\/01\\\/31\\\/aarsanalyse-danskernes-aktivitet-paa-sociale-medier-2017\\\/#respond\"]}]},{\"@type\":\"WebPage\",\"@id\":\"https:\\\/\\\/www.overskrift.dk\\\/blog\\\/2018\\\/01\\\/31\\\/aarsanalyse-danskernes-aktivitet-paa-sociale-medier-2017\\\/\",\"url\":\"https:\\\/\\\/www.overskrift.dk\\\/blog\\\/2018\\\/01\\\/31\\\/aarsanalyse-danskernes-aktivitet-paa-sociale-medier-2017\\\/\",\"name\":\"\u00c5rsanalyse: S\u00e5dan var danskernes aktivitet p\u00e5 sociale medier 2017\",\"isPartOf\":{\"@id\":\"https:\\\/\\\/www.overskrift.dk\\\/blog\\\/#website\"},\"primaryImageOfPage\":{\"@id\":\"https:\\\/\\\/www.overskrift.dk\\\/blog\\\/2018\\\/01\\\/31\\\/aarsanalyse-danskernes-aktivitet-paa-sociale-medier-2017\\\/#primaryimage\"},\"image\":{\"@id\":\"https:\\\/\\\/www.overskrift.dk\\\/blog\\\/2018\\\/01\\\/31\\\/aarsanalyse-danskernes-aktivitet-paa-sociale-medier-2017\\\/#primaryimage\"},\"thumbnailUrl\":\"https:\\\/\\\/www.overskrift.dk\\\/blog\\\/wp-content\\\/uploads\\\/blogheader-1.jpg\",\"datePublished\":\"2018-01-31T10:30:29+00:00\",\"dateModified\":\"2018-01-31T10:35:21+00:00\",\"description\":\"Igen i \u00e5r har Overskrift foretaget en digital analyse af over tendenser p\u00e5 sociale medier 2017.\",\"breadcrumb\":{\"@id\":\"https:\\\/\\\/www.overskrift.dk\\\/blog\\\/2018\\\/01\\\/31\\\/aarsanalyse-danskernes-aktivitet-paa-sociale-medier-2017\\\/#breadcrumb\"},\"inLanguage\":\"da-DK\",\"potentialAction\":[{\"@type\":\"ReadAction\",\"target\":[\"https:\\\/\\\/www.overskrift.dk\\\/blog\\\/2018\\\/01\\\/31\\\/aarsanalyse-danskernes-aktivitet-paa-sociale-medier-2017\\\/\"]}]},{\"@type\":\"ImageObject\",\"inLanguage\":\"da-DK\",\"@id\":\"https:\\\/\\\/www.overskrift.dk\\\/blog\\\/2018\\\/01\\\/31\\\/aarsanalyse-danskernes-aktivitet-paa-sociale-medier-2017\\\/#primaryimage\",\"url\":\"https:\\\/\\\/www.overskrift.dk\\\/blog\\\/wp-content\\\/uploads\\\/blogheader-1.jpg\",\"contentUrl\":\"https:\\\/\\\/www.overskrift.dk\\\/blog\\\/wp-content\\\/uploads\\\/blogheader-1.jpg\",\"width\":1200,\"height\":750},{\"@type\":\"BreadcrumbList\",\"@id\":\"https:\\\/\\\/www.overskrift.dk\\\/blog\\\/2018\\\/01\\\/31\\\/aarsanalyse-danskernes-aktivitet-paa-sociale-medier-2017\\\/#breadcrumb\",\"itemListElement\":[{\"@type\":\"ListItem\",\"position\":1,\"name\":\"Hjem\",\"item\":\"https:\\\/\\\/www.overskrift.dk\\\/blog\\\/\"},{\"@type\":\"ListItem\",\"position\":2,\"name\":\"\u00c5rsanalyse: Danskernes aktivitet p\u00e5 sociale medier 2017\"}]},{\"@type\":\"WebSite\",\"@id\":\"https:\\\/\\\/www.overskrift.dk\\\/blog\\\/#website\",\"url\":\"https:\\\/\\\/www.overskrift.dk\\\/blog\\\/\",\"name\":\"Overskrifts blog\",\"description\":\"Nyeste indl\u00e6g\",\"publisher\":{\"@id\":\"https:\\\/\\\/www.overskrift.dk\\\/blog\\\/#organization\"},\"potentialAction\":[{\"@type\":\"SearchAction\",\"target\":{\"@type\":\"EntryPoint\",\"urlTemplate\":\"https:\\\/\\\/www.overskrift.dk\\\/blog\\\/?s={search_term_string}\"},\"query-input\":{\"@type\":\"PropertyValueSpecification\",\"valueRequired\":true,\"valueName\":\"search_term_string\"}}],\"inLanguage\":\"da-DK\"},{\"@type\":\"Organization\",\"@id\":\"https:\\\/\\\/www.overskrift.dk\\\/blog\\\/#organization\",\"name\":\"Overskrift ApS\",\"url\":\"https:\\\/\\\/www.overskrift.dk\\\/blog\\\/\",\"logo\":{\"@type\":\"ImageObject\",\"inLanguage\":\"da-DK\",\"@id\":\"https:\\\/\\\/www.overskrift.dk\\\/blog\\\/#\\\/schema\\\/logo\\\/image\\\/\",\"url\":\"https:\\\/\\\/blog.overskrift.dk\\\/wp-content\\\/uploads\\\/Just-the-dots-1.png\",\"contentUrl\":\"https:\\\/\\\/blog.overskrift.dk\\\/wp-content\\\/uploads\\\/Just-the-dots-1.png\",\"width\":258,\"height\":257,\"caption\":\"Overskrift ApS\"},\"image\":{\"@id\":\"https:\\\/\\\/www.overskrift.dk\\\/blog\\\/#\\\/schema\\\/logo\\\/image\\\/\"},\"sameAs\":[\"https:\\\/\\\/www.facebook.com\\\/overskrift\",\"https:\\\/\\\/x.com\\\/overskrift\",\"https:\\\/\\\/www.instagram.com\\\/overskrift\\\/\",\"https:\\\/\\\/www.linkedin.com\\\/company\\\/10153434\"]},{\"@type\":\"Person\",\"@id\":\"https:\\\/\\\/www.overskrift.dk\\\/blog\\\/#\\\/schema\\\/person\\\/d142fd974ef34acd83859f1e631a9753\",\"name\":\"Anders Christian Larsen\",\"image\":{\"@type\":\"ImageObject\",\"inLanguage\":\"da-DK\",\"@id\":\"https:\\\/\\\/secure.gravatar.com\\\/avatar\\\/ad8b8081598294a8817ead03219dad180fb25a2a3ca025b18750ff6dfc5cd3d6?s=96&d=mm&r=g\",\"url\":\"https:\\\/\\\/secure.gravatar.com\\\/avatar\\\/ad8b8081598294a8817ead03219dad180fb25a2a3ca025b18750ff6dfc5cd3d6?s=96&d=mm&r=g\",\"contentUrl\":\"https:\\\/\\\/secure.gravatar.com\\\/avatar\\\/ad8b8081598294a8817ead03219dad180fb25a2a3ca025b18750ff6dfc5cd3d6?s=96&d=mm&r=g\",\"caption\":\"Anders Christian Larsen\"},\"description\":\"Indl\u00e6gget er skrevet af Anders Christian Larsen, der er markedschef i Overskrift. Anders har mere end 10 \u00e5rs erfaring med mediemonitorering og har en skarp sans for, hvad der r\u00f8r sig i markedet.\",\"url\":\"https:\\\/\\\/www.overskrift.dk\\\/blog\\\/author\\\/acl\\\/\"}]}<\/script>\n<!-- \/ Yoast SEO plugin. -->","yoast_head_json":{"title":"\u00c5rsanalyse: S\u00e5dan var danskernes aktivitet p\u00e5 sociale medier 2017","description":"Igen i \u00e5r har Overskrift foretaget en digital analyse af over tendenser p\u00e5 sociale medier 2017.","robots":{"index":"index","follow":"follow","max-snippet":"max-snippet:-1","max-image-preview":"max-image-preview:large","max-video-preview":"max-video-preview:-1"},"canonical":"https:\/\/www.overskrift.dk\/blog\/2018\/01\/31\/aarsanalyse-danskernes-aktivitet-paa-sociale-medier-2017\/","og_locale":"da_DK","og_type":"article","og_title":"\u00c5rsanalyse: S\u00e5dan var danskernes aktivitet p\u00e5 sociale medier 2017","og_description":"Igen i \u00e5r har Overskrift foretaget en digital analyse af over tendenser p\u00e5 sociale medier 2017.","og_url":"https:\/\/www.overskrift.dk\/blog\/2018\/01\/31\/aarsanalyse-danskernes-aktivitet-paa-sociale-medier-2017\/","og_site_name":"Overskrifts blog","article_publisher":"https:\/\/www.facebook.com\/overskrift","article_published_time":"2018-01-31T10:30:29+00:00","article_modified_time":"2018-01-31T10:35:21+00:00","og_image":[{"width":1200,"height":750,"url":"https:\/\/www.overskrift.dk\/blog\/wp-content\/uploads\/blogheader-1.jpg","type":"image\/jpeg"}],"author":"Anders Christian Larsen","twitter_card":"summary_large_image","twitter_creator":"@overskrift","twitter_site":"@overskrift","schema":{"@context":"https:\/\/schema.org","@graph":[{"@type":"Article","@id":"https:\/\/www.overskrift.dk\/blog\/2018\/01\/31\/aarsanalyse-danskernes-aktivitet-paa-sociale-medier-2017\/#article","isPartOf":{"@id":"https:\/\/www.overskrift.dk\/blog\/2018\/01\/31\/aarsanalyse-danskernes-aktivitet-paa-sociale-medier-2017\/"},"author":{"name":"Anders Christian Larsen","@id":"https:\/\/www.overskrift.dk\/blog\/#\/schema\/person\/d142fd974ef34acd83859f1e631a9753"},"headline":"\u00c5rsanalyse: Danskernes aktivitet p\u00e5 sociale medier 2017","datePublished":"2018-01-31T10:30:29+00:00","dateModified":"2018-01-31T10:35:21+00:00","mainEntityOfPage":{"@id":"https:\/\/www.overskrift.dk\/blog\/2018\/01\/31\/aarsanalyse-danskernes-aktivitet-paa-sociale-medier-2017\/"},"wordCount":209,"commentCount":0,"publisher":{"@id":"https:\/\/www.overskrift.dk\/blog\/#organization"},"image":{"@id":"https:\/\/www.overskrift.dk\/blog\/2018\/01\/31\/aarsanalyse-danskernes-aktivitet-paa-sociale-medier-2017\/#primaryimage"},"thumbnailUrl":"https:\/\/www.overskrift.dk\/blog\/wp-content\/uploads\/blogheader-1.jpg","articleSection":["Analyser","N\u00f8gletal"],"inLanguage":"da-DK","potentialAction":[{"@type":"CommentAction","name":"Comment","target":["https:\/\/www.overskrift.dk\/blog\/2018\/01\/31\/aarsanalyse-danskernes-aktivitet-paa-sociale-medier-2017\/#respond"]}]},{"@type":"WebPage","@id":"https:\/\/www.overskrift.dk\/blog\/2018\/01\/31\/aarsanalyse-danskernes-aktivitet-paa-sociale-medier-2017\/","url":"https:\/\/www.overskrift.dk\/blog\/2018\/01\/31\/aarsanalyse-danskernes-aktivitet-paa-sociale-medier-2017\/","name":"\u00c5rsanalyse: S\u00e5dan var danskernes aktivitet p\u00e5 sociale medier 2017","isPartOf":{"@id":"https:\/\/www.overskrift.dk\/blog\/#website"},"primaryImageOfPage":{"@id":"https:\/\/www.overskrift.dk\/blog\/2018\/01\/31\/aarsanalyse-danskernes-aktivitet-paa-sociale-medier-2017\/#primaryimage"},"image":{"@id":"https:\/\/www.overskrift.dk\/blog\/2018\/01\/31\/aarsanalyse-danskernes-aktivitet-paa-sociale-medier-2017\/#primaryimage"},"thumbnailUrl":"https:\/\/www.overskrift.dk\/blog\/wp-content\/uploads\/blogheader-1.jpg","datePublished":"2018-01-31T10:30:29+00:00","dateModified":"2018-01-31T10:35:21+00:00","description":"Igen i \u00e5r har Overskrift foretaget en digital analyse af over tendenser p\u00e5 sociale medier 2017.","breadcrumb":{"@id":"https:\/\/www.overskrift.dk\/blog\/2018\/01\/31\/aarsanalyse-danskernes-aktivitet-paa-sociale-medier-2017\/#breadcrumb"},"inLanguage":"da-DK","potentialAction":[{"@type":"ReadAction","target":["https:\/\/www.overskrift.dk\/blog\/2018\/01\/31\/aarsanalyse-danskernes-aktivitet-paa-sociale-medier-2017\/"]}]},{"@type":"ImageObject","inLanguage":"da-DK","@id":"https:\/\/www.overskrift.dk\/blog\/2018\/01\/31\/aarsanalyse-danskernes-aktivitet-paa-sociale-medier-2017\/#primaryimage","url":"https:\/\/www.overskrift.dk\/blog\/wp-content\/uploads\/blogheader-1.jpg","contentUrl":"https:\/\/www.overskrift.dk\/blog\/wp-content\/uploads\/blogheader-1.jpg","width":1200,"height":750},{"@type":"BreadcrumbList","@id":"https:\/\/www.overskrift.dk\/blog\/2018\/01\/31\/aarsanalyse-danskernes-aktivitet-paa-sociale-medier-2017\/#breadcrumb","itemListElement":[{"@type":"ListItem","position":1,"name":"Hjem","item":"https:\/\/www.overskrift.dk\/blog\/"},{"@type":"ListItem","position":2,"name":"\u00c5rsanalyse: Danskernes aktivitet p\u00e5 sociale medier 2017"}]},{"@type":"WebSite","@id":"https:\/\/www.overskrift.dk\/blog\/#website","url":"https:\/\/www.overskrift.dk\/blog\/","name":"Overskrifts blog","description":"Nyeste indl\u00e6g","publisher":{"@id":"https:\/\/www.overskrift.dk\/blog\/#organization"},"potentialAction":[{"@type":"SearchAction","target":{"@type":"EntryPoint","urlTemplate":"https:\/\/www.overskrift.dk\/blog\/?s={search_term_string}"},"query-input":{"@type":"PropertyValueSpecification","valueRequired":true,"valueName":"search_term_string"}}],"inLanguage":"da-DK"},{"@type":"Organization","@id":"https:\/\/www.overskrift.dk\/blog\/#organization","name":"Overskrift ApS","url":"https:\/\/www.overskrift.dk\/blog\/","logo":{"@type":"ImageObject","inLanguage":"da-DK","@id":"https:\/\/www.overskrift.dk\/blog\/#\/schema\/logo\/image\/","url":"https:\/\/blog.overskrift.dk\/wp-content\/uploads\/Just-the-dots-1.png","contentUrl":"https:\/\/blog.overskrift.dk\/wp-content\/uploads\/Just-the-dots-1.png","width":258,"height":257,"caption":"Overskrift ApS"},"image":{"@id":"https:\/\/www.overskrift.dk\/blog\/#\/schema\/logo\/image\/"},"sameAs":["https:\/\/www.facebook.com\/overskrift","https:\/\/x.com\/overskrift","https:\/\/www.instagram.com\/overskrift\/","https:\/\/www.linkedin.com\/company\/10153434"]},{"@type":"Person","@id":"https:\/\/www.overskrift.dk\/blog\/#\/schema\/person\/d142fd974ef34acd83859f1e631a9753","name":"Anders Christian Larsen","image":{"@type":"ImageObject","inLanguage":"da-DK","@id":"https:\/\/secure.gravatar.com\/avatar\/ad8b8081598294a8817ead03219dad180fb25a2a3ca025b18750ff6dfc5cd3d6?s=96&d=mm&r=g","url":"https:\/\/secure.gravatar.com\/avatar\/ad8b8081598294a8817ead03219dad180fb25a2a3ca025b18750ff6dfc5cd3d6?s=96&d=mm&r=g","contentUrl":"https:\/\/secure.gravatar.com\/avatar\/ad8b8081598294a8817ead03219dad180fb25a2a3ca025b18750ff6dfc5cd3d6?s=96&d=mm&r=g","caption":"Anders Christian Larsen"},"description":"Indl\u00e6gget er skrevet af Anders Christian Larsen, der er markedschef i Overskrift. Anders har mere end 10 \u00e5rs erfaring med mediemonitorering og har en skarp sans for, hvad der r\u00f8r sig i markedet.","url":"https:\/\/www.overskrift.dk\/blog\/author\/acl\/"}]}},"_links":{"self":[{"href":"https:\/\/www.overskrift.dk\/blog\/wp-json\/wp\/v2\/posts\/8252","targetHints":{"allow":["GET"]}}],"collection":[{"href":"https:\/\/www.overskrift.dk\/blog\/wp-json\/wp\/v2\/posts"}],"about":[{"href":"https:\/\/www.overskrift.dk\/blog\/wp-json\/wp\/v2\/types\/post"}],"author":[{"embeddable":true,"href":"https:\/\/www.overskrift.dk\/blog\/wp-json\/wp\/v2\/users\/16"}],"replies":[{"embeddable":true,"href":"https:\/\/www.overskrift.dk\/blog\/wp-json\/wp\/v2\/comments?post=8252"}],"version-history":[{"count":9,"href":"https:\/\/www.overskrift.dk\/blog\/wp-json\/wp\/v2\/posts\/8252\/revisions"}],"predecessor-version":[{"id":8441,"href":"https:\/\/www.overskrift.dk\/blog\/wp-json\/wp\/v2\/posts\/8252\/revisions\/8441"}],"wp:featuredmedia":[{"embeddable":true,"href":"https:\/\/www.overskrift.dk\/blog\/wp-json\/wp\/v2\/media\/8440"}],"wp:attachment":[{"href":"https:\/\/www.overskrift.dk\/blog\/wp-json\/wp\/v2\/media?parent=8252"}],"wp:term":[{"taxonomy":"category","embeddable":true,"href":"https:\/\/www.overskrift.dk\/blog\/wp-json\/wp\/v2\/categories?post=8252"},{"taxonomy":"post_tag","embeddable":true,"href":"https:\/\/www.overskrift.dk\/blog\/wp-json\/wp\/v2\/tags?post=8252"}],"curies":[{"name":"wp","href":"https:\/\/api.w.org\/{rel}","templated":true}]}}