{"id":8509,"date":"2018-04-05T12:42:30","date_gmt":"2018-04-05T10:42:30","guid":{"rendered":"http:\/\/blog.overskrift.dk\/?p=8509"},"modified":"2018-04-06T10:26:59","modified_gmt":"2018-04-06T08:26:59","slug":"instagram-har-lukket-for-adgang-til-alle-centrale-feeds-oejeblikkeligt","status":"publish","type":"post","link":"https:\/\/www.overskrift.dk\/blog\/2018\/04\/05\/instagram-har-lukket-for-adgang-til-alle-centrale-feeds-oejeblikkeligt\/","title":{"rendered":"Instagram har lukket for adgang til alle centrale feeds &#8211; \u00f8jeblikkeligt"},"content":{"rendered":"<p><strong>Instagram har lukket for adgang til en us\u00e6dvanlig stor m\u00e6ngde data, uden varsel. Et januar-varsel om \u00e6ndringer af Instagram platformen senere p\u00e5 \u00e5ret &#8211; f\u00f8rste gang i juli 2018, blev pludselig til en uanmeldt begr\u00e6nsning p\u00e5 opslag med 96% den 30. marts og senest den 4. april, til lukning af de prim\u00e6re data-adgange uden yderligere varsel.\u00a0Det <a href=\"https:\/\/techcrunch.com\/2018\/04\/02\/instagram-api-limit\/\">skriver bl.a. TechCrunch<\/a>.\u00a0<\/strong><\/p>\n<p><strong>Pr. 4. april modtager Overskrift&#8217;s kunder ikke l\u00e6ngere underretninger om omtaler i billedtekster eller kommentarer fra Instagram.<\/strong><\/p>\n<p>I januar varslede Instagram, at alle system-kald i fremtiden ville ske via ejerens (Facebook) Graph API (Application Programming Interface) platform, og at der ville blive mulighed for online-tjenester til at planl\u00e6gge flytning l\u00f8bende over de n\u00e6ste par \u00e5r. Der vil ogs\u00e5 blive indskr\u00e6nkede muligheder for at hente offenligt indhold fra Instagram-brugere, der ikke havde konverteret til en business-profil.<\/p>\n<p>Men i p\u00e5sken l\u00f8d alarmerne s\u00e5. Applikationer ramte hurtigt loftet for antallet af Instagram-foresp\u00f8rgsler tilladt indenfor en time. Og det var ikke kun hos Overskrift &#8211; det er alle applikationer, apps og websites som benytter sig af Instagram-data via deres udbudte API.\u00a0\u00a0Antallet at tilladte opslag blev 30. marts pludeseligt s\u00e6nket med 96%, <em>uden varsel<\/em>.<\/p>\n<p>Det er ikke f\u00f8rste gang det er sket, men det er f\u00f8rste gang det er sket for Instagram. <a href=\"https:\/\/developers.facebook.com\/bugs\/294623187324442\">I 2013 \u00e6ndrede Facebook eksempelvis deres s\u00f8gefunktionalitet<\/a>, s\u00e5 et opslag der tidligere havde filtreret resultaterne til kun at v\u00e6re danske, pludselig gav resultater p\u00e5 alle sprog. Forklaringen fra Facebook: <em>&#8220;Hvis det virkede tidligere, var det en fejl&#8221;<\/em>.<\/p>\n<p>Den tidligere udmeldte tidsplan viste sig ikke god nok, og derfor blev den &#8220;accelereret&#8221; den 4. april, hvormed alle offentlige <strong>adgange til indhold blev lukket 4. april 2018<\/strong> med \u00f8jeblikkelig virkning:<\/p>\n<a href=\"http:\/\/blog.overskrift.dk\/wp-content\/uploads\/Instagram_Developer_Documentation.jpg\"><img loading=\"lazy\" decoding=\"async\" class=\"size-medium wp-image-8510 aligncenter\" src=\"http:\/\/blog.overskrift.dk\/wp-content\/uploads\/Instagram_Developer_Documentation-700x287.jpg\" alt=\"\" width=\"700\" height=\"287\" srcset=\"https:\/\/www.overskrift.dk\/blog\/wp-content\/uploads\/Instagram_Developer_Documentation-700x287.jpg 700w, https:\/\/www.overskrift.dk\/blog\/wp-content\/uploads\/Instagram_Developer_Documentation-768x314.jpg 768w, https:\/\/www.overskrift.dk\/blog\/wp-content\/uploads\/Instagram_Developer_Documentation.jpg 1402w\" sizes=\"auto, (max-width: 700px) 100vw, 700px\" \/><\/a>\n<p>Trods pres p\u00e5 organisationen i forl\u00e6ngelse af Cambridge Analytica-sagen, virker det som om Instagram\/Facebook er g\u00e5et i panik, p\u00e5 dagen hvor antallet af <a href=\"https:\/\/www.dr.dk\/nyheder\/udland\/facebook-op-mod-87-millioner-brugeres-informationer-er-blevet-misbrugt\">eksponerede brugere steg fra 50 millioner til 87 millioner<\/a>.<\/p>\n<p>For Overskrift brugere betyder det s\u00e5ledes bl.a. at det pt. ikke er muligt at f\u00e5 adgang til nye billeder og indhold fra Instagram, mens tidligere Instagram billeder og kommentarer i brugernes resultater stadig er tilg\u00e6ngeligt i Overskrift tjenesten.<\/p>\n<p>Overskrift f\u00f8lger situationen n\u00f8je, og holder dig opdateret her.<\/p>\n","protected":false},"excerpt":{"rendered":"<p>Instagram har lukket for adgang til en us\u00e6dvanlig stor m\u00e6ngde data, uden varsel. Et januar-varsel om \u00e6ndringer af Instagram platformen senere p\u00e5 \u00e5ret &#8211; f\u00f8rste gang i juli&hellip;<\/p>\n","protected":false},"author":5,"featured_media":8520,"comment_status":"open","ping_status":"open","sticky":false,"template":"","format":"standard","meta":{"cybocfi_hide_featured_image":"","footnotes":""},"categories":[303],"tags":[243,421],"class_list":["post-8509","post","type-post","status-publish","format-standard","has-post-thumbnail","hentry","category-nyt-hos-overskrift","tag-instagram","tag-teknik"],"yoast_head":"<!-- This site is optimized with the Yoast SEO plugin v27.5 - https:\/\/yoast.com\/product\/yoast-seo-wordpress\/ -->\n<title>Instagram har lukket for adgang til alle centrale feeds - \u00f8jeblikkeligt - Overskrifts blog<\/title>\n<meta name=\"robots\" content=\"index, follow, max-snippet:-1, max-image-preview:large, max-video-preview:-1\" \/>\n<link rel=\"canonical\" href=\"https:\/\/www.overskrift.dk\/blog\/2018\/04\/05\/instagram-har-lukket-for-adgang-til-alle-centrale-feeds-oejeblikkeligt\/\" \/>\n<meta property=\"og:locale\" content=\"da_DK\" \/>\n<meta property=\"og:type\" content=\"article\" \/>\n<meta property=\"og:title\" content=\"Instagram har lukket for adgang til alle centrale feeds - \u00f8jeblikkeligt - Overskrifts blog\" \/>\n<meta property=\"og:description\" content=\"Instagram har lukket for adgang til en us\u00e6dvanlig stor m\u00e6ngde data, uden varsel. Et januar-varsel om \u00e6ndringer af Instagram platformen senere p\u00e5 \u00e5ret &#8211; f\u00f8rste gang i juli&hellip;\" \/>\n<meta property=\"og:url\" content=\"https:\/\/www.overskrift.dk\/blog\/2018\/04\/05\/instagram-har-lukket-for-adgang-til-alle-centrale-feeds-oejeblikkeligt\/\" \/>\n<meta property=\"og:site_name\" content=\"Overskrifts blog\" \/>\n<meta property=\"article:publisher\" content=\"https:\/\/www.facebook.com\/overskrift\" \/>\n<meta property=\"article:published_time\" content=\"2018-04-05T10:42:30+00:00\" \/>\n<meta property=\"article:modified_time\" content=\"2018-04-06T08:26:59+00:00\" \/>\n<meta property=\"og:image\" content=\"https:\/\/www.overskrift.dk\/blog\/wp-content\/uploads\/InstaQuestion.jpg\" \/>\n\t<meta property=\"og:image:width\" content=\"1200\" \/>\n\t<meta property=\"og:image:height\" content=\"640\" \/>\n\t<meta property=\"og:image:type\" content=\"image\/jpeg\" \/>\n<meta name=\"author\" content=\"Jens Ulrik Lange\" \/>\n<meta name=\"twitter:card\" content=\"summary_large_image\" \/>\n<meta name=\"twitter:creator\" content=\"@overskrift\" \/>\n<meta name=\"twitter:site\" content=\"@overskrift\" \/>\n<script type=\"application\/ld+json\" class=\"yoast-schema-graph\">{\"@context\":\"https:\\\/\\\/schema.org\",\"@graph\":[{\"@type\":\"Article\",\"@id\":\"https:\\\/\\\/www.overskrift.dk\\\/blog\\\/2018\\\/04\\\/05\\\/instagram-har-lukket-for-adgang-til-alle-centrale-feeds-oejeblikkeligt\\\/#article\",\"isPartOf\":{\"@id\":\"https:\\\/\\\/www.overskrift.dk\\\/blog\\\/2018\\\/04\\\/05\\\/instagram-har-lukket-for-adgang-til-alle-centrale-feeds-oejeblikkeligt\\\/\"},\"author\":{\"name\":\"Jens Ulrik Lange\",\"@id\":\"https:\\\/\\\/www.overskrift.dk\\\/blog\\\/#\\\/schema\\\/person\\\/3d7f3e6f67bdbd0ac5a54f2e0636d425\"},\"headline\":\"Instagram har lukket for adgang til alle centrale feeds &#8211; \u00f8jeblikkeligt\",\"datePublished\":\"2018-04-05T10:42:30+00:00\",\"dateModified\":\"2018-04-06T08:26:59+00:00\",\"mainEntityOfPage\":{\"@id\":\"https:\\\/\\\/www.overskrift.dk\\\/blog\\\/2018\\\/04\\\/05\\\/instagram-har-lukket-for-adgang-til-alle-centrale-feeds-oejeblikkeligt\\\/\"},\"wordCount\":380,\"commentCount\":0,\"publisher\":{\"@id\":\"https:\\\/\\\/www.overskrift.dk\\\/blog\\\/#organization\"},\"image\":{\"@id\":\"https:\\\/\\\/www.overskrift.dk\\\/blog\\\/2018\\\/04\\\/05\\\/instagram-har-lukket-for-adgang-til-alle-centrale-feeds-oejeblikkeligt\\\/#primaryimage\"},\"thumbnailUrl\":\"https:\\\/\\\/www.overskrift.dk\\\/blog\\\/wp-content\\\/uploads\\\/InstaQuestion.jpg\",\"keywords\":[\"instagram\",\"Teknik\"],\"articleSection\":[\"Nyt hos Overskrift\"],\"inLanguage\":\"da-DK\",\"potentialAction\":[{\"@type\":\"CommentAction\",\"name\":\"Comment\",\"target\":[\"https:\\\/\\\/www.overskrift.dk\\\/blog\\\/2018\\\/04\\\/05\\\/instagram-har-lukket-for-adgang-til-alle-centrale-feeds-oejeblikkeligt\\\/#respond\"]}]},{\"@type\":\"WebPage\",\"@id\":\"https:\\\/\\\/www.overskrift.dk\\\/blog\\\/2018\\\/04\\\/05\\\/instagram-har-lukket-for-adgang-til-alle-centrale-feeds-oejeblikkeligt\\\/\",\"url\":\"https:\\\/\\\/www.overskrift.dk\\\/blog\\\/2018\\\/04\\\/05\\\/instagram-har-lukket-for-adgang-til-alle-centrale-feeds-oejeblikkeligt\\\/\",\"name\":\"Instagram har lukket for adgang til alle centrale feeds - \u00f8jeblikkeligt - Overskrifts blog\",\"isPartOf\":{\"@id\":\"https:\\\/\\\/www.overskrift.dk\\\/blog\\\/#website\"},\"primaryImageOfPage\":{\"@id\":\"https:\\\/\\\/www.overskrift.dk\\\/blog\\\/2018\\\/04\\\/05\\\/instagram-har-lukket-for-adgang-til-alle-centrale-feeds-oejeblikkeligt\\\/#primaryimage\"},\"image\":{\"@id\":\"https:\\\/\\\/www.overskrift.dk\\\/blog\\\/2018\\\/04\\\/05\\\/instagram-har-lukket-for-adgang-til-alle-centrale-feeds-oejeblikkeligt\\\/#primaryimage\"},\"thumbnailUrl\":\"https:\\\/\\\/www.overskrift.dk\\\/blog\\\/wp-content\\\/uploads\\\/InstaQuestion.jpg\",\"datePublished\":\"2018-04-05T10:42:30+00:00\",\"dateModified\":\"2018-04-06T08:26:59+00:00\",\"breadcrumb\":{\"@id\":\"https:\\\/\\\/www.overskrift.dk\\\/blog\\\/2018\\\/04\\\/05\\\/instagram-har-lukket-for-adgang-til-alle-centrale-feeds-oejeblikkeligt\\\/#breadcrumb\"},\"inLanguage\":\"da-DK\",\"potentialAction\":[{\"@type\":\"ReadAction\",\"target\":[\"https:\\\/\\\/www.overskrift.dk\\\/blog\\\/2018\\\/04\\\/05\\\/instagram-har-lukket-for-adgang-til-alle-centrale-feeds-oejeblikkeligt\\\/\"]}]},{\"@type\":\"ImageObject\",\"inLanguage\":\"da-DK\",\"@id\":\"https:\\\/\\\/www.overskrift.dk\\\/blog\\\/2018\\\/04\\\/05\\\/instagram-har-lukket-for-adgang-til-alle-centrale-feeds-oejeblikkeligt\\\/#primaryimage\",\"url\":\"https:\\\/\\\/www.overskrift.dk\\\/blog\\\/wp-content\\\/uploads\\\/InstaQuestion.jpg\",\"contentUrl\":\"https:\\\/\\\/www.overskrift.dk\\\/blog\\\/wp-content\\\/uploads\\\/InstaQuestion.jpg\",\"width\":1200,\"height\":640},{\"@type\":\"BreadcrumbList\",\"@id\":\"https:\\\/\\\/www.overskrift.dk\\\/blog\\\/2018\\\/04\\\/05\\\/instagram-har-lukket-for-adgang-til-alle-centrale-feeds-oejeblikkeligt\\\/#breadcrumb\",\"itemListElement\":[{\"@type\":\"ListItem\",\"position\":1,\"name\":\"Hjem\",\"item\":\"https:\\\/\\\/www.overskrift.dk\\\/blog\\\/\"},{\"@type\":\"ListItem\",\"position\":2,\"name\":\"Instagram har lukket for adgang til alle centrale feeds &#8211; \u00f8jeblikkeligt\"}]},{\"@type\":\"WebSite\",\"@id\":\"https:\\\/\\\/www.overskrift.dk\\\/blog\\\/#website\",\"url\":\"https:\\\/\\\/www.overskrift.dk\\\/blog\\\/\",\"name\":\"Overskrifts blog\",\"description\":\"Nyeste indl\u00e6g\",\"publisher\":{\"@id\":\"https:\\\/\\\/www.overskrift.dk\\\/blog\\\/#organization\"},\"potentialAction\":[{\"@type\":\"SearchAction\",\"target\":{\"@type\":\"EntryPoint\",\"urlTemplate\":\"https:\\\/\\\/www.overskrift.dk\\\/blog\\\/?s={search_term_string}\"},\"query-input\":{\"@type\":\"PropertyValueSpecification\",\"valueRequired\":true,\"valueName\":\"search_term_string\"}}],\"inLanguage\":\"da-DK\"},{\"@type\":\"Organization\",\"@id\":\"https:\\\/\\\/www.overskrift.dk\\\/blog\\\/#organization\",\"name\":\"Overskrift ApS\",\"url\":\"https:\\\/\\\/www.overskrift.dk\\\/blog\\\/\",\"logo\":{\"@type\":\"ImageObject\",\"inLanguage\":\"da-DK\",\"@id\":\"https:\\\/\\\/www.overskrift.dk\\\/blog\\\/#\\\/schema\\\/logo\\\/image\\\/\",\"url\":\"https:\\\/\\\/blog.overskrift.dk\\\/wp-content\\\/uploads\\\/Just-the-dots-1.png\",\"contentUrl\":\"https:\\\/\\\/blog.overskrift.dk\\\/wp-content\\\/uploads\\\/Just-the-dots-1.png\",\"width\":258,\"height\":257,\"caption\":\"Overskrift ApS\"},\"image\":{\"@id\":\"https:\\\/\\\/www.overskrift.dk\\\/blog\\\/#\\\/schema\\\/logo\\\/image\\\/\"},\"sameAs\":[\"https:\\\/\\\/www.facebook.com\\\/overskrift\",\"https:\\\/\\\/x.com\\\/overskrift\",\"https:\\\/\\\/www.instagram.com\\\/overskrift\\\/\",\"https:\\\/\\\/www.linkedin.com\\\/company\\\/10153434\"]},{\"@type\":\"Person\",\"@id\":\"https:\\\/\\\/www.overskrift.dk\\\/blog\\\/#\\\/schema\\\/person\\\/3d7f3e6f67bdbd0ac5a54f2e0636d425\",\"name\":\"Jens Ulrik Lange\",\"image\":{\"@type\":\"ImageObject\",\"inLanguage\":\"da-DK\",\"@id\":\"https:\\\/\\\/secure.gravatar.com\\\/avatar\\\/1a6a5e80737c0601b8636b4f5d44bbb6784206b176e34a44cb735e4516b70777?s=96&d=mm&r=g\",\"url\":\"https:\\\/\\\/secure.gravatar.com\\\/avatar\\\/1a6a5e80737c0601b8636b4f5d44bbb6784206b176e34a44cb735e4516b70777?s=96&d=mm&r=g\",\"contentUrl\":\"https:\\\/\\\/secure.gravatar.com\\\/avatar\\\/1a6a5e80737c0601b8636b4f5d44bbb6784206b176e34a44cb735e4516b70777?s=96&d=mm&r=g\",\"caption\":\"Jens Ulrik Lange\"},\"description\":\"Indl\u00e6gget er skrevet af Jens Ulrik, der er partner i og medstifter af Overskrift. Jens Ulrik er Overskrifts tekniske geni, og han har desuden mange \u00e5rs erfaring med r\u00e5dgivning inden for sociale medier og nyhedssites.\",\"url\":\"https:\\\/\\\/www.overskrift.dk\\\/blog\\\/author\\\/jensulrik\\\/\"}]}<\/script>\n<!-- \/ Yoast SEO plugin. -->","yoast_head_json":{"title":"Instagram har lukket for adgang til alle centrale feeds - \u00f8jeblikkeligt - Overskrifts blog","robots":{"index":"index","follow":"follow","max-snippet":"max-snippet:-1","max-image-preview":"max-image-preview:large","max-video-preview":"max-video-preview:-1"},"canonical":"https:\/\/www.overskrift.dk\/blog\/2018\/04\/05\/instagram-har-lukket-for-adgang-til-alle-centrale-feeds-oejeblikkeligt\/","og_locale":"da_DK","og_type":"article","og_title":"Instagram har lukket for adgang til alle centrale feeds - \u00f8jeblikkeligt - Overskrifts blog","og_description":"Instagram har lukket for adgang til en us\u00e6dvanlig stor m\u00e6ngde data, uden varsel. Et januar-varsel om \u00e6ndringer af Instagram platformen senere p\u00e5 \u00e5ret &#8211; f\u00f8rste gang i juli&hellip;","og_url":"https:\/\/www.overskrift.dk\/blog\/2018\/04\/05\/instagram-har-lukket-for-adgang-til-alle-centrale-feeds-oejeblikkeligt\/","og_site_name":"Overskrifts blog","article_publisher":"https:\/\/www.facebook.com\/overskrift","article_published_time":"2018-04-05T10:42:30+00:00","article_modified_time":"2018-04-06T08:26:59+00:00","og_image":[{"width":1200,"height":640,"url":"https:\/\/www.overskrift.dk\/blog\/wp-content\/uploads\/InstaQuestion.jpg","type":"image\/jpeg"}],"author":"Jens Ulrik Lange","twitter_card":"summary_large_image","twitter_creator":"@overskrift","twitter_site":"@overskrift","schema":{"@context":"https:\/\/schema.org","@graph":[{"@type":"Article","@id":"https:\/\/www.overskrift.dk\/blog\/2018\/04\/05\/instagram-har-lukket-for-adgang-til-alle-centrale-feeds-oejeblikkeligt\/#article","isPartOf":{"@id":"https:\/\/www.overskrift.dk\/blog\/2018\/04\/05\/instagram-har-lukket-for-adgang-til-alle-centrale-feeds-oejeblikkeligt\/"},"author":{"name":"Jens Ulrik Lange","@id":"https:\/\/www.overskrift.dk\/blog\/#\/schema\/person\/3d7f3e6f67bdbd0ac5a54f2e0636d425"},"headline":"Instagram har lukket for adgang til alle centrale feeds &#8211; \u00f8jeblikkeligt","datePublished":"2018-04-05T10:42:30+00:00","dateModified":"2018-04-06T08:26:59+00:00","mainEntityOfPage":{"@id":"https:\/\/www.overskrift.dk\/blog\/2018\/04\/05\/instagram-har-lukket-for-adgang-til-alle-centrale-feeds-oejeblikkeligt\/"},"wordCount":380,"commentCount":0,"publisher":{"@id":"https:\/\/www.overskrift.dk\/blog\/#organization"},"image":{"@id":"https:\/\/www.overskrift.dk\/blog\/2018\/04\/05\/instagram-har-lukket-for-adgang-til-alle-centrale-feeds-oejeblikkeligt\/#primaryimage"},"thumbnailUrl":"https:\/\/www.overskrift.dk\/blog\/wp-content\/uploads\/InstaQuestion.jpg","keywords":["instagram","Teknik"],"articleSection":["Nyt hos Overskrift"],"inLanguage":"da-DK","potentialAction":[{"@type":"CommentAction","name":"Comment","target":["https:\/\/www.overskrift.dk\/blog\/2018\/04\/05\/instagram-har-lukket-for-adgang-til-alle-centrale-feeds-oejeblikkeligt\/#respond"]}]},{"@type":"WebPage","@id":"https:\/\/www.overskrift.dk\/blog\/2018\/04\/05\/instagram-har-lukket-for-adgang-til-alle-centrale-feeds-oejeblikkeligt\/","url":"https:\/\/www.overskrift.dk\/blog\/2018\/04\/05\/instagram-har-lukket-for-adgang-til-alle-centrale-feeds-oejeblikkeligt\/","name":"Instagram har lukket for adgang til alle centrale feeds - \u00f8jeblikkeligt - Overskrifts blog","isPartOf":{"@id":"https:\/\/www.overskrift.dk\/blog\/#website"},"primaryImageOfPage":{"@id":"https:\/\/www.overskrift.dk\/blog\/2018\/04\/05\/instagram-har-lukket-for-adgang-til-alle-centrale-feeds-oejeblikkeligt\/#primaryimage"},"image":{"@id":"https:\/\/www.overskrift.dk\/blog\/2018\/04\/05\/instagram-har-lukket-for-adgang-til-alle-centrale-feeds-oejeblikkeligt\/#primaryimage"},"thumbnailUrl":"https:\/\/www.overskrift.dk\/blog\/wp-content\/uploads\/InstaQuestion.jpg","datePublished":"2018-04-05T10:42:30+00:00","dateModified":"2018-04-06T08:26:59+00:00","breadcrumb":{"@id":"https:\/\/www.overskrift.dk\/blog\/2018\/04\/05\/instagram-har-lukket-for-adgang-til-alle-centrale-feeds-oejeblikkeligt\/#breadcrumb"},"inLanguage":"da-DK","potentialAction":[{"@type":"ReadAction","target":["https:\/\/www.overskrift.dk\/blog\/2018\/04\/05\/instagram-har-lukket-for-adgang-til-alle-centrale-feeds-oejeblikkeligt\/"]}]},{"@type":"ImageObject","inLanguage":"da-DK","@id":"https:\/\/www.overskrift.dk\/blog\/2018\/04\/05\/instagram-har-lukket-for-adgang-til-alle-centrale-feeds-oejeblikkeligt\/#primaryimage","url":"https:\/\/www.overskrift.dk\/blog\/wp-content\/uploads\/InstaQuestion.jpg","contentUrl":"https:\/\/www.overskrift.dk\/blog\/wp-content\/uploads\/InstaQuestion.jpg","width":1200,"height":640},{"@type":"BreadcrumbList","@id":"https:\/\/www.overskrift.dk\/blog\/2018\/04\/05\/instagram-har-lukket-for-adgang-til-alle-centrale-feeds-oejeblikkeligt\/#breadcrumb","itemListElement":[{"@type":"ListItem","position":1,"name":"Hjem","item":"https:\/\/www.overskrift.dk\/blog\/"},{"@type":"ListItem","position":2,"name":"Instagram har lukket for adgang til alle centrale feeds &#8211; \u00f8jeblikkeligt"}]},{"@type":"WebSite","@id":"https:\/\/www.overskrift.dk\/blog\/#website","url":"https:\/\/www.overskrift.dk\/blog\/","name":"Overskrifts blog","description":"Nyeste indl\u00e6g","publisher":{"@id":"https:\/\/www.overskrift.dk\/blog\/#organization"},"potentialAction":[{"@type":"SearchAction","target":{"@type":"EntryPoint","urlTemplate":"https:\/\/www.overskrift.dk\/blog\/?s={search_term_string}"},"query-input":{"@type":"PropertyValueSpecification","valueRequired":true,"valueName":"search_term_string"}}],"inLanguage":"da-DK"},{"@type":"Organization","@id":"https:\/\/www.overskrift.dk\/blog\/#organization","name":"Overskrift ApS","url":"https:\/\/www.overskrift.dk\/blog\/","logo":{"@type":"ImageObject","inLanguage":"da-DK","@id":"https:\/\/www.overskrift.dk\/blog\/#\/schema\/logo\/image\/","url":"https:\/\/blog.overskrift.dk\/wp-content\/uploads\/Just-the-dots-1.png","contentUrl":"https:\/\/blog.overskrift.dk\/wp-content\/uploads\/Just-the-dots-1.png","width":258,"height":257,"caption":"Overskrift ApS"},"image":{"@id":"https:\/\/www.overskrift.dk\/blog\/#\/schema\/logo\/image\/"},"sameAs":["https:\/\/www.facebook.com\/overskrift","https:\/\/x.com\/overskrift","https:\/\/www.instagram.com\/overskrift\/","https:\/\/www.linkedin.com\/company\/10153434"]},{"@type":"Person","@id":"https:\/\/www.overskrift.dk\/blog\/#\/schema\/person\/3d7f3e6f67bdbd0ac5a54f2e0636d425","name":"Jens Ulrik Lange","image":{"@type":"ImageObject","inLanguage":"da-DK","@id":"https:\/\/secure.gravatar.com\/avatar\/1a6a5e80737c0601b8636b4f5d44bbb6784206b176e34a44cb735e4516b70777?s=96&d=mm&r=g","url":"https:\/\/secure.gravatar.com\/avatar\/1a6a5e80737c0601b8636b4f5d44bbb6784206b176e34a44cb735e4516b70777?s=96&d=mm&r=g","contentUrl":"https:\/\/secure.gravatar.com\/avatar\/1a6a5e80737c0601b8636b4f5d44bbb6784206b176e34a44cb735e4516b70777?s=96&d=mm&r=g","caption":"Jens Ulrik Lange"},"description":"Indl\u00e6gget er skrevet af Jens Ulrik, der er partner i og medstifter af Overskrift. Jens Ulrik er Overskrifts tekniske geni, og han har desuden mange \u00e5rs erfaring med r\u00e5dgivning inden for sociale medier og nyhedssites.","url":"https:\/\/www.overskrift.dk\/blog\/author\/jensulrik\/"}]}},"_links":{"self":[{"href":"https:\/\/www.overskrift.dk\/blog\/wp-json\/wp\/v2\/posts\/8509","targetHints":{"allow":["GET"]}}],"collection":[{"href":"https:\/\/www.overskrift.dk\/blog\/wp-json\/wp\/v2\/posts"}],"about":[{"href":"https:\/\/www.overskrift.dk\/blog\/wp-json\/wp\/v2\/types\/post"}],"author":[{"embeddable":true,"href":"https:\/\/www.overskrift.dk\/blog\/wp-json\/wp\/v2\/users\/5"}],"replies":[{"embeddable":true,"href":"https:\/\/www.overskrift.dk\/blog\/wp-json\/wp\/v2\/comments?post=8509"}],"version-history":[{"count":11,"href":"https:\/\/www.overskrift.dk\/blog\/wp-json\/wp\/v2\/posts\/8509\/revisions"}],"predecessor-version":[{"id":8522,"href":"https:\/\/www.overskrift.dk\/blog\/wp-json\/wp\/v2\/posts\/8509\/revisions\/8522"}],"wp:featuredmedia":[{"embeddable":true,"href":"https:\/\/www.overskrift.dk\/blog\/wp-json\/wp\/v2\/media\/8520"}],"wp:attachment":[{"href":"https:\/\/www.overskrift.dk\/blog\/wp-json\/wp\/v2\/media?parent=8509"}],"wp:term":[{"taxonomy":"category","embeddable":true,"href":"https:\/\/www.overskrift.dk\/blog\/wp-json\/wp\/v2\/categories?post=8509"},{"taxonomy":"post_tag","embeddable":true,"href":"https:\/\/www.overskrift.dk\/blog\/wp-json\/wp\/v2\/tags?post=8509"}],"curies":[{"name":"wp","href":"https:\/\/api.w.org\/{rel}","templated":true}]}}