{"id":8962,"date":"2020-06-10T11:36:48","date_gmt":"2020-06-10T09:36:48","guid":{"rendered":"https:\/\/blog.overskrift.dk\/?p=8962"},"modified":"2020-06-10T11:36:51","modified_gmt":"2020-06-10T09:36:51","slug":"hashtags-i-et-corona-lukket-danmark","status":"publish","type":"post","link":"https:\/\/www.overskrift.dk\/blog\/2020\/06\/10\/hashtags-i-et-corona-lukket-danmark\/","title":{"rendered":"Hashtags i et corona-lukket Danmark"},"content":{"rendered":"\n<p><strong>Den 11. juni er det 3 m\u00e5neder siden at Danmark lukkede ned og vi begyndte at l\u00e6re hjemmearbejde p\u00e5 en ny m\u00e5de. I nye situationer opst\u00e5r nye hashtags, og det kan tage et stykke tid, f\u00f8r der opn\u00e5s konsensus om hvilke hashtags vi bruger &#8211; og det b\u00e6rer denne analyse ogs\u00e5 pr\u00e6g af.<\/strong><\/p>\n\n\n\n<p>Siden den 11. marts 2020 til i dag er det mest anvendte hashtag p\u00e5 Twitter stadig #dkpol. P\u00e5 hele top-30 af de mest anvendte hashtags, anvendes flere end 10 forskellige hashtags til at s\u00e6tte tweets ind i en Covid-19-kontekst, herunder <\/p>\n\n\n\n<div class=\"wp-block-group\"><div class=\"wp-block-group__inner-container is-layout-flow wp-block-group-is-layout-flow\">\n<p>#covid19<br>#covid19dk<br>#coronavirus<br>#corona<br>#coronadk<br>#covid_19<br>#coronavirusdk<br>#covid-19<br>#covid<br>#covid2019dk og<br>#covid2019<\/p>\n<\/div><\/div>\n\n\n\n<p> &#8211; i alt 11 forskellige tags om det samme emne. <\/p>\n\n\n\n<figure class=\"wp-block-image size-large\" data-amp-lightbox=\"true\"><a href=\"https:\/\/blog.overskrift.dk\/wp-content\/uploads\/Top20Hashtags2-1-scaled.jpg\"><img loading=\"lazy\" decoding=\"async\" width=\"1600\" height=\"779\" src=\"https:\/\/blog.overskrift.dk\/wp-content\/uploads\/Top20Hashtags2-1-1600x779.jpg\" alt=\"Graf der illustrerer hvilke hashtags der er anvendt mest p\u00e5 Twitter siden 11. marts 2020\" class=\"wp-image-8989\" srcset=\"https:\/\/www.overskrift.dk\/blog\/wp-content\/uploads\/Top20Hashtags2-1-1600x779.jpg 1600w, https:\/\/www.overskrift.dk\/blog\/wp-content\/uploads\/Top20Hashtags2-1-700x341.jpg 700w, https:\/\/www.overskrift.dk\/blog\/wp-content\/uploads\/Top20Hashtags2-1-768x374.jpg 768w, https:\/\/www.overskrift.dk\/blog\/wp-content\/uploads\/Top20Hashtags2-1-1536x747.jpg 1536w, https:\/\/www.overskrift.dk\/blog\/wp-content\/uploads\/Top20Hashtags2-1-2048x996.jpg 2048w\" sizes=\"auto, (max-width: 1600px) 100vw, 1600px\" \/><\/a><\/figure>\n\n\n\n<h2 class=\"wp-block-heading\">En sj\u00e6ldenhed: #dkpol overhalet<\/h2>\n\n\n\n<p>T\u00e6ller man alle de Covid-19-relaterede tweets sammen, dukker et sj\u00e6ldent f\u00e6nomen op: et emne der fylder mere end #dkpol p\u00e5 den danske del af Twitter. Det er vist kun set i korte perioder p\u00e5 en dag eller to, hvor Twitter var den dominerende second-screen under de f\u00f8rst \u00e5rs X-Factor fredage p\u00e5 DR1.<\/p>\n\n\n\n<figure class=\"wp-block-image size-large\"><a href=\"https:\/\/blog.overskrift.dk\/wp-content\/uploads\/CoronaSummeret2-scaled.jpg\"><img loading=\"lazy\" decoding=\"async\" width=\"1600\" height=\"714\" src=\"https:\/\/blog.overskrift.dk\/wp-content\/uploads\/CoronaSummeret2-1600x714.jpg\" alt=\"Graf der angiver antallet af anvendte hashtags i Danske tweets siden 11. marts 2020. Corona-relaterede hashtags er samlet og anvendes mere end #dkpol\" class=\"wp-image-8988\" srcset=\"https:\/\/www.overskrift.dk\/blog\/wp-content\/uploads\/CoronaSummeret2-1600x714.jpg 1600w, https:\/\/www.overskrift.dk\/blog\/wp-content\/uploads\/CoronaSummeret2-700x313.jpg 700w, https:\/\/www.overskrift.dk\/blog\/wp-content\/uploads\/CoronaSummeret2-768x343.jpg 768w, https:\/\/www.overskrift.dk\/blog\/wp-content\/uploads\/CoronaSummeret2-1536x686.jpg 1536w, https:\/\/www.overskrift.dk\/blog\/wp-content\/uploads\/CoronaSummeret2-2048x914.jpg 2048w\" sizes=\"auto, (max-width: 1600px) 100vw, 1600px\" \/><\/a><\/figure>\n\n\n\n<p>Andre nye tweets i top-100:<\/p>\n\n\n\n<ul class=\"wp-block-list\"><li>#acnh (om det popul\u00e6re spil Animal Crossing: New Horizons til Nintendo Switch spillekonsollen)<\/li><li>#got7 (IKKE relateret til TV-Serien Game of Thrones, men derimod for fans af K-pop bandet <a rel=\"noreferrer noopener\" href=\"https:\/\/da.wikipedia.org\/wiki\/GOT7\" target=\"_blank\">GOT7<\/a>)<\/li><li>#herermitstadion (lokale stadionbilleder &#8211; <a rel=\"noreferrer noopener\" href=\"https:\/\/nordjyske.dk\/nyheder\/sport\/viralt-hit-er-blevet-morten-bruuns-hjertebarn-herermitstadion\/fd1df9a1-a1c1-4d47-b29e-7b3e8557d71f\" target=\"_blank\">l\u00e6s historien hos Nordjyske.dk<\/a>)<\/li><li>#stayathome, #sammenhverforsig, #blivhjemme og #socialdistancing findes l\u00e6ngere nede ad top-100 listen<\/li><li>#coronafilmklub &#8211; fredagsfilmklub p\u00e5 Twitter<\/li><\/ul>\n\n\n\n<p>Andelen af tweets om Corona er, ikke overraskende, faldende &#8211; ligesom andelen af traditionelle nyheder, <a href=\"https:\/\/blog.overskrift.dk\/2020\/06\/03\/nu-omhandler-kun-hver-anden-artikel-corona\/\">som du kan l\u00e6se her<\/a>.<\/p>\n\n\n\n<figure class=\"wp-block-image size-large\"><a href=\"https:\/\/blog.overskrift.dk\/wp-content\/uploads\/TweetAndelOmCorona-scaled.jpg\"><img loading=\"lazy\" decoding=\"async\" width=\"1600\" height=\"718\" src=\"https:\/\/blog.overskrift.dk\/wp-content\/uploads\/TweetAndelOmCorona-1600x718.jpg\" alt=\"Graf med andelen af danske tweets der kan relateres til Covid-19\" class=\"wp-image-8994\" srcset=\"https:\/\/www.overskrift.dk\/blog\/wp-content\/uploads\/TweetAndelOmCorona-1600x718.jpg 1600w, https:\/\/www.overskrift.dk\/blog\/wp-content\/uploads\/TweetAndelOmCorona-700x314.jpg 700w, https:\/\/www.overskrift.dk\/blog\/wp-content\/uploads\/TweetAndelOmCorona-768x344.jpg 768w, https:\/\/www.overskrift.dk\/blog\/wp-content\/uploads\/TweetAndelOmCorona-1536x689.jpg 1536w, https:\/\/www.overskrift.dk\/blog\/wp-content\/uploads\/TweetAndelOmCorona-2048x918.jpg 2048w\" sizes=\"auto, (max-width: 1600px) 100vw, 1600px\" \/><\/a><figcaption><em>Daglig andel af danske tweets, der anvender et af de oplistede hashtags, eller omtaler covid19 eller relaterede ord, som f.eks. corona<\/em><\/figcaption><\/figure>\n\n\n\n<p>Antallet af daglige tweets steg midlertidigt indenfor den f\u00f8rste m\u00e5ned efter nedlukningen af Danmark, men fandt tilbage til sit normale aktivitetsniveau omkring den 11. april, men andelen af tweets om Covid-19 faldt alts\u00e5 fortsat herefter.<\/p>\n\n\n\n<hr class=\"wp-block-separator\"\/>\n\n\n\n<p><\/p>\n\n\n\n<p>Vil du selv unders\u00f8ge hvordan danskerne omtaler dine interesser, kan du grave dybere i data med en gratis pr\u00f8veperiode af Overskrift. Med Overskrift kan du dagligt s\u00f8ge ned i mere end 100.000 danske indl\u00e6g fra online og sociale medier. <a rel=\"noreferrer noopener\" href=\"https:\/\/www.overskrift.dk\/overblik\" target=\"_blank\">Start din pr\u00f8veperiode her<\/a>.<\/p>\n","protected":false},"excerpt":{"rendered":"<p>Den 11. juni er det 3 m\u00e5neder siden at Danmark lukkede ned og vi begyndte at l\u00e6re hjemmearbejde p\u00e5 en ny m\u00e5de. I nye situationer opst\u00e5r nye hashtags,&hellip;<\/p>\n","protected":false},"author":5,"featured_media":8986,"comment_status":"closed","ping_status":"open","sticky":false,"template":"","format":"standard","meta":{"cybocfi_hide_featured_image":"","footnotes":""},"categories":[298,305],"tags":[483,587,583,588,581,281,263,517],"class_list":["post-8962","post","type-post","status-publish","format-standard","has-post-thumbnail","hentry","category-noegletal","category-trends","tag-analyse","tag-corona","tag-coronavirus","tag-covid","tag-covid19dk","tag-hashtag","tag-twitter","tag-twitter-hashtags"],"yoast_head":"<!-- This site is optimized with the Yoast SEO plugin v27.5 - https:\/\/yoast.com\/product\/yoast-seo-wordpress\/ -->\n<title>Hashtags i et corona-lukket Danmark - Overskrifts blog<\/title>\n<meta name=\"robots\" content=\"index, follow, max-snippet:-1, max-image-preview:large, max-video-preview:-1\" \/>\n<link rel=\"canonical\" href=\"https:\/\/www.overskrift.dk\/blog\/2020\/06\/10\/hashtags-i-et-corona-lukket-danmark\/\" \/>\n<meta property=\"og:locale\" content=\"da_DK\" \/>\n<meta property=\"og:type\" content=\"article\" \/>\n<meta property=\"og:title\" content=\"Hashtags i et corona-lukket Danmark - Overskrifts blog\" \/>\n<meta property=\"og:description\" content=\"Den 11. juni er det 3 m\u00e5neder siden at Danmark lukkede ned og vi begyndte at l\u00e6re hjemmearbejde p\u00e5 en ny m\u00e5de. I nye situationer opst\u00e5r nye hashtags,&hellip;\" \/>\n<meta property=\"og:url\" content=\"https:\/\/www.overskrift.dk\/blog\/2020\/06\/10\/hashtags-i-et-corona-lukket-danmark\/\" \/>\n<meta property=\"og:site_name\" content=\"Overskrifts blog\" \/>\n<meta property=\"article:publisher\" content=\"https:\/\/www.facebook.com\/overskrift\" \/>\n<meta property=\"article:published_time\" content=\"2020-06-10T09:36:48+00:00\" \/>\n<meta property=\"article:modified_time\" content=\"2020-06-10T09:36:51+00:00\" \/>\n<meta property=\"og:image\" content=\"https:\/\/www.overskrift.dk\/blog\/wp-content\/uploads\/wordcloud6-scaled.jpg\" \/>\n\t<meta property=\"og:image:width\" content=\"2560\" \/>\n\t<meta property=\"og:image:height\" content=\"1440\" \/>\n\t<meta property=\"og:image:type\" content=\"image\/jpeg\" \/>\n<meta name=\"author\" content=\"Jens Ulrik Lange\" \/>\n<meta name=\"twitter:card\" content=\"summary_large_image\" \/>\n<meta name=\"twitter:creator\" content=\"@overskrift\" \/>\n<meta name=\"twitter:site\" content=\"@overskrift\" \/>\n<script type=\"application\/ld+json\" class=\"yoast-schema-graph\">{\"@context\":\"https:\\\/\\\/schema.org\",\"@graph\":[{\"@type\":\"Article\",\"@id\":\"https:\\\/\\\/www.overskrift.dk\\\/blog\\\/2020\\\/06\\\/10\\\/hashtags-i-et-corona-lukket-danmark\\\/#article\",\"isPartOf\":{\"@id\":\"https:\\\/\\\/www.overskrift.dk\\\/blog\\\/2020\\\/06\\\/10\\\/hashtags-i-et-corona-lukket-danmark\\\/\"},\"author\":{\"name\":\"Jens Ulrik Lange\",\"@id\":\"https:\\\/\\\/www.overskrift.dk\\\/blog\\\/#\\\/schema\\\/person\\\/3d7f3e6f67bdbd0ac5a54f2e0636d425\"},\"headline\":\"Hashtags i et corona-lukket Danmark\",\"datePublished\":\"2020-06-10T09:36:48+00:00\",\"dateModified\":\"2020-06-10T09:36:51+00:00\",\"mainEntityOfPage\":{\"@id\":\"https:\\\/\\\/www.overskrift.dk\\\/blog\\\/2020\\\/06\\\/10\\\/hashtags-i-et-corona-lukket-danmark\\\/\"},\"wordCount\":376,\"publisher\":{\"@id\":\"https:\\\/\\\/www.overskrift.dk\\\/blog\\\/#organization\"},\"image\":{\"@id\":\"https:\\\/\\\/www.overskrift.dk\\\/blog\\\/2020\\\/06\\\/10\\\/hashtags-i-et-corona-lukket-danmark\\\/#primaryimage\"},\"thumbnailUrl\":\"https:\\\/\\\/www.overskrift.dk\\\/blog\\\/wp-content\\\/uploads\\\/wordcloud6-scaled.jpg\",\"keywords\":[\"analyse\",\"corona\",\"coronavirus\",\"covid\",\"covid19dk\",\"hashtag\",\"twitter\",\"twitter hashtags\"],\"articleSection\":[\"N\u00f8gletal\",\"Trends\"],\"inLanguage\":\"da-DK\"},{\"@type\":\"WebPage\",\"@id\":\"https:\\\/\\\/www.overskrift.dk\\\/blog\\\/2020\\\/06\\\/10\\\/hashtags-i-et-corona-lukket-danmark\\\/\",\"url\":\"https:\\\/\\\/www.overskrift.dk\\\/blog\\\/2020\\\/06\\\/10\\\/hashtags-i-et-corona-lukket-danmark\\\/\",\"name\":\"Hashtags i et corona-lukket Danmark - Overskrifts blog\",\"isPartOf\":{\"@id\":\"https:\\\/\\\/www.overskrift.dk\\\/blog\\\/#website\"},\"primaryImageOfPage\":{\"@id\":\"https:\\\/\\\/www.overskrift.dk\\\/blog\\\/2020\\\/06\\\/10\\\/hashtags-i-et-corona-lukket-danmark\\\/#primaryimage\"},\"image\":{\"@id\":\"https:\\\/\\\/www.overskrift.dk\\\/blog\\\/2020\\\/06\\\/10\\\/hashtags-i-et-corona-lukket-danmark\\\/#primaryimage\"},\"thumbnailUrl\":\"https:\\\/\\\/www.overskrift.dk\\\/blog\\\/wp-content\\\/uploads\\\/wordcloud6-scaled.jpg\",\"datePublished\":\"2020-06-10T09:36:48+00:00\",\"dateModified\":\"2020-06-10T09:36:51+00:00\",\"breadcrumb\":{\"@id\":\"https:\\\/\\\/www.overskrift.dk\\\/blog\\\/2020\\\/06\\\/10\\\/hashtags-i-et-corona-lukket-danmark\\\/#breadcrumb\"},\"inLanguage\":\"da-DK\",\"potentialAction\":[{\"@type\":\"ReadAction\",\"target\":[\"https:\\\/\\\/www.overskrift.dk\\\/blog\\\/2020\\\/06\\\/10\\\/hashtags-i-et-corona-lukket-danmark\\\/\"]}]},{\"@type\":\"ImageObject\",\"inLanguage\":\"da-DK\",\"@id\":\"https:\\\/\\\/www.overskrift.dk\\\/blog\\\/2020\\\/06\\\/10\\\/hashtags-i-et-corona-lukket-danmark\\\/#primaryimage\",\"url\":\"https:\\\/\\\/www.overskrift.dk\\\/blog\\\/wp-content\\\/uploads\\\/wordcloud6-scaled.jpg\",\"contentUrl\":\"https:\\\/\\\/www.overskrift.dk\\\/blog\\\/wp-content\\\/uploads\\\/wordcloud6-scaled.jpg\",\"width\":2560,\"height\":1440},{\"@type\":\"BreadcrumbList\",\"@id\":\"https:\\\/\\\/www.overskrift.dk\\\/blog\\\/2020\\\/06\\\/10\\\/hashtags-i-et-corona-lukket-danmark\\\/#breadcrumb\",\"itemListElement\":[{\"@type\":\"ListItem\",\"position\":1,\"name\":\"Hjem\",\"item\":\"https:\\\/\\\/www.overskrift.dk\\\/blog\\\/\"},{\"@type\":\"ListItem\",\"position\":2,\"name\":\"Hashtags i et corona-lukket Danmark\"}]},{\"@type\":\"WebSite\",\"@id\":\"https:\\\/\\\/www.overskrift.dk\\\/blog\\\/#website\",\"url\":\"https:\\\/\\\/www.overskrift.dk\\\/blog\\\/\",\"name\":\"Overskrifts blog\",\"description\":\"Nyeste indl\u00e6g\",\"publisher\":{\"@id\":\"https:\\\/\\\/www.overskrift.dk\\\/blog\\\/#organization\"},\"potentialAction\":[{\"@type\":\"SearchAction\",\"target\":{\"@type\":\"EntryPoint\",\"urlTemplate\":\"https:\\\/\\\/www.overskrift.dk\\\/blog\\\/?s={search_term_string}\"},\"query-input\":{\"@type\":\"PropertyValueSpecification\",\"valueRequired\":true,\"valueName\":\"search_term_string\"}}],\"inLanguage\":\"da-DK\"},{\"@type\":\"Organization\",\"@id\":\"https:\\\/\\\/www.overskrift.dk\\\/blog\\\/#organization\",\"name\":\"Overskrift ApS\",\"url\":\"https:\\\/\\\/www.overskrift.dk\\\/blog\\\/\",\"logo\":{\"@type\":\"ImageObject\",\"inLanguage\":\"da-DK\",\"@id\":\"https:\\\/\\\/www.overskrift.dk\\\/blog\\\/#\\\/schema\\\/logo\\\/image\\\/\",\"url\":\"https:\\\/\\\/blog.overskrift.dk\\\/wp-content\\\/uploads\\\/Just-the-dots-1.png\",\"contentUrl\":\"https:\\\/\\\/blog.overskrift.dk\\\/wp-content\\\/uploads\\\/Just-the-dots-1.png\",\"width\":258,\"height\":257,\"caption\":\"Overskrift ApS\"},\"image\":{\"@id\":\"https:\\\/\\\/www.overskrift.dk\\\/blog\\\/#\\\/schema\\\/logo\\\/image\\\/\"},\"sameAs\":[\"https:\\\/\\\/www.facebook.com\\\/overskrift\",\"https:\\\/\\\/x.com\\\/overskrift\",\"https:\\\/\\\/www.instagram.com\\\/overskrift\\\/\",\"https:\\\/\\\/www.linkedin.com\\\/company\\\/10153434\"]},{\"@type\":\"Person\",\"@id\":\"https:\\\/\\\/www.overskrift.dk\\\/blog\\\/#\\\/schema\\\/person\\\/3d7f3e6f67bdbd0ac5a54f2e0636d425\",\"name\":\"Jens Ulrik Lange\",\"image\":{\"@type\":\"ImageObject\",\"inLanguage\":\"da-DK\",\"@id\":\"https:\\\/\\\/secure.gravatar.com\\\/avatar\\\/1a6a5e80737c0601b8636b4f5d44bbb6784206b176e34a44cb735e4516b70777?s=96&d=mm&r=g\",\"url\":\"https:\\\/\\\/secure.gravatar.com\\\/avatar\\\/1a6a5e80737c0601b8636b4f5d44bbb6784206b176e34a44cb735e4516b70777?s=96&d=mm&r=g\",\"contentUrl\":\"https:\\\/\\\/secure.gravatar.com\\\/avatar\\\/1a6a5e80737c0601b8636b4f5d44bbb6784206b176e34a44cb735e4516b70777?s=96&d=mm&r=g\",\"caption\":\"Jens Ulrik Lange\"},\"description\":\"Indl\u00e6gget er skrevet af Jens Ulrik, der er partner i og medstifter af Overskrift. Jens Ulrik er Overskrifts tekniske geni, og han har desuden mange \u00e5rs erfaring med r\u00e5dgivning inden for sociale medier og nyhedssites.\",\"url\":\"https:\\\/\\\/www.overskrift.dk\\\/blog\\\/author\\\/jensulrik\\\/\"}]}<\/script>\n<!-- \/ Yoast SEO plugin. -->","yoast_head_json":{"title":"Hashtags i et corona-lukket Danmark - Overskrifts blog","robots":{"index":"index","follow":"follow","max-snippet":"max-snippet:-1","max-image-preview":"max-image-preview:large","max-video-preview":"max-video-preview:-1"},"canonical":"https:\/\/www.overskrift.dk\/blog\/2020\/06\/10\/hashtags-i-et-corona-lukket-danmark\/","og_locale":"da_DK","og_type":"article","og_title":"Hashtags i et corona-lukket Danmark - Overskrifts blog","og_description":"Den 11. juni er det 3 m\u00e5neder siden at Danmark lukkede ned og vi begyndte at l\u00e6re hjemmearbejde p\u00e5 en ny m\u00e5de. I nye situationer opst\u00e5r nye hashtags,&hellip;","og_url":"https:\/\/www.overskrift.dk\/blog\/2020\/06\/10\/hashtags-i-et-corona-lukket-danmark\/","og_site_name":"Overskrifts blog","article_publisher":"https:\/\/www.facebook.com\/overskrift","article_published_time":"2020-06-10T09:36:48+00:00","article_modified_time":"2020-06-10T09:36:51+00:00","og_image":[{"width":2560,"height":1440,"url":"https:\/\/www.overskrift.dk\/blog\/wp-content\/uploads\/wordcloud6-scaled.jpg","type":"image\/jpeg"}],"author":"Jens Ulrik Lange","twitter_card":"summary_large_image","twitter_creator":"@overskrift","twitter_site":"@overskrift","schema":{"@context":"https:\/\/schema.org","@graph":[{"@type":"Article","@id":"https:\/\/www.overskrift.dk\/blog\/2020\/06\/10\/hashtags-i-et-corona-lukket-danmark\/#article","isPartOf":{"@id":"https:\/\/www.overskrift.dk\/blog\/2020\/06\/10\/hashtags-i-et-corona-lukket-danmark\/"},"author":{"name":"Jens Ulrik Lange","@id":"https:\/\/www.overskrift.dk\/blog\/#\/schema\/person\/3d7f3e6f67bdbd0ac5a54f2e0636d425"},"headline":"Hashtags i et corona-lukket Danmark","datePublished":"2020-06-10T09:36:48+00:00","dateModified":"2020-06-10T09:36:51+00:00","mainEntityOfPage":{"@id":"https:\/\/www.overskrift.dk\/blog\/2020\/06\/10\/hashtags-i-et-corona-lukket-danmark\/"},"wordCount":376,"publisher":{"@id":"https:\/\/www.overskrift.dk\/blog\/#organization"},"image":{"@id":"https:\/\/www.overskrift.dk\/blog\/2020\/06\/10\/hashtags-i-et-corona-lukket-danmark\/#primaryimage"},"thumbnailUrl":"https:\/\/www.overskrift.dk\/blog\/wp-content\/uploads\/wordcloud6-scaled.jpg","keywords":["analyse","corona","coronavirus","covid","covid19dk","hashtag","twitter","twitter hashtags"],"articleSection":["N\u00f8gletal","Trends"],"inLanguage":"da-DK"},{"@type":"WebPage","@id":"https:\/\/www.overskrift.dk\/blog\/2020\/06\/10\/hashtags-i-et-corona-lukket-danmark\/","url":"https:\/\/www.overskrift.dk\/blog\/2020\/06\/10\/hashtags-i-et-corona-lukket-danmark\/","name":"Hashtags i et corona-lukket Danmark - Overskrifts blog","isPartOf":{"@id":"https:\/\/www.overskrift.dk\/blog\/#website"},"primaryImageOfPage":{"@id":"https:\/\/www.overskrift.dk\/blog\/2020\/06\/10\/hashtags-i-et-corona-lukket-danmark\/#primaryimage"},"image":{"@id":"https:\/\/www.overskrift.dk\/blog\/2020\/06\/10\/hashtags-i-et-corona-lukket-danmark\/#primaryimage"},"thumbnailUrl":"https:\/\/www.overskrift.dk\/blog\/wp-content\/uploads\/wordcloud6-scaled.jpg","datePublished":"2020-06-10T09:36:48+00:00","dateModified":"2020-06-10T09:36:51+00:00","breadcrumb":{"@id":"https:\/\/www.overskrift.dk\/blog\/2020\/06\/10\/hashtags-i-et-corona-lukket-danmark\/#breadcrumb"},"inLanguage":"da-DK","potentialAction":[{"@type":"ReadAction","target":["https:\/\/www.overskrift.dk\/blog\/2020\/06\/10\/hashtags-i-et-corona-lukket-danmark\/"]}]},{"@type":"ImageObject","inLanguage":"da-DK","@id":"https:\/\/www.overskrift.dk\/blog\/2020\/06\/10\/hashtags-i-et-corona-lukket-danmark\/#primaryimage","url":"https:\/\/www.overskrift.dk\/blog\/wp-content\/uploads\/wordcloud6-scaled.jpg","contentUrl":"https:\/\/www.overskrift.dk\/blog\/wp-content\/uploads\/wordcloud6-scaled.jpg","width":2560,"height":1440},{"@type":"BreadcrumbList","@id":"https:\/\/www.overskrift.dk\/blog\/2020\/06\/10\/hashtags-i-et-corona-lukket-danmark\/#breadcrumb","itemListElement":[{"@type":"ListItem","position":1,"name":"Hjem","item":"https:\/\/www.overskrift.dk\/blog\/"},{"@type":"ListItem","position":2,"name":"Hashtags i et corona-lukket Danmark"}]},{"@type":"WebSite","@id":"https:\/\/www.overskrift.dk\/blog\/#website","url":"https:\/\/www.overskrift.dk\/blog\/","name":"Overskrifts blog","description":"Nyeste indl\u00e6g","publisher":{"@id":"https:\/\/www.overskrift.dk\/blog\/#organization"},"potentialAction":[{"@type":"SearchAction","target":{"@type":"EntryPoint","urlTemplate":"https:\/\/www.overskrift.dk\/blog\/?s={search_term_string}"},"query-input":{"@type":"PropertyValueSpecification","valueRequired":true,"valueName":"search_term_string"}}],"inLanguage":"da-DK"},{"@type":"Organization","@id":"https:\/\/www.overskrift.dk\/blog\/#organization","name":"Overskrift ApS","url":"https:\/\/www.overskrift.dk\/blog\/","logo":{"@type":"ImageObject","inLanguage":"da-DK","@id":"https:\/\/www.overskrift.dk\/blog\/#\/schema\/logo\/image\/","url":"https:\/\/blog.overskrift.dk\/wp-content\/uploads\/Just-the-dots-1.png","contentUrl":"https:\/\/blog.overskrift.dk\/wp-content\/uploads\/Just-the-dots-1.png","width":258,"height":257,"caption":"Overskrift ApS"},"image":{"@id":"https:\/\/www.overskrift.dk\/blog\/#\/schema\/logo\/image\/"},"sameAs":["https:\/\/www.facebook.com\/overskrift","https:\/\/x.com\/overskrift","https:\/\/www.instagram.com\/overskrift\/","https:\/\/www.linkedin.com\/company\/10153434"]},{"@type":"Person","@id":"https:\/\/www.overskrift.dk\/blog\/#\/schema\/person\/3d7f3e6f67bdbd0ac5a54f2e0636d425","name":"Jens Ulrik Lange","image":{"@type":"ImageObject","inLanguage":"da-DK","@id":"https:\/\/secure.gravatar.com\/avatar\/1a6a5e80737c0601b8636b4f5d44bbb6784206b176e34a44cb735e4516b70777?s=96&d=mm&r=g","url":"https:\/\/secure.gravatar.com\/avatar\/1a6a5e80737c0601b8636b4f5d44bbb6784206b176e34a44cb735e4516b70777?s=96&d=mm&r=g","contentUrl":"https:\/\/secure.gravatar.com\/avatar\/1a6a5e80737c0601b8636b4f5d44bbb6784206b176e34a44cb735e4516b70777?s=96&d=mm&r=g","caption":"Jens Ulrik Lange"},"description":"Indl\u00e6gget er skrevet af Jens Ulrik, der er partner i og medstifter af Overskrift. Jens Ulrik er Overskrifts tekniske geni, og han har desuden mange \u00e5rs erfaring med r\u00e5dgivning inden for sociale medier og nyhedssites.","url":"https:\/\/www.overskrift.dk\/blog\/author\/jensulrik\/"}]}},"_links":{"self":[{"href":"https:\/\/www.overskrift.dk\/blog\/wp-json\/wp\/v2\/posts\/8962","targetHints":{"allow":["GET"]}}],"collection":[{"href":"https:\/\/www.overskrift.dk\/blog\/wp-json\/wp\/v2\/posts"}],"about":[{"href":"https:\/\/www.overskrift.dk\/blog\/wp-json\/wp\/v2\/types\/post"}],"author":[{"embeddable":true,"href":"https:\/\/www.overskrift.dk\/blog\/wp-json\/wp\/v2\/users\/5"}],"replies":[{"embeddable":true,"href":"https:\/\/www.overskrift.dk\/blog\/wp-json\/wp\/v2\/comments?post=8962"}],"version-history":[{"count":23,"href":"https:\/\/www.overskrift.dk\/blog\/wp-json\/wp\/v2\/posts\/8962\/revisions"}],"predecessor-version":[{"id":8997,"href":"https:\/\/www.overskrift.dk\/blog\/wp-json\/wp\/v2\/posts\/8962\/revisions\/8997"}],"wp:featuredmedia":[{"embeddable":true,"href":"https:\/\/www.overskrift.dk\/blog\/wp-json\/wp\/v2\/media\/8986"}],"wp:attachment":[{"href":"https:\/\/www.overskrift.dk\/blog\/wp-json\/wp\/v2\/media?parent=8962"}],"wp:term":[{"taxonomy":"category","embeddable":true,"href":"https:\/\/www.overskrift.dk\/blog\/wp-json\/wp\/v2\/categories?post=8962"},{"taxonomy":"post_tag","embeddable":true,"href":"https:\/\/www.overskrift.dk\/blog\/wp-json\/wp\/v2\/tags?post=8962"}],"curies":[{"name":"wp","href":"https:\/\/api.w.org\/{rel}","templated":true}]}}