{"id":9300,"date":"2022-09-30T09:38:37","date_gmt":"2022-09-30T07:38:37","guid":{"rendered":"https:\/\/www.overskrift.dk\/blog\/?p=9300"},"modified":"2022-09-30T09:38:37","modified_gmt":"2022-09-30T07:38:37","slug":"aeldre-sagen-har-sat-digital-mediemonitorering-i-system","status":"publish","type":"post","link":"https:\/\/www.overskrift.dk\/blog\/2022\/09\/30\/aeldre-sagen-har-sat-digital-mediemonitorering-i-system\/","title":{"rendered":"\u00c6ldre Sagen har sat digital mediemonitorering i system"},"content":{"rendered":"<p><strong>Overskrifts morgenm\u00f8de &#8220;De st\u00e6rkeste kommunikat\u00f8rer hos danske interesseorganisationer&#8221; b\u00f8d p\u00e5 opl\u00e6g fra Benjamin Rud Elberth, digital r\u00e5dgiver og forfatter og fra Jeanette Hedegaard fra \u00c6ldre Sagen. L\u00e6s her om nogle af indsigterne om mediemonitorering fra Jeanettes opl\u00e6g.<\/strong><\/p>\n<p>Ingen af os har uendelig tid. Derfor er opm\u00e6rksomhed en h\u00e5rd valuta og relevans et minimumskrav. Du har dine opgaver og tilh\u00f8rende interesser, jeg har nogle andre opgaver og selvom vi m\u00e5ske er interesseret i nogle af de samme emner, har vi ogs\u00e5 interesser som er irrelevante for den anden.<\/p>\n<p>&nbsp;<\/p>\n<img loading=\"lazy\" decoding=\"async\" class=\"alignnone size-medium wp-image-9303\" src=\"https:\/\/www.overskrift.dk\/blog\/wp-content\/uploads\/tilhoerere-bw-lighter-700x288.jpg\" alt=\"\" width=\"700\" height=\"288\" srcset=\"https:\/\/www.overskrift.dk\/blog\/wp-content\/uploads\/tilhoerere-bw-lighter-700x288.jpg 700w, https:\/\/www.overskrift.dk\/blog\/wp-content\/uploads\/tilhoerere-bw-lighter-1600x657.jpg 1600w, https:\/\/www.overskrift.dk\/blog\/wp-content\/uploads\/tilhoerere-bw-lighter-768x315.jpg 768w, https:\/\/www.overskrift.dk\/blog\/wp-content\/uploads\/tilhoerere-bw-lighter-1536x631.jpg 1536w, https:\/\/www.overskrift.dk\/blog\/wp-content\/uploads\/tilhoerere-bw-lighter-2048x841.jpg 2048w\" sizes=\"auto, (max-width: 700px) 100vw, 700px\" \/>\n<h2>Underst\u00f8t interesser &#8211; elimin\u00e9r st\u00f8j<\/h2>\n<p>Mediemonitorering for interesseorganisationer betyder ofte opdelte indsatsomr\u00e5der indenfor flere forskellige temaer p\u00e5 vegne af den samme overordnede gruppe af interessenter &#8211; i dette tilf\u00e6lde \u00e6ldre. Mens nogle r\u00e5dgivere hos \u00c6ldre Sagen m\u00e5ske er interesserede i \u00e6ldre p\u00e5 arbejdsmarkedet, arbejder andre med \u00e6ldre og sundhed, og kommunikationsfolkene skal typisk holde \u00f8je med <em>det hele<\/em> og sikre at monitoreringen fungerer efter hensigten.<\/p>\n<p>En monitoreringsl\u00f8sning best\u00e5r bl.a. af en r\u00e6kke s\u00f8gninger, der hver tilgodeser et specifikt tema. M\u00e5den \u00c6ldre Sagen arbejder med det p\u00e5, er ved at udpege modtagerne for resultaterne der leveres fra hver individuel overv\u00e5gning. S\u00e5ledes f\u00e5r hver modtager i praksis en skr\u00e6ddersyet rapport p\u00e5 mail hver morgen, n\u00e5r de \u00e5bner computeren eller p\u00e5 telefonen i toget p\u00e5 vej til arbejde.<\/p>\n<p>Arbejder \u00e9n r\u00e5dgiver f.eks. med sundhed, modtager denne kun resultater fra s\u00f8gninger der handler om sundhed. Arbejder en anden b\u00e5de med sundhed <em>og<\/em> arbejdsliv, vil denne r\u00e5dgiver modtage de relevante resultater for disse to omr\u00e5der hver morgen. Alle f\u00e5r dermed en morgenmail med resultater der kun er relevante for dem selv.<\/p>\n<p>Jeanette selv, der er Social media specialist og kommunikationskonsulent hos \u00c6ldre Sagen, skal have <em>det hele<\/em>. Det er hende der administrerer s\u00f8gningerne, har den l\u00f8bende dialog med med Overskrift, og hende der kan s\u00f8rge for at s\u00f8geresultaterne lander hos de relevante modtagere i organisationen (og dermed ikke st\u00f8jer i mailboksen hos alle andre).<\/p>\n<h2>Faste emner og dynamisk udskiftede s\u00f8gninger<\/h2>\n<p>Hos \u00c6ldre Sagen lyttes dels p\u00e5 en r\u00e6kke faste emner, som foreningen altid skal v\u00e6re fuldt opdateret p\u00e5, dels p\u00e5 tidsaktuelle emner, som de opretter midlertidige s\u00f8gninger til, s\u00e5 l\u00e6nge emnet er relevant. Faste emner er omtaler af \u00c6ldre Sagen og de temaer der underst\u00f8tter foreningens form\u00e5l, f.eks. \u00e6ldre i relation til sundhed, ensomhed osv.<\/p>\n<p>Tidsaktuelle emner kunne f.eks. omfatte overv\u00e5gning af omtaler af igangv\u00e6rende forhandlinger om ny lovgivning indenfor \u00e6ldreomr\u00e5det. N\u00e5r loven er vedtaget, kan overv\u00e5gningen tages ned igen, og &#8220;pladsen&#8221; kan bruges til et andet emne.<\/p>\n<h2>Kom med til n\u00e6ste morgenm\u00f8de<\/h2>\n<p>Har du selv lyst til at blive klogere p\u00e5 hvordan de bedste arbejder med digital mediemonitorering, bliver n\u00e6ste morgenm\u00f8de annonceret p\u00e5 vores nyhedsbrev f\u00f8rst.<\/p>\n<p><a class=\"btn btn-primary btn-warning\" href=\"https:\/\/www.overskrift.dk\/nyhedsbrev\">Skriv dig op til nyhedsbrevet her<\/a><\/p>\n","protected":false},"excerpt":{"rendered":"<p>Overskrifts morgenm\u00f8de &#8220;De st\u00e6rkeste kommunikat\u00f8rer hos danske interesseorganisationer&#8221; b\u00f8d p\u00e5 opl\u00e6g fra Benjamin Rud Elberth, digital r\u00e5dgiver og forfatter og fra Jeanette Hedegaard fra \u00c6ldre Sagen. L\u00e6s her&hellip;<\/p>\n","protected":false},"author":5,"featured_media":9302,"comment_status":"closed","ping_status":"open","sticky":false,"template":"","format":"standard","meta":{"cybocfi_hide_featured_image":"","footnotes":""},"categories":[299],"tags":[612,225,240],"class_list":["post-9300","post","type-post","status-publish","format-standard","has-post-thumbnail","hentry","category-inspiration","tag-komdk","tag-smdk","tag-somedk"],"yoast_head":"<!-- This site is optimized with the Yoast SEO plugin v27.5 - https:\/\/yoast.com\/product\/yoast-seo-wordpress\/ -->\n<title>\u00c6ldre Sagen har sat digital mediemonitorering i system - Overskrifts blog<\/title>\n<meta name=\"description\" content=\"Bliv klogere p\u00e5 hvordan Jeanette Hedegaard og \u00c6ldre Sagen arbejder systematisk med digital mediemonitorering.\" \/>\n<meta name=\"robots\" content=\"index, follow, max-snippet:-1, max-image-preview:large, max-video-preview:-1\" \/>\n<link rel=\"canonical\" href=\"https:\/\/www.overskrift.dk\/blog\/2022\/09\/30\/aeldre-sagen-har-sat-digital-mediemonitorering-i-system\/\" \/>\n<meta property=\"og:locale\" content=\"da_DK\" \/>\n<meta property=\"og:type\" content=\"article\" \/>\n<meta property=\"og:title\" content=\"\u00c6ldre Sagen har sat digital mediemonitorering i system - Overskrifts blog\" \/>\n<meta property=\"og:description\" content=\"Bliv klogere p\u00e5 hvordan Jeanette Hedegaard og \u00c6ldre Sagen arbejder systematisk med digital mediemonitorering.\" \/>\n<meta property=\"og:url\" content=\"https:\/\/www.overskrift.dk\/blog\/2022\/09\/30\/aeldre-sagen-har-sat-digital-mediemonitorering-i-system\/\" \/>\n<meta property=\"og:site_name\" content=\"Overskrifts blog\" \/>\n<meta property=\"article:publisher\" content=\"https:\/\/www.facebook.com\/overskrift\" \/>\n<meta property=\"article:published_time\" content=\"2022-09-30T07:38:37+00:00\" \/>\n<meta property=\"og:image\" content=\"https:\/\/www.overskrift.dk\/blog\/wp-content\/uploads\/Blogpost-retouch-scaled.jpg\" \/>\n\t<meta property=\"og:image:width\" content=\"2560\" \/>\n\t<meta property=\"og:image:height\" content=\"1525\" \/>\n\t<meta property=\"og:image:type\" content=\"image\/jpeg\" \/>\n<meta name=\"author\" content=\"Jens Ulrik Lange\" \/>\n<meta name=\"twitter:card\" content=\"summary_large_image\" \/>\n<meta name=\"twitter:creator\" content=\"@overskrift\" \/>\n<meta name=\"twitter:site\" content=\"@overskrift\" \/>\n<script type=\"application\/ld+json\" class=\"yoast-schema-graph\">{\"@context\":\"https:\\\/\\\/schema.org\",\"@graph\":[{\"@type\":\"Article\",\"@id\":\"https:\\\/\\\/www.overskrift.dk\\\/blog\\\/2022\\\/09\\\/30\\\/aeldre-sagen-har-sat-digital-mediemonitorering-i-system\\\/#article\",\"isPartOf\":{\"@id\":\"https:\\\/\\\/www.overskrift.dk\\\/blog\\\/2022\\\/09\\\/30\\\/aeldre-sagen-har-sat-digital-mediemonitorering-i-system\\\/\"},\"author\":{\"name\":\"Jens Ulrik Lange\",\"@id\":\"https:\\\/\\\/www.overskrift.dk\\\/blog\\\/#\\\/schema\\\/person\\\/3d7f3e6f67bdbd0ac5a54f2e0636d425\"},\"headline\":\"\u00c6ldre Sagen har sat digital mediemonitorering i system\",\"datePublished\":\"2022-09-30T07:38:37+00:00\",\"mainEntityOfPage\":{\"@id\":\"https:\\\/\\\/www.overskrift.dk\\\/blog\\\/2022\\\/09\\\/30\\\/aeldre-sagen-har-sat-digital-mediemonitorering-i-system\\\/\"},\"wordCount\":515,\"publisher\":{\"@id\":\"https:\\\/\\\/www.overskrift.dk\\\/blog\\\/#organization\"},\"image\":{\"@id\":\"https:\\\/\\\/www.overskrift.dk\\\/blog\\\/2022\\\/09\\\/30\\\/aeldre-sagen-har-sat-digital-mediemonitorering-i-system\\\/#primaryimage\"},\"thumbnailUrl\":\"https:\\\/\\\/www.overskrift.dk\\\/blog\\\/wp-content\\\/uploads\\\/Blogpost-retouch-scaled.jpg\",\"keywords\":[\"komdk\",\"SMDK\",\"somedk\"],\"articleSection\":[\"Inspiration\"],\"inLanguage\":\"da-DK\"},{\"@type\":\"WebPage\",\"@id\":\"https:\\\/\\\/www.overskrift.dk\\\/blog\\\/2022\\\/09\\\/30\\\/aeldre-sagen-har-sat-digital-mediemonitorering-i-system\\\/\",\"url\":\"https:\\\/\\\/www.overskrift.dk\\\/blog\\\/2022\\\/09\\\/30\\\/aeldre-sagen-har-sat-digital-mediemonitorering-i-system\\\/\",\"name\":\"\u00c6ldre Sagen har sat digital mediemonitorering i system - Overskrifts blog\",\"isPartOf\":{\"@id\":\"https:\\\/\\\/www.overskrift.dk\\\/blog\\\/#website\"},\"primaryImageOfPage\":{\"@id\":\"https:\\\/\\\/www.overskrift.dk\\\/blog\\\/2022\\\/09\\\/30\\\/aeldre-sagen-har-sat-digital-mediemonitorering-i-system\\\/#primaryimage\"},\"image\":{\"@id\":\"https:\\\/\\\/www.overskrift.dk\\\/blog\\\/2022\\\/09\\\/30\\\/aeldre-sagen-har-sat-digital-mediemonitorering-i-system\\\/#primaryimage\"},\"thumbnailUrl\":\"https:\\\/\\\/www.overskrift.dk\\\/blog\\\/wp-content\\\/uploads\\\/Blogpost-retouch-scaled.jpg\",\"datePublished\":\"2022-09-30T07:38:37+00:00\",\"description\":\"Bliv klogere p\u00e5 hvordan Jeanette Hedegaard og \u00c6ldre Sagen arbejder systematisk med digital mediemonitorering.\",\"breadcrumb\":{\"@id\":\"https:\\\/\\\/www.overskrift.dk\\\/blog\\\/2022\\\/09\\\/30\\\/aeldre-sagen-har-sat-digital-mediemonitorering-i-system\\\/#breadcrumb\"},\"inLanguage\":\"da-DK\",\"potentialAction\":[{\"@type\":\"ReadAction\",\"target\":[\"https:\\\/\\\/www.overskrift.dk\\\/blog\\\/2022\\\/09\\\/30\\\/aeldre-sagen-har-sat-digital-mediemonitorering-i-system\\\/\"]}]},{\"@type\":\"ImageObject\",\"inLanguage\":\"da-DK\",\"@id\":\"https:\\\/\\\/www.overskrift.dk\\\/blog\\\/2022\\\/09\\\/30\\\/aeldre-sagen-har-sat-digital-mediemonitorering-i-system\\\/#primaryimage\",\"url\":\"https:\\\/\\\/www.overskrift.dk\\\/blog\\\/wp-content\\\/uploads\\\/Blogpost-retouch-scaled.jpg\",\"contentUrl\":\"https:\\\/\\\/www.overskrift.dk\\\/blog\\\/wp-content\\\/uploads\\\/Blogpost-retouch-scaled.jpg\",\"width\":2560,\"height\":1525},{\"@type\":\"BreadcrumbList\",\"@id\":\"https:\\\/\\\/www.overskrift.dk\\\/blog\\\/2022\\\/09\\\/30\\\/aeldre-sagen-har-sat-digital-mediemonitorering-i-system\\\/#breadcrumb\",\"itemListElement\":[{\"@type\":\"ListItem\",\"position\":1,\"name\":\"Hjem\",\"item\":\"https:\\\/\\\/www.overskrift.dk\\\/blog\\\/\"},{\"@type\":\"ListItem\",\"position\":2,\"name\":\"\u00c6ldre Sagen har sat digital mediemonitorering i system\"}]},{\"@type\":\"WebSite\",\"@id\":\"https:\\\/\\\/www.overskrift.dk\\\/blog\\\/#website\",\"url\":\"https:\\\/\\\/www.overskrift.dk\\\/blog\\\/\",\"name\":\"Overskrifts blog\",\"description\":\"Nyeste indl\u00e6g\",\"publisher\":{\"@id\":\"https:\\\/\\\/www.overskrift.dk\\\/blog\\\/#organization\"},\"potentialAction\":[{\"@type\":\"SearchAction\",\"target\":{\"@type\":\"EntryPoint\",\"urlTemplate\":\"https:\\\/\\\/www.overskrift.dk\\\/blog\\\/?s={search_term_string}\"},\"query-input\":{\"@type\":\"PropertyValueSpecification\",\"valueRequired\":true,\"valueName\":\"search_term_string\"}}],\"inLanguage\":\"da-DK\"},{\"@type\":\"Organization\",\"@id\":\"https:\\\/\\\/www.overskrift.dk\\\/blog\\\/#organization\",\"name\":\"Overskrift ApS\",\"url\":\"https:\\\/\\\/www.overskrift.dk\\\/blog\\\/\",\"logo\":{\"@type\":\"ImageObject\",\"inLanguage\":\"da-DK\",\"@id\":\"https:\\\/\\\/www.overskrift.dk\\\/blog\\\/#\\\/schema\\\/logo\\\/image\\\/\",\"url\":\"https:\\\/\\\/blog.overskrift.dk\\\/wp-content\\\/uploads\\\/Just-the-dots-1.png\",\"contentUrl\":\"https:\\\/\\\/blog.overskrift.dk\\\/wp-content\\\/uploads\\\/Just-the-dots-1.png\",\"width\":258,\"height\":257,\"caption\":\"Overskrift ApS\"},\"image\":{\"@id\":\"https:\\\/\\\/www.overskrift.dk\\\/blog\\\/#\\\/schema\\\/logo\\\/image\\\/\"},\"sameAs\":[\"https:\\\/\\\/www.facebook.com\\\/overskrift\",\"https:\\\/\\\/x.com\\\/overskrift\",\"https:\\\/\\\/www.instagram.com\\\/overskrift\\\/\",\"https:\\\/\\\/www.linkedin.com\\\/company\\\/10153434\"]},{\"@type\":\"Person\",\"@id\":\"https:\\\/\\\/www.overskrift.dk\\\/blog\\\/#\\\/schema\\\/person\\\/3d7f3e6f67bdbd0ac5a54f2e0636d425\",\"name\":\"Jens Ulrik Lange\",\"image\":{\"@type\":\"ImageObject\",\"inLanguage\":\"da-DK\",\"@id\":\"https:\\\/\\\/secure.gravatar.com\\\/avatar\\\/1a6a5e80737c0601b8636b4f5d44bbb6784206b176e34a44cb735e4516b70777?s=96&d=mm&r=g\",\"url\":\"https:\\\/\\\/secure.gravatar.com\\\/avatar\\\/1a6a5e80737c0601b8636b4f5d44bbb6784206b176e34a44cb735e4516b70777?s=96&d=mm&r=g\",\"contentUrl\":\"https:\\\/\\\/secure.gravatar.com\\\/avatar\\\/1a6a5e80737c0601b8636b4f5d44bbb6784206b176e34a44cb735e4516b70777?s=96&d=mm&r=g\",\"caption\":\"Jens Ulrik Lange\"},\"description\":\"Indl\u00e6gget er skrevet af Jens Ulrik, der er partner i og medstifter af Overskrift. Jens Ulrik er Overskrifts tekniske geni, og han har desuden mange \u00e5rs erfaring med r\u00e5dgivning inden for sociale medier og nyhedssites.\",\"url\":\"https:\\\/\\\/www.overskrift.dk\\\/blog\\\/author\\\/jensulrik\\\/\"}]}<\/script>\n<!-- \/ Yoast SEO plugin. -->","yoast_head_json":{"title":"\u00c6ldre Sagen har sat digital mediemonitorering i system - Overskrifts blog","description":"Bliv klogere p\u00e5 hvordan Jeanette Hedegaard og \u00c6ldre Sagen arbejder systematisk med digital mediemonitorering.","robots":{"index":"index","follow":"follow","max-snippet":"max-snippet:-1","max-image-preview":"max-image-preview:large","max-video-preview":"max-video-preview:-1"},"canonical":"https:\/\/www.overskrift.dk\/blog\/2022\/09\/30\/aeldre-sagen-har-sat-digital-mediemonitorering-i-system\/","og_locale":"da_DK","og_type":"article","og_title":"\u00c6ldre Sagen har sat digital mediemonitorering i system - Overskrifts blog","og_description":"Bliv klogere p\u00e5 hvordan Jeanette Hedegaard og \u00c6ldre Sagen arbejder systematisk med digital mediemonitorering.","og_url":"https:\/\/www.overskrift.dk\/blog\/2022\/09\/30\/aeldre-sagen-har-sat-digital-mediemonitorering-i-system\/","og_site_name":"Overskrifts blog","article_publisher":"https:\/\/www.facebook.com\/overskrift","article_published_time":"2022-09-30T07:38:37+00:00","og_image":[{"width":2560,"height":1525,"url":"https:\/\/www.overskrift.dk\/blog\/wp-content\/uploads\/Blogpost-retouch-scaled.jpg","type":"image\/jpeg"}],"author":"Jens Ulrik Lange","twitter_card":"summary_large_image","twitter_creator":"@overskrift","twitter_site":"@overskrift","schema":{"@context":"https:\/\/schema.org","@graph":[{"@type":"Article","@id":"https:\/\/www.overskrift.dk\/blog\/2022\/09\/30\/aeldre-sagen-har-sat-digital-mediemonitorering-i-system\/#article","isPartOf":{"@id":"https:\/\/www.overskrift.dk\/blog\/2022\/09\/30\/aeldre-sagen-har-sat-digital-mediemonitorering-i-system\/"},"author":{"name":"Jens Ulrik Lange","@id":"https:\/\/www.overskrift.dk\/blog\/#\/schema\/person\/3d7f3e6f67bdbd0ac5a54f2e0636d425"},"headline":"\u00c6ldre Sagen har sat digital mediemonitorering i system","datePublished":"2022-09-30T07:38:37+00:00","mainEntityOfPage":{"@id":"https:\/\/www.overskrift.dk\/blog\/2022\/09\/30\/aeldre-sagen-har-sat-digital-mediemonitorering-i-system\/"},"wordCount":515,"publisher":{"@id":"https:\/\/www.overskrift.dk\/blog\/#organization"},"image":{"@id":"https:\/\/www.overskrift.dk\/blog\/2022\/09\/30\/aeldre-sagen-har-sat-digital-mediemonitorering-i-system\/#primaryimage"},"thumbnailUrl":"https:\/\/www.overskrift.dk\/blog\/wp-content\/uploads\/Blogpost-retouch-scaled.jpg","keywords":["komdk","SMDK","somedk"],"articleSection":["Inspiration"],"inLanguage":"da-DK"},{"@type":"WebPage","@id":"https:\/\/www.overskrift.dk\/blog\/2022\/09\/30\/aeldre-sagen-har-sat-digital-mediemonitorering-i-system\/","url":"https:\/\/www.overskrift.dk\/blog\/2022\/09\/30\/aeldre-sagen-har-sat-digital-mediemonitorering-i-system\/","name":"\u00c6ldre Sagen har sat digital mediemonitorering i system - Overskrifts blog","isPartOf":{"@id":"https:\/\/www.overskrift.dk\/blog\/#website"},"primaryImageOfPage":{"@id":"https:\/\/www.overskrift.dk\/blog\/2022\/09\/30\/aeldre-sagen-har-sat-digital-mediemonitorering-i-system\/#primaryimage"},"image":{"@id":"https:\/\/www.overskrift.dk\/blog\/2022\/09\/30\/aeldre-sagen-har-sat-digital-mediemonitorering-i-system\/#primaryimage"},"thumbnailUrl":"https:\/\/www.overskrift.dk\/blog\/wp-content\/uploads\/Blogpost-retouch-scaled.jpg","datePublished":"2022-09-30T07:38:37+00:00","description":"Bliv klogere p\u00e5 hvordan Jeanette Hedegaard og \u00c6ldre Sagen arbejder systematisk med digital mediemonitorering.","breadcrumb":{"@id":"https:\/\/www.overskrift.dk\/blog\/2022\/09\/30\/aeldre-sagen-har-sat-digital-mediemonitorering-i-system\/#breadcrumb"},"inLanguage":"da-DK","potentialAction":[{"@type":"ReadAction","target":["https:\/\/www.overskrift.dk\/blog\/2022\/09\/30\/aeldre-sagen-har-sat-digital-mediemonitorering-i-system\/"]}]},{"@type":"ImageObject","inLanguage":"da-DK","@id":"https:\/\/www.overskrift.dk\/blog\/2022\/09\/30\/aeldre-sagen-har-sat-digital-mediemonitorering-i-system\/#primaryimage","url":"https:\/\/www.overskrift.dk\/blog\/wp-content\/uploads\/Blogpost-retouch-scaled.jpg","contentUrl":"https:\/\/www.overskrift.dk\/blog\/wp-content\/uploads\/Blogpost-retouch-scaled.jpg","width":2560,"height":1525},{"@type":"BreadcrumbList","@id":"https:\/\/www.overskrift.dk\/blog\/2022\/09\/30\/aeldre-sagen-har-sat-digital-mediemonitorering-i-system\/#breadcrumb","itemListElement":[{"@type":"ListItem","position":1,"name":"Hjem","item":"https:\/\/www.overskrift.dk\/blog\/"},{"@type":"ListItem","position":2,"name":"\u00c6ldre Sagen har sat digital mediemonitorering i system"}]},{"@type":"WebSite","@id":"https:\/\/www.overskrift.dk\/blog\/#website","url":"https:\/\/www.overskrift.dk\/blog\/","name":"Overskrifts blog","description":"Nyeste indl\u00e6g","publisher":{"@id":"https:\/\/www.overskrift.dk\/blog\/#organization"},"potentialAction":[{"@type":"SearchAction","target":{"@type":"EntryPoint","urlTemplate":"https:\/\/www.overskrift.dk\/blog\/?s={search_term_string}"},"query-input":{"@type":"PropertyValueSpecification","valueRequired":true,"valueName":"search_term_string"}}],"inLanguage":"da-DK"},{"@type":"Organization","@id":"https:\/\/www.overskrift.dk\/blog\/#organization","name":"Overskrift ApS","url":"https:\/\/www.overskrift.dk\/blog\/","logo":{"@type":"ImageObject","inLanguage":"da-DK","@id":"https:\/\/www.overskrift.dk\/blog\/#\/schema\/logo\/image\/","url":"https:\/\/blog.overskrift.dk\/wp-content\/uploads\/Just-the-dots-1.png","contentUrl":"https:\/\/blog.overskrift.dk\/wp-content\/uploads\/Just-the-dots-1.png","width":258,"height":257,"caption":"Overskrift ApS"},"image":{"@id":"https:\/\/www.overskrift.dk\/blog\/#\/schema\/logo\/image\/"},"sameAs":["https:\/\/www.facebook.com\/overskrift","https:\/\/x.com\/overskrift","https:\/\/www.instagram.com\/overskrift\/","https:\/\/www.linkedin.com\/company\/10153434"]},{"@type":"Person","@id":"https:\/\/www.overskrift.dk\/blog\/#\/schema\/person\/3d7f3e6f67bdbd0ac5a54f2e0636d425","name":"Jens Ulrik Lange","image":{"@type":"ImageObject","inLanguage":"da-DK","@id":"https:\/\/secure.gravatar.com\/avatar\/1a6a5e80737c0601b8636b4f5d44bbb6784206b176e34a44cb735e4516b70777?s=96&d=mm&r=g","url":"https:\/\/secure.gravatar.com\/avatar\/1a6a5e80737c0601b8636b4f5d44bbb6784206b176e34a44cb735e4516b70777?s=96&d=mm&r=g","contentUrl":"https:\/\/secure.gravatar.com\/avatar\/1a6a5e80737c0601b8636b4f5d44bbb6784206b176e34a44cb735e4516b70777?s=96&d=mm&r=g","caption":"Jens Ulrik Lange"},"description":"Indl\u00e6gget er skrevet af Jens Ulrik, der er partner i og medstifter af Overskrift. Jens Ulrik er Overskrifts tekniske geni, og han har desuden mange \u00e5rs erfaring med r\u00e5dgivning inden for sociale medier og nyhedssites.","url":"https:\/\/www.overskrift.dk\/blog\/author\/jensulrik\/"}]}},"_links":{"self":[{"href":"https:\/\/www.overskrift.dk\/blog\/wp-json\/wp\/v2\/posts\/9300","targetHints":{"allow":["GET"]}}],"collection":[{"href":"https:\/\/www.overskrift.dk\/blog\/wp-json\/wp\/v2\/posts"}],"about":[{"href":"https:\/\/www.overskrift.dk\/blog\/wp-json\/wp\/v2\/types\/post"}],"author":[{"embeddable":true,"href":"https:\/\/www.overskrift.dk\/blog\/wp-json\/wp\/v2\/users\/5"}],"replies":[{"embeddable":true,"href":"https:\/\/www.overskrift.dk\/blog\/wp-json\/wp\/v2\/comments?post=9300"}],"version-history":[{"count":13,"href":"https:\/\/www.overskrift.dk\/blog\/wp-json\/wp\/v2\/posts\/9300\/revisions"}],"predecessor-version":[{"id":9318,"href":"https:\/\/www.overskrift.dk\/blog\/wp-json\/wp\/v2\/posts\/9300\/revisions\/9318"}],"wp:featuredmedia":[{"embeddable":true,"href":"https:\/\/www.overskrift.dk\/blog\/wp-json\/wp\/v2\/media\/9302"}],"wp:attachment":[{"href":"https:\/\/www.overskrift.dk\/blog\/wp-json\/wp\/v2\/media?parent=9300"}],"wp:term":[{"taxonomy":"category","embeddable":true,"href":"https:\/\/www.overskrift.dk\/blog\/wp-json\/wp\/v2\/categories?post=9300"},{"taxonomy":"post_tag","embeddable":true,"href":"https:\/\/www.overskrift.dk\/blog\/wp-json\/wp\/v2\/tags?post=9300"}],"curies":[{"name":"wp","href":"https:\/\/api.w.org\/{rel}","templated":true}]}}