{"id":9324,"date":"2022-10-25T09:44:27","date_gmt":"2022-10-25T07:44:27","guid":{"rendered":"https:\/\/www.overskrift.dk\/blog\/?p=9324"},"modified":"2022-11-02T12:08:24","modified_gmt":"2022-11-02T11:08:24","slug":"udviklingen-i-antallet-af-omtaler-af-partiledere-i-oktober","status":"publish","type":"post","link":"https:\/\/www.overskrift.dk\/blog\/2022\/10\/25\/udviklingen-i-antallet-af-omtaler-af-partiledere-i-oktober\/","title":{"rendered":"Udviklingen i antallet af omtaler af partiledere i oktober"},"content":{"rendered":"<p><strong>F\u00f8lg udviklingen i antallet af omtaler af de enkelte partiledere dag for dag i oktober m\u00e5ned p\u00e5 Twitter, her hvor der er en god uge til folketingsvalg.<\/strong><\/p>\n<p>Der er partier, der ikke er helt hjemmevante p\u00e5 Twitter eller har opbygget en interessesf\u00e6re omkring sig derinde, mens de h\u00f8jst rangerende ligger nogenlunde p\u00e5 en fast position &#8211; p\u00e5 godt og ondt.<\/p>\n<p>Alt t\u00e6ller med: Et tweet om eller fra partilederen eller et retweet der n\u00e6vner partilederen g\u00f8r grafen l\u00e6ngere herunder.<\/p>\n<div class=\"flourish-embed flourish-bar-chart-race\" data-src=\"visualisation\/11569548\"><script src=\"https:\/\/public.flourish.studio\/resources\/embed.js\"><\/script><\/div>\n<div data-src=\"visualisation\/11569548\"><\/div>\n<p>Jan Birkemose fra <a href=\"https:\/\/www.medietrends.dk\/\">MedieTrends<\/a> har for\u00f8vrigt gjort opm\u00e6rksom p\u00e5 v\u00e6rkt\u00f8jet <a href=\"https:\/\/flourish.studio\/\">Flourish<\/a>, som denne visualisering er bygget i.<\/p>\n<p>Overskrift samarbejder med MedieTrends, som dagligt udgiver et nyhedsbrev om <a href=\"https:\/\/www.medietrends.dk\/2022\/10\/06\/valget-paa-de-sociale-medier\/\">Valget p\u00e5 sociale medier<\/a> og det kan varmt anbefales at f\u00f8lge de daglige analyser om valget. Det giver indsigt i hvad der aff\u00f8der likes og delinger i partiernes brug af digitale og sociale medier, samt et hurtigt overblik over dagens aktuelle diskussioner.<\/p>\n","protected":false},"excerpt":{"rendered":"<p>F\u00f8lg udviklingen i antallet af omtaler af de enkelte partiledere dag for dag i oktober m\u00e5ned p\u00e5 Twitter, her hvor der er en god uge til folketingsvalg. Der&hellip;<\/p>\n","protected":false},"author":5,"featured_media":9326,"comment_status":"closed","ping_status":"open","sticky":false,"template":"","format":"standard","meta":{"cybocfi_hide_featured_image":"yes","footnotes":""},"categories":[302,298],"tags":[620,622,621,619,381],"class_list":["post-9324","post","type-post","status-publish","format-standard","has-post-thumbnail","hentry","category-analyser","category-noegletal","tag-folketingsvalg","tag-ftvalg2022","tag-ftvalg22","tag-fv22","tag-valgkamp"],"yoast_head":"<!-- This site is optimized with the Yoast SEO plugin v27.5 - https:\/\/yoast.com\/product\/yoast-seo-wordpress\/ -->\n<title>Udviklingen i antallet af omtaler af partiledere i oktober - Overskrifts blog<\/title>\n<meta name=\"robots\" content=\"index, follow, max-snippet:-1, max-image-preview:large, max-video-preview:-1\" \/>\n<link rel=\"canonical\" href=\"https:\/\/www.overskrift.dk\/blog\/2022\/10\/25\/udviklingen-i-antallet-af-omtaler-af-partiledere-i-oktober\/\" \/>\n<meta property=\"og:locale\" content=\"da_DK\" \/>\n<meta property=\"og:type\" content=\"article\" \/>\n<meta property=\"og:title\" content=\"Udviklingen i antallet af omtaler af partiledere i oktober - Overskrifts blog\" \/>\n<meta property=\"og:description\" content=\"F\u00f8lg udviklingen i antallet af omtaler af de enkelte partiledere dag for dag i oktober m\u00e5ned p\u00e5 Twitter, her hvor der er en god uge til folketingsvalg. Der&hellip;\" \/>\n<meta property=\"og:url\" content=\"https:\/\/www.overskrift.dk\/blog\/2022\/10\/25\/udviklingen-i-antallet-af-omtaler-af-partiledere-i-oktober\/\" \/>\n<meta property=\"og:site_name\" content=\"Overskrifts blog\" \/>\n<meta property=\"article:publisher\" content=\"https:\/\/www.facebook.com\/overskrift\" \/>\n<meta property=\"article:published_time\" content=\"2022-10-25T07:44:27+00:00\" \/>\n<meta property=\"article:modified_time\" content=\"2022-11-02T11:08:24+00:00\" \/>\n<meta property=\"og:image\" content=\"https:\/\/www.overskrift.dk\/blog\/wp-content\/uploads\/Partileder-omtaler@2x.png\" \/>\n\t<meta property=\"og:image:width\" content=\"2172\" \/>\n\t<meta property=\"og:image:height\" content=\"1300\" \/>\n\t<meta property=\"og:image:type\" content=\"image\/png\" \/>\n<meta name=\"author\" content=\"Jens Ulrik Lange\" \/>\n<meta name=\"twitter:card\" content=\"summary_large_image\" \/>\n<meta name=\"twitter:creator\" content=\"@overskrift\" \/>\n<meta name=\"twitter:site\" content=\"@overskrift\" \/>\n<script type=\"application\/ld+json\" class=\"yoast-schema-graph\">{\"@context\":\"https:\\\/\\\/schema.org\",\"@graph\":[{\"@type\":\"Article\",\"@id\":\"https:\\\/\\\/www.overskrift.dk\\\/blog\\\/2022\\\/10\\\/25\\\/udviklingen-i-antallet-af-omtaler-af-partiledere-i-oktober\\\/#article\",\"isPartOf\":{\"@id\":\"https:\\\/\\\/www.overskrift.dk\\\/blog\\\/2022\\\/10\\\/25\\\/udviklingen-i-antallet-af-omtaler-af-partiledere-i-oktober\\\/\"},\"author\":{\"name\":\"Jens Ulrik Lange\",\"@id\":\"https:\\\/\\\/www.overskrift.dk\\\/blog\\\/#\\\/schema\\\/person\\\/3d7f3e6f67bdbd0ac5a54f2e0636d425\"},\"headline\":\"Udviklingen i antallet af omtaler af partiledere i oktober\",\"datePublished\":\"2022-10-25T07:44:27+00:00\",\"dateModified\":\"2022-11-02T11:08:24+00:00\",\"mainEntityOfPage\":{\"@id\":\"https:\\\/\\\/www.overskrift.dk\\\/blog\\\/2022\\\/10\\\/25\\\/udviklingen-i-antallet-af-omtaler-af-partiledere-i-oktober\\\/\"},\"wordCount\":171,\"publisher\":{\"@id\":\"https:\\\/\\\/www.overskrift.dk\\\/blog\\\/#organization\"},\"image\":{\"@id\":\"https:\\\/\\\/www.overskrift.dk\\\/blog\\\/2022\\\/10\\\/25\\\/udviklingen-i-antallet-af-omtaler-af-partiledere-i-oktober\\\/#primaryimage\"},\"thumbnailUrl\":\"https:\\\/\\\/www.overskrift.dk\\\/blog\\\/wp-content\\\/uploads\\\/Partileder-omtaler@2x.png\",\"keywords\":[\"folketingsvalg\",\"ftvalg2022\",\"ftvalg22\",\"fv22\",\"valgkamp\"],\"articleSection\":[\"Analyser\",\"N\u00f8gletal\"],\"inLanguage\":\"da-DK\"},{\"@type\":\"WebPage\",\"@id\":\"https:\\\/\\\/www.overskrift.dk\\\/blog\\\/2022\\\/10\\\/25\\\/udviklingen-i-antallet-af-omtaler-af-partiledere-i-oktober\\\/\",\"url\":\"https:\\\/\\\/www.overskrift.dk\\\/blog\\\/2022\\\/10\\\/25\\\/udviklingen-i-antallet-af-omtaler-af-partiledere-i-oktober\\\/\",\"name\":\"Udviklingen i antallet af omtaler af partiledere i oktober - Overskrifts blog\",\"isPartOf\":{\"@id\":\"https:\\\/\\\/www.overskrift.dk\\\/blog\\\/#website\"},\"primaryImageOfPage\":{\"@id\":\"https:\\\/\\\/www.overskrift.dk\\\/blog\\\/2022\\\/10\\\/25\\\/udviklingen-i-antallet-af-omtaler-af-partiledere-i-oktober\\\/#primaryimage\"},\"image\":{\"@id\":\"https:\\\/\\\/www.overskrift.dk\\\/blog\\\/2022\\\/10\\\/25\\\/udviklingen-i-antallet-af-omtaler-af-partiledere-i-oktober\\\/#primaryimage\"},\"thumbnailUrl\":\"https:\\\/\\\/www.overskrift.dk\\\/blog\\\/wp-content\\\/uploads\\\/Partileder-omtaler@2x.png\",\"datePublished\":\"2022-10-25T07:44:27+00:00\",\"dateModified\":\"2022-11-02T11:08:24+00:00\",\"breadcrumb\":{\"@id\":\"https:\\\/\\\/www.overskrift.dk\\\/blog\\\/2022\\\/10\\\/25\\\/udviklingen-i-antallet-af-omtaler-af-partiledere-i-oktober\\\/#breadcrumb\"},\"inLanguage\":\"da-DK\",\"potentialAction\":[{\"@type\":\"ReadAction\",\"target\":[\"https:\\\/\\\/www.overskrift.dk\\\/blog\\\/2022\\\/10\\\/25\\\/udviklingen-i-antallet-af-omtaler-af-partiledere-i-oktober\\\/\"]}]},{\"@type\":\"BreadcrumbList\",\"@id\":\"https:\\\/\\\/www.overskrift.dk\\\/blog\\\/2022\\\/10\\\/25\\\/udviklingen-i-antallet-af-omtaler-af-partiledere-i-oktober\\\/#breadcrumb\",\"itemListElement\":[{\"@type\":\"ListItem\",\"position\":1,\"name\":\"Hjem\",\"item\":\"https:\\\/\\\/www.overskrift.dk\\\/blog\\\/\"},{\"@type\":\"ListItem\",\"position\":2,\"name\":\"Udviklingen i antallet af omtaler af partiledere i oktober\"}]},{\"@type\":\"WebSite\",\"@id\":\"https:\\\/\\\/www.overskrift.dk\\\/blog\\\/#website\",\"url\":\"https:\\\/\\\/www.overskrift.dk\\\/blog\\\/\",\"name\":\"Overskrifts blog\",\"description\":\"Nyeste indl\u00e6g\",\"publisher\":{\"@id\":\"https:\\\/\\\/www.overskrift.dk\\\/blog\\\/#organization\"},\"potentialAction\":[{\"@type\":\"SearchAction\",\"target\":{\"@type\":\"EntryPoint\",\"urlTemplate\":\"https:\\\/\\\/www.overskrift.dk\\\/blog\\\/?s={search_term_string}\"},\"query-input\":{\"@type\":\"PropertyValueSpecification\",\"valueRequired\":true,\"valueName\":\"search_term_string\"}}],\"inLanguage\":\"da-DK\"},{\"@type\":\"Organization\",\"@id\":\"https:\\\/\\\/www.overskrift.dk\\\/blog\\\/#organization\",\"name\":\"Overskrift ApS\",\"url\":\"https:\\\/\\\/www.overskrift.dk\\\/blog\\\/\",\"logo\":{\"@type\":\"ImageObject\",\"inLanguage\":\"da-DK\",\"@id\":\"https:\\\/\\\/www.overskrift.dk\\\/blog\\\/#\\\/schema\\\/logo\\\/image\\\/\",\"url\":\"https:\\\/\\\/blog.overskrift.dk\\\/wp-content\\\/uploads\\\/Just-the-dots-1.png\",\"contentUrl\":\"https:\\\/\\\/blog.overskrift.dk\\\/wp-content\\\/uploads\\\/Just-the-dots-1.png\",\"width\":258,\"height\":257,\"caption\":\"Overskrift ApS\"},\"image\":{\"@id\":\"https:\\\/\\\/www.overskrift.dk\\\/blog\\\/#\\\/schema\\\/logo\\\/image\\\/\"},\"sameAs\":[\"https:\\\/\\\/www.facebook.com\\\/overskrift\",\"https:\\\/\\\/x.com\\\/overskrift\",\"https:\\\/\\\/www.instagram.com\\\/overskrift\\\/\",\"https:\\\/\\\/www.linkedin.com\\\/company\\\/10153434\"]},{\"@type\":\"Person\",\"@id\":\"https:\\\/\\\/www.overskrift.dk\\\/blog\\\/#\\\/schema\\\/person\\\/3d7f3e6f67bdbd0ac5a54f2e0636d425\",\"name\":\"Jens Ulrik Lange\",\"image\":{\"@type\":\"ImageObject\",\"inLanguage\":\"da-DK\",\"@id\":\"https:\\\/\\\/secure.gravatar.com\\\/avatar\\\/1a6a5e80737c0601b8636b4f5d44bbb6784206b176e34a44cb735e4516b70777?s=96&d=mm&r=g\",\"url\":\"https:\\\/\\\/secure.gravatar.com\\\/avatar\\\/1a6a5e80737c0601b8636b4f5d44bbb6784206b176e34a44cb735e4516b70777?s=96&d=mm&r=g\",\"contentUrl\":\"https:\\\/\\\/secure.gravatar.com\\\/avatar\\\/1a6a5e80737c0601b8636b4f5d44bbb6784206b176e34a44cb735e4516b70777?s=96&d=mm&r=g\",\"caption\":\"Jens Ulrik Lange\"},\"description\":\"Indl\u00e6gget er skrevet af Jens Ulrik, der er partner i og medstifter af Overskrift. Jens Ulrik er Overskrifts tekniske geni, og han har desuden mange \u00e5rs erfaring med r\u00e5dgivning inden for sociale medier og nyhedssites.\",\"url\":\"https:\\\/\\\/www.overskrift.dk\\\/blog\\\/author\\\/jensulrik\\\/\"}]}<\/script>\n<!-- \/ Yoast SEO plugin. -->","yoast_head_json":{"title":"Udviklingen i antallet af omtaler af partiledere i oktober - Overskrifts blog","robots":{"index":"index","follow":"follow","max-snippet":"max-snippet:-1","max-image-preview":"max-image-preview:large","max-video-preview":"max-video-preview:-1"},"canonical":"https:\/\/www.overskrift.dk\/blog\/2022\/10\/25\/udviklingen-i-antallet-af-omtaler-af-partiledere-i-oktober\/","og_locale":"da_DK","og_type":"article","og_title":"Udviklingen i antallet af omtaler af partiledere i oktober - Overskrifts blog","og_description":"F\u00f8lg udviklingen i antallet af omtaler af de enkelte partiledere dag for dag i oktober m\u00e5ned p\u00e5 Twitter, her hvor der er en god uge til folketingsvalg. Der&hellip;","og_url":"https:\/\/www.overskrift.dk\/blog\/2022\/10\/25\/udviklingen-i-antallet-af-omtaler-af-partiledere-i-oktober\/","og_site_name":"Overskrifts blog","article_publisher":"https:\/\/www.facebook.com\/overskrift","article_published_time":"2022-10-25T07:44:27+00:00","article_modified_time":"2022-11-02T11:08:24+00:00","og_image":[{"width":2172,"height":1300,"url":"https:\/\/www.overskrift.dk\/blog\/wp-content\/uploads\/Partileder-omtaler@2x.png","type":"image\/png"}],"author":"Jens Ulrik Lange","twitter_card":"summary_large_image","twitter_creator":"@overskrift","twitter_site":"@overskrift","schema":{"@context":"https:\/\/schema.org","@graph":[{"@type":"Article","@id":"https:\/\/www.overskrift.dk\/blog\/2022\/10\/25\/udviklingen-i-antallet-af-omtaler-af-partiledere-i-oktober\/#article","isPartOf":{"@id":"https:\/\/www.overskrift.dk\/blog\/2022\/10\/25\/udviklingen-i-antallet-af-omtaler-af-partiledere-i-oktober\/"},"author":{"name":"Jens Ulrik Lange","@id":"https:\/\/www.overskrift.dk\/blog\/#\/schema\/person\/3d7f3e6f67bdbd0ac5a54f2e0636d425"},"headline":"Udviklingen i antallet af omtaler af partiledere i oktober","datePublished":"2022-10-25T07:44:27+00:00","dateModified":"2022-11-02T11:08:24+00:00","mainEntityOfPage":{"@id":"https:\/\/www.overskrift.dk\/blog\/2022\/10\/25\/udviklingen-i-antallet-af-omtaler-af-partiledere-i-oktober\/"},"wordCount":171,"publisher":{"@id":"https:\/\/www.overskrift.dk\/blog\/#organization"},"image":{"@id":"https:\/\/www.overskrift.dk\/blog\/2022\/10\/25\/udviklingen-i-antallet-af-omtaler-af-partiledere-i-oktober\/#primaryimage"},"thumbnailUrl":"https:\/\/www.overskrift.dk\/blog\/wp-content\/uploads\/Partileder-omtaler@2x.png","keywords":["folketingsvalg","ftvalg2022","ftvalg22","fv22","valgkamp"],"articleSection":["Analyser","N\u00f8gletal"],"inLanguage":"da-DK"},{"@type":"WebPage","@id":"https:\/\/www.overskrift.dk\/blog\/2022\/10\/25\/udviklingen-i-antallet-af-omtaler-af-partiledere-i-oktober\/","url":"https:\/\/www.overskrift.dk\/blog\/2022\/10\/25\/udviklingen-i-antallet-af-omtaler-af-partiledere-i-oktober\/","name":"Udviklingen i antallet af omtaler af partiledere i oktober - Overskrifts blog","isPartOf":{"@id":"https:\/\/www.overskrift.dk\/blog\/#website"},"primaryImageOfPage":{"@id":"https:\/\/www.overskrift.dk\/blog\/2022\/10\/25\/udviklingen-i-antallet-af-omtaler-af-partiledere-i-oktober\/#primaryimage"},"image":{"@id":"https:\/\/www.overskrift.dk\/blog\/2022\/10\/25\/udviklingen-i-antallet-af-omtaler-af-partiledere-i-oktober\/#primaryimage"},"thumbnailUrl":"https:\/\/www.overskrift.dk\/blog\/wp-content\/uploads\/Partileder-omtaler@2x.png","datePublished":"2022-10-25T07:44:27+00:00","dateModified":"2022-11-02T11:08:24+00:00","breadcrumb":{"@id":"https:\/\/www.overskrift.dk\/blog\/2022\/10\/25\/udviklingen-i-antallet-af-omtaler-af-partiledere-i-oktober\/#breadcrumb"},"inLanguage":"da-DK","potentialAction":[{"@type":"ReadAction","target":["https:\/\/www.overskrift.dk\/blog\/2022\/10\/25\/udviklingen-i-antallet-af-omtaler-af-partiledere-i-oktober\/"]}]},{"@type":"BreadcrumbList","@id":"https:\/\/www.overskrift.dk\/blog\/2022\/10\/25\/udviklingen-i-antallet-af-omtaler-af-partiledere-i-oktober\/#breadcrumb","itemListElement":[{"@type":"ListItem","position":1,"name":"Hjem","item":"https:\/\/www.overskrift.dk\/blog\/"},{"@type":"ListItem","position":2,"name":"Udviklingen i antallet af omtaler af partiledere i oktober"}]},{"@type":"WebSite","@id":"https:\/\/www.overskrift.dk\/blog\/#website","url":"https:\/\/www.overskrift.dk\/blog\/","name":"Overskrifts blog","description":"Nyeste indl\u00e6g","publisher":{"@id":"https:\/\/www.overskrift.dk\/blog\/#organization"},"potentialAction":[{"@type":"SearchAction","target":{"@type":"EntryPoint","urlTemplate":"https:\/\/www.overskrift.dk\/blog\/?s={search_term_string}"},"query-input":{"@type":"PropertyValueSpecification","valueRequired":true,"valueName":"search_term_string"}}],"inLanguage":"da-DK"},{"@type":"Organization","@id":"https:\/\/www.overskrift.dk\/blog\/#organization","name":"Overskrift ApS","url":"https:\/\/www.overskrift.dk\/blog\/","logo":{"@type":"ImageObject","inLanguage":"da-DK","@id":"https:\/\/www.overskrift.dk\/blog\/#\/schema\/logo\/image\/","url":"https:\/\/blog.overskrift.dk\/wp-content\/uploads\/Just-the-dots-1.png","contentUrl":"https:\/\/blog.overskrift.dk\/wp-content\/uploads\/Just-the-dots-1.png","width":258,"height":257,"caption":"Overskrift ApS"},"image":{"@id":"https:\/\/www.overskrift.dk\/blog\/#\/schema\/logo\/image\/"},"sameAs":["https:\/\/www.facebook.com\/overskrift","https:\/\/x.com\/overskrift","https:\/\/www.instagram.com\/overskrift\/","https:\/\/www.linkedin.com\/company\/10153434"]},{"@type":"Person","@id":"https:\/\/www.overskrift.dk\/blog\/#\/schema\/person\/3d7f3e6f67bdbd0ac5a54f2e0636d425","name":"Jens Ulrik Lange","image":{"@type":"ImageObject","inLanguage":"da-DK","@id":"https:\/\/secure.gravatar.com\/avatar\/1a6a5e80737c0601b8636b4f5d44bbb6784206b176e34a44cb735e4516b70777?s=96&d=mm&r=g","url":"https:\/\/secure.gravatar.com\/avatar\/1a6a5e80737c0601b8636b4f5d44bbb6784206b176e34a44cb735e4516b70777?s=96&d=mm&r=g","contentUrl":"https:\/\/secure.gravatar.com\/avatar\/1a6a5e80737c0601b8636b4f5d44bbb6784206b176e34a44cb735e4516b70777?s=96&d=mm&r=g","caption":"Jens Ulrik Lange"},"description":"Indl\u00e6gget er skrevet af Jens Ulrik, der er partner i og medstifter af Overskrift. Jens Ulrik er Overskrifts tekniske geni, og han har desuden mange \u00e5rs erfaring med r\u00e5dgivning inden for sociale medier og nyhedssites.","url":"https:\/\/www.overskrift.dk\/blog\/author\/jensulrik\/"}]}},"_links":{"self":[{"href":"https:\/\/www.overskrift.dk\/blog\/wp-json\/wp\/v2\/posts\/9324","targetHints":{"allow":["GET"]}}],"collection":[{"href":"https:\/\/www.overskrift.dk\/blog\/wp-json\/wp\/v2\/posts"}],"about":[{"href":"https:\/\/www.overskrift.dk\/blog\/wp-json\/wp\/v2\/types\/post"}],"author":[{"embeddable":true,"href":"https:\/\/www.overskrift.dk\/blog\/wp-json\/wp\/v2\/users\/5"}],"replies":[{"embeddable":true,"href":"https:\/\/www.overskrift.dk\/blog\/wp-json\/wp\/v2\/comments?post=9324"}],"version-history":[{"count":11,"href":"https:\/\/www.overskrift.dk\/blog\/wp-json\/wp\/v2\/posts\/9324\/revisions"}],"predecessor-version":[{"id":9338,"href":"https:\/\/www.overskrift.dk\/blog\/wp-json\/wp\/v2\/posts\/9324\/revisions\/9338"}],"wp:featuredmedia":[{"embeddable":true,"href":"https:\/\/www.overskrift.dk\/blog\/wp-json\/wp\/v2\/media\/9326"}],"wp:attachment":[{"href":"https:\/\/www.overskrift.dk\/blog\/wp-json\/wp\/v2\/media?parent=9324"}],"wp:term":[{"taxonomy":"category","embeddable":true,"href":"https:\/\/www.overskrift.dk\/blog\/wp-json\/wp\/v2\/categories?post=9324"},{"taxonomy":"post_tag","embeddable":true,"href":"https:\/\/www.overskrift.dk\/blog\/wp-json\/wp\/v2\/tags?post=9324"}],"curies":[{"name":"wp","href":"https:\/\/api.w.org\/{rel}","templated":true}]}}