{"id":956,"date":"2008-08-25T19:10:31","date_gmt":"2008-08-25T17:10:31","guid":{"rendered":"http:\/\/blog.overskrift.dk\/2008\/08\/25\/weekendavisen-lancerer-endelig-blogs\/"},"modified":"2017-04-18T13:38:56","modified_gmt":"2017-04-18T11:38:56","slug":"weekendavisen-lancerer-endelig-blogs","status":"publish","type":"post","link":"https:\/\/www.overskrift.dk\/blog\/2008\/08\/25\/weekendavisen-lancerer-endelig-blogs\/","title":{"rendered":"Weekendavisen lancerer (endelig) blogs"},"content":{"rendered":"<p><a href=\"http:\/\/www.weekendavisen.dk\/\">Weekendavisen<\/a> er igang med en st\u00f8rre oml\u00e6gning af online-delen, som &#8220;<a href=\"http:\/\/journalisten.dk\/lancerer-ny-udgave-af-weekendavisen-dk\">en slags femte sektion<\/a>&#8221; til den trykte avis og g\u00e5r efter &#8220;at blive centrum for litteraturelskere og dermed hente annonceindt\u00e6gter fra b\u00f8gernes verden og det intellektuelle segment&#8221;.&#8221;<\/p>\n<p>Der satses \u00e5benbart ogs\u00e5 p\u00e5 tidens trend med at f\u00e5 brugerne med, bla. til\u00a0 <a href=\"http:\/\/www.weekendavisen.dk\/forum\/brugernes-boganmeldelser\">bruger-anmeldelser<\/a>.<\/p>\n<p>Og s\u00e5 er der selvf\u00f8lgelig blogs. I f\u00f8rste omgang vist kun for Weekendavisen skribenter. F.eks. har Lars &#8220;Blogdahl&#8221; Bukdahl efter 4 \u00e5rs plageri <a href=\"http:\/\/www.weekendavisen.dk\/blog\/bukdahl\/lars-bukdahl\/2008-08-19-blogdahl\">endelig f\u00e5et sin blog<\/a>, den stakkel. Hvorfor ikke bare oprette sin egen blog i stedet for at vente p\u00e5 at mediet opretter en blog-platform for dig, som F\u00f8hns sp\u00f8rger.<\/p>\n","protected":false},"excerpt":{"rendered":"<p>Weekendavisen er igang med en st\u00f8rre oml\u00e6gning af online-delen, som &#8220;en slags femte sektion&#8221; til den trykte avis og g\u00e5r efter &#8220;at blive centrum for litteraturelskere og dermed&hellip;<\/p>\n","protected":false},"author":4,"featured_media":0,"comment_status":"open","ping_status":"open","sticky":false,"template":"","format":"standard","meta":{"cybocfi_hide_featured_image":"","footnotes":""},"categories":[305],"tags":[333,322,310,352,312,321],"class_list":["post-956","post","type-post","status-publish","format-standard","hentry","category-trends","tag-aviser","tag-blogosfaere","tag-brugerdrevet","tag-crowdsourcing","tag-medier","tag-nye-blogs"],"yoast_head":"<!-- This site is optimized with the Yoast SEO plugin v27.5 - https:\/\/yoast.com\/product\/yoast-seo-wordpress\/ -->\n<title>Weekendavisen lancerer (endelig) blogs - Overskrifts blog<\/title>\n<meta name=\"robots\" content=\"index, follow, max-snippet:-1, max-image-preview:large, max-video-preview:-1\" \/>\n<link rel=\"canonical\" href=\"https:\/\/www.overskrift.dk\/blog\/2008\/08\/25\/weekendavisen-lancerer-endelig-blogs\/\" \/>\n<meta property=\"og:locale\" content=\"da_DK\" \/>\n<meta property=\"og:type\" content=\"article\" \/>\n<meta property=\"og:title\" content=\"Weekendavisen lancerer (endelig) blogs - Overskrifts blog\" \/>\n<meta property=\"og:description\" content=\"Weekendavisen er igang med en st\u00f8rre oml\u00e6gning af online-delen, som &#8220;en slags femte sektion&#8221; til den trykte avis og g\u00e5r efter &#8220;at blive centrum for litteraturelskere og dermed&hellip;\" \/>\n<meta property=\"og:url\" content=\"https:\/\/www.overskrift.dk\/blog\/2008\/08\/25\/weekendavisen-lancerer-endelig-blogs\/\" \/>\n<meta property=\"og:site_name\" content=\"Overskrifts blog\" \/>\n<meta property=\"article:publisher\" content=\"https:\/\/www.facebook.com\/overskrift\" \/>\n<meta property=\"article:published_time\" content=\"2008-08-25T17:10:31+00:00\" \/>\n<meta property=\"article:modified_time\" content=\"2017-04-18T11:38:56+00:00\" \/>\n<meta property=\"og:image\" content=\"https:\/\/www.overskrift.dk\/blog\/wp-content\/uploads\/butterfly-effect-2808334_1920.jpg\" \/>\n\t<meta property=\"og:image:width\" content=\"1920\" \/>\n\t<meta property=\"og:image:height\" content=\"689\" \/>\n\t<meta property=\"og:image:type\" content=\"image\/jpeg\" \/>\n<meta name=\"author\" content=\"Stefan B\u00f8gh-Andersen\" \/>\n<meta name=\"twitter:card\" content=\"summary_large_image\" \/>\n<meta name=\"twitter:creator\" content=\"@overskrift\" \/>\n<meta name=\"twitter:site\" content=\"@overskrift\" \/>\n<script type=\"application\/ld+json\" class=\"yoast-schema-graph\">{\"@context\":\"https:\\\/\\\/schema.org\",\"@graph\":[{\"@type\":\"Article\",\"@id\":\"https:\\\/\\\/www.overskrift.dk\\\/blog\\\/2008\\\/08\\\/25\\\/weekendavisen-lancerer-endelig-blogs\\\/#article\",\"isPartOf\":{\"@id\":\"https:\\\/\\\/www.overskrift.dk\\\/blog\\\/2008\\\/08\\\/25\\\/weekendavisen-lancerer-endelig-blogs\\\/\"},\"author\":{\"name\":\"Stefan B\u00f8gh-Andersen\",\"@id\":\"https:\\\/\\\/www.overskrift.dk\\\/blog\\\/#\\\/schema\\\/person\\\/b78220010603ce4384fa7758a6eabaf3\"},\"headline\":\"Weekendavisen lancerer (endelig) blogs\",\"datePublished\":\"2008-08-25T17:10:31+00:00\",\"dateModified\":\"2017-04-18T11:38:56+00:00\",\"mainEntityOfPage\":{\"@id\":\"https:\\\/\\\/www.overskrift.dk\\\/blog\\\/2008\\\/08\\\/25\\\/weekendavisen-lancerer-endelig-blogs\\\/\"},\"wordCount\":118,\"commentCount\":6,\"publisher\":{\"@id\":\"https:\\\/\\\/www.overskrift.dk\\\/blog\\\/#organization\"},\"keywords\":[\"Aviser\",\"Blogosf\u00e6re\",\"Brugerdrevet\",\"Crowdsourcing\",\"Medier\",\"Nye blogs\"],\"articleSection\":[\"Trends\"],\"inLanguage\":\"da-DK\",\"potentialAction\":[{\"@type\":\"CommentAction\",\"name\":\"Comment\",\"target\":[\"https:\\\/\\\/www.overskrift.dk\\\/blog\\\/2008\\\/08\\\/25\\\/weekendavisen-lancerer-endelig-blogs\\\/#respond\"]}]},{\"@type\":\"WebPage\",\"@id\":\"https:\\\/\\\/www.overskrift.dk\\\/blog\\\/2008\\\/08\\\/25\\\/weekendavisen-lancerer-endelig-blogs\\\/\",\"url\":\"https:\\\/\\\/www.overskrift.dk\\\/blog\\\/2008\\\/08\\\/25\\\/weekendavisen-lancerer-endelig-blogs\\\/\",\"name\":\"Weekendavisen lancerer (endelig) blogs - Overskrifts blog\",\"isPartOf\":{\"@id\":\"https:\\\/\\\/www.overskrift.dk\\\/blog\\\/#website\"},\"datePublished\":\"2008-08-25T17:10:31+00:00\",\"dateModified\":\"2017-04-18T11:38:56+00:00\",\"breadcrumb\":{\"@id\":\"https:\\\/\\\/www.overskrift.dk\\\/blog\\\/2008\\\/08\\\/25\\\/weekendavisen-lancerer-endelig-blogs\\\/#breadcrumb\"},\"inLanguage\":\"da-DK\",\"potentialAction\":[{\"@type\":\"ReadAction\",\"target\":[\"https:\\\/\\\/www.overskrift.dk\\\/blog\\\/2008\\\/08\\\/25\\\/weekendavisen-lancerer-endelig-blogs\\\/\"]}]},{\"@type\":\"BreadcrumbList\",\"@id\":\"https:\\\/\\\/www.overskrift.dk\\\/blog\\\/2008\\\/08\\\/25\\\/weekendavisen-lancerer-endelig-blogs\\\/#breadcrumb\",\"itemListElement\":[{\"@type\":\"ListItem\",\"position\":1,\"name\":\"Hjem\",\"item\":\"https:\\\/\\\/www.overskrift.dk\\\/blog\\\/\"},{\"@type\":\"ListItem\",\"position\":2,\"name\":\"Weekendavisen lancerer (endelig) blogs\"}]},{\"@type\":\"WebSite\",\"@id\":\"https:\\\/\\\/www.overskrift.dk\\\/blog\\\/#website\",\"url\":\"https:\\\/\\\/www.overskrift.dk\\\/blog\\\/\",\"name\":\"Overskrifts blog\",\"description\":\"Nyeste indl\u00e6g\",\"publisher\":{\"@id\":\"https:\\\/\\\/www.overskrift.dk\\\/blog\\\/#organization\"},\"potentialAction\":[{\"@type\":\"SearchAction\",\"target\":{\"@type\":\"EntryPoint\",\"urlTemplate\":\"https:\\\/\\\/www.overskrift.dk\\\/blog\\\/?s={search_term_string}\"},\"query-input\":{\"@type\":\"PropertyValueSpecification\",\"valueRequired\":true,\"valueName\":\"search_term_string\"}}],\"inLanguage\":\"da-DK\"},{\"@type\":\"Organization\",\"@id\":\"https:\\\/\\\/www.overskrift.dk\\\/blog\\\/#organization\",\"name\":\"Overskrift ApS\",\"url\":\"https:\\\/\\\/www.overskrift.dk\\\/blog\\\/\",\"logo\":{\"@type\":\"ImageObject\",\"inLanguage\":\"da-DK\",\"@id\":\"https:\\\/\\\/www.overskrift.dk\\\/blog\\\/#\\\/schema\\\/logo\\\/image\\\/\",\"url\":\"https:\\\/\\\/blog.overskrift.dk\\\/wp-content\\\/uploads\\\/Just-the-dots-1.png\",\"contentUrl\":\"https:\\\/\\\/blog.overskrift.dk\\\/wp-content\\\/uploads\\\/Just-the-dots-1.png\",\"width\":258,\"height\":257,\"caption\":\"Overskrift ApS\"},\"image\":{\"@id\":\"https:\\\/\\\/www.overskrift.dk\\\/blog\\\/#\\\/schema\\\/logo\\\/image\\\/\"},\"sameAs\":[\"https:\\\/\\\/www.facebook.com\\\/overskrift\",\"https:\\\/\\\/x.com\\\/overskrift\",\"https:\\\/\\\/www.instagram.com\\\/overskrift\\\/\",\"https:\\\/\\\/www.linkedin.com\\\/company\\\/10153434\"]},{\"@type\":\"Person\",\"@id\":\"https:\\\/\\\/www.overskrift.dk\\\/blog\\\/#\\\/schema\\\/person\\\/b78220010603ce4384fa7758a6eabaf3\",\"name\":\"Stefan B\u00f8gh-Andersen\",\"image\":{\"@type\":\"ImageObject\",\"inLanguage\":\"da-DK\",\"@id\":\"https:\\\/\\\/secure.gravatar.com\\\/avatar\\\/f7eee59b7b5aa69f61ce713b6f85ef24d2faef678f186072e924c71249c2d2d6?s=96&d=mm&r=g\",\"url\":\"https:\\\/\\\/secure.gravatar.com\\\/avatar\\\/f7eee59b7b5aa69f61ce713b6f85ef24d2faef678f186072e924c71249c2d2d6?s=96&d=mm&r=g\",\"contentUrl\":\"https:\\\/\\\/secure.gravatar.com\\\/avatar\\\/f7eee59b7b5aa69f61ce713b6f85ef24d2faef678f186072e924c71249c2d2d6?s=96&d=mm&r=g\",\"caption\":\"Stefan B\u00f8gh-Andersen\"},\"description\":\"Indl\u00e6gget er skrevet af Stefan, der er direkt\u00f8r i og stifter af Overskrift. Stefan er en skarp analytiker og har mange \u00e5rs erfaring med r\u00e5dgivning inden for sociale medier og nyhedssites.\",\"url\":\"https:\\\/\\\/www.overskrift.dk\\\/blog\\\/author\\\/stefan\\\/\"}]}<\/script>\n<!-- \/ Yoast SEO plugin. -->","yoast_head_json":{"title":"Weekendavisen lancerer (endelig) blogs - Overskrifts blog","robots":{"index":"index","follow":"follow","max-snippet":"max-snippet:-1","max-image-preview":"max-image-preview:large","max-video-preview":"max-video-preview:-1"},"canonical":"https:\/\/www.overskrift.dk\/blog\/2008\/08\/25\/weekendavisen-lancerer-endelig-blogs\/","og_locale":"da_DK","og_type":"article","og_title":"Weekendavisen lancerer (endelig) blogs - Overskrifts blog","og_description":"Weekendavisen er igang med en st\u00f8rre oml\u00e6gning af online-delen, som &#8220;en slags femte sektion&#8221; til den trykte avis og g\u00e5r efter &#8220;at blive centrum for litteraturelskere og dermed&hellip;","og_url":"https:\/\/www.overskrift.dk\/blog\/2008\/08\/25\/weekendavisen-lancerer-endelig-blogs\/","og_site_name":"Overskrifts blog","article_publisher":"https:\/\/www.facebook.com\/overskrift","article_published_time":"2008-08-25T17:10:31+00:00","article_modified_time":"2017-04-18T11:38:56+00:00","og_image":[{"width":1920,"height":689,"url":"https:\/\/www.overskrift.dk\/blog\/wp-content\/uploads\/butterfly-effect-2808334_1920.jpg","type":"image\/jpeg"}],"author":"Stefan B\u00f8gh-Andersen","twitter_card":"summary_large_image","twitter_creator":"@overskrift","twitter_site":"@overskrift","schema":{"@context":"https:\/\/schema.org","@graph":[{"@type":"Article","@id":"https:\/\/www.overskrift.dk\/blog\/2008\/08\/25\/weekendavisen-lancerer-endelig-blogs\/#article","isPartOf":{"@id":"https:\/\/www.overskrift.dk\/blog\/2008\/08\/25\/weekendavisen-lancerer-endelig-blogs\/"},"author":{"name":"Stefan B\u00f8gh-Andersen","@id":"https:\/\/www.overskrift.dk\/blog\/#\/schema\/person\/b78220010603ce4384fa7758a6eabaf3"},"headline":"Weekendavisen lancerer (endelig) blogs","datePublished":"2008-08-25T17:10:31+00:00","dateModified":"2017-04-18T11:38:56+00:00","mainEntityOfPage":{"@id":"https:\/\/www.overskrift.dk\/blog\/2008\/08\/25\/weekendavisen-lancerer-endelig-blogs\/"},"wordCount":118,"commentCount":6,"publisher":{"@id":"https:\/\/www.overskrift.dk\/blog\/#organization"},"keywords":["Aviser","Blogosf\u00e6re","Brugerdrevet","Crowdsourcing","Medier","Nye blogs"],"articleSection":["Trends"],"inLanguage":"da-DK","potentialAction":[{"@type":"CommentAction","name":"Comment","target":["https:\/\/www.overskrift.dk\/blog\/2008\/08\/25\/weekendavisen-lancerer-endelig-blogs\/#respond"]}]},{"@type":"WebPage","@id":"https:\/\/www.overskrift.dk\/blog\/2008\/08\/25\/weekendavisen-lancerer-endelig-blogs\/","url":"https:\/\/www.overskrift.dk\/blog\/2008\/08\/25\/weekendavisen-lancerer-endelig-blogs\/","name":"Weekendavisen lancerer (endelig) blogs - Overskrifts blog","isPartOf":{"@id":"https:\/\/www.overskrift.dk\/blog\/#website"},"datePublished":"2008-08-25T17:10:31+00:00","dateModified":"2017-04-18T11:38:56+00:00","breadcrumb":{"@id":"https:\/\/www.overskrift.dk\/blog\/2008\/08\/25\/weekendavisen-lancerer-endelig-blogs\/#breadcrumb"},"inLanguage":"da-DK","potentialAction":[{"@type":"ReadAction","target":["https:\/\/www.overskrift.dk\/blog\/2008\/08\/25\/weekendavisen-lancerer-endelig-blogs\/"]}]},{"@type":"BreadcrumbList","@id":"https:\/\/www.overskrift.dk\/blog\/2008\/08\/25\/weekendavisen-lancerer-endelig-blogs\/#breadcrumb","itemListElement":[{"@type":"ListItem","position":1,"name":"Hjem","item":"https:\/\/www.overskrift.dk\/blog\/"},{"@type":"ListItem","position":2,"name":"Weekendavisen lancerer (endelig) blogs"}]},{"@type":"WebSite","@id":"https:\/\/www.overskrift.dk\/blog\/#website","url":"https:\/\/www.overskrift.dk\/blog\/","name":"Overskrifts blog","description":"Nyeste indl\u00e6g","publisher":{"@id":"https:\/\/www.overskrift.dk\/blog\/#organization"},"potentialAction":[{"@type":"SearchAction","target":{"@type":"EntryPoint","urlTemplate":"https:\/\/www.overskrift.dk\/blog\/?s={search_term_string}"},"query-input":{"@type":"PropertyValueSpecification","valueRequired":true,"valueName":"search_term_string"}}],"inLanguage":"da-DK"},{"@type":"Organization","@id":"https:\/\/www.overskrift.dk\/blog\/#organization","name":"Overskrift ApS","url":"https:\/\/www.overskrift.dk\/blog\/","logo":{"@type":"ImageObject","inLanguage":"da-DK","@id":"https:\/\/www.overskrift.dk\/blog\/#\/schema\/logo\/image\/","url":"https:\/\/blog.overskrift.dk\/wp-content\/uploads\/Just-the-dots-1.png","contentUrl":"https:\/\/blog.overskrift.dk\/wp-content\/uploads\/Just-the-dots-1.png","width":258,"height":257,"caption":"Overskrift ApS"},"image":{"@id":"https:\/\/www.overskrift.dk\/blog\/#\/schema\/logo\/image\/"},"sameAs":["https:\/\/www.facebook.com\/overskrift","https:\/\/x.com\/overskrift","https:\/\/www.instagram.com\/overskrift\/","https:\/\/www.linkedin.com\/company\/10153434"]},{"@type":"Person","@id":"https:\/\/www.overskrift.dk\/blog\/#\/schema\/person\/b78220010603ce4384fa7758a6eabaf3","name":"Stefan B\u00f8gh-Andersen","image":{"@type":"ImageObject","inLanguage":"da-DK","@id":"https:\/\/secure.gravatar.com\/avatar\/f7eee59b7b5aa69f61ce713b6f85ef24d2faef678f186072e924c71249c2d2d6?s=96&d=mm&r=g","url":"https:\/\/secure.gravatar.com\/avatar\/f7eee59b7b5aa69f61ce713b6f85ef24d2faef678f186072e924c71249c2d2d6?s=96&d=mm&r=g","contentUrl":"https:\/\/secure.gravatar.com\/avatar\/f7eee59b7b5aa69f61ce713b6f85ef24d2faef678f186072e924c71249c2d2d6?s=96&d=mm&r=g","caption":"Stefan B\u00f8gh-Andersen"},"description":"Indl\u00e6gget er skrevet af Stefan, der er direkt\u00f8r i og stifter af Overskrift. Stefan er en skarp analytiker og har mange \u00e5rs erfaring med r\u00e5dgivning inden for sociale medier og nyhedssites.","url":"https:\/\/www.overskrift.dk\/blog\/author\/stefan\/"}]}},"_links":{"self":[{"href":"https:\/\/www.overskrift.dk\/blog\/wp-json\/wp\/v2\/posts\/956","targetHints":{"allow":["GET"]}}],"collection":[{"href":"https:\/\/www.overskrift.dk\/blog\/wp-json\/wp\/v2\/posts"}],"about":[{"href":"https:\/\/www.overskrift.dk\/blog\/wp-json\/wp\/v2\/types\/post"}],"author":[{"embeddable":true,"href":"https:\/\/www.overskrift.dk\/blog\/wp-json\/wp\/v2\/users\/4"}],"replies":[{"embeddable":true,"href":"https:\/\/www.overskrift.dk\/blog\/wp-json\/wp\/v2\/comments?post=956"}],"version-history":[{"count":1,"href":"https:\/\/www.overskrift.dk\/blog\/wp-json\/wp\/v2\/posts\/956\/revisions"}],"predecessor-version":[{"id":6713,"href":"https:\/\/www.overskrift.dk\/blog\/wp-json\/wp\/v2\/posts\/956\/revisions\/6713"}],"wp:attachment":[{"href":"https:\/\/www.overskrift.dk\/blog\/wp-json\/wp\/v2\/media?parent=956"}],"wp:term":[{"taxonomy":"category","embeddable":true,"href":"https:\/\/www.overskrift.dk\/blog\/wp-json\/wp\/v2\/categories?post=956"},{"taxonomy":"post_tag","embeddable":true,"href":"https:\/\/www.overskrift.dk\/blog\/wp-json\/wp\/v2\/tags?post=956"}],"curies":[{"name":"wp","href":"https:\/\/api.w.org\/{rel}","templated":true}]}}