{"id":9832,"date":"2024-02-06T10:17:08","date_gmt":"2024-02-06T09:17:08","guid":{"rendered":"https:\/\/www.overskrift.dk\/blog\/?p=9832"},"modified":"2024-02-06T10:52:28","modified_gmt":"2024-02-06T09:52:28","slug":"din-maerkesag-omtales-ogsaa-af-det-offentlige-danmark","status":"publish","type":"post","link":"https:\/\/www.overskrift.dk\/blog\/2024\/02\/06\/din-maerkesag-omtales-ogsaa-af-det-offentlige-danmark\/","title":{"rendered":"Din m\u00e6rkesag omtales ogs\u00e5 af det offentlige Danmark"},"content":{"rendered":"\n<p><strong>Medieoverv\u00e5gning forbindes ofte med nyhedsmedier og sociale medier, men for nogle ligger den st\u00f8rste v\u00e6rdi af en medieoverv\u00e5gningsl\u00f8sning et helt andet sted. <\/strong><\/p>\n\n\n\n<p>N\u00e5r politikere forhandler lovgivning p\u00e5 plads eller kommuner skal tr\u00e6ffe en beslutning om en specifik sag, har det som regel afg\u00f8rende betydning for borgere og virksomheder.<\/p>\n\n\n\n<figure class=\"wp-block-image size-full\"><img loading=\"lazy\" decoding=\"async\" width=\"1280\" height=\"960\" src=\"https:\/\/www.overskrift.dk\/blog\/wp-content\/uploads\/Folketingssalen_Christoffer-Regild_06NY.jpg\" alt=\"\" class=\"wp-image-9839\" srcset=\"https:\/\/www.overskrift.dk\/blog\/wp-content\/uploads\/Folketingssalen_Christoffer-Regild_06NY.jpg 1280w, https:\/\/www.overskrift.dk\/blog\/wp-content\/uploads\/Folketingssalen_Christoffer-Regild_06NY-700x525.jpg 700w, https:\/\/www.overskrift.dk\/blog\/wp-content\/uploads\/Folketingssalen_Christoffer-Regild_06NY-768x576.jpg 768w\" sizes=\"auto, (max-width: 1280px) 100vw, 1280px\" \/><figcaption class=\"wp-element-caption\"><strong><sup>Foto: Christoffer Regild<\/sup><\/strong><\/figcaption><\/figure>\n\n\n\n<p>En af Overskrifts kernev\u00e6rdier er at holde datakvaliteten h\u00f8j. Det g\u00e6lder alts\u00e5 ikke kun om at holde st\u00f8j og irrelevans fra d\u00f8ren, men ogs\u00e5 om at f\u00e5 de vigtigste omtaler ud til alle, der f\u00f8lger deres m\u00e6rkesager.<\/p>\n\n\n\n<h2 class=\"wp-block-heading\">Din m\u00e6rkesag er mere end bare relevante meninger<\/h2>\n\n\n\n<p>Har du fulgt opslag fra denne blog, ved du hvor h\u00f8jt vi prioriterer at eliminere st\u00f8j og fremdrage relevans. Med en fokuseret indsats har Overskrift intensiveret d\u00e6kningen af omtaler i fremsatte lovforslag, foresp\u00f8rgsler og referater fra Folketinget. Derudover indekseres dagsordener og referater fra kommunale byr\u00e5dsm\u00f8der, regionsr\u00e5dsm\u00f8der, domstolsafg\u00f8relser og mange andre aktiviteter fra det offentlige Danmark.<\/p>\n\n\n\n<p>For professionelle kommunikat\u00f8rer g\u00f8r det en forskel, fordi det ikke kun giver indblik i holdninger og meninger til de relevante m\u00e6rkesager, men direkte indblik i politiske beslutninger s\u00e5 snart de er truffet eller beslutninger som skal tr\u00e6ffes. Arbejder du specifikt for en m\u00e6rkesag, giver det alts\u00e5 mulighed for at p\u00e5virke politiske beslutninger, proaktivt, f\u00f8r de behandles lokalt, regionalt eller i Folketinget, men <em>kun<\/em> hvis du s\u00f8rger for at holde dig underrettet.<\/p>\n\n\n\n<p>Der er mange gode eksempler p\u00e5 at kunder har gjort reelle v\u00e6rdifulde v\u00e6rdifulde fund, n\u00e5r deres m\u00e6rkesager er blevet omtalt, og et link til omtalen hurtigt har fundet vej til indbakken, f.eks.:<\/p>\n\n\n\n<ul class=\"wp-block-list\">\n<li>Organisationer der arbejder med en klimadagsorden kan b\u00e5de f\u00f8lge de politiske dagsordner lokalt og landsd\u00e6kkende. Er interessen udelukkende lokal, giver det mening at indskr\u00e6nke overv\u00e5gningen ved at kr\u00e6ve at b\u00e5de emne og geografisk lokalomr\u00e5de er n\u00e6vnt. En overv\u00e5gning kan f.eks. f\u00f8lge alle omtaler hvor b\u00e5de ordet <em>forurening<\/em> OG <em>Randers<\/em> indg\u00e5r.<\/li>\n<\/ul>\n\n\n\n<ul class=\"wp-block-list\">\n<li>For flere organisationer vil det v\u00e6re vigtigt at f\u00f8lge det \u00e6ldreudspil, som regeringen i skrivende stund frems\u00e6tter. En dimension handler om det kommunikationstryk som politikere, lobbyister og interesseorganisationer l\u00e6gger, men en lige s\u00e5 vigtig ligger i de dagsordner vores politikere tager beslutninger ud fra. Skal du sikre de \u00e6ldres interesser lokalt, regionalt eller landsd\u00e6kkende, er det helt centralt at kende til de beslutninger, politikerne skal til at tr\u00e6ffe, s\u00e5 tidligt som muligt.<\/li>\n<\/ul>\n\n\n\n<p>Det er ikke en holdbar l\u00f8sning, at lade medieoverv\u00e5gning v\u00e6re en manuel opgave. Det politiske offentlige Danmark alene omfatter bl.a. et Folketing, 5 regioner og 98 kommuner. <\/p>\n\n\n\n<h2 class=\"wp-block-heading\">14 dage &#8211; gratis og uforpligtende<\/h2>\n\n\n\n<p>Har du ikke tidligere arbejdet med digital mediemonitorering og arbejder du med en m\u00e6rkesag eller et brand, anbefaler vi at du pr\u00f8ver selv og f\u00e5r indsigt i de mulige v\u00e6rdier der ligger gemt.<\/p>\n\n\n\n<p>En pr\u00f8veperiode med Overskrift er gratis i 14 dage. Du forpligter dig ikke til noget, og du f\u00e5r personlig hj\u00e6lp i ops\u00e6tningen. P\u00e5 den m\u00e5de bliver dine resultater s\u00e5 relevante som muligt.<\/p>\n\n\n\n<p><\/p>\n\n\n\n<p class=\"has-text-align-center\"><a href=\"https:\/\/overskrift.dk\/overblik\"><strong><mark style=\"background-color:#ff6900;padding:20px\" class=\"has-inline-color has-white-color\">SKRIV DIG OP TIL EN PR\u00d8VEPERIODE HER<\/mark><\/strong><\/a><\/p>\n","protected":false},"excerpt":{"rendered":"<p>Medieoverv\u00e5gning forbindes ofte med nyhedsmedier og sociale medier, men for nogle ligger den st\u00f8rste v\u00e6rdi af en medieoverv\u00e5gningsl\u00f8sning et helt andet sted. N\u00e5r politikere forhandler lovgivning p\u00e5 plads&hellip;<\/p>\n","protected":false},"author":5,"featured_media":9839,"comment_status":"closed","ping_status":"open","sticky":false,"template":"","format":"standard","meta":{"cybocfi_hide_featured_image":"yes","footnotes":""},"categories":[299],"tags":[654,300,312,296,248],"class_list":["post-9832","post","type-post","status-publish","format-standard","has-post-thumbnail","hentry","category-inspiration","tag-maerkesager","tag-medieovervaagning","tag-medier","tag-offentlige-virksomheder","tag-overskrift"],"yoast_head":"<!-- This site is optimized with the Yoast SEO plugin v27.5 - https:\/\/yoast.com\/product\/yoast-seo-wordpress\/ -->\n<title>Din m\u00e6rkesag omtales ogs\u00e5 af det offentlige Danmark - Overskrifts blog<\/title>\n<meta name=\"description\" content=\"M\u00e6rkesager omtales af meningsdannere. Varetager du en m\u00e6rkesag, giver medieoverv\u00e5gning mest v\u00e6rdi, hvis ogs\u00e5 politikernes dagsordner f\u00f8lges.\" \/>\n<meta name=\"robots\" content=\"index, follow, max-snippet:-1, max-image-preview:large, max-video-preview:-1\" \/>\n<link rel=\"canonical\" href=\"https:\/\/www.overskrift.dk\/blog\/2024\/02\/06\/din-maerkesag-omtales-ogsaa-af-det-offentlige-danmark\/\" \/>\n<meta property=\"og:locale\" content=\"da_DK\" \/>\n<meta property=\"og:type\" content=\"article\" \/>\n<meta property=\"og:title\" content=\"Din m\u00e6rkesag omtales ogs\u00e5 af det offentlige Danmark - Overskrifts blog\" \/>\n<meta property=\"og:description\" content=\"M\u00e6rkesager omtales af meningsdannere. Varetager du en m\u00e6rkesag, giver medieoverv\u00e5gning mest v\u00e6rdi, hvis ogs\u00e5 politikernes dagsordner f\u00f8lges.\" \/>\n<meta property=\"og:url\" content=\"https:\/\/www.overskrift.dk\/blog\/2024\/02\/06\/din-maerkesag-omtales-ogsaa-af-det-offentlige-danmark\/\" \/>\n<meta property=\"og:site_name\" content=\"Overskrifts blog\" \/>\n<meta property=\"article:publisher\" content=\"https:\/\/www.facebook.com\/overskrift\" \/>\n<meta property=\"article:published_time\" content=\"2024-02-06T09:17:08+00:00\" \/>\n<meta property=\"article:modified_time\" content=\"2024-02-06T09:52:28+00:00\" \/>\n<meta property=\"og:image\" content=\"https:\/\/www.overskrift.dk\/blog\/wp-content\/uploads\/Folketingssalen_Christoffer-Regild_06NY.jpg\" \/>\n\t<meta property=\"og:image:width\" content=\"1280\" \/>\n\t<meta property=\"og:image:height\" content=\"960\" \/>\n\t<meta property=\"og:image:type\" content=\"image\/jpeg\" \/>\n<meta name=\"author\" content=\"Jens Ulrik Lange\" \/>\n<meta name=\"twitter:card\" content=\"summary_large_image\" \/>\n<meta name=\"twitter:creator\" content=\"@overskrift\" \/>\n<meta name=\"twitter:site\" content=\"@overskrift\" \/>\n<script type=\"application\/ld+json\" class=\"yoast-schema-graph\">{\"@context\":\"https:\\\/\\\/schema.org\",\"@graph\":[{\"@type\":\"Article\",\"@id\":\"https:\\\/\\\/www.overskrift.dk\\\/blog\\\/2024\\\/02\\\/06\\\/din-maerkesag-omtales-ogsaa-af-det-offentlige-danmark\\\/#article\",\"isPartOf\":{\"@id\":\"https:\\\/\\\/www.overskrift.dk\\\/blog\\\/2024\\\/02\\\/06\\\/din-maerkesag-omtales-ogsaa-af-det-offentlige-danmark\\\/\"},\"author\":{\"name\":\"Jens Ulrik Lange\",\"@id\":\"https:\\\/\\\/www.overskrift.dk\\\/blog\\\/#\\\/schema\\\/person\\\/3d7f3e6f67bdbd0ac5a54f2e0636d425\"},\"headline\":\"Din m\u00e6rkesag omtales ogs\u00e5 af det offentlige Danmark\",\"datePublished\":\"2024-02-06T09:17:08+00:00\",\"dateModified\":\"2024-02-06T09:52:28+00:00\",\"mainEntityOfPage\":{\"@id\":\"https:\\\/\\\/www.overskrift.dk\\\/blog\\\/2024\\\/02\\\/06\\\/din-maerkesag-omtales-ogsaa-af-det-offentlige-danmark\\\/\"},\"wordCount\":558,\"publisher\":{\"@id\":\"https:\\\/\\\/www.overskrift.dk\\\/blog\\\/#organization\"},\"image\":{\"@id\":\"https:\\\/\\\/www.overskrift.dk\\\/blog\\\/2024\\\/02\\\/06\\\/din-maerkesag-omtales-ogsaa-af-det-offentlige-danmark\\\/#primaryimage\"},\"thumbnailUrl\":\"https:\\\/\\\/www.overskrift.dk\\\/blog\\\/wp-content\\\/uploads\\\/Folketingssalen_Christoffer-Regild_06NY.jpg\",\"keywords\":[\"m\u00e6rkesager\",\"medieoverv\u00e5gning\",\"Medier\",\"Offentlige virksomheder\",\"overskrift\"],\"articleSection\":[\"Inspiration\"],\"inLanguage\":\"da-DK\"},{\"@type\":\"WebPage\",\"@id\":\"https:\\\/\\\/www.overskrift.dk\\\/blog\\\/2024\\\/02\\\/06\\\/din-maerkesag-omtales-ogsaa-af-det-offentlige-danmark\\\/\",\"url\":\"https:\\\/\\\/www.overskrift.dk\\\/blog\\\/2024\\\/02\\\/06\\\/din-maerkesag-omtales-ogsaa-af-det-offentlige-danmark\\\/\",\"name\":\"Din m\u00e6rkesag omtales ogs\u00e5 af det offentlige Danmark - Overskrifts blog\",\"isPartOf\":{\"@id\":\"https:\\\/\\\/www.overskrift.dk\\\/blog\\\/#website\"},\"primaryImageOfPage\":{\"@id\":\"https:\\\/\\\/www.overskrift.dk\\\/blog\\\/2024\\\/02\\\/06\\\/din-maerkesag-omtales-ogsaa-af-det-offentlige-danmark\\\/#primaryimage\"},\"image\":{\"@id\":\"https:\\\/\\\/www.overskrift.dk\\\/blog\\\/2024\\\/02\\\/06\\\/din-maerkesag-omtales-ogsaa-af-det-offentlige-danmark\\\/#primaryimage\"},\"thumbnailUrl\":\"https:\\\/\\\/www.overskrift.dk\\\/blog\\\/wp-content\\\/uploads\\\/Folketingssalen_Christoffer-Regild_06NY.jpg\",\"datePublished\":\"2024-02-06T09:17:08+00:00\",\"dateModified\":\"2024-02-06T09:52:28+00:00\",\"description\":\"M\u00e6rkesager omtales af meningsdannere. Varetager du en m\u00e6rkesag, giver medieoverv\u00e5gning mest v\u00e6rdi, hvis ogs\u00e5 politikernes dagsordner f\u00f8lges.\",\"breadcrumb\":{\"@id\":\"https:\\\/\\\/www.overskrift.dk\\\/blog\\\/2024\\\/02\\\/06\\\/din-maerkesag-omtales-ogsaa-af-det-offentlige-danmark\\\/#breadcrumb\"},\"inLanguage\":\"da-DK\",\"potentialAction\":[{\"@type\":\"ReadAction\",\"target\":[\"https:\\\/\\\/www.overskrift.dk\\\/blog\\\/2024\\\/02\\\/06\\\/din-maerkesag-omtales-ogsaa-af-det-offentlige-danmark\\\/\"]}]},{\"@type\":\"BreadcrumbList\",\"@id\":\"https:\\\/\\\/www.overskrift.dk\\\/blog\\\/2024\\\/02\\\/06\\\/din-maerkesag-omtales-ogsaa-af-det-offentlige-danmark\\\/#breadcrumb\",\"itemListElement\":[{\"@type\":\"ListItem\",\"position\":1,\"name\":\"Hjem\",\"item\":\"https:\\\/\\\/www.overskrift.dk\\\/blog\\\/\"},{\"@type\":\"ListItem\",\"position\":2,\"name\":\"Din m\u00e6rkesag omtales ogs\u00e5 af det offentlige Danmark\"}]},{\"@type\":\"WebSite\",\"@id\":\"https:\\\/\\\/www.overskrift.dk\\\/blog\\\/#website\",\"url\":\"https:\\\/\\\/www.overskrift.dk\\\/blog\\\/\",\"name\":\"Overskrifts blog\",\"description\":\"Nyeste indl\u00e6g\",\"publisher\":{\"@id\":\"https:\\\/\\\/www.overskrift.dk\\\/blog\\\/#organization\"},\"potentialAction\":[{\"@type\":\"SearchAction\",\"target\":{\"@type\":\"EntryPoint\",\"urlTemplate\":\"https:\\\/\\\/www.overskrift.dk\\\/blog\\\/?s={search_term_string}\"},\"query-input\":{\"@type\":\"PropertyValueSpecification\",\"valueRequired\":true,\"valueName\":\"search_term_string\"}}],\"inLanguage\":\"da-DK\"},{\"@type\":\"Organization\",\"@id\":\"https:\\\/\\\/www.overskrift.dk\\\/blog\\\/#organization\",\"name\":\"Overskrift ApS\",\"url\":\"https:\\\/\\\/www.overskrift.dk\\\/blog\\\/\",\"logo\":{\"@type\":\"ImageObject\",\"inLanguage\":\"da-DK\",\"@id\":\"https:\\\/\\\/www.overskrift.dk\\\/blog\\\/#\\\/schema\\\/logo\\\/image\\\/\",\"url\":\"https:\\\/\\\/blog.overskrift.dk\\\/wp-content\\\/uploads\\\/Just-the-dots-1.png\",\"contentUrl\":\"https:\\\/\\\/blog.overskrift.dk\\\/wp-content\\\/uploads\\\/Just-the-dots-1.png\",\"width\":258,\"height\":257,\"caption\":\"Overskrift ApS\"},\"image\":{\"@id\":\"https:\\\/\\\/www.overskrift.dk\\\/blog\\\/#\\\/schema\\\/logo\\\/image\\\/\"},\"sameAs\":[\"https:\\\/\\\/www.facebook.com\\\/overskrift\",\"https:\\\/\\\/x.com\\\/overskrift\",\"https:\\\/\\\/www.instagram.com\\\/overskrift\\\/\",\"https:\\\/\\\/www.linkedin.com\\\/company\\\/10153434\"]},{\"@type\":\"Person\",\"@id\":\"https:\\\/\\\/www.overskrift.dk\\\/blog\\\/#\\\/schema\\\/person\\\/3d7f3e6f67bdbd0ac5a54f2e0636d425\",\"name\":\"Jens Ulrik Lange\",\"image\":{\"@type\":\"ImageObject\",\"inLanguage\":\"da-DK\",\"@id\":\"https:\\\/\\\/secure.gravatar.com\\\/avatar\\\/1a6a5e80737c0601b8636b4f5d44bbb6784206b176e34a44cb735e4516b70777?s=96&d=mm&r=g\",\"url\":\"https:\\\/\\\/secure.gravatar.com\\\/avatar\\\/1a6a5e80737c0601b8636b4f5d44bbb6784206b176e34a44cb735e4516b70777?s=96&d=mm&r=g\",\"contentUrl\":\"https:\\\/\\\/secure.gravatar.com\\\/avatar\\\/1a6a5e80737c0601b8636b4f5d44bbb6784206b176e34a44cb735e4516b70777?s=96&d=mm&r=g\",\"caption\":\"Jens Ulrik Lange\"},\"description\":\"Indl\u00e6gget er skrevet af Jens Ulrik, der er partner i og medstifter af Overskrift. Jens Ulrik er Overskrifts tekniske geni, og han har desuden mange \u00e5rs erfaring med r\u00e5dgivning inden for sociale medier og nyhedssites.\",\"url\":\"https:\\\/\\\/www.overskrift.dk\\\/blog\\\/author\\\/jensulrik\\\/\"}]}<\/script>\n<!-- \/ Yoast SEO plugin. -->","yoast_head_json":{"title":"Din m\u00e6rkesag omtales ogs\u00e5 af det offentlige Danmark - Overskrifts blog","description":"M\u00e6rkesager omtales af meningsdannere. Varetager du en m\u00e6rkesag, giver medieoverv\u00e5gning mest v\u00e6rdi, hvis ogs\u00e5 politikernes dagsordner f\u00f8lges.","robots":{"index":"index","follow":"follow","max-snippet":"max-snippet:-1","max-image-preview":"max-image-preview:large","max-video-preview":"max-video-preview:-1"},"canonical":"https:\/\/www.overskrift.dk\/blog\/2024\/02\/06\/din-maerkesag-omtales-ogsaa-af-det-offentlige-danmark\/","og_locale":"da_DK","og_type":"article","og_title":"Din m\u00e6rkesag omtales ogs\u00e5 af det offentlige Danmark - Overskrifts blog","og_description":"M\u00e6rkesager omtales af meningsdannere. Varetager du en m\u00e6rkesag, giver medieoverv\u00e5gning mest v\u00e6rdi, hvis ogs\u00e5 politikernes dagsordner f\u00f8lges.","og_url":"https:\/\/www.overskrift.dk\/blog\/2024\/02\/06\/din-maerkesag-omtales-ogsaa-af-det-offentlige-danmark\/","og_site_name":"Overskrifts blog","article_publisher":"https:\/\/www.facebook.com\/overskrift","article_published_time":"2024-02-06T09:17:08+00:00","article_modified_time":"2024-02-06T09:52:28+00:00","og_image":[{"width":1280,"height":960,"url":"https:\/\/www.overskrift.dk\/blog\/wp-content\/uploads\/Folketingssalen_Christoffer-Regild_06NY.jpg","type":"image\/jpeg"}],"author":"Jens Ulrik Lange","twitter_card":"summary_large_image","twitter_creator":"@overskrift","twitter_site":"@overskrift","schema":{"@context":"https:\/\/schema.org","@graph":[{"@type":"Article","@id":"https:\/\/www.overskrift.dk\/blog\/2024\/02\/06\/din-maerkesag-omtales-ogsaa-af-det-offentlige-danmark\/#article","isPartOf":{"@id":"https:\/\/www.overskrift.dk\/blog\/2024\/02\/06\/din-maerkesag-omtales-ogsaa-af-det-offentlige-danmark\/"},"author":{"name":"Jens Ulrik Lange","@id":"https:\/\/www.overskrift.dk\/blog\/#\/schema\/person\/3d7f3e6f67bdbd0ac5a54f2e0636d425"},"headline":"Din m\u00e6rkesag omtales ogs\u00e5 af det offentlige Danmark","datePublished":"2024-02-06T09:17:08+00:00","dateModified":"2024-02-06T09:52:28+00:00","mainEntityOfPage":{"@id":"https:\/\/www.overskrift.dk\/blog\/2024\/02\/06\/din-maerkesag-omtales-ogsaa-af-det-offentlige-danmark\/"},"wordCount":558,"publisher":{"@id":"https:\/\/www.overskrift.dk\/blog\/#organization"},"image":{"@id":"https:\/\/www.overskrift.dk\/blog\/2024\/02\/06\/din-maerkesag-omtales-ogsaa-af-det-offentlige-danmark\/#primaryimage"},"thumbnailUrl":"https:\/\/www.overskrift.dk\/blog\/wp-content\/uploads\/Folketingssalen_Christoffer-Regild_06NY.jpg","keywords":["m\u00e6rkesager","medieoverv\u00e5gning","Medier","Offentlige virksomheder","overskrift"],"articleSection":["Inspiration"],"inLanguage":"da-DK"},{"@type":"WebPage","@id":"https:\/\/www.overskrift.dk\/blog\/2024\/02\/06\/din-maerkesag-omtales-ogsaa-af-det-offentlige-danmark\/","url":"https:\/\/www.overskrift.dk\/blog\/2024\/02\/06\/din-maerkesag-omtales-ogsaa-af-det-offentlige-danmark\/","name":"Din m\u00e6rkesag omtales ogs\u00e5 af det offentlige Danmark - Overskrifts blog","isPartOf":{"@id":"https:\/\/www.overskrift.dk\/blog\/#website"},"primaryImageOfPage":{"@id":"https:\/\/www.overskrift.dk\/blog\/2024\/02\/06\/din-maerkesag-omtales-ogsaa-af-det-offentlige-danmark\/#primaryimage"},"image":{"@id":"https:\/\/www.overskrift.dk\/blog\/2024\/02\/06\/din-maerkesag-omtales-ogsaa-af-det-offentlige-danmark\/#primaryimage"},"thumbnailUrl":"https:\/\/www.overskrift.dk\/blog\/wp-content\/uploads\/Folketingssalen_Christoffer-Regild_06NY.jpg","datePublished":"2024-02-06T09:17:08+00:00","dateModified":"2024-02-06T09:52:28+00:00","description":"M\u00e6rkesager omtales af meningsdannere. Varetager du en m\u00e6rkesag, giver medieoverv\u00e5gning mest v\u00e6rdi, hvis ogs\u00e5 politikernes dagsordner f\u00f8lges.","breadcrumb":{"@id":"https:\/\/www.overskrift.dk\/blog\/2024\/02\/06\/din-maerkesag-omtales-ogsaa-af-det-offentlige-danmark\/#breadcrumb"},"inLanguage":"da-DK","potentialAction":[{"@type":"ReadAction","target":["https:\/\/www.overskrift.dk\/blog\/2024\/02\/06\/din-maerkesag-omtales-ogsaa-af-det-offentlige-danmark\/"]}]},{"@type":"BreadcrumbList","@id":"https:\/\/www.overskrift.dk\/blog\/2024\/02\/06\/din-maerkesag-omtales-ogsaa-af-det-offentlige-danmark\/#breadcrumb","itemListElement":[{"@type":"ListItem","position":1,"name":"Hjem","item":"https:\/\/www.overskrift.dk\/blog\/"},{"@type":"ListItem","position":2,"name":"Din m\u00e6rkesag omtales ogs\u00e5 af det offentlige Danmark"}]},{"@type":"WebSite","@id":"https:\/\/www.overskrift.dk\/blog\/#website","url":"https:\/\/www.overskrift.dk\/blog\/","name":"Overskrifts blog","description":"Nyeste indl\u00e6g","publisher":{"@id":"https:\/\/www.overskrift.dk\/blog\/#organization"},"potentialAction":[{"@type":"SearchAction","target":{"@type":"EntryPoint","urlTemplate":"https:\/\/www.overskrift.dk\/blog\/?s={search_term_string}"},"query-input":{"@type":"PropertyValueSpecification","valueRequired":true,"valueName":"search_term_string"}}],"inLanguage":"da-DK"},{"@type":"Organization","@id":"https:\/\/www.overskrift.dk\/blog\/#organization","name":"Overskrift ApS","url":"https:\/\/www.overskrift.dk\/blog\/","logo":{"@type":"ImageObject","inLanguage":"da-DK","@id":"https:\/\/www.overskrift.dk\/blog\/#\/schema\/logo\/image\/","url":"https:\/\/blog.overskrift.dk\/wp-content\/uploads\/Just-the-dots-1.png","contentUrl":"https:\/\/blog.overskrift.dk\/wp-content\/uploads\/Just-the-dots-1.png","width":258,"height":257,"caption":"Overskrift ApS"},"image":{"@id":"https:\/\/www.overskrift.dk\/blog\/#\/schema\/logo\/image\/"},"sameAs":["https:\/\/www.facebook.com\/overskrift","https:\/\/x.com\/overskrift","https:\/\/www.instagram.com\/overskrift\/","https:\/\/www.linkedin.com\/company\/10153434"]},{"@type":"Person","@id":"https:\/\/www.overskrift.dk\/blog\/#\/schema\/person\/3d7f3e6f67bdbd0ac5a54f2e0636d425","name":"Jens Ulrik Lange","image":{"@type":"ImageObject","inLanguage":"da-DK","@id":"https:\/\/secure.gravatar.com\/avatar\/1a6a5e80737c0601b8636b4f5d44bbb6784206b176e34a44cb735e4516b70777?s=96&d=mm&r=g","url":"https:\/\/secure.gravatar.com\/avatar\/1a6a5e80737c0601b8636b4f5d44bbb6784206b176e34a44cb735e4516b70777?s=96&d=mm&r=g","contentUrl":"https:\/\/secure.gravatar.com\/avatar\/1a6a5e80737c0601b8636b4f5d44bbb6784206b176e34a44cb735e4516b70777?s=96&d=mm&r=g","caption":"Jens Ulrik Lange"},"description":"Indl\u00e6gget er skrevet af Jens Ulrik, der er partner i og medstifter af Overskrift. Jens Ulrik er Overskrifts tekniske geni, og han har desuden mange \u00e5rs erfaring med r\u00e5dgivning inden for sociale medier og nyhedssites.","url":"https:\/\/www.overskrift.dk\/blog\/author\/jensulrik\/"}]}},"_links":{"self":[{"href":"https:\/\/www.overskrift.dk\/blog\/wp-json\/wp\/v2\/posts\/9832","targetHints":{"allow":["GET"]}}],"collection":[{"href":"https:\/\/www.overskrift.dk\/blog\/wp-json\/wp\/v2\/posts"}],"about":[{"href":"https:\/\/www.overskrift.dk\/blog\/wp-json\/wp\/v2\/types\/post"}],"author":[{"embeddable":true,"href":"https:\/\/www.overskrift.dk\/blog\/wp-json\/wp\/v2\/users\/5"}],"replies":[{"embeddable":true,"href":"https:\/\/www.overskrift.dk\/blog\/wp-json\/wp\/v2\/comments?post=9832"}],"version-history":[{"count":20,"href":"https:\/\/www.overskrift.dk\/blog\/wp-json\/wp\/v2\/posts\/9832\/revisions"}],"predecessor-version":[{"id":9857,"href":"https:\/\/www.overskrift.dk\/blog\/wp-json\/wp\/v2\/posts\/9832\/revisions\/9857"}],"wp:featuredmedia":[{"embeddable":true,"href":"https:\/\/www.overskrift.dk\/blog\/wp-json\/wp\/v2\/media\/9839"}],"wp:attachment":[{"href":"https:\/\/www.overskrift.dk\/blog\/wp-json\/wp\/v2\/media?parent=9832"}],"wp:term":[{"taxonomy":"category","embeddable":true,"href":"https:\/\/www.overskrift.dk\/blog\/wp-json\/wp\/v2\/categories?post=9832"},{"taxonomy":"post_tag","embeddable":true,"href":"https:\/\/www.overskrift.dk\/blog\/wp-json\/wp\/v2\/tags?post=9832"}],"curies":[{"name":"wp","href":"https:\/\/api.w.org\/{rel}","templated":true}]}}