{"id":9929,"date":"2024-06-18T13:05:25","date_gmt":"2024-06-18T11:05:25","guid":{"rendered":"https:\/\/www.overskrift.dk\/blog\/?p=9929"},"modified":"2025-12-02T14:16:45","modified_gmt":"2025-12-02T13:16:45","slug":"folkemoedet-2024-ai-og-nationalt-beredskab","status":"publish","type":"post","link":"https:\/\/www.overskrift.dk\/blog\/2024\/06\/18\/folkemoedet-2024-ai-og-nationalt-beredskab\/","title":{"rendered":"Folkem\u00f8deanalyse 2024: AI og nationalt beredskab optager flere"},"content":{"rendered":"<p><strong>Ligesom tidligere \u00e5r, analyserer Overskrift hvordan Folkem\u00f8det er forl\u00f8bet p\u00e5 online og sociale medier.<\/strong><\/p>\n<p>Trafikken p\u00e5 X er stilnet en del af, men fylder, i antal, stadig en hel del under selve folkem\u00f8det. AI og kunstig intelligens var, som ventet, et stort diskussionsemne p\u00e5 flere scener og i sociale kanaler. Derudover blev national sikkerhed et emne &#8211; ogs\u00e5 forst\u00e6rket af pressem\u00f8det fra Forsvarsministeren og Beredsskabsstyrelsen l\u00f8rdag, hvor befolkningen blev bedt om at opbygge individuelt beredskab, til at kunne klare sig uden str\u00f8m og vand i 3 d\u00f8gn.<\/p>\n<p>For f\u00f8rste gang omfatter denne \u00e5rlige folkem\u00f8deopsamling ogs\u00e5 en emne-analyse foretaget med st\u00f8tte fra AI sidst i gennemgangen. Til geng\u00e6ld er det nok en af de sidste gange du kan l\u00e6se X ben\u00e6vnt Twitter i en folkem\u00f8deopsamling.<\/p>\n<h2>X vs. LinkedIn<\/h2>\n<p>T\u00e6ller vi antal indl\u00e6g pr. dag p\u00e5 tv\u00e6rs af LinkedIn og X (tidligere Twitter), gentager billedet sig fra 2023: Op til Folkem\u00f8det annoncerer deltagerne deres ankomst p\u00e5 LinkedIn og for at fort\u00e6lle om deres sp\u00e6ndende aktiviteter de\u00a0 kommer til at afholde eller vil deltager i. Undervejs griber man i h\u00f8jere grad telefonen og kommunikerer i kortere budskaber p\u00e5 X.<\/p>\n<figure id=\"attachment_9932\" aria-describedby=\"caption-attachment-9932\" style=\"width: 700px\" class=\"wp-caption alignnone\"><a href=\"https:\/\/www.overskrift.dk\/blog\/wp-content\/uploads\/LIvsTwitter.jpg\"><img loading=\"lazy\" decoding=\"async\" class=\"wp-image-9932 size-medium\" src=\"https:\/\/www.overskrift.dk\/blog\/wp-content\/uploads\/LIvsTwitter-700x355.jpg\" alt=\"\" width=\"700\" height=\"355\" srcset=\"https:\/\/www.overskrift.dk\/blog\/wp-content\/uploads\/LIvsTwitter-700x355.jpg 700w, https:\/\/www.overskrift.dk\/blog\/wp-content\/uploads\/LIvsTwitter-768x390.jpg 768w, https:\/\/www.overskrift.dk\/blog\/wp-content\/uploads\/LIvsTwitter.jpg 1416w\" sizes=\"auto, (max-width: 700px) 100vw, 700px\" \/><\/a><figcaption id=\"caption-attachment-9932\" class=\"wp-caption-text\">Antal omtaler pr. dag i Folkem\u00f8de-ugen, fordelt p\u00e5 LinkedIn og X (Twitter).<\/figcaption><\/figure>\n<h2 class=\"wp-block-heading\">Stadig forvirring om det &#8220;rigtige&#8221; Twitter hashtag<\/h2>\n<p>Omtalerne er baseret p\u00e5 alle indl\u00e6g der n\u00e6vner folkem\u00f8det eller bruger hashtag #fmdk. En pudsig tradition, der bare ikke VIL d\u00f8, er brugen af hashtagget #fm24.<\/p>\n<img loading=\"lazy\" decoding=\"async\" class=\"size-full wp-image-9936 aligncenter\" src=\"https:\/\/www.overskrift.dk\/blog\/wp-content\/uploads\/SCR-20240617-lxxu.png\" alt=\"\" width=\"343\" height=\"381\" \/>\n<p>Det g\u00e6lder s\u00e6rligt den s\u00e6dvanlige f\u00e6lde, som mange er faldet i, med at anvende #fm24 som egentlig er knyttet til PC-spillet Football Manager 2024. Andre hashtag-varianter som er blevet anvendt i \u00e5r er bl.a. #fmdk24, #fmdk2024 og #folkemoedet.<\/p>\n<h2 class=\"wp-block-heading\">De mest debatskabende om folkem\u00f8det p\u00e5 Twitter<\/h2>\n<p>Det er jo ikke nok som organisation eller person at skrive en masse tweets, man skal jo gerne have budskaberne ud og leve og skabe debat, s\u00e5 i stedet for at analysere hvilke Twitter profiler som har tweetet flest gange under Folkem\u00f8det, ser vi her p\u00e5 hvor mange retweets, eller reposts som det vist efterh\u00e5nden hedder i X-verdenen &#8211; de enkelt profilers indl\u00e6g har opn\u00e5et i alt.<\/p>\n<p>Der er analyseret for hele i Folkem\u00f8de-ugen (dvs. fra mandag d. 10\/6 til og med s\u00f8ndag d. 16\/6 2024), som en indikator for hvor \u201cdebatskabende de har v\u00e6ret\u201d.<\/p>\n<p>Listerne bliver til ved at t\u00e6lle retweets af indl\u00e6g p\u00e5 tv\u00e6rs af alle X-posts, der n\u00e6vner Folkem\u00f8det eller anvender #fmdk eller #folkem\u00f8de.<\/p>\n<h3>Organisationer som er n\u00e5et langt ud med holdninger p\u00e5 Twitter<\/h3>\n<a href=\"https:\/\/www.overskrift.dk\/blog\/wp-content\/uploads\/mest-retweetede-organisationer-1.png\"><img loading=\"lazy\" decoding=\"async\" class=\"aligncenter wp-image-9942 size-medium\" src=\"https:\/\/www.overskrift.dk\/blog\/wp-content\/uploads\/mest-retweetede-organisationer-1-700x380.png\" alt=\"\" width=\"700\" height=\"380\" srcset=\"https:\/\/www.overskrift.dk\/blog\/wp-content\/uploads\/mest-retweetede-organisationer-1-700x380.png 700w, https:\/\/www.overskrift.dk\/blog\/wp-content\/uploads\/mest-retweetede-organisationer-1-768x417.png 768w, https:\/\/www.overskrift.dk\/blog\/wp-content\/uploads\/mest-retweetede-organisationer-1.png 1200w\" sizes=\"auto, (max-width: 700px) 100vw, 700px\" \/><\/a>\n<p>Havde man fulgt med p\u00e5 vores daglige tweets om top-samtalestartere inkluderer de mest omtalte: <a href=\"https:\/\/x.com\/DannerDk\">DannerDk<\/a>, <a href=\"https:\/\/x.com\/EuropaBev\">EuropaBev<\/a>, <a href=\"https:\/\/x.com\/frihedsbrevet\">frihedsbrevet<\/a>, <a href=\"https:\/\/x.com\/laegeforeningen\">laegeforeningen<\/a> og <a href=\"https:\/\/x.com\/DanskePatienter\">DanskePatienter<\/a>.<\/p>\n<h3>Personer som er n\u00e5et langt ud med holdninger p\u00e5 Twitter<\/h3>\n<a href=\"https:\/\/www.overskrift.dk\/blog\/wp-content\/uploads\/mest-retweetede-personer.png\"><img loading=\"lazy\" decoding=\"async\" class=\"aligncenter wp-image-9943 size-medium\" src=\"https:\/\/www.overskrift.dk\/blog\/wp-content\/uploads\/mest-retweetede-personer-700x302.png\" alt=\"\" width=\"700\" height=\"302\" srcset=\"https:\/\/www.overskrift.dk\/blog\/wp-content\/uploads\/mest-retweetede-personer-700x302.png 700w, https:\/\/www.overskrift.dk\/blog\/wp-content\/uploads\/mest-retweetede-personer-768x331.png 768w, https:\/\/www.overskrift.dk\/blog\/wp-content\/uploads\/mest-retweetede-personer.png 1200w\" sizes=\"auto, (max-width: 700px) 100vw, 700px\" \/><\/a>\n<p>Tilsvarende for personer: <a href=\"https:\/\/x.com\/lamhaugemaria\">Susanne Maria Lamhauge<\/a> (Danner), <a href=\"https:\/\/x.com\/evagps\">Eva Gregersen<\/a>, <a href=\"https:\/\/x.com\/camilla_rathcke\">Camilla Rathcke<\/a> (L\u00e6geforeningen), <a href=\"https:\/\/x.com\/bentesorgenfrey\">Bente Sorgenfrey<\/a> (bla. Europabev\u00e6gelsen) og <a href=\"https:\/\/x.com\/Kentdamsgaard\">Kent Damsgaard<\/a> (Forsikring &amp; Pension).<\/p>\n<h2 class=\"wp-block-heading\">De mest taggede p\u00e5 X<\/h2>\n<p>Tilsvarende analyseres for profiler som er blevet mest tagget, dvs. profiler som er tagget i en tweet tekst, i Folkem\u00f8de-ugen, samlet set for deres indl\u00e6g.<\/p>\n<h3>Organisationer som er blevet tagget mest\u00a0p\u00e5 Twitter<\/h3>\n<a href=\"https:\/\/www.overskrift.dk\/blog\/wp-content\/uploads\/mest-taggede-organisationer.png\"><img loading=\"lazy\" decoding=\"async\" class=\"aligncenter wp-image-9947 size-medium\" src=\"https:\/\/www.overskrift.dk\/blog\/wp-content\/uploads\/mest-taggede-organisationer-700x327.png\" alt=\"\" width=\"700\" height=\"327\" srcset=\"https:\/\/www.overskrift.dk\/blog\/wp-content\/uploads\/mest-taggede-organisationer-700x327.png 700w, https:\/\/www.overskrift.dk\/blog\/wp-content\/uploads\/mest-taggede-organisationer-768x358.png 768w, https:\/\/www.overskrift.dk\/blog\/wp-content\/uploads\/mest-taggede-organisationer-1536x717.png 1536w, https:\/\/www.overskrift.dk\/blog\/wp-content\/uploads\/mest-taggede-organisationer.png 1575w\" sizes=\"auto, (max-width: 700px) 100vw, 700px\" \/><\/a>\n<p>Ikke s\u00e5 overraskende er selve Folkem\u00f8de profilen den mest taggede, mens ogs\u00e5 igen organisationer som Danner, Europabev\u00e6gelsen, Frihedsbrevet samt T\u00e6nketanken Europa.<\/p>\n<h3>Personer som er blevet tagget mest p\u00e5 Twitter<\/h3>\n<a href=\"https:\/\/www.overskrift.dk\/blog\/wp-content\/uploads\/mest-taggede-personer.png\"><img loading=\"lazy\" decoding=\"async\" class=\"aligncenter wp-image-9948 size-medium\" src=\"https:\/\/www.overskrift.dk\/blog\/wp-content\/uploads\/mest-taggede-personer-700x309.png\" alt=\"\" width=\"700\" height=\"309\" srcset=\"https:\/\/www.overskrift.dk\/blog\/wp-content\/uploads\/mest-taggede-personer-700x309.png 700w, https:\/\/www.overskrift.dk\/blog\/wp-content\/uploads\/mest-taggede-personer-1600x706.png 1600w, https:\/\/www.overskrift.dk\/blog\/wp-content\/uploads\/mest-taggede-personer-768x339.png 768w, https:\/\/www.overskrift.dk\/blog\/wp-content\/uploads\/mest-taggede-personer-1536x677.png 1536w, https:\/\/www.overskrift.dk\/blog\/wp-content\/uploads\/mest-taggede-personer.png 1755w\" sizes=\"auto, (max-width: 700px) 100vw, 700px\" \/><\/a>\n<p>For oversigten over top-taggede personer finder vi bl.a. Camilla Rathcke, Lars L\u00f8kke, Mette Marie Yde, Stinus Lindgreen og Sophie L\u00f8hde.<\/p>\n<h2>Mest omtalte p\u00e5 LinkedIn<\/h2>\n<p>Som angivet \u00f8verst, anvendte mange organisationer og personer LinkedIn, forud for folkem\u00f8det, til at annoncere deres events, deltagelse og ankomst til Allinge. Blandt alle omtaler der n\u00e6vner folkem\u00f8det eller anvender #fmdk-hashtagget p\u00e5 LinkedIn, blev Dansk Erhverv n\u00e6vnt allerflest gange i folkem\u00f8de-ugen 2024.<\/p>\n<a href=\"https:\/\/www.overskrift.dk\/blog\/wp-content\/uploads\/Flest-LinkedIn-omtaler.png\"><img loading=\"lazy\" decoding=\"async\" class=\"aligncenter wp-image-9955 size-medium\" src=\"https:\/\/www.overskrift.dk\/blog\/wp-content\/uploads\/Flest-LinkedIn-omtaler-700x693.png\" alt=\"Mest omtalte organisationer p\u00e5 LinkedIn om folkem\u00f8det fra uge 24.\" width=\"700\" height=\"693\" srcset=\"https:\/\/www.overskrift.dk\/blog\/wp-content\/uploads\/Flest-LinkedIn-omtaler-700x693.png 700w, https:\/\/www.overskrift.dk\/blog\/wp-content\/uploads\/Flest-LinkedIn-omtaler-768x760.png 768w, https:\/\/www.overskrift.dk\/blog\/wp-content\/uploads\/Flest-LinkedIn-omtaler-120x120.png 120w, https:\/\/www.overskrift.dk\/blog\/wp-content\/uploads\/Flest-LinkedIn-omtaler.png 1068w\" sizes=\"auto, (max-width: 700px) 100vw, 700px\" \/><\/a>\n<h2>Hvilke emner var mest i fokus p\u00e5 Folkem\u00f8det?<\/h2>\n<p>Mere interessant er det at f\u00e5 indsigter i &#8211; ikke n\u00f8dvendigvis hvem der sagde mest, blev mest henvist til etc. &#8211; men snarere hvilke emner og temaer, som blev diskuteret mest p\u00e5 Folkem\u00f8det. Til den analyse f\u00e5r vi hj\u00e6lp fra AI.<\/p>\n<p>For indhold sl\u00e5et op p\u00e5 <strong>Linkedin<\/strong> for dagene, er f\u00f8lgende de mest omtalte emner ifm. Folkem\u00f8det:<\/p>\n<a href=\"https:\/\/www.overskrift.dk\/blog\/wp-content\/uploads\/LinkedIn-mest-omtalte-emner-iflg-chatgpt.png\"><img loading=\"lazy\" decoding=\"async\" class=\"aligncenter size-full wp-image-9950\" src=\"https:\/\/www.overskrift.dk\/blog\/wp-content\/uploads\/LinkedIn-mest-omtalte-emner-iflg-chatgpt.png\" alt=\"\" width=\"947\" height=\"612\" srcset=\"https:\/\/www.overskrift.dk\/blog\/wp-content\/uploads\/LinkedIn-mest-omtalte-emner-iflg-chatgpt.png 947w, https:\/\/www.overskrift.dk\/blog\/wp-content\/uploads\/LinkedIn-mest-omtalte-emner-iflg-chatgpt-700x452.png 700w, https:\/\/www.overskrift.dk\/blog\/wp-content\/uploads\/LinkedIn-mest-omtalte-emner-iflg-chatgpt-768x496.png 768w\" sizes=\"auto, (max-width: 947px) 100vw, 947px\" \/><\/a>\n<p>Nogle af emner er ret oplagte, s\u00e5 som klima, sundhed og uddannelse, men som forholdsvise nye emner er national sikkerhed og vedvarende energi.<\/p>\n<p>Tilsvarende for samtlige <strong>X\/Twitter<\/strong> posts i dagene omhandlende Folkem\u00f8det:<\/p>\n<a href=\"https:\/\/www.overskrift.dk\/blog\/wp-content\/uploads\/Twitter-mest-omtalte-emner-iflg-chatgpt-uden-antal-1.png\"><img loading=\"lazy\" decoding=\"async\" class=\"aligncenter size-full wp-image-9952\" src=\"https:\/\/www.overskrift.dk\/blog\/wp-content\/uploads\/Twitter-mest-omtalte-emner-iflg-chatgpt-uden-antal-1.png\" alt=\"\" width=\"943\" height=\"681\" srcset=\"https:\/\/www.overskrift.dk\/blog\/wp-content\/uploads\/Twitter-mest-omtalte-emner-iflg-chatgpt-uden-antal-1.png 943w, https:\/\/www.overskrift.dk\/blog\/wp-content\/uploads\/Twitter-mest-omtalte-emner-iflg-chatgpt-uden-antal-1-700x506.png 700w, https:\/\/www.overskrift.dk\/blog\/wp-content\/uploads\/Twitter-mest-omtalte-emner-iflg-chatgpt-uden-antal-1-768x555.png 768w, https:\/\/www.overskrift.dk\/blog\/wp-content\/uploads\/Twitter-mest-omtalte-emner-iflg-chatgpt-uden-antal-1-110x80.png 110w\" sizes=\"auto, (max-width: 943px) 100vw, 943px\" \/><\/a>\n<p>Der er helt naturligt et overlap mellem emner diskuteret p\u00e5 Linkedin kontra Twitter.<\/p>\n<h3>Metode<\/h3>\n<p>Specifikt anvendes ChatGPT fra OpenAI i seneste version 4o. For samtlige indl\u00e6g som omhandler Folkem\u00f8det p\u00e5 den ene eller anvende m\u00e5de, eksporteres alle indl\u00e6g fra Twitter hhv. Linkedin til Excel, s\u00e5 ChatGPT kan analysere den store m\u00e6ngde samlede tekst fra indl\u00e6ggene. Efter lidt s\u00e6dvanlige frem-og-tilbage dialog med AI&#8217;en, begynder den at forst\u00e5 at det er specifikke emner og temaer, der skal fokuseres p\u00e5. Bem\u00e6rk, i denne del af analysen, er det udelukkende indhold fra selve de tre Folkem\u00f8dedage 13.-15. juni der anvendes.<\/p>\n<p>Som s\u00e6dvanlig skal man jo lige tage svar fra en AI med et gran salt, men i disse tilf\u00e6lde virker det dog som ret relevante og korrekte oversigter, uden at AI&#8217;en hallucinerer og selv finder p\u00e5 noget.<\/p>\n<p>Er man mere interesseret i hvordan man selv kan anvende AI p\u00e5 store datam\u00e6ngder, mere specifikt indhold fra medie-monitorering, kan du l\u00e6se n\u00e6rmere i vores tidligere blog-post &#8220;<a href=\"https:\/\/www.overskrift.dk\/blog\/2024\/05\/07\/ai-tal-med-dine-medieovervaagningsdata\/\">AI: Tal med dine medieoverv\u00e5gningsdata<\/a>&#8220;.<\/p>\n","protected":false},"excerpt":{"rendered":"<p>Ligesom tidligere \u00e5r, analyserer Overskrift hvordan Folkem\u00f8det er forl\u00f8bet p\u00e5 online og sociale medier. Trafikken p\u00e5 X er stilnet en del af, men fylder, i antal, stadig en&hellip;<\/p>\n","protected":false},"author":4,"featured_media":9939,"comment_status":"closed","ping_status":"open","sticky":false,"template":"","format":"standard","meta":{"cybocfi_hide_featured_image":"","footnotes":""},"categories":[302],"tags":[702,251,708,257,723],"class_list":["post-9929","post","type-post","status-publish","format-standard","has-post-thumbnail","hentry","category-analyser","tag-ai","tag-fmdk","tag-fmdk24","tag-folkemoede","tag-kunstig-intelligens"],"yoast_head":"<!-- This site is optimized with the Yoast SEO plugin v27.5 - https:\/\/yoast.com\/product\/yoast-seo-wordpress\/ -->\n<title>Folkem\u00f8deanalyse 2024: AI og nationalt beredskab optager flere - Overskrifts blog<\/title>\n<meta name=\"description\" content=\"Folkem\u00f8det 2024 byder p\u00e5 et utal af politiske agendaer. L\u00e6s analysen af de st\u00f8rste emner. AI fyldte en hel del.\" \/>\n<meta name=\"robots\" content=\"index, follow, max-snippet:-1, max-image-preview:large, max-video-preview:-1\" \/>\n<link rel=\"canonical\" href=\"https:\/\/www.overskrift.dk\/blog\/2024\/06\/18\/folkemoedet-2024-ai-og-nationalt-beredskab\/\" \/>\n<meta property=\"og:locale\" content=\"da_DK\" \/>\n<meta property=\"og:type\" content=\"article\" \/>\n<meta property=\"og:title\" content=\"Folkem\u00f8deanalyse 2024: AI og nationalt beredskab optager flere - Overskrifts blog\" \/>\n<meta property=\"og:description\" content=\"Folkem\u00f8det 2024 byder p\u00e5 et utal af politiske agendaer. L\u00e6s analysen af de st\u00f8rste emner. AI fyldte en hel del.\" \/>\n<meta property=\"og:url\" content=\"https:\/\/www.overskrift.dk\/blog\/2024\/06\/18\/folkemoedet-2024-ai-og-nationalt-beredskab\/\" \/>\n<meta property=\"og:site_name\" content=\"Overskrifts blog\" \/>\n<meta property=\"article:publisher\" content=\"https:\/\/www.facebook.com\/overskrift\" \/>\n<meta property=\"article:published_time\" content=\"2024-06-18T11:05:25+00:00\" \/>\n<meta property=\"article:modified_time\" content=\"2025-12-02T13:16:45+00:00\" \/>\n<meta property=\"og:image\" content=\"https:\/\/www.overskrift.dk\/blog\/wp-content\/uploads\/Folkemoede-2024.png\" \/>\n\t<meta property=\"og:image:width\" content=\"1200\" \/>\n\t<meta property=\"og:image:height\" content=\"608\" \/>\n\t<meta property=\"og:image:type\" content=\"image\/png\" \/>\n<meta name=\"author\" content=\"Stefan B\u00f8gh-Andersen\" \/>\n<meta name=\"twitter:card\" content=\"summary_large_image\" \/>\n<meta name=\"twitter:creator\" content=\"@overskrift\" \/>\n<meta name=\"twitter:site\" content=\"@overskrift\" \/>\n<script type=\"application\/ld+json\" class=\"yoast-schema-graph\">{\"@context\":\"https:\\\/\\\/schema.org\",\"@graph\":[{\"@type\":\"Article\",\"@id\":\"https:\\\/\\\/www.overskrift.dk\\\/blog\\\/2024\\\/06\\\/18\\\/folkemoedet-2024-ai-og-nationalt-beredskab\\\/#article\",\"isPartOf\":{\"@id\":\"https:\\\/\\\/www.overskrift.dk\\\/blog\\\/2024\\\/06\\\/18\\\/folkemoedet-2024-ai-og-nationalt-beredskab\\\/\"},\"author\":{\"name\":\"Stefan B\u00f8gh-Andersen\",\"@id\":\"https:\\\/\\\/www.overskrift.dk\\\/blog\\\/#\\\/schema\\\/person\\\/b78220010603ce4384fa7758a6eabaf3\"},\"headline\":\"Folkem\u00f8deanalyse 2024: AI og nationalt beredskab optager flere\",\"datePublished\":\"2024-06-18T11:05:25+00:00\",\"dateModified\":\"2025-12-02T13:16:45+00:00\",\"mainEntityOfPage\":{\"@id\":\"https:\\\/\\\/www.overskrift.dk\\\/blog\\\/2024\\\/06\\\/18\\\/folkemoedet-2024-ai-og-nationalt-beredskab\\\/\"},\"wordCount\":945,\"publisher\":{\"@id\":\"https:\\\/\\\/www.overskrift.dk\\\/blog\\\/#organization\"},\"image\":{\"@id\":\"https:\\\/\\\/www.overskrift.dk\\\/blog\\\/2024\\\/06\\\/18\\\/folkemoedet-2024-ai-og-nationalt-beredskab\\\/#primaryimage\"},\"thumbnailUrl\":\"https:\\\/\\\/www.overskrift.dk\\\/blog\\\/wp-content\\\/uploads\\\/Folkemoede-2024.png\",\"keywords\":[\"AI\",\"fmdk\",\"fmdk24\",\"folkem\u00f8de\",\"Kunstig Intelligens\"],\"articleSection\":[\"Analyser\"],\"inLanguage\":\"da-DK\"},{\"@type\":\"WebPage\",\"@id\":\"https:\\\/\\\/www.overskrift.dk\\\/blog\\\/2024\\\/06\\\/18\\\/folkemoedet-2024-ai-og-nationalt-beredskab\\\/\",\"url\":\"https:\\\/\\\/www.overskrift.dk\\\/blog\\\/2024\\\/06\\\/18\\\/folkemoedet-2024-ai-og-nationalt-beredskab\\\/\",\"name\":\"Folkem\u00f8deanalyse 2024: AI og nationalt beredskab optager flere - Overskrifts blog\",\"isPartOf\":{\"@id\":\"https:\\\/\\\/www.overskrift.dk\\\/blog\\\/#website\"},\"primaryImageOfPage\":{\"@id\":\"https:\\\/\\\/www.overskrift.dk\\\/blog\\\/2024\\\/06\\\/18\\\/folkemoedet-2024-ai-og-nationalt-beredskab\\\/#primaryimage\"},\"image\":{\"@id\":\"https:\\\/\\\/www.overskrift.dk\\\/blog\\\/2024\\\/06\\\/18\\\/folkemoedet-2024-ai-og-nationalt-beredskab\\\/#primaryimage\"},\"thumbnailUrl\":\"https:\\\/\\\/www.overskrift.dk\\\/blog\\\/wp-content\\\/uploads\\\/Folkemoede-2024.png\",\"datePublished\":\"2024-06-18T11:05:25+00:00\",\"dateModified\":\"2025-12-02T13:16:45+00:00\",\"description\":\"Folkem\u00f8det 2024 byder p\u00e5 et utal af politiske agendaer. L\u00e6s analysen af de st\u00f8rste emner. AI fyldte en hel del.\",\"breadcrumb\":{\"@id\":\"https:\\\/\\\/www.overskrift.dk\\\/blog\\\/2024\\\/06\\\/18\\\/folkemoedet-2024-ai-og-nationalt-beredskab\\\/#breadcrumb\"},\"inLanguage\":\"da-DK\",\"potentialAction\":[{\"@type\":\"ReadAction\",\"target\":[\"https:\\\/\\\/www.overskrift.dk\\\/blog\\\/2024\\\/06\\\/18\\\/folkemoedet-2024-ai-og-nationalt-beredskab\\\/\"]}]},{\"@type\":\"ImageObject\",\"inLanguage\":\"da-DK\",\"@id\":\"https:\\\/\\\/www.overskrift.dk\\\/blog\\\/2024\\\/06\\\/18\\\/folkemoedet-2024-ai-og-nationalt-beredskab\\\/#primaryimage\",\"url\":\"https:\\\/\\\/www.overskrift.dk\\\/blog\\\/wp-content\\\/uploads\\\/Folkemoede-2024.png\",\"contentUrl\":\"https:\\\/\\\/www.overskrift.dk\\\/blog\\\/wp-content\\\/uploads\\\/Folkemoede-2024.png\",\"width\":1200,\"height\":608},{\"@type\":\"BreadcrumbList\",\"@id\":\"https:\\\/\\\/www.overskrift.dk\\\/blog\\\/2024\\\/06\\\/18\\\/folkemoedet-2024-ai-og-nationalt-beredskab\\\/#breadcrumb\",\"itemListElement\":[{\"@type\":\"ListItem\",\"position\":1,\"name\":\"Hjem\",\"item\":\"https:\\\/\\\/www.overskrift.dk\\\/blog\\\/\"},{\"@type\":\"ListItem\",\"position\":2,\"name\":\"Folkem\u00f8deanalyse 2024: AI og nationalt beredskab optager flere\"}]},{\"@type\":\"WebSite\",\"@id\":\"https:\\\/\\\/www.overskrift.dk\\\/blog\\\/#website\",\"url\":\"https:\\\/\\\/www.overskrift.dk\\\/blog\\\/\",\"name\":\"Overskrifts blog\",\"description\":\"Nyeste indl\u00e6g\",\"publisher\":{\"@id\":\"https:\\\/\\\/www.overskrift.dk\\\/blog\\\/#organization\"},\"potentialAction\":[{\"@type\":\"SearchAction\",\"target\":{\"@type\":\"EntryPoint\",\"urlTemplate\":\"https:\\\/\\\/www.overskrift.dk\\\/blog\\\/?s={search_term_string}\"},\"query-input\":{\"@type\":\"PropertyValueSpecification\",\"valueRequired\":true,\"valueName\":\"search_term_string\"}}],\"inLanguage\":\"da-DK\"},{\"@type\":\"Organization\",\"@id\":\"https:\\\/\\\/www.overskrift.dk\\\/blog\\\/#organization\",\"name\":\"Overskrift ApS\",\"url\":\"https:\\\/\\\/www.overskrift.dk\\\/blog\\\/\",\"logo\":{\"@type\":\"ImageObject\",\"inLanguage\":\"da-DK\",\"@id\":\"https:\\\/\\\/www.overskrift.dk\\\/blog\\\/#\\\/schema\\\/logo\\\/image\\\/\",\"url\":\"https:\\\/\\\/blog.overskrift.dk\\\/wp-content\\\/uploads\\\/Just-the-dots-1.png\",\"contentUrl\":\"https:\\\/\\\/blog.overskrift.dk\\\/wp-content\\\/uploads\\\/Just-the-dots-1.png\",\"width\":258,\"height\":257,\"caption\":\"Overskrift ApS\"},\"image\":{\"@id\":\"https:\\\/\\\/www.overskrift.dk\\\/blog\\\/#\\\/schema\\\/logo\\\/image\\\/\"},\"sameAs\":[\"https:\\\/\\\/www.facebook.com\\\/overskrift\",\"https:\\\/\\\/x.com\\\/overskrift\",\"https:\\\/\\\/www.instagram.com\\\/overskrift\\\/\",\"https:\\\/\\\/www.linkedin.com\\\/company\\\/10153434\"]},{\"@type\":\"Person\",\"@id\":\"https:\\\/\\\/www.overskrift.dk\\\/blog\\\/#\\\/schema\\\/person\\\/b78220010603ce4384fa7758a6eabaf3\",\"name\":\"Stefan B\u00f8gh-Andersen\",\"image\":{\"@type\":\"ImageObject\",\"inLanguage\":\"da-DK\",\"@id\":\"https:\\\/\\\/secure.gravatar.com\\\/avatar\\\/f7eee59b7b5aa69f61ce713b6f85ef24d2faef678f186072e924c71249c2d2d6?s=96&d=mm&r=g\",\"url\":\"https:\\\/\\\/secure.gravatar.com\\\/avatar\\\/f7eee59b7b5aa69f61ce713b6f85ef24d2faef678f186072e924c71249c2d2d6?s=96&d=mm&r=g\",\"contentUrl\":\"https:\\\/\\\/secure.gravatar.com\\\/avatar\\\/f7eee59b7b5aa69f61ce713b6f85ef24d2faef678f186072e924c71249c2d2d6?s=96&d=mm&r=g\",\"caption\":\"Stefan B\u00f8gh-Andersen\"},\"description\":\"Indl\u00e6gget er skrevet af Stefan, der er direkt\u00f8r i og stifter af Overskrift. Stefan er en skarp analytiker og har mange \u00e5rs erfaring med r\u00e5dgivning inden for sociale medier og nyhedssites.\",\"url\":\"https:\\\/\\\/www.overskrift.dk\\\/blog\\\/author\\\/stefan\\\/\"}]}<\/script>\n<!-- \/ Yoast SEO plugin. -->","yoast_head_json":{"title":"Folkem\u00f8deanalyse 2024: AI og nationalt beredskab optager flere - Overskrifts blog","description":"Folkem\u00f8det 2024 byder p\u00e5 et utal af politiske agendaer. L\u00e6s analysen af de st\u00f8rste emner. AI fyldte en hel del.","robots":{"index":"index","follow":"follow","max-snippet":"max-snippet:-1","max-image-preview":"max-image-preview:large","max-video-preview":"max-video-preview:-1"},"canonical":"https:\/\/www.overskrift.dk\/blog\/2024\/06\/18\/folkemoedet-2024-ai-og-nationalt-beredskab\/","og_locale":"da_DK","og_type":"article","og_title":"Folkem\u00f8deanalyse 2024: AI og nationalt beredskab optager flere - Overskrifts blog","og_description":"Folkem\u00f8det 2024 byder p\u00e5 et utal af politiske agendaer. L\u00e6s analysen af de st\u00f8rste emner. AI fyldte en hel del.","og_url":"https:\/\/www.overskrift.dk\/blog\/2024\/06\/18\/folkemoedet-2024-ai-og-nationalt-beredskab\/","og_site_name":"Overskrifts blog","article_publisher":"https:\/\/www.facebook.com\/overskrift","article_published_time":"2024-06-18T11:05:25+00:00","article_modified_time":"2025-12-02T13:16:45+00:00","og_image":[{"width":1200,"height":608,"url":"https:\/\/www.overskrift.dk\/blog\/wp-content\/uploads\/Folkemoede-2024.png","type":"image\/png"}],"author":"Stefan B\u00f8gh-Andersen","twitter_card":"summary_large_image","twitter_creator":"@overskrift","twitter_site":"@overskrift","schema":{"@context":"https:\/\/schema.org","@graph":[{"@type":"Article","@id":"https:\/\/www.overskrift.dk\/blog\/2024\/06\/18\/folkemoedet-2024-ai-og-nationalt-beredskab\/#article","isPartOf":{"@id":"https:\/\/www.overskrift.dk\/blog\/2024\/06\/18\/folkemoedet-2024-ai-og-nationalt-beredskab\/"},"author":{"name":"Stefan B\u00f8gh-Andersen","@id":"https:\/\/www.overskrift.dk\/blog\/#\/schema\/person\/b78220010603ce4384fa7758a6eabaf3"},"headline":"Folkem\u00f8deanalyse 2024: AI og nationalt beredskab optager flere","datePublished":"2024-06-18T11:05:25+00:00","dateModified":"2025-12-02T13:16:45+00:00","mainEntityOfPage":{"@id":"https:\/\/www.overskrift.dk\/blog\/2024\/06\/18\/folkemoedet-2024-ai-og-nationalt-beredskab\/"},"wordCount":945,"publisher":{"@id":"https:\/\/www.overskrift.dk\/blog\/#organization"},"image":{"@id":"https:\/\/www.overskrift.dk\/blog\/2024\/06\/18\/folkemoedet-2024-ai-og-nationalt-beredskab\/#primaryimage"},"thumbnailUrl":"https:\/\/www.overskrift.dk\/blog\/wp-content\/uploads\/Folkemoede-2024.png","keywords":["AI","fmdk","fmdk24","folkem\u00f8de","Kunstig Intelligens"],"articleSection":["Analyser"],"inLanguage":"da-DK"},{"@type":"WebPage","@id":"https:\/\/www.overskrift.dk\/blog\/2024\/06\/18\/folkemoedet-2024-ai-og-nationalt-beredskab\/","url":"https:\/\/www.overskrift.dk\/blog\/2024\/06\/18\/folkemoedet-2024-ai-og-nationalt-beredskab\/","name":"Folkem\u00f8deanalyse 2024: AI og nationalt beredskab optager flere - Overskrifts blog","isPartOf":{"@id":"https:\/\/www.overskrift.dk\/blog\/#website"},"primaryImageOfPage":{"@id":"https:\/\/www.overskrift.dk\/blog\/2024\/06\/18\/folkemoedet-2024-ai-og-nationalt-beredskab\/#primaryimage"},"image":{"@id":"https:\/\/www.overskrift.dk\/blog\/2024\/06\/18\/folkemoedet-2024-ai-og-nationalt-beredskab\/#primaryimage"},"thumbnailUrl":"https:\/\/www.overskrift.dk\/blog\/wp-content\/uploads\/Folkemoede-2024.png","datePublished":"2024-06-18T11:05:25+00:00","dateModified":"2025-12-02T13:16:45+00:00","description":"Folkem\u00f8det 2024 byder p\u00e5 et utal af politiske agendaer. L\u00e6s analysen af de st\u00f8rste emner. AI fyldte en hel del.","breadcrumb":{"@id":"https:\/\/www.overskrift.dk\/blog\/2024\/06\/18\/folkemoedet-2024-ai-og-nationalt-beredskab\/#breadcrumb"},"inLanguage":"da-DK","potentialAction":[{"@type":"ReadAction","target":["https:\/\/www.overskrift.dk\/blog\/2024\/06\/18\/folkemoedet-2024-ai-og-nationalt-beredskab\/"]}]},{"@type":"ImageObject","inLanguage":"da-DK","@id":"https:\/\/www.overskrift.dk\/blog\/2024\/06\/18\/folkemoedet-2024-ai-og-nationalt-beredskab\/#primaryimage","url":"https:\/\/www.overskrift.dk\/blog\/wp-content\/uploads\/Folkemoede-2024.png","contentUrl":"https:\/\/www.overskrift.dk\/blog\/wp-content\/uploads\/Folkemoede-2024.png","width":1200,"height":608},{"@type":"BreadcrumbList","@id":"https:\/\/www.overskrift.dk\/blog\/2024\/06\/18\/folkemoedet-2024-ai-og-nationalt-beredskab\/#breadcrumb","itemListElement":[{"@type":"ListItem","position":1,"name":"Hjem","item":"https:\/\/www.overskrift.dk\/blog\/"},{"@type":"ListItem","position":2,"name":"Folkem\u00f8deanalyse 2024: AI og nationalt beredskab optager flere"}]},{"@type":"WebSite","@id":"https:\/\/www.overskrift.dk\/blog\/#website","url":"https:\/\/www.overskrift.dk\/blog\/","name":"Overskrifts blog","description":"Nyeste indl\u00e6g","publisher":{"@id":"https:\/\/www.overskrift.dk\/blog\/#organization"},"potentialAction":[{"@type":"SearchAction","target":{"@type":"EntryPoint","urlTemplate":"https:\/\/www.overskrift.dk\/blog\/?s={search_term_string}"},"query-input":{"@type":"PropertyValueSpecification","valueRequired":true,"valueName":"search_term_string"}}],"inLanguage":"da-DK"},{"@type":"Organization","@id":"https:\/\/www.overskrift.dk\/blog\/#organization","name":"Overskrift ApS","url":"https:\/\/www.overskrift.dk\/blog\/","logo":{"@type":"ImageObject","inLanguage":"da-DK","@id":"https:\/\/www.overskrift.dk\/blog\/#\/schema\/logo\/image\/","url":"https:\/\/blog.overskrift.dk\/wp-content\/uploads\/Just-the-dots-1.png","contentUrl":"https:\/\/blog.overskrift.dk\/wp-content\/uploads\/Just-the-dots-1.png","width":258,"height":257,"caption":"Overskrift ApS"},"image":{"@id":"https:\/\/www.overskrift.dk\/blog\/#\/schema\/logo\/image\/"},"sameAs":["https:\/\/www.facebook.com\/overskrift","https:\/\/x.com\/overskrift","https:\/\/www.instagram.com\/overskrift\/","https:\/\/www.linkedin.com\/company\/10153434"]},{"@type":"Person","@id":"https:\/\/www.overskrift.dk\/blog\/#\/schema\/person\/b78220010603ce4384fa7758a6eabaf3","name":"Stefan B\u00f8gh-Andersen","image":{"@type":"ImageObject","inLanguage":"da-DK","@id":"https:\/\/secure.gravatar.com\/avatar\/f7eee59b7b5aa69f61ce713b6f85ef24d2faef678f186072e924c71249c2d2d6?s=96&d=mm&r=g","url":"https:\/\/secure.gravatar.com\/avatar\/f7eee59b7b5aa69f61ce713b6f85ef24d2faef678f186072e924c71249c2d2d6?s=96&d=mm&r=g","contentUrl":"https:\/\/secure.gravatar.com\/avatar\/f7eee59b7b5aa69f61ce713b6f85ef24d2faef678f186072e924c71249c2d2d6?s=96&d=mm&r=g","caption":"Stefan B\u00f8gh-Andersen"},"description":"Indl\u00e6gget er skrevet af Stefan, der er direkt\u00f8r i og stifter af Overskrift. Stefan er en skarp analytiker og har mange \u00e5rs erfaring med r\u00e5dgivning inden for sociale medier og nyhedssites.","url":"https:\/\/www.overskrift.dk\/blog\/author\/stefan\/"}]}},"_links":{"self":[{"href":"https:\/\/www.overskrift.dk\/blog\/wp-json\/wp\/v2\/posts\/9929","targetHints":{"allow":["GET"]}}],"collection":[{"href":"https:\/\/www.overskrift.dk\/blog\/wp-json\/wp\/v2\/posts"}],"about":[{"href":"https:\/\/www.overskrift.dk\/blog\/wp-json\/wp\/v2\/types\/post"}],"author":[{"embeddable":true,"href":"https:\/\/www.overskrift.dk\/blog\/wp-json\/wp\/v2\/users\/4"}],"replies":[{"embeddable":true,"href":"https:\/\/www.overskrift.dk\/blog\/wp-json\/wp\/v2\/comments?post=9929"}],"version-history":[{"count":19,"href":"https:\/\/www.overskrift.dk\/blog\/wp-json\/wp\/v2\/posts\/9929\/revisions"}],"predecessor-version":[{"id":9966,"href":"https:\/\/www.overskrift.dk\/blog\/wp-json\/wp\/v2\/posts\/9929\/revisions\/9966"}],"wp:featuredmedia":[{"embeddable":true,"href":"https:\/\/www.overskrift.dk\/blog\/wp-json\/wp\/v2\/media\/9939"}],"wp:attachment":[{"href":"https:\/\/www.overskrift.dk\/blog\/wp-json\/wp\/v2\/media?parent=9929"}],"wp:term":[{"taxonomy":"category","embeddable":true,"href":"https:\/\/www.overskrift.dk\/blog\/wp-json\/wp\/v2\/categories?post=9929"},{"taxonomy":"post_tag","embeddable":true,"href":"https:\/\/www.overskrift.dk\/blog\/wp-json\/wp\/v2\/tags?post=9929"}],"curies":[{"name":"wp","href":"https:\/\/api.w.org\/{rel}","templated":true}]}}