{"id":9968,"date":"2024-09-10T14:07:52","date_gmt":"2024-09-10T12:07:52","guid":{"rendered":"https:\/\/www.overskrift.dk\/blog\/?p=9968"},"modified":"2024-09-10T14:09:52","modified_gmt":"2024-09-10T12:09:52","slug":"naar-indsigt-i-politiske-diskussioner-er-helt-centralt","status":"publish","type":"post","link":"https:\/\/www.overskrift.dk\/blog\/2024\/09\/10\/naar-indsigt-i-politiske-diskussioner-er-helt-centralt\/","title":{"rendered":"N\u00e5r indsigt i politiske diskussioner er helt centralt"},"content":{"rendered":"<p><strong>I en tid, hvor medierne og offentligheden konstant diskuterer emner om politik eller det sociale omr\u00e5de, er det afg\u00f8rende for din organisation at f\u00f8lge med i, hvordan jeres m\u00e6rkesager bliver omtalt. Digital mediemonitorering giver dig ikke kun et overblik over omtaler af din organisation, men ogs\u00e5 indsigt i, hvordan dine m\u00e6rkesager bliver diskuteret af b\u00e5de medier og politikere.<\/strong><\/p>\n<p>Forestil dig, at du arbejder for en organisation, der k\u00e6mper for bedre vilk\u00e5r og rettigheder for en udsat gruppe mennesker. Du har brug for at vide, hvordan dine m\u00e6rkesager bliver behandlet i politiske udtalelser og debatter. Med digital mediemonitorering kan du hurtigt opdage, hvilke politikere og kommuner der viser st\u00f8tte til dine initiativer, hvilke byr\u00e5d der behandler din m\u00e6rkesag p\u00e5 deres seneste eller n\u00e6ste m\u00f8de, hvilke regionsr\u00e5d der fors\u00f8ger at rejse et budget til din sag og hvor ofte i bliver omtalt i forslag der rejses i Folketinget. Denne viden g\u00f8r det muligt for dig at m\u00e5lrette din kommunikation mere pr\u00e6cist, engagere st\u00f8tter og im\u00f8deg\u00e5 kritikere med faktabaserede argumenter.<\/p>\n<h2><strong>Overv\u00e5g politisk medieomtale og reag\u00e9r hurtigt<\/strong><\/h2>\n<p>Din organisation f\u00e5r ikke kun et bredt overblik over, hvordan medierne omtaler jeres m\u00e6rkesager, men du kan ogs\u00e5 dykke ned i specifikke diskussioner, der finder sted p\u00e5 sociale medier og blogs.\u00a0 For mange er det centralt at vide, om der starter en kritik eller en <em>love storm<\/em> p\u00e5 X eller p\u00e5 en Facebook side. Hvis et landsd\u00e6kkende medie eller en popul\u00e6r blogger n\u00e6vner dine m\u00e6rkesager i en artikel eller et indl\u00e6g, bliver du straks opm\u00e6rksom p\u00e5 det. Du kan hurtigt vurdere, om omtalen underst\u00f8tter dine m\u00e5l, og beslutte, om det er n\u00f8dvendigt at reagere. Hvis et indl\u00e6g skaber negativ opm\u00e6rksomhed omkring et af dine projekter, kan du tage fat i det proaktivt og sikre, at den rette information n\u00e5r ud.<\/p>\n<h2><strong>Aktiv\u00e9r din m\u00e6rkesagsstrategi med skarpe indsigter<\/strong><\/h2>\n<p>For organisationer, der arbejder med udsatte grupper, er det essentielt at vide, hvordan deres arbejde bliver omtalt i det politiske landskab og medierne. Du kan bruge disse indsigter til at optimere din strategi, engagere vigtige interessenter og sikre, at dine m\u00e6rkesager f\u00e5r den n\u00f8dvendige opm\u00e6rksomhed og st\u00f8tte. N\u00e5r du kender til b\u00e5de positive og negative omtaler i realtid, st\u00e5r du st\u00e6rkere i kampen for at fremme dine m\u00e6rkesager.<\/p>\n<hr \/>\n<p><strong>L\u00e6s mere<\/strong><a href=\"https:\/\/www.overskrift.dk\/case\/sosboernebyerne\"><img loading=\"lazy\" decoding=\"async\" class=\"size-medium aligncenter\" src=\"https:\/\/www.overskrift.dk\/assets\/img\/cases\/sosboernebyerne.jpg\" alt=\"Pernille Yde Honor\u00e9, SOS B\u00f8rnebyerne\" width=\"1200\" height=\"630\" \/><\/a> <a href=\"https:\/\/www.overskrift.dk\/case\/sosboernebyerne\">SOS B\u00f8rnebyerne: \u201dOverskrift er et effektivt v\u00e6rkt\u00f8j til at f\u00f8lge relevante politiske dagsordner\u201d<\/a><\/p>\n<p>&nbsp;<\/p>\n","protected":false},"excerpt":{"rendered":"<p>I en tid, hvor medierne og offentligheden konstant diskuterer emner om politik eller det sociale omr\u00e5de, er det afg\u00f8rende for din organisation at f\u00f8lge med i, hvordan jeres&hellip;<\/p>\n","protected":false},"author":5,"featured_media":9970,"comment_status":"closed","ping_status":"open","sticky":false,"template":"","format":"standard","meta":{"cybocfi_hide_featured_image":"","footnotes":""},"categories":[299],"tags":[],"class_list":["post-9968","post","type-post","status-publish","format-standard","has-post-thumbnail","hentry","category-inspiration"],"yoast_head":"<!-- This site is optimized with the Yoast SEO plugin v27.5 - https:\/\/yoast.com\/product\/yoast-seo-wordpress\/ -->\n<title>N\u00e5r indsigt i politiske diskussioner er helt centralt - Overskrifts blog<\/title>\n<meta name=\"description\" content=\"Bliver du opm\u00e6rksom p\u00e5 en omtale af din m\u00e6rkesag i tide. Den rammer et traditionelt medie, men politiske diskussioner starter andre steder.\" \/>\n<meta name=\"robots\" content=\"index, follow, max-snippet:-1, max-image-preview:large, max-video-preview:-1\" \/>\n<link rel=\"canonical\" href=\"https:\/\/www.overskrift.dk\/blog\/2024\/09\/10\/naar-indsigt-i-politiske-diskussioner-er-helt-centralt\/\" \/>\n<meta property=\"og:locale\" content=\"da_DK\" \/>\n<meta property=\"og:type\" content=\"article\" \/>\n<meta property=\"og:title\" content=\"N\u00e5r indsigt i politiske diskussioner er helt centralt - Overskrifts blog\" \/>\n<meta property=\"og:description\" content=\"Bliver du opm\u00e6rksom p\u00e5 en omtale af din m\u00e6rkesag i tide. Den rammer et traditionelt medie, men politiske diskussioner starter andre steder.\" \/>\n<meta property=\"og:url\" content=\"https:\/\/www.overskrift.dk\/blog\/2024\/09\/10\/naar-indsigt-i-politiske-diskussioner-er-helt-centralt\/\" \/>\n<meta property=\"og:site_name\" content=\"Overskrifts blog\" \/>\n<meta property=\"article:publisher\" content=\"https:\/\/www.facebook.com\/overskrift\" \/>\n<meta property=\"article:published_time\" content=\"2024-09-10T12:07:52+00:00\" \/>\n<meta property=\"article:modified_time\" content=\"2024-09-10T12:09:52+00:00\" \/>\n<meta property=\"og:image\" content=\"https:\/\/www.overskrift.dk\/blog\/wp-content\/uploads\/DALL\u00b7E-Aug-28-Illustration.webp\" \/>\n\t<meta property=\"og:image:width\" content=\"1792\" \/>\n\t<meta property=\"og:image:height\" content=\"1024\" \/>\n\t<meta property=\"og:image:type\" content=\"image\/webp\" \/>\n<meta name=\"author\" content=\"Jens Ulrik Lange\" \/>\n<meta name=\"twitter:card\" content=\"summary_large_image\" \/>\n<meta name=\"twitter:creator\" content=\"@overskrift\" \/>\n<meta name=\"twitter:site\" content=\"@overskrift\" \/>\n<script type=\"application\/ld+json\" class=\"yoast-schema-graph\">{\"@context\":\"https:\\\/\\\/schema.org\",\"@graph\":[{\"@type\":\"Article\",\"@id\":\"https:\\\/\\\/www.overskrift.dk\\\/blog\\\/2024\\\/09\\\/10\\\/naar-indsigt-i-politiske-diskussioner-er-helt-centralt\\\/#article\",\"isPartOf\":{\"@id\":\"https:\\\/\\\/www.overskrift.dk\\\/blog\\\/2024\\\/09\\\/10\\\/naar-indsigt-i-politiske-diskussioner-er-helt-centralt\\\/\"},\"author\":{\"name\":\"Jens Ulrik Lange\",\"@id\":\"https:\\\/\\\/www.overskrift.dk\\\/blog\\\/#\\\/schema\\\/person\\\/3d7f3e6f67bdbd0ac5a54f2e0636d425\"},\"headline\":\"N\u00e5r indsigt i politiske diskussioner er helt centralt\",\"datePublished\":\"2024-09-10T12:07:52+00:00\",\"dateModified\":\"2024-09-10T12:09:52+00:00\",\"mainEntityOfPage\":{\"@id\":\"https:\\\/\\\/www.overskrift.dk\\\/blog\\\/2024\\\/09\\\/10\\\/naar-indsigt-i-politiske-diskussioner-er-helt-centralt\\\/\"},\"wordCount\":446,\"publisher\":{\"@id\":\"https:\\\/\\\/www.overskrift.dk\\\/blog\\\/#organization\"},\"image\":{\"@id\":\"https:\\\/\\\/www.overskrift.dk\\\/blog\\\/2024\\\/09\\\/10\\\/naar-indsigt-i-politiske-diskussioner-er-helt-centralt\\\/#primaryimage\"},\"thumbnailUrl\":\"https:\\\/\\\/www.overskrift.dk\\\/blog\\\/wp-content\\\/uploads\\\/DALL\u00b7E-Aug-28-Illustration.webp\",\"articleSection\":[\"Inspiration\"],\"inLanguage\":\"da-DK\"},{\"@type\":\"WebPage\",\"@id\":\"https:\\\/\\\/www.overskrift.dk\\\/blog\\\/2024\\\/09\\\/10\\\/naar-indsigt-i-politiske-diskussioner-er-helt-centralt\\\/\",\"url\":\"https:\\\/\\\/www.overskrift.dk\\\/blog\\\/2024\\\/09\\\/10\\\/naar-indsigt-i-politiske-diskussioner-er-helt-centralt\\\/\",\"name\":\"N\u00e5r indsigt i politiske diskussioner er helt centralt - Overskrifts blog\",\"isPartOf\":{\"@id\":\"https:\\\/\\\/www.overskrift.dk\\\/blog\\\/#website\"},\"primaryImageOfPage\":{\"@id\":\"https:\\\/\\\/www.overskrift.dk\\\/blog\\\/2024\\\/09\\\/10\\\/naar-indsigt-i-politiske-diskussioner-er-helt-centralt\\\/#primaryimage\"},\"image\":{\"@id\":\"https:\\\/\\\/www.overskrift.dk\\\/blog\\\/2024\\\/09\\\/10\\\/naar-indsigt-i-politiske-diskussioner-er-helt-centralt\\\/#primaryimage\"},\"thumbnailUrl\":\"https:\\\/\\\/www.overskrift.dk\\\/blog\\\/wp-content\\\/uploads\\\/DALL\u00b7E-Aug-28-Illustration.webp\",\"datePublished\":\"2024-09-10T12:07:52+00:00\",\"dateModified\":\"2024-09-10T12:09:52+00:00\",\"description\":\"Bliver du opm\u00e6rksom p\u00e5 en omtale af din m\u00e6rkesag i tide. Den rammer et traditionelt medie, men politiske diskussioner starter andre steder.\",\"breadcrumb\":{\"@id\":\"https:\\\/\\\/www.overskrift.dk\\\/blog\\\/2024\\\/09\\\/10\\\/naar-indsigt-i-politiske-diskussioner-er-helt-centralt\\\/#breadcrumb\"},\"inLanguage\":\"da-DK\",\"potentialAction\":[{\"@type\":\"ReadAction\",\"target\":[\"https:\\\/\\\/www.overskrift.dk\\\/blog\\\/2024\\\/09\\\/10\\\/naar-indsigt-i-politiske-diskussioner-er-helt-centralt\\\/\"]}]},{\"@type\":\"ImageObject\",\"inLanguage\":\"da-DK\",\"@id\":\"https:\\\/\\\/www.overskrift.dk\\\/blog\\\/2024\\\/09\\\/10\\\/naar-indsigt-i-politiske-diskussioner-er-helt-centralt\\\/#primaryimage\",\"url\":\"https:\\\/\\\/www.overskrift.dk\\\/blog\\\/wp-content\\\/uploads\\\/DALL\u00b7E-Aug-28-Illustration.webp\",\"contentUrl\":\"https:\\\/\\\/www.overskrift.dk\\\/blog\\\/wp-content\\\/uploads\\\/DALL\u00b7E-Aug-28-Illustration.webp\",\"width\":1792,\"height\":1024},{\"@type\":\"BreadcrumbList\",\"@id\":\"https:\\\/\\\/www.overskrift.dk\\\/blog\\\/2024\\\/09\\\/10\\\/naar-indsigt-i-politiske-diskussioner-er-helt-centralt\\\/#breadcrumb\",\"itemListElement\":[{\"@type\":\"ListItem\",\"position\":1,\"name\":\"Hjem\",\"item\":\"https:\\\/\\\/www.overskrift.dk\\\/blog\\\/\"},{\"@type\":\"ListItem\",\"position\":2,\"name\":\"N\u00e5r indsigt i politiske diskussioner er helt centralt\"}]},{\"@type\":\"WebSite\",\"@id\":\"https:\\\/\\\/www.overskrift.dk\\\/blog\\\/#website\",\"url\":\"https:\\\/\\\/www.overskrift.dk\\\/blog\\\/\",\"name\":\"Overskrifts blog\",\"description\":\"Nyeste indl\u00e6g\",\"publisher\":{\"@id\":\"https:\\\/\\\/www.overskrift.dk\\\/blog\\\/#organization\"},\"potentialAction\":[{\"@type\":\"SearchAction\",\"target\":{\"@type\":\"EntryPoint\",\"urlTemplate\":\"https:\\\/\\\/www.overskrift.dk\\\/blog\\\/?s={search_term_string}\"},\"query-input\":{\"@type\":\"PropertyValueSpecification\",\"valueRequired\":true,\"valueName\":\"search_term_string\"}}],\"inLanguage\":\"da-DK\"},{\"@type\":\"Organization\",\"@id\":\"https:\\\/\\\/www.overskrift.dk\\\/blog\\\/#organization\",\"name\":\"Overskrift ApS\",\"url\":\"https:\\\/\\\/www.overskrift.dk\\\/blog\\\/\",\"logo\":{\"@type\":\"ImageObject\",\"inLanguage\":\"da-DK\",\"@id\":\"https:\\\/\\\/www.overskrift.dk\\\/blog\\\/#\\\/schema\\\/logo\\\/image\\\/\",\"url\":\"https:\\\/\\\/blog.overskrift.dk\\\/wp-content\\\/uploads\\\/Just-the-dots-1.png\",\"contentUrl\":\"https:\\\/\\\/blog.overskrift.dk\\\/wp-content\\\/uploads\\\/Just-the-dots-1.png\",\"width\":258,\"height\":257,\"caption\":\"Overskrift ApS\"},\"image\":{\"@id\":\"https:\\\/\\\/www.overskrift.dk\\\/blog\\\/#\\\/schema\\\/logo\\\/image\\\/\"},\"sameAs\":[\"https:\\\/\\\/www.facebook.com\\\/overskrift\",\"https:\\\/\\\/x.com\\\/overskrift\",\"https:\\\/\\\/www.instagram.com\\\/overskrift\\\/\",\"https:\\\/\\\/www.linkedin.com\\\/company\\\/10153434\"]},{\"@type\":\"Person\",\"@id\":\"https:\\\/\\\/www.overskrift.dk\\\/blog\\\/#\\\/schema\\\/person\\\/3d7f3e6f67bdbd0ac5a54f2e0636d425\",\"name\":\"Jens Ulrik Lange\",\"image\":{\"@type\":\"ImageObject\",\"inLanguage\":\"da-DK\",\"@id\":\"https:\\\/\\\/secure.gravatar.com\\\/avatar\\\/1a6a5e80737c0601b8636b4f5d44bbb6784206b176e34a44cb735e4516b70777?s=96&d=mm&r=g\",\"url\":\"https:\\\/\\\/secure.gravatar.com\\\/avatar\\\/1a6a5e80737c0601b8636b4f5d44bbb6784206b176e34a44cb735e4516b70777?s=96&d=mm&r=g\",\"contentUrl\":\"https:\\\/\\\/secure.gravatar.com\\\/avatar\\\/1a6a5e80737c0601b8636b4f5d44bbb6784206b176e34a44cb735e4516b70777?s=96&d=mm&r=g\",\"caption\":\"Jens Ulrik Lange\"},\"description\":\"Indl\u00e6gget er skrevet af Jens Ulrik, der er partner i og medstifter af Overskrift. Jens Ulrik er Overskrifts tekniske geni, og han har desuden mange \u00e5rs erfaring med r\u00e5dgivning inden for sociale medier og nyhedssites.\",\"url\":\"https:\\\/\\\/www.overskrift.dk\\\/blog\\\/author\\\/jensulrik\\\/\"}]}<\/script>\n<!-- \/ Yoast SEO plugin. -->","yoast_head_json":{"title":"N\u00e5r indsigt i politiske diskussioner er helt centralt - Overskrifts blog","description":"Bliver du opm\u00e6rksom p\u00e5 en omtale af din m\u00e6rkesag i tide. Den rammer et traditionelt medie, men politiske diskussioner starter andre steder.","robots":{"index":"index","follow":"follow","max-snippet":"max-snippet:-1","max-image-preview":"max-image-preview:large","max-video-preview":"max-video-preview:-1"},"canonical":"https:\/\/www.overskrift.dk\/blog\/2024\/09\/10\/naar-indsigt-i-politiske-diskussioner-er-helt-centralt\/","og_locale":"da_DK","og_type":"article","og_title":"N\u00e5r indsigt i politiske diskussioner er helt centralt - Overskrifts blog","og_description":"Bliver du opm\u00e6rksom p\u00e5 en omtale af din m\u00e6rkesag i tide. Den rammer et traditionelt medie, men politiske diskussioner starter andre steder.","og_url":"https:\/\/www.overskrift.dk\/blog\/2024\/09\/10\/naar-indsigt-i-politiske-diskussioner-er-helt-centralt\/","og_site_name":"Overskrifts blog","article_publisher":"https:\/\/www.facebook.com\/overskrift","article_published_time":"2024-09-10T12:07:52+00:00","article_modified_time":"2024-09-10T12:09:52+00:00","og_image":[{"width":1792,"height":1024,"url":"https:\/\/www.overskrift.dk\/blog\/wp-content\/uploads\/DALL\u00b7E-Aug-28-Illustration.webp","type":"image\/webp"}],"author":"Jens Ulrik Lange","twitter_card":"summary_large_image","twitter_creator":"@overskrift","twitter_site":"@overskrift","schema":{"@context":"https:\/\/schema.org","@graph":[{"@type":"Article","@id":"https:\/\/www.overskrift.dk\/blog\/2024\/09\/10\/naar-indsigt-i-politiske-diskussioner-er-helt-centralt\/#article","isPartOf":{"@id":"https:\/\/www.overskrift.dk\/blog\/2024\/09\/10\/naar-indsigt-i-politiske-diskussioner-er-helt-centralt\/"},"author":{"name":"Jens Ulrik Lange","@id":"https:\/\/www.overskrift.dk\/blog\/#\/schema\/person\/3d7f3e6f67bdbd0ac5a54f2e0636d425"},"headline":"N\u00e5r indsigt i politiske diskussioner er helt centralt","datePublished":"2024-09-10T12:07:52+00:00","dateModified":"2024-09-10T12:09:52+00:00","mainEntityOfPage":{"@id":"https:\/\/www.overskrift.dk\/blog\/2024\/09\/10\/naar-indsigt-i-politiske-diskussioner-er-helt-centralt\/"},"wordCount":446,"publisher":{"@id":"https:\/\/www.overskrift.dk\/blog\/#organization"},"image":{"@id":"https:\/\/www.overskrift.dk\/blog\/2024\/09\/10\/naar-indsigt-i-politiske-diskussioner-er-helt-centralt\/#primaryimage"},"thumbnailUrl":"https:\/\/www.overskrift.dk\/blog\/wp-content\/uploads\/DALL\u00b7E-Aug-28-Illustration.webp","articleSection":["Inspiration"],"inLanguage":"da-DK"},{"@type":"WebPage","@id":"https:\/\/www.overskrift.dk\/blog\/2024\/09\/10\/naar-indsigt-i-politiske-diskussioner-er-helt-centralt\/","url":"https:\/\/www.overskrift.dk\/blog\/2024\/09\/10\/naar-indsigt-i-politiske-diskussioner-er-helt-centralt\/","name":"N\u00e5r indsigt i politiske diskussioner er helt centralt - Overskrifts blog","isPartOf":{"@id":"https:\/\/www.overskrift.dk\/blog\/#website"},"primaryImageOfPage":{"@id":"https:\/\/www.overskrift.dk\/blog\/2024\/09\/10\/naar-indsigt-i-politiske-diskussioner-er-helt-centralt\/#primaryimage"},"image":{"@id":"https:\/\/www.overskrift.dk\/blog\/2024\/09\/10\/naar-indsigt-i-politiske-diskussioner-er-helt-centralt\/#primaryimage"},"thumbnailUrl":"https:\/\/www.overskrift.dk\/blog\/wp-content\/uploads\/DALL\u00b7E-Aug-28-Illustration.webp","datePublished":"2024-09-10T12:07:52+00:00","dateModified":"2024-09-10T12:09:52+00:00","description":"Bliver du opm\u00e6rksom p\u00e5 en omtale af din m\u00e6rkesag i tide. Den rammer et traditionelt medie, men politiske diskussioner starter andre steder.","breadcrumb":{"@id":"https:\/\/www.overskrift.dk\/blog\/2024\/09\/10\/naar-indsigt-i-politiske-diskussioner-er-helt-centralt\/#breadcrumb"},"inLanguage":"da-DK","potentialAction":[{"@type":"ReadAction","target":["https:\/\/www.overskrift.dk\/blog\/2024\/09\/10\/naar-indsigt-i-politiske-diskussioner-er-helt-centralt\/"]}]},{"@type":"ImageObject","inLanguage":"da-DK","@id":"https:\/\/www.overskrift.dk\/blog\/2024\/09\/10\/naar-indsigt-i-politiske-diskussioner-er-helt-centralt\/#primaryimage","url":"https:\/\/www.overskrift.dk\/blog\/wp-content\/uploads\/DALL\u00b7E-Aug-28-Illustration.webp","contentUrl":"https:\/\/www.overskrift.dk\/blog\/wp-content\/uploads\/DALL\u00b7E-Aug-28-Illustration.webp","width":1792,"height":1024},{"@type":"BreadcrumbList","@id":"https:\/\/www.overskrift.dk\/blog\/2024\/09\/10\/naar-indsigt-i-politiske-diskussioner-er-helt-centralt\/#breadcrumb","itemListElement":[{"@type":"ListItem","position":1,"name":"Hjem","item":"https:\/\/www.overskrift.dk\/blog\/"},{"@type":"ListItem","position":2,"name":"N\u00e5r indsigt i politiske diskussioner er helt centralt"}]},{"@type":"WebSite","@id":"https:\/\/www.overskrift.dk\/blog\/#website","url":"https:\/\/www.overskrift.dk\/blog\/","name":"Overskrifts blog","description":"Nyeste indl\u00e6g","publisher":{"@id":"https:\/\/www.overskrift.dk\/blog\/#organization"},"potentialAction":[{"@type":"SearchAction","target":{"@type":"EntryPoint","urlTemplate":"https:\/\/www.overskrift.dk\/blog\/?s={search_term_string}"},"query-input":{"@type":"PropertyValueSpecification","valueRequired":true,"valueName":"search_term_string"}}],"inLanguage":"da-DK"},{"@type":"Organization","@id":"https:\/\/www.overskrift.dk\/blog\/#organization","name":"Overskrift ApS","url":"https:\/\/www.overskrift.dk\/blog\/","logo":{"@type":"ImageObject","inLanguage":"da-DK","@id":"https:\/\/www.overskrift.dk\/blog\/#\/schema\/logo\/image\/","url":"https:\/\/blog.overskrift.dk\/wp-content\/uploads\/Just-the-dots-1.png","contentUrl":"https:\/\/blog.overskrift.dk\/wp-content\/uploads\/Just-the-dots-1.png","width":258,"height":257,"caption":"Overskrift ApS"},"image":{"@id":"https:\/\/www.overskrift.dk\/blog\/#\/schema\/logo\/image\/"},"sameAs":["https:\/\/www.facebook.com\/overskrift","https:\/\/x.com\/overskrift","https:\/\/www.instagram.com\/overskrift\/","https:\/\/www.linkedin.com\/company\/10153434"]},{"@type":"Person","@id":"https:\/\/www.overskrift.dk\/blog\/#\/schema\/person\/3d7f3e6f67bdbd0ac5a54f2e0636d425","name":"Jens Ulrik Lange","image":{"@type":"ImageObject","inLanguage":"da-DK","@id":"https:\/\/secure.gravatar.com\/avatar\/1a6a5e80737c0601b8636b4f5d44bbb6784206b176e34a44cb735e4516b70777?s=96&d=mm&r=g","url":"https:\/\/secure.gravatar.com\/avatar\/1a6a5e80737c0601b8636b4f5d44bbb6784206b176e34a44cb735e4516b70777?s=96&d=mm&r=g","contentUrl":"https:\/\/secure.gravatar.com\/avatar\/1a6a5e80737c0601b8636b4f5d44bbb6784206b176e34a44cb735e4516b70777?s=96&d=mm&r=g","caption":"Jens Ulrik Lange"},"description":"Indl\u00e6gget er skrevet af Jens Ulrik, der er partner i og medstifter af Overskrift. Jens Ulrik er Overskrifts tekniske geni, og han har desuden mange \u00e5rs erfaring med r\u00e5dgivning inden for sociale medier og nyhedssites.","url":"https:\/\/www.overskrift.dk\/blog\/author\/jensulrik\/"}]}},"_links":{"self":[{"href":"https:\/\/www.overskrift.dk\/blog\/wp-json\/wp\/v2\/posts\/9968","targetHints":{"allow":["GET"]}}],"collection":[{"href":"https:\/\/www.overskrift.dk\/blog\/wp-json\/wp\/v2\/posts"}],"about":[{"href":"https:\/\/www.overskrift.dk\/blog\/wp-json\/wp\/v2\/types\/post"}],"author":[{"embeddable":true,"href":"https:\/\/www.overskrift.dk\/blog\/wp-json\/wp\/v2\/users\/5"}],"replies":[{"embeddable":true,"href":"https:\/\/www.overskrift.dk\/blog\/wp-json\/wp\/v2\/comments?post=9968"}],"version-history":[{"count":5,"href":"https:\/\/www.overskrift.dk\/blog\/wp-json\/wp\/v2\/posts\/9968\/revisions"}],"predecessor-version":[{"id":9978,"href":"https:\/\/www.overskrift.dk\/blog\/wp-json\/wp\/v2\/posts\/9968\/revisions\/9978"}],"wp:featuredmedia":[{"embeddable":true,"href":"https:\/\/www.overskrift.dk\/blog\/wp-json\/wp\/v2\/media\/9970"}],"wp:attachment":[{"href":"https:\/\/www.overskrift.dk\/blog\/wp-json\/wp\/v2\/media?parent=9968"}],"wp:term":[{"taxonomy":"category","embeddable":true,"href":"https:\/\/www.overskrift.dk\/blog\/wp-json\/wp\/v2\/categories?post=9968"},{"taxonomy":"post_tag","embeddable":true,"href":"https:\/\/www.overskrift.dk\/blog\/wp-json\/wp\/v2\/tags?post=9968"}],"curies":[{"name":"wp","href":"https:\/\/api.w.org\/{rel}","templated":true}]}}